{"id":45836,"date":"2014-05-18T16:17:05","date_gmt":"2014-05-18T16:17:05","guid":{"rendered":"http:\/\/desarrollo.mcvicious.com\/aero2020\/2014\/05\/18\/fiorella-nolasco-luis-arroyo-se-escondio-por-tener-mucha-culpabilidad\/"},"modified":"2014-05-18T16:17:05","modified_gmt":"2014-05-18T16:17:05","slug":"fiorella-nolasco-luis-arroyo-se-escondio-por-tener-mucha-culpabilidad","status":"publish","type":"post","link":"https:\/\/aeronoticias.com.pe\/noticiero\/nacionales\/fiorella-nolasco-luis-arroyo-se-escondio-por-tener-mucha-culpabilidad\/","title":{"rendered":"Luis Arroyo se escondi\u00f3 por tener mucha culpabilidad, afirma Fiorella Nolasco"},"content":{"rendered":"<p style=\"text-align: justify;\"><strong>(Aeronoticias)<\/strong> Tras conocer de la detenci\u00f3n de Luis Arroyo, alcalde de la provincia del Santa, Fiorella Nolasco Blas, hija del asesinado exconsejero regional de \u00c1ncash, Ezequiel Nolasco, coment\u00f3 este hecho ocurrido el \u00faltimo s\u00e1bado en Lima.<\/p>\n<p>Nolasco Blas manifest\u00f3 que Arroyo se estuvo escondiendo de la autoridad porque ten\u00eda mucha culpabilidad, con respecto al primer atentando que sufriera su padre en julio de 2010.<\/p>\n<p>Seg\u00fan Nolasco, Arroyo Rojas aparec\u00eda en el atestado polic\u00eda, en el que se le acusaba de ser el autor intelectual del asesinato de su hermano Robert Torres Blas.<\/p>\n<p>Pidi\u00f3 tambi\u00e9n que los vocales y fiscales que excluyeron a Arroyo Rojas de ser el autor del crimen, sean incluidos en la lista de detenciones, \u201chab\u00edan tantas pruebas y lo han excluido, era porque estaban comprados\u201d, agreg\u00f3 la joven.<strong> <\/strong>Fuente: RPP<strong><\/strong><\/p>\n<p style=\"text-align: justify;\"><strong><img decoding=\"async\" src=\"images\/stories\/14\/05\/180514\/prancash.jpg\" border=\"0\" alt=\"Luis Arroyo se escondi\u00f3 por tener mucha culpabilidad, afirma Fiorella Nolasco\" \/><br \/><\/strong><\/p>\n","protected":false},"excerpt":{"rendered":"<p>(Aeronoticias) Tras conocer de la detenci\u00f3n de Luis Arroyo, alcalde de la provincia del Santa, Fiorella Nolasco Blas, hija del asesinado exconsejero regional de \u00c1ncash, Ezequiel Nolasco, coment\u00f3 este hecho ocurrido el \u00faltimo s\u00e1bado en Lima. Nolasco Blas manifest\u00f3 que Arroyo se estuvo escondiendo de la autoridad porque ten\u00eda mucha culpabilidad, con respecto al primer [&hellip;]<\/p>\n","protected":false},"author":1,"featured_media":0,"comment_status":"open","ping_status":"open","sticky":false,"template":"","format":"standard","meta":{"tdm_status":"","tdm_grid_status":"","footnotes":""},"categories":[38],"tags":[],"class_list":{"0":"post-45836","1":"post","2":"type-post","3":"status-publish","4":"format-standard","6":"category-nacionales"},"yoast_head":"<!-- This site is optimized with the Yoast SEO plugin v25.1 - https:\/\/yoast.com\/wordpress\/plugins\/seo\/ -->\n<title>Luis Arroyo se escondi\u00f3 por tener mucha culpabilidad, afirma Fiorella Nolasco<\/title>\n<meta name=\"description\" content=\"Portal de noticias del Per\u00fa sobre el transporte a\u00e9reo, aviaci\u00f3n, turismo, hoteleria, actualidad.\" \/>\n<meta name=\"robots\" content=\"index, follow, max-snippet:-1, max-image-preview:large, max-video-preview:-1\" \/>\n<link rel=\"canonical\" href=\"https:\/\/aeronoticias.com.pe\/noticiero\/nacionales\/fiorella-nolasco-luis-arroyo-se-escondio-por-tener-mucha-culpabilidad\/\" \/>\n<meta property=\"og:locale\" content=\"es_ES\" \/>\n<meta property=\"og:type\" content=\"article\" \/>\n<meta property=\"og:title\" content=\"Luis Arroyo se escondi\u00f3 por tener mucha culpabilidad, afirma Fiorella Nolasco\" \/>\n<meta property=\"og:description\" content=\"Portal de noticias del Per\u00fa sobre el transporte a\u00e9reo, aviaci\u00f3n, turismo, hoteleria, actualidad.\" \/>\n<meta property=\"og:url\" content=\"https:\/\/aeronoticias.com.pe\/noticiero\/nacionales\/fiorella-nolasco-luis-arroyo-se-escondio-por-tener-mucha-culpabilidad\/\" \/>\n<meta property=\"og:site_name\" content=\"Aeronoticias.com.pe\" \/>\n<meta property=\"article:publisher\" content=\"https:\/\/www.facebook.com\/Aeronoticias.com.pe\/\" \/>\n<meta property=\"article:published_time\" content=\"2014-05-18T16:17:05+00:00\" \/>\n<meta name=\"author\" content=\"Redacci\u00f3n Aeronoticias\" \/>\n<meta name=\"twitter:card\" content=\"summary_large_image\" \/>\n<meta name=\"twitter:creator\" content=\"@aeronoticias\" \/>\n<meta name=\"twitter:site\" content=\"@aeronoticias\" \/>\n<meta name=\"twitter:label1\" content=\"Escrito por\" \/>\n\t<meta name=\"twitter:data1\" content=\"Redacci\u00f3n Aeronoticias\" \/>\n\t<meta name=\"twitter:label2\" content=\"Tiempo de lectura\" \/>\n\t<meta name=\"twitter:data2\" content=\"1 minuto\" \/>\n<script type=\"application\/ld+json\" class=\"yoast-schema-graph\">{\"@context\":\"https:\/\/schema.org\",\"@graph\":[{\"@type\":\"WebPage\",\"@id\":\"https:\/\/aeronoticias.com.pe\/noticiero\/nacionales\/fiorella-nolasco-luis-arroyo-se-escondio-por-tener-mucha-culpabilidad\/\",\"url\":\"https:\/\/aeronoticias.com.pe\/noticiero\/nacionales\/fiorella-nolasco-luis-arroyo-se-escondio-por-tener-mucha-culpabilidad\/\",\"name\":\"Luis Arroyo se escondi\u00f3 por tener mucha culpabilidad, afirma Fiorella Nolasco\",\"isPartOf\":{\"@id\":\"https:\/\/aeronoticias.com.pe\/noticiero\/#website\"},\"datePublished\":\"2014-05-18T16:17:05+00:00\",\"author\":{\"@id\":\"https:\/\/aeronoticias.com.pe\/noticiero\/#\/schema\/person\/fc1e5d578f4b62ba1cf7ac2bba1170a0\"},\"description\":\"Portal de noticias del Per\u00fa sobre el transporte a\u00e9reo, aviaci\u00f3n, turismo, hoteleria, actualidad.\",\"breadcrumb\":{\"@id\":\"https:\/\/aeronoticias.com.pe\/noticiero\/nacionales\/fiorella-nolasco-luis-arroyo-se-escondio-por-tener-mucha-culpabilidad\/#breadcrumb\"},\"inLanguage\":\"es\",\"potentialAction\":[{\"@type\":\"ReadAction\",\"target\":[\"https:\/\/aeronoticias.com.pe\/noticiero\/nacionales\/fiorella-nolasco-luis-arroyo-se-escondio-por-tener-mucha-culpabilidad\/\"]}]},{\"@type\":\"BreadcrumbList\",\"@id\":\"https:\/\/aeronoticias.com.pe\/noticiero\/nacionales\/fiorella-nolasco-luis-arroyo-se-escondio-por-tener-mucha-culpabilidad\/#breadcrumb\",\"itemListElement\":[{\"@type\":\"ListItem\",\"position\":1,\"name\":\"Portada\",\"item\":\"https:\/\/aeronoticias.com.pe\/noticiero\/\"},{\"@type\":\"ListItem\",\"position\":2,\"name\":\"Luis Arroyo se escondi\u00f3 por tener mucha culpabilidad, afirma Fiorella Nolasco\"}]},{\"@type\":\"WebSite\",\"@id\":\"https:\/\/aeronoticias.com.pe\/noticiero\/#website\",\"url\":\"https:\/\/aeronoticias.com.pe\/noticiero\/\",\"name\":\"Aeronoticias.com.pe\",\"description\":\"Noticias de tranporte aereo, turismo, hoteles, gastronomia, actualidad, internacional\",\"potentialAction\":[{\"@type\":\"SearchAction\",\"target\":{\"@type\":\"EntryPoint\",\"urlTemplate\":\"https:\/\/aeronoticias.com.pe\/noticiero\/?s={search_term_string}\"},\"query-input\":{\"@type\":\"PropertyValueSpecification\",\"valueRequired\":true,\"valueName\":\"search_term_string\"}}],\"inLanguage\":\"es\"},{\"@type\":\"Person\",\"@id\":\"https:\/\/aeronoticias.com.pe\/noticiero\/#\/schema\/person\/fc1e5d578f4b62ba1cf7ac2bba1170a0\",\"name\":\"Redacci\u00f3n Aeronoticias\",\"url\":\"https:\/\/aeronoticias.com.pe\/noticiero\/author\/piloto\/\"}]}<\/script>\n<!-- \/ Yoast SEO plugin. -->","yoast_head_json":{"title":"Luis Arroyo se escondi\u00f3 por tener mucha culpabilidad, afirma Fiorella Nolasco","description":"Portal de noticias del Per\u00fa sobre el transporte a\u00e9reo, aviaci\u00f3n, turismo, hoteleria, actualidad.","robots":{"index":"index","follow":"follow","max-snippet":"max-snippet:-1","max-image-preview":"max-image-preview:large","max-video-preview":"max-video-preview:-1"},"canonical":"https:\/\/aeronoticias.com.pe\/noticiero\/nacionales\/fiorella-nolasco-luis-arroyo-se-escondio-por-tener-mucha-culpabilidad\/","og_locale":"es_ES","og_type":"article","og_title":"Luis Arroyo se escondi\u00f3 por tener mucha culpabilidad, afirma Fiorella Nolasco","og_description":"Portal de noticias del Per\u00fa sobre el transporte a\u00e9reo, aviaci\u00f3n, turismo, hoteleria, actualidad.","og_url":"https:\/\/aeronoticias.com.pe\/noticiero\/nacionales\/fiorella-nolasco-luis-arroyo-se-escondio-por-tener-mucha-culpabilidad\/","og_site_name":"Aeronoticias.com.pe","article_publisher":"https:\/\/www.facebook.com\/Aeronoticias.com.pe\/","article_published_time":"2014-05-18T16:17:05+00:00","author":"Redacci\u00f3n Aeronoticias","twitter_card":"summary_large_image","twitter_creator":"@aeronoticias","twitter_site":"@aeronoticias","twitter_misc":{"Escrito por":"Redacci\u00f3n Aeronoticias","Tiempo de lectura":"1 minuto"},"schema":{"@context":"https:\/\/schema.org","@graph":[{"@type":"WebPage","@id":"https:\/\/aeronoticias.com.pe\/noticiero\/nacionales\/fiorella-nolasco-luis-arroyo-se-escondio-por-tener-mucha-culpabilidad\/","url":"https:\/\/aeronoticias.com.pe\/noticiero\/nacionales\/fiorella-nolasco-luis-arroyo-se-escondio-por-tener-mucha-culpabilidad\/","name":"Luis Arroyo se escondi\u00f3 por tener mucha culpabilidad, afirma Fiorella Nolasco","isPartOf":{"@id":"https:\/\/aeronoticias.com.pe\/noticiero\/#website"},"datePublished":"2014-05-18T16:17:05+00:00","author":{"@id":"https:\/\/aeronoticias.com.pe\/noticiero\/#\/schema\/person\/fc1e5d578f4b62ba1cf7ac2bba1170a0"},"description":"Portal de noticias del Per\u00fa sobre el transporte a\u00e9reo, aviaci\u00f3n, turismo, hoteleria, actualidad.","breadcrumb":{"@id":"https:\/\/aeronoticias.com.pe\/noticiero\/nacionales\/fiorella-nolasco-luis-arroyo-se-escondio-por-tener-mucha-culpabilidad\/#breadcrumb"},"inLanguage":"es","potentialAction":[{"@type":"ReadAction","target":["https:\/\/aeronoticias.com.pe\/noticiero\/nacionales\/fiorella-nolasco-luis-arroyo-se-escondio-por-tener-mucha-culpabilidad\/"]}]},{"@type":"BreadcrumbList","@id":"https:\/\/aeronoticias.com.pe\/noticiero\/nacionales\/fiorella-nolasco-luis-arroyo-se-escondio-por-tener-mucha-culpabilidad\/#breadcrumb","itemListElement":[{"@type":"ListItem","position":1,"name":"Portada","item":"https:\/\/aeronoticias.com.pe\/noticiero\/"},{"@type":"ListItem","position":2,"name":"Luis Arroyo se escondi\u00f3 por tener mucha culpabilidad, afirma Fiorella Nolasco"}]},{"@type":"WebSite","@id":"https:\/\/aeronoticias.com.pe\/noticiero\/#website","url":"https:\/\/aeronoticias.com.pe\/noticiero\/","name":"Aeronoticias.com.pe","description":"Noticias de tranporte aereo, turismo, hoteles, gastronomia, actualidad, internacional","potentialAction":[{"@type":"SearchAction","target":{"@type":"EntryPoint","urlTemplate":"https:\/\/aeronoticias.com.pe\/noticiero\/?s={search_term_string}"},"query-input":{"@type":"PropertyValueSpecification","valueRequired":true,"valueName":"search_term_string"}}],"inLanguage":"es"},{"@type":"Person","@id":"https:\/\/aeronoticias.com.pe\/noticiero\/#\/schema\/person\/fc1e5d578f4b62ba1cf7ac2bba1170a0","name":"Redacci\u00f3n Aeronoticias","url":"https:\/\/aeronoticias.com.pe\/noticiero\/author\/piloto\/"}]}},"_links":{"self":[{"href":"https:\/\/aeronoticias.com.pe\/noticiero\/wp-json\/wp\/v2\/posts\/45836","targetHints":{"allow":["GET"]}}],"collection":[{"href":"https:\/\/aeronoticias.com.pe\/noticiero\/wp-json\/wp\/v2\/posts"}],"about":[{"href":"https:\/\/aeronoticias.com.pe\/noticiero\/wp-json\/wp\/v2\/types\/post"}],"author":[{"embeddable":true,"href":"https:\/\/aeronoticias.com.pe\/noticiero\/wp-json\/wp\/v2\/users\/1"}],"replies":[{"embeddable":true,"href":"https:\/\/aeronoticias.com.pe\/noticiero\/wp-json\/wp\/v2\/comments?post=45836"}],"version-history":[{"count":0,"href":"https:\/\/aeronoticias.com.pe\/noticiero\/wp-json\/wp\/v2\/posts\/45836\/revisions"}],"wp:attachment":[{"href":"https:\/\/aeronoticias.com.pe\/noticiero\/wp-json\/wp\/v2\/media?parent=45836"}],"wp:term":[{"taxonomy":"category","embeddable":true,"href":"https:\/\/aeronoticias.com.pe\/noticiero\/wp-json\/wp\/v2\/categories?post=45836"},{"taxonomy":"post_tag","embeddable":true,"href":"https:\/\/aeronoticias.com.pe\/noticiero\/wp-json\/wp\/v2\/tags?post=45836"}],"curies":[{"name":"wp","href":"https:\/\/api.w.org\/{rel}","templated":true}]}}