{"id":45837,"date":"2014-05-18T16:23:50","date_gmt":"2014-05-18T16:23:50","guid":{"rendered":"http:\/\/desarrollo.mcvicious.com\/aero2020\/2014\/05\/18\/iflight-mh370-the-mystery-primer-libro-sobre-la-tragica-desaparicion-del-vuelo-mh370\/"},"modified":"2014-05-18T16:23:50","modified_gmt":"2014-05-18T16:23:50","slug":"iflight-mh370-the-mystery-primer-libro-sobre-la-tragica-desaparicion-del-vuelo-mh370","status":"publish","type":"post","link":"https:\/\/aeronoticias.com.pe\/noticiero\/ultimas\/1\/iflight-mh370-the-mystery-primer-libro-sobre-la-tragica-desaparicion-del-vuelo-mh370\/","title":{"rendered":"&#8216;Flight MH370 &#8211; the Mystery&#8217;, primer libro sobre la tr\u00e1gica desaparici\u00f3n del vuelo MH370"},"content":{"rendered":"<p style=\"text-align: justify;\"><strong>(Aeronoticias)<\/strong> \u00abFlight MH370 &#8211; the Mystery\u00bb, el primer libro sobre la tr\u00e1gica desaparici\u00f3n del vuelo MH370, indic\u00f3 que seg\u00fan fuentes an\u00f3minas el avi\u00f3n malasio fue derribado durante ejercicios militares estadounidense. <\/p>\n<p>Seg\u00fan el escritor angloestadounidense Nigel Cawthorne, lo que ocurri\u00f3 con Boeing 777, desaparecido desde el 8 de marzo, ha sido encubierto dado que \u00ablos implicados tendr\u00edan poderosas razones para guardar silencio\u00bb. Cawthorne dice que incluso de encontrarse la caja negra, podr\u00eda tratarse de una falsificaci\u00f3n realizada por quienes intentan ocultar lo ocurrido.<\/p>\n<p>El libro tambi\u00e9n postula que se lanz\u00f3 informaci\u00f3n confusa para que la b\u00fasqueda se centrara en la zona equivocada, report\u00f3 el diario \u00abThe Sun\u00bb<\/p>\n<p>El neozeland\u00e9s Mike McKay, citado en la publicaci\u00f3n, se\u00f1ala que el 8 de marzo, d\u00eda en que desapareci\u00f3 la aeronave, vio un avi\u00f3n en llamas desde la plataforma petrolera en la que trabajaba, en el golfo de Tailandia. El autor del libro vincula estas afirmaciones con ejercicios militares estadounidenses que estaban realiz\u00e1ndose en la zona en ese momento.<\/p>\n<p>\u00abNo estoy diciendo que esto fue lo que ocurriera\u00bb, a\u00f1ade no obstante el autor. Su libro sale a la venta el lunes.<\/p>\n<p>Entre tanto, el buque australiano Ocean Shield est\u00e1 a la espera de una reparaci\u00f3n para reanudar la b\u00fasqueda. El Centro de Coordinaci\u00f3n de Agencias que lidera la operaci\u00f3n no se ha pronunciado sobre el libro. Fuente: elcomercio.pe<\/p>\n<p style=\"text-align: justify;\"><img decoding=\"async\" src=\"images\/stories\/14\/05\/180514\/malaysia.jpg\" border=\"0\" alt=\"Flight MH370 - the Mystery', primer libro sobre la tr\u00e1gica desaparici\u00f3n del vuelo MH370\" \/><\/p>\n<p style=\"text-align: justify;\">\u00a0<\/p>\n<p style=\"text-align: justify;\">\u00a0<\/p>\n","protected":false},"excerpt":{"rendered":"<p>(Aeronoticias) \u00abFlight MH370 &#8211; the Mystery\u00bb, el primer libro sobre la tr\u00e1gica desaparici\u00f3n del vuelo MH370, indic\u00f3 que seg\u00fan fuentes an\u00f3minas el avi\u00f3n malasio fue derribado durante ejercicios militares estadounidense. Seg\u00fan el escritor angloestadounidense Nigel Cawthorne, lo que ocurri\u00f3 con Boeing 777, desaparecido desde el 8 de marzo, ha sido encubierto dado que \u00ablos implicados [&hellip;]<\/p>\n","protected":false},"author":1,"featured_media":0,"comment_status":"open","ping_status":"open","sticky":false,"template":"","format":"standard","meta":{"tdm_status":"","tdm_grid_status":"","footnotes":""},"categories":[30],"tags":[],"class_list":{"0":"post-45837","1":"post","2":"type-post","3":"status-publish","4":"format-standard","6":"category-30"},"yoast_head":"<!-- This site is optimized with the Yoast SEO plugin v25.1 - https:\/\/yoast.com\/wordpress\/plugins\/seo\/ -->\n<title>&#039;Flight MH370 - the Mystery&#039;, primer libro sobre la tr\u00e1gica desaparici\u00f3n del vuelo MH370<\/title>\n<meta name=\"description\" content=\"Portal de noticias del Per\u00fa sobre el transporte a\u00e9reo, aviaci\u00f3n, turismo, hoteleria, actualidad.\" \/>\n<meta name=\"robots\" content=\"index, follow, max-snippet:-1, max-image-preview:large, max-video-preview:-1\" \/>\n<link rel=\"canonical\" href=\"https:\/\/aeronoticias.com.pe\/noticiero\/ultimas\/1\/iflight-mh370-the-mystery-primer-libro-sobre-la-tragica-desaparicion-del-vuelo-mh370\/\" \/>\n<meta property=\"og:locale\" content=\"es_ES\" \/>\n<meta property=\"og:type\" content=\"article\" \/>\n<meta property=\"og:title\" content=\"&#039;Flight MH370 - the Mystery&#039;, primer libro sobre la tr\u00e1gica desaparici\u00f3n del vuelo MH370\" \/>\n<meta property=\"og:description\" content=\"Portal de noticias del Per\u00fa sobre el transporte a\u00e9reo, aviaci\u00f3n, turismo, hoteleria, actualidad.\" \/>\n<meta property=\"og:url\" content=\"https:\/\/aeronoticias.com.pe\/noticiero\/ultimas\/1\/iflight-mh370-the-mystery-primer-libro-sobre-la-tragica-desaparicion-del-vuelo-mh370\/\" \/>\n<meta property=\"og:site_name\" content=\"Aeronoticias.com.pe\" \/>\n<meta property=\"article:publisher\" content=\"https:\/\/www.facebook.com\/Aeronoticias.com.pe\/\" \/>\n<meta property=\"article:published_time\" content=\"2014-05-18T16:23:50+00:00\" \/>\n<meta name=\"author\" content=\"Redacci\u00f3n Aeronoticias\" \/>\n<meta name=\"twitter:card\" content=\"summary_large_image\" \/>\n<meta name=\"twitter:creator\" content=\"@aeronoticias\" \/>\n<meta name=\"twitter:site\" content=\"@aeronoticias\" \/>\n<meta name=\"twitter:label1\" content=\"Escrito por\" \/>\n\t<meta name=\"twitter:data1\" content=\"Redacci\u00f3n Aeronoticias\" \/>\n\t<meta name=\"twitter:label2\" content=\"Tiempo de lectura\" \/>\n\t<meta name=\"twitter:data2\" content=\"1 minuto\" \/>\n<script type=\"application\/ld+json\" class=\"yoast-schema-graph\">{\"@context\":\"https:\/\/schema.org\",\"@graph\":[{\"@type\":\"WebPage\",\"@id\":\"https:\/\/aeronoticias.com.pe\/noticiero\/ultimas\/1\/iflight-mh370-the-mystery-primer-libro-sobre-la-tragica-desaparicion-del-vuelo-mh370\/\",\"url\":\"https:\/\/aeronoticias.com.pe\/noticiero\/ultimas\/1\/iflight-mh370-the-mystery-primer-libro-sobre-la-tragica-desaparicion-del-vuelo-mh370\/\",\"name\":\"'Flight MH370 - the Mystery', primer libro sobre la tr\u00e1gica desaparici\u00f3n del vuelo MH370\",\"isPartOf\":{\"@id\":\"https:\/\/aeronoticias.com.pe\/noticiero\/#website\"},\"datePublished\":\"2014-05-18T16:23:50+00:00\",\"author\":{\"@id\":\"https:\/\/aeronoticias.com.pe\/noticiero\/#\/schema\/person\/fc1e5d578f4b62ba1cf7ac2bba1170a0\"},\"description\":\"Portal de noticias del Per\u00fa sobre el transporte a\u00e9reo, aviaci\u00f3n, turismo, hoteleria, actualidad.\",\"breadcrumb\":{\"@id\":\"https:\/\/aeronoticias.com.pe\/noticiero\/ultimas\/1\/iflight-mh370-the-mystery-primer-libro-sobre-la-tragica-desaparicion-del-vuelo-mh370\/#breadcrumb\"},\"inLanguage\":\"es\",\"potentialAction\":[{\"@type\":\"ReadAction\",\"target\":[\"https:\/\/aeronoticias.com.pe\/noticiero\/ultimas\/1\/iflight-mh370-the-mystery-primer-libro-sobre-la-tragica-desaparicion-del-vuelo-mh370\/\"]}]},{\"@type\":\"BreadcrumbList\",\"@id\":\"https:\/\/aeronoticias.com.pe\/noticiero\/ultimas\/1\/iflight-mh370-the-mystery-primer-libro-sobre-la-tragica-desaparicion-del-vuelo-mh370\/#breadcrumb\",\"itemListElement\":[{\"@type\":\"ListItem\",\"position\":1,\"name\":\"Portada\",\"item\":\"https:\/\/aeronoticias.com.pe\/noticiero\/\"},{\"@type\":\"ListItem\",\"position\":2,\"name\":\"&#8216;Flight MH370 &#8211; the Mystery&#8217;, primer libro sobre la tr\u00e1gica desaparici\u00f3n del vuelo MH370\"}]},{\"@type\":\"WebSite\",\"@id\":\"https:\/\/aeronoticias.com.pe\/noticiero\/#website\",\"url\":\"https:\/\/aeronoticias.com.pe\/noticiero\/\",\"name\":\"Aeronoticias.com.pe\",\"description\":\"Noticias de tranporte aereo, turismo, hoteles, gastronomia, actualidad, internacional\",\"potentialAction\":[{\"@type\":\"SearchAction\",\"target\":{\"@type\":\"EntryPoint\",\"urlTemplate\":\"https:\/\/aeronoticias.com.pe\/noticiero\/?s={search_term_string}\"},\"query-input\":{\"@type\":\"PropertyValueSpecification\",\"valueRequired\":true,\"valueName\":\"search_term_string\"}}],\"inLanguage\":\"es\"},{\"@type\":\"Person\",\"@id\":\"https:\/\/aeronoticias.com.pe\/noticiero\/#\/schema\/person\/fc1e5d578f4b62ba1cf7ac2bba1170a0\",\"name\":\"Redacci\u00f3n Aeronoticias\",\"url\":\"https:\/\/aeronoticias.com.pe\/noticiero\/author\/piloto\/\"}]}<\/script>\n<!-- \/ Yoast SEO plugin. -->","yoast_head_json":{"title":"'Flight MH370 - the Mystery', primer libro sobre la tr\u00e1gica desaparici\u00f3n del vuelo MH370","description":"Portal de noticias del Per\u00fa sobre el transporte a\u00e9reo, aviaci\u00f3n, turismo, hoteleria, actualidad.","robots":{"index":"index","follow":"follow","max-snippet":"max-snippet:-1","max-image-preview":"max-image-preview:large","max-video-preview":"max-video-preview:-1"},"canonical":"https:\/\/aeronoticias.com.pe\/noticiero\/ultimas\/1\/iflight-mh370-the-mystery-primer-libro-sobre-la-tragica-desaparicion-del-vuelo-mh370\/","og_locale":"es_ES","og_type":"article","og_title":"'Flight MH370 - the Mystery', primer libro sobre la tr\u00e1gica desaparici\u00f3n del vuelo MH370","og_description":"Portal de noticias del Per\u00fa sobre el transporte a\u00e9reo, aviaci\u00f3n, turismo, hoteleria, actualidad.","og_url":"https:\/\/aeronoticias.com.pe\/noticiero\/ultimas\/1\/iflight-mh370-the-mystery-primer-libro-sobre-la-tragica-desaparicion-del-vuelo-mh370\/","og_site_name":"Aeronoticias.com.pe","article_publisher":"https:\/\/www.facebook.com\/Aeronoticias.com.pe\/","article_published_time":"2014-05-18T16:23:50+00:00","author":"Redacci\u00f3n Aeronoticias","twitter_card":"summary_large_image","twitter_creator":"@aeronoticias","twitter_site":"@aeronoticias","twitter_misc":{"Escrito por":"Redacci\u00f3n Aeronoticias","Tiempo de lectura":"1 minuto"},"schema":{"@context":"https:\/\/schema.org","@graph":[{"@type":"WebPage","@id":"https:\/\/aeronoticias.com.pe\/noticiero\/ultimas\/1\/iflight-mh370-the-mystery-primer-libro-sobre-la-tragica-desaparicion-del-vuelo-mh370\/","url":"https:\/\/aeronoticias.com.pe\/noticiero\/ultimas\/1\/iflight-mh370-the-mystery-primer-libro-sobre-la-tragica-desaparicion-del-vuelo-mh370\/","name":"'Flight MH370 - the Mystery', primer libro sobre la tr\u00e1gica desaparici\u00f3n del vuelo MH370","isPartOf":{"@id":"https:\/\/aeronoticias.com.pe\/noticiero\/#website"},"datePublished":"2014-05-18T16:23:50+00:00","author":{"@id":"https:\/\/aeronoticias.com.pe\/noticiero\/#\/schema\/person\/fc1e5d578f4b62ba1cf7ac2bba1170a0"},"description":"Portal de noticias del Per\u00fa sobre el transporte a\u00e9reo, aviaci\u00f3n, turismo, hoteleria, actualidad.","breadcrumb":{"@id":"https:\/\/aeronoticias.com.pe\/noticiero\/ultimas\/1\/iflight-mh370-the-mystery-primer-libro-sobre-la-tragica-desaparicion-del-vuelo-mh370\/#breadcrumb"},"inLanguage":"es","potentialAction":[{"@type":"ReadAction","target":["https:\/\/aeronoticias.com.pe\/noticiero\/ultimas\/1\/iflight-mh370-the-mystery-primer-libro-sobre-la-tragica-desaparicion-del-vuelo-mh370\/"]}]},{"@type":"BreadcrumbList","@id":"https:\/\/aeronoticias.com.pe\/noticiero\/ultimas\/1\/iflight-mh370-the-mystery-primer-libro-sobre-la-tragica-desaparicion-del-vuelo-mh370\/#breadcrumb","itemListElement":[{"@type":"ListItem","position":1,"name":"Portada","item":"https:\/\/aeronoticias.com.pe\/noticiero\/"},{"@type":"ListItem","position":2,"name":"&#8216;Flight MH370 &#8211; the Mystery&#8217;, primer libro sobre la tr\u00e1gica desaparici\u00f3n del vuelo MH370"}]},{"@type":"WebSite","@id":"https:\/\/aeronoticias.com.pe\/noticiero\/#website","url":"https:\/\/aeronoticias.com.pe\/noticiero\/","name":"Aeronoticias.com.pe","description":"Noticias de tranporte aereo, turismo, hoteles, gastronomia, actualidad, internacional","potentialAction":[{"@type":"SearchAction","target":{"@type":"EntryPoint","urlTemplate":"https:\/\/aeronoticias.com.pe\/noticiero\/?s={search_term_string}"},"query-input":{"@type":"PropertyValueSpecification","valueRequired":true,"valueName":"search_term_string"}}],"inLanguage":"es"},{"@type":"Person","@id":"https:\/\/aeronoticias.com.pe\/noticiero\/#\/schema\/person\/fc1e5d578f4b62ba1cf7ac2bba1170a0","name":"Redacci\u00f3n Aeronoticias","url":"https:\/\/aeronoticias.com.pe\/noticiero\/author\/piloto\/"}]}},"_links":{"self":[{"href":"https:\/\/aeronoticias.com.pe\/noticiero\/wp-json\/wp\/v2\/posts\/45837","targetHints":{"allow":["GET"]}}],"collection":[{"href":"https:\/\/aeronoticias.com.pe\/noticiero\/wp-json\/wp\/v2\/posts"}],"about":[{"href":"https:\/\/aeronoticias.com.pe\/noticiero\/wp-json\/wp\/v2\/types\/post"}],"author":[{"embeddable":true,"href":"https:\/\/aeronoticias.com.pe\/noticiero\/wp-json\/wp\/v2\/users\/1"}],"replies":[{"embeddable":true,"href":"https:\/\/aeronoticias.com.pe\/noticiero\/wp-json\/wp\/v2\/comments?post=45837"}],"version-history":[{"count":0,"href":"https:\/\/aeronoticias.com.pe\/noticiero\/wp-json\/wp\/v2\/posts\/45837\/revisions"}],"wp:attachment":[{"href":"https:\/\/aeronoticias.com.pe\/noticiero\/wp-json\/wp\/v2\/media?parent=45837"}],"wp:term":[{"taxonomy":"category","embeddable":true,"href":"https:\/\/aeronoticias.com.pe\/noticiero\/wp-json\/wp\/v2\/categories?post=45837"},{"taxonomy":"post_tag","embeddable":true,"href":"https:\/\/aeronoticias.com.pe\/noticiero\/wp-json\/wp\/v2\/tags?post=45837"}],"curies":[{"name":"wp","href":"https:\/\/api.w.org\/{rel}","templated":true}]}}