{"id":45840,"date":"2014-05-18T16:37:58","date_gmt":"2014-05-18T16:37:58","guid":{"rendered":"http:\/\/desarrollo.mcvicious.com\/aero2020\/2014\/05\/18\/desarrollo-sostenible-del-transporte-aereo\/"},"modified":"2014-05-18T16:37:58","modified_gmt":"2014-05-18T16:37:58","slug":"desarrollo-sostenible-del-transporte-aereo","status":"publish","type":"post","link":"https:\/\/aeronoticias.com.pe\/noticiero\/mundo\/mundo-mundo-2\/desarrollo-sostenible-del-transporte-aereo\/","title":{"rendered":"Desarrollo Sostenible del Transporte A\u00e9reo"},"content":{"rendered":"<p style=\"text-align: justify;\"><strong>(Aeronoticias)<\/strong> En esta exposici\u00f3n se intentan establecer las condiciones necesarias para la evoluci\u00f3n del transporte a\u00e9reo mundial, dentro de los esquemas de un desarrollo socioecon\u00f3mico sostenible. En el enfoque utilizado se diferencian los conceptos de transporte a\u00e9reo sostenible y de transporte a\u00e9reo para un desarrollo socioecon\u00f3mico sostenible, considerando el segundo como mejor adaptado a las necesidades de la sociedad actual.<\/p>\n<p>Se revisan los tres pilares b\u00e1sicos de la sostenibilidad: social, econ\u00f3mico y ambiental, describiendo las aportaciones actuales del transporte a\u00e9reo y las tendencias hacia los a\u00f1os venideros, con particular menci\u00f3n de los objetivos declarados por los diferentes actores del sistema.<\/p>\n<p>A continuaci\u00f3n se discute la congruencia de esos objetivos con las pol\u00edticas existentes, otorgando una especial atenci\u00f3n a la accesibilidad econ\u00f3mica y protecci\u00f3n medioambiental que resultan ser los m\u00e1s complicados de alcanzar. En particular, los efectos del transporte a\u00e9reo sobre el cambio clim\u00e1tico, que ofrecen grandes dificultades para resultar compatibles con un desarrollo sostenible.<\/p>\n<p>Como principales conclusiones, se cuestiona la verosimilitud de algunos de los principales objetivos declarados del sector en el \u00e1rea de sostenibilidad y se ofrecen algunas alternativas posibles para alcanzar un desarrollo del transporte a\u00e9reo compatible con los elementos de sostenibilidad deseables en la evoluci\u00f3n de nuestra sociedad.<\/p>\n<p>Haga click <a href=\"http:\/\/aerolatinnews.com\/wp-content\/uploads\/2014\/05\/DESARROLLO-SOSTENIBLE-DEL-TRANSPORTE-AEREO-BENITO-ARTURO.pdf\" target=\"_blank\" rel=\"noopener noreferrer\">AQU\u00cd<\/a> para leer el art\u00edculo completo<\/p>\n<p>La RIDITA es una sociedad de conocimiento abierta, gratuita e incluyente con m\u00e1s de 200 socios distribuidos en 15 pa\u00edses de la regi\u00f3n iberoamericana. Informes: www.ridita.org<\/p>\n<p>Fuente: Arturo Benito, Socio de la Red Iberoamericana de Investigaci\u00f3n en Transporte A\u00e9reo.<\/p>\n<p style=\"text-align: justify;\"><img decoding=\"async\" src=\"images\/stories\/14\/05\/180514\/desarrolloaereo.jpg\" border=\"0\" alt=\"Desarrollo Sostenible del Transporte A\u00e9reo\" \/><\/p>\n<p style=\"text-align: justify;\">\u00a0<\/p>\n","protected":false},"excerpt":{"rendered":"<p>(Aeronoticias) En esta exposici\u00f3n se intentan establecer las condiciones necesarias para la evoluci\u00f3n del transporte a\u00e9reo mundial, dentro de los esquemas de un desarrollo socioecon\u00f3mico sostenible. En el enfoque utilizado se diferencian los conceptos de transporte a\u00e9reo sostenible y de transporte a\u00e9reo para un desarrollo socioecon\u00f3mico sostenible, considerando el segundo como mejor adaptado a las [&hellip;]<\/p>\n","protected":false},"author":1,"featured_media":0,"comment_status":"open","ping_status":"open","sticky":false,"template":"","format":"standard","meta":{"tdm_status":"","tdm_grid_status":"","footnotes":""},"categories":[65],"tags":[],"class_list":{"0":"post-45840","1":"post","2":"type-post","3":"status-publish","4":"format-standard","6":"category-mundo-mundo-2"},"yoast_head":"<!-- This site is optimized with the Yoast SEO plugin v25.1 - https:\/\/yoast.com\/wordpress\/plugins\/seo\/ -->\n<title>Desarrollo Sostenible del Transporte A\u00e9reo<\/title>\n<meta name=\"description\" content=\"Portal de noticias del Per\u00fa sobre el transporte a\u00e9reo, aviaci\u00f3n, turismo, hoteleria, actualidad.\" \/>\n<meta name=\"robots\" content=\"index, follow, max-snippet:-1, max-image-preview:large, max-video-preview:-1\" \/>\n<link rel=\"canonical\" href=\"https:\/\/aeronoticias.com.pe\/noticiero\/mundo\/mundo-mundo-2\/desarrollo-sostenible-del-transporte-aereo\/\" \/>\n<meta property=\"og:locale\" content=\"es_ES\" \/>\n<meta property=\"og:type\" content=\"article\" \/>\n<meta property=\"og:title\" content=\"Desarrollo Sostenible del Transporte A\u00e9reo\" \/>\n<meta property=\"og:description\" content=\"Portal de noticias del Per\u00fa sobre el transporte a\u00e9reo, aviaci\u00f3n, turismo, hoteleria, actualidad.\" \/>\n<meta property=\"og:url\" content=\"https:\/\/aeronoticias.com.pe\/noticiero\/mundo\/mundo-mundo-2\/desarrollo-sostenible-del-transporte-aereo\/\" \/>\n<meta property=\"og:site_name\" content=\"Aeronoticias.com.pe\" \/>\n<meta property=\"article:publisher\" content=\"https:\/\/www.facebook.com\/Aeronoticias.com.pe\/\" \/>\n<meta property=\"article:published_time\" content=\"2014-05-18T16:37:58+00:00\" \/>\n<meta name=\"author\" content=\"Redacci\u00f3n Aeronoticias\" \/>\n<meta name=\"twitter:card\" content=\"summary_large_image\" \/>\n<meta name=\"twitter:creator\" content=\"@aeronoticias\" \/>\n<meta name=\"twitter:site\" content=\"@aeronoticias\" \/>\n<meta name=\"twitter:label1\" content=\"Escrito por\" \/>\n\t<meta name=\"twitter:data1\" content=\"Redacci\u00f3n Aeronoticias\" \/>\n\t<meta name=\"twitter:label2\" content=\"Tiempo de lectura\" \/>\n\t<meta name=\"twitter:data2\" content=\"1 minuto\" \/>\n<script type=\"application\/ld+json\" class=\"yoast-schema-graph\">{\"@context\":\"https:\/\/schema.org\",\"@graph\":[{\"@type\":\"WebPage\",\"@id\":\"https:\/\/aeronoticias.com.pe\/noticiero\/mundo\/mundo-mundo-2\/desarrollo-sostenible-del-transporte-aereo\/\",\"url\":\"https:\/\/aeronoticias.com.pe\/noticiero\/mundo\/mundo-mundo-2\/desarrollo-sostenible-del-transporte-aereo\/\",\"name\":\"Desarrollo Sostenible del Transporte A\u00e9reo\",\"isPartOf\":{\"@id\":\"https:\/\/aeronoticias.com.pe\/noticiero\/#website\"},\"datePublished\":\"2014-05-18T16:37:58+00:00\",\"author\":{\"@id\":\"https:\/\/aeronoticias.com.pe\/noticiero\/#\/schema\/person\/fc1e5d578f4b62ba1cf7ac2bba1170a0\"},\"description\":\"Portal de noticias del Per\u00fa sobre el transporte a\u00e9reo, aviaci\u00f3n, turismo, hoteleria, actualidad.\",\"breadcrumb\":{\"@id\":\"https:\/\/aeronoticias.com.pe\/noticiero\/mundo\/mundo-mundo-2\/desarrollo-sostenible-del-transporte-aereo\/#breadcrumb\"},\"inLanguage\":\"es\",\"potentialAction\":[{\"@type\":\"ReadAction\",\"target\":[\"https:\/\/aeronoticias.com.pe\/noticiero\/mundo\/mundo-mundo-2\/desarrollo-sostenible-del-transporte-aereo\/\"]}]},{\"@type\":\"BreadcrumbList\",\"@id\":\"https:\/\/aeronoticias.com.pe\/noticiero\/mundo\/mundo-mundo-2\/desarrollo-sostenible-del-transporte-aereo\/#breadcrumb\",\"itemListElement\":[{\"@type\":\"ListItem\",\"position\":1,\"name\":\"Portada\",\"item\":\"https:\/\/aeronoticias.com.pe\/noticiero\/\"},{\"@type\":\"ListItem\",\"position\":2,\"name\":\"Desarrollo Sostenible del Transporte A\u00e9reo\"}]},{\"@type\":\"WebSite\",\"@id\":\"https:\/\/aeronoticias.com.pe\/noticiero\/#website\",\"url\":\"https:\/\/aeronoticias.com.pe\/noticiero\/\",\"name\":\"Aeronoticias.com.pe\",\"description\":\"Noticias de tranporte aereo, turismo, hoteles, gastronomia, actualidad, internacional\",\"potentialAction\":[{\"@type\":\"SearchAction\",\"target\":{\"@type\":\"EntryPoint\",\"urlTemplate\":\"https:\/\/aeronoticias.com.pe\/noticiero\/?s={search_term_string}\"},\"query-input\":{\"@type\":\"PropertyValueSpecification\",\"valueRequired\":true,\"valueName\":\"search_term_string\"}}],\"inLanguage\":\"es\"},{\"@type\":\"Person\",\"@id\":\"https:\/\/aeronoticias.com.pe\/noticiero\/#\/schema\/person\/fc1e5d578f4b62ba1cf7ac2bba1170a0\",\"name\":\"Redacci\u00f3n Aeronoticias\",\"url\":\"https:\/\/aeronoticias.com.pe\/noticiero\/author\/piloto\/\"}]}<\/script>\n<!-- \/ Yoast SEO plugin. -->","yoast_head_json":{"title":"Desarrollo Sostenible del Transporte A\u00e9reo","description":"Portal de noticias del Per\u00fa sobre el transporte a\u00e9reo, aviaci\u00f3n, turismo, hoteleria, actualidad.","robots":{"index":"index","follow":"follow","max-snippet":"max-snippet:-1","max-image-preview":"max-image-preview:large","max-video-preview":"max-video-preview:-1"},"canonical":"https:\/\/aeronoticias.com.pe\/noticiero\/mundo\/mundo-mundo-2\/desarrollo-sostenible-del-transporte-aereo\/","og_locale":"es_ES","og_type":"article","og_title":"Desarrollo Sostenible del Transporte A\u00e9reo","og_description":"Portal de noticias del Per\u00fa sobre el transporte a\u00e9reo, aviaci\u00f3n, turismo, hoteleria, actualidad.","og_url":"https:\/\/aeronoticias.com.pe\/noticiero\/mundo\/mundo-mundo-2\/desarrollo-sostenible-del-transporte-aereo\/","og_site_name":"Aeronoticias.com.pe","article_publisher":"https:\/\/www.facebook.com\/Aeronoticias.com.pe\/","article_published_time":"2014-05-18T16:37:58+00:00","author":"Redacci\u00f3n Aeronoticias","twitter_card":"summary_large_image","twitter_creator":"@aeronoticias","twitter_site":"@aeronoticias","twitter_misc":{"Escrito por":"Redacci\u00f3n Aeronoticias","Tiempo de lectura":"1 minuto"},"schema":{"@context":"https:\/\/schema.org","@graph":[{"@type":"WebPage","@id":"https:\/\/aeronoticias.com.pe\/noticiero\/mundo\/mundo-mundo-2\/desarrollo-sostenible-del-transporte-aereo\/","url":"https:\/\/aeronoticias.com.pe\/noticiero\/mundo\/mundo-mundo-2\/desarrollo-sostenible-del-transporte-aereo\/","name":"Desarrollo Sostenible del Transporte A\u00e9reo","isPartOf":{"@id":"https:\/\/aeronoticias.com.pe\/noticiero\/#website"},"datePublished":"2014-05-18T16:37:58+00:00","author":{"@id":"https:\/\/aeronoticias.com.pe\/noticiero\/#\/schema\/person\/fc1e5d578f4b62ba1cf7ac2bba1170a0"},"description":"Portal de noticias del Per\u00fa sobre el transporte a\u00e9reo, aviaci\u00f3n, turismo, hoteleria, actualidad.","breadcrumb":{"@id":"https:\/\/aeronoticias.com.pe\/noticiero\/mundo\/mundo-mundo-2\/desarrollo-sostenible-del-transporte-aereo\/#breadcrumb"},"inLanguage":"es","potentialAction":[{"@type":"ReadAction","target":["https:\/\/aeronoticias.com.pe\/noticiero\/mundo\/mundo-mundo-2\/desarrollo-sostenible-del-transporte-aereo\/"]}]},{"@type":"BreadcrumbList","@id":"https:\/\/aeronoticias.com.pe\/noticiero\/mundo\/mundo-mundo-2\/desarrollo-sostenible-del-transporte-aereo\/#breadcrumb","itemListElement":[{"@type":"ListItem","position":1,"name":"Portada","item":"https:\/\/aeronoticias.com.pe\/noticiero\/"},{"@type":"ListItem","position":2,"name":"Desarrollo Sostenible del Transporte A\u00e9reo"}]},{"@type":"WebSite","@id":"https:\/\/aeronoticias.com.pe\/noticiero\/#website","url":"https:\/\/aeronoticias.com.pe\/noticiero\/","name":"Aeronoticias.com.pe","description":"Noticias de tranporte aereo, turismo, hoteles, gastronomia, actualidad, internacional","potentialAction":[{"@type":"SearchAction","target":{"@type":"EntryPoint","urlTemplate":"https:\/\/aeronoticias.com.pe\/noticiero\/?s={search_term_string}"},"query-input":{"@type":"PropertyValueSpecification","valueRequired":true,"valueName":"search_term_string"}}],"inLanguage":"es"},{"@type":"Person","@id":"https:\/\/aeronoticias.com.pe\/noticiero\/#\/schema\/person\/fc1e5d578f4b62ba1cf7ac2bba1170a0","name":"Redacci\u00f3n Aeronoticias","url":"https:\/\/aeronoticias.com.pe\/noticiero\/author\/piloto\/"}]}},"_links":{"self":[{"href":"https:\/\/aeronoticias.com.pe\/noticiero\/wp-json\/wp\/v2\/posts\/45840","targetHints":{"allow":["GET"]}}],"collection":[{"href":"https:\/\/aeronoticias.com.pe\/noticiero\/wp-json\/wp\/v2\/posts"}],"about":[{"href":"https:\/\/aeronoticias.com.pe\/noticiero\/wp-json\/wp\/v2\/types\/post"}],"author":[{"embeddable":true,"href":"https:\/\/aeronoticias.com.pe\/noticiero\/wp-json\/wp\/v2\/users\/1"}],"replies":[{"embeddable":true,"href":"https:\/\/aeronoticias.com.pe\/noticiero\/wp-json\/wp\/v2\/comments?post=45840"}],"version-history":[{"count":0,"href":"https:\/\/aeronoticias.com.pe\/noticiero\/wp-json\/wp\/v2\/posts\/45840\/revisions"}],"wp:attachment":[{"href":"https:\/\/aeronoticias.com.pe\/noticiero\/wp-json\/wp\/v2\/media?parent=45840"}],"wp:term":[{"taxonomy":"category","embeddable":true,"href":"https:\/\/aeronoticias.com.pe\/noticiero\/wp-json\/wp\/v2\/categories?post=45840"},{"taxonomy":"post_tag","embeddable":true,"href":"https:\/\/aeronoticias.com.pe\/noticiero\/wp-json\/wp\/v2\/tags?post=45840"}],"curies":[{"name":"wp","href":"https:\/\/api.w.org\/{rel}","templated":true}]}}