{"id":45841,"date":"2014-05-18T16:41:49","date_gmt":"2014-05-18T16:41:49","guid":{"rendered":"http:\/\/desarrollo.mcvicious.com\/aero2020\/2014\/05\/18\/voluntario-paraplejico-probo-el-exoesqueleto-con-el-que-se-presentara-en-brasil\/"},"modified":"2014-05-18T16:41:49","modified_gmt":"2014-05-18T16:41:49","slug":"voluntario-paraplejico-probo-el-exoesqueleto-con-el-que-se-presentara-en-brasil","status":"publish","type":"post","link":"https:\/\/aeronoticias.com.pe\/noticiero\/27\/voluntario-paraplejico-probo-el-exoesqueleto-con-el-que-se-presentara-en-brasil\/","title":{"rendered":"Voluntario parapl\u00e9jico prob\u00f3 el exoesqueleto con el que se presentar\u00e1 en Brasil"},"content":{"rendered":"<p style=\"text-align: justify;\"><strong>(Aeronoticias)<\/strong> El neurocient\u00edfico Ivan Nicolelis, public\u00f3 en su p\u00e1gina de Facebook un video en donde se hace una prueba exitosa con el voluntario parapl\u00e9jico, que dar\u00e1 el &#8216;Play de honor&#8217; en el Mundial de Brasil, del exoesqueleto que lo ayudar\u00e1 a caminar.<\/p>\n<p><em><strong>Foto: Ivan Nicolelis en Facebook<\/strong><\/em><\/p>\n<p>El paciente us\u00f3 por primera vez el BRA-Santos Dumont 1, que fue creado como parte del programa \u00abAndar de Novo\u00bb (Volver a Caminar), el cual har\u00eda que los parapl\u00e9jicos puedan utilizar este equipo, controlado a trav\u00e9s de actividad cerebral, para volver a mover sus piernas.<\/p>\n<p style=\"text-align: justify;\">Coneste aparato, se dar\u00e1 el puntapi\u00e9 incial, el 12 de junio, durante la ceremonia de apertura del Mundial de f\u00fatbol de Brasil 2014, en la Arena Corinthians, de Sao Paulo.<\/p>\n<p style=\"text-align: justify;\"><strong><img decoding=\"async\" src=\"images\/stories\/14\/05\/180514\/exoesqueleto.jpg\" border=\"0\" \/><br \/><\/strong><\/p>\n","protected":false},"excerpt":{"rendered":"<p>(Aeronoticias) El neurocient\u00edfico Ivan Nicolelis, public\u00f3 en su p\u00e1gina de Facebook un video en donde se hace una prueba exitosa con el voluntario parapl\u00e9jico, que dar\u00e1 el &#8216;Play de honor&#8217; en el Mundial de Brasil, del exoesqueleto que lo ayudar\u00e1 a caminar. Foto: Ivan Nicolelis en Facebook El paciente us\u00f3 por primera vez el BRA-Santos [&hellip;]<\/p>\n","protected":false},"author":1,"featured_media":0,"comment_status":"open","ping_status":"open","sticky":false,"template":"","format":"standard","meta":{"tdm_status":"","tdm_grid_status":"","footnotes":""},"categories":[35],"tags":[],"class_list":{"0":"post-45841","1":"post","2":"type-post","3":"status-publish","4":"format-standard","6":"category-35"},"yoast_head":"<!-- This site is optimized with the Yoast SEO plugin v25.1 - https:\/\/yoast.com\/wordpress\/plugins\/seo\/ -->\n<title>Voluntario parapl\u00e9jico prob\u00f3 el exoesqueleto con el que se presentar\u00e1 en Brasil<\/title>\n<meta name=\"description\" content=\"Portal de noticias del Per\u00fa sobre el transporte a\u00e9reo, aviaci\u00f3n, turismo, hoteleria, actualidad.\" \/>\n<meta name=\"robots\" content=\"index, follow, max-snippet:-1, max-image-preview:large, max-video-preview:-1\" \/>\n<link rel=\"canonical\" href=\"https:\/\/aeronoticias.com.pe\/noticiero\/27\/voluntario-paraplejico-probo-el-exoesqueleto-con-el-que-se-presentara-en-brasil\/\" \/>\n<meta property=\"og:locale\" content=\"es_ES\" \/>\n<meta property=\"og:type\" content=\"article\" \/>\n<meta property=\"og:title\" content=\"Voluntario parapl\u00e9jico prob\u00f3 el exoesqueleto con el que se presentar\u00e1 en Brasil\" \/>\n<meta property=\"og:description\" content=\"Portal de noticias del Per\u00fa sobre el transporte a\u00e9reo, aviaci\u00f3n, turismo, hoteleria, actualidad.\" \/>\n<meta property=\"og:url\" content=\"https:\/\/aeronoticias.com.pe\/noticiero\/27\/voluntario-paraplejico-probo-el-exoesqueleto-con-el-que-se-presentara-en-brasil\/\" \/>\n<meta property=\"og:site_name\" content=\"Aeronoticias.com.pe\" \/>\n<meta property=\"article:publisher\" content=\"https:\/\/www.facebook.com\/Aeronoticias.com.pe\/\" \/>\n<meta property=\"article:published_time\" content=\"2014-05-18T16:41:49+00:00\" \/>\n<meta name=\"author\" content=\"Redacci\u00f3n Aeronoticias\" \/>\n<meta name=\"twitter:card\" content=\"summary_large_image\" \/>\n<meta name=\"twitter:creator\" content=\"@aeronoticias\" \/>\n<meta name=\"twitter:site\" content=\"@aeronoticias\" \/>\n<meta name=\"twitter:label1\" content=\"Escrito por\" \/>\n\t<meta name=\"twitter:data1\" content=\"Redacci\u00f3n Aeronoticias\" \/>\n\t<meta name=\"twitter:label2\" content=\"Tiempo de lectura\" \/>\n\t<meta name=\"twitter:data2\" content=\"1 minuto\" \/>\n<script type=\"application\/ld+json\" class=\"yoast-schema-graph\">{\"@context\":\"https:\/\/schema.org\",\"@graph\":[{\"@type\":\"WebPage\",\"@id\":\"https:\/\/aeronoticias.com.pe\/noticiero\/27\/voluntario-paraplejico-probo-el-exoesqueleto-con-el-que-se-presentara-en-brasil\/\",\"url\":\"https:\/\/aeronoticias.com.pe\/noticiero\/27\/voluntario-paraplejico-probo-el-exoesqueleto-con-el-que-se-presentara-en-brasil\/\",\"name\":\"Voluntario parapl\u00e9jico prob\u00f3 el exoesqueleto con el que se presentar\u00e1 en Brasil\",\"isPartOf\":{\"@id\":\"https:\/\/aeronoticias.com.pe\/noticiero\/#website\"},\"datePublished\":\"2014-05-18T16:41:49+00:00\",\"author\":{\"@id\":\"https:\/\/aeronoticias.com.pe\/noticiero\/#\/schema\/person\/fc1e5d578f4b62ba1cf7ac2bba1170a0\"},\"description\":\"Portal de noticias del Per\u00fa sobre el transporte a\u00e9reo, aviaci\u00f3n, turismo, hoteleria, actualidad.\",\"breadcrumb\":{\"@id\":\"https:\/\/aeronoticias.com.pe\/noticiero\/27\/voluntario-paraplejico-probo-el-exoesqueleto-con-el-que-se-presentara-en-brasil\/#breadcrumb\"},\"inLanguage\":\"es\",\"potentialAction\":[{\"@type\":\"ReadAction\",\"target\":[\"https:\/\/aeronoticias.com.pe\/noticiero\/27\/voluntario-paraplejico-probo-el-exoesqueleto-con-el-que-se-presentara-en-brasil\/\"]}]},{\"@type\":\"BreadcrumbList\",\"@id\":\"https:\/\/aeronoticias.com.pe\/noticiero\/27\/voluntario-paraplejico-probo-el-exoesqueleto-con-el-que-se-presentara-en-brasil\/#breadcrumb\",\"itemListElement\":[{\"@type\":\"ListItem\",\"position\":1,\"name\":\"Portada\",\"item\":\"https:\/\/aeronoticias.com.pe\/noticiero\/\"},{\"@type\":\"ListItem\",\"position\":2,\"name\":\"Voluntario parapl\u00e9jico prob\u00f3 el exoesqueleto con el que se presentar\u00e1 en Brasil\"}]},{\"@type\":\"WebSite\",\"@id\":\"https:\/\/aeronoticias.com.pe\/noticiero\/#website\",\"url\":\"https:\/\/aeronoticias.com.pe\/noticiero\/\",\"name\":\"Aeronoticias.com.pe\",\"description\":\"Noticias de tranporte aereo, turismo, hoteles, gastronomia, actualidad, internacional\",\"potentialAction\":[{\"@type\":\"SearchAction\",\"target\":{\"@type\":\"EntryPoint\",\"urlTemplate\":\"https:\/\/aeronoticias.com.pe\/noticiero\/?s={search_term_string}\"},\"query-input\":{\"@type\":\"PropertyValueSpecification\",\"valueRequired\":true,\"valueName\":\"search_term_string\"}}],\"inLanguage\":\"es\"},{\"@type\":\"Person\",\"@id\":\"https:\/\/aeronoticias.com.pe\/noticiero\/#\/schema\/person\/fc1e5d578f4b62ba1cf7ac2bba1170a0\",\"name\":\"Redacci\u00f3n Aeronoticias\",\"url\":\"https:\/\/aeronoticias.com.pe\/noticiero\/author\/piloto\/\"}]}<\/script>\n<!-- \/ Yoast SEO plugin. -->","yoast_head_json":{"title":"Voluntario parapl\u00e9jico prob\u00f3 el exoesqueleto con el que se presentar\u00e1 en Brasil","description":"Portal de noticias del Per\u00fa sobre el transporte a\u00e9reo, aviaci\u00f3n, turismo, hoteleria, actualidad.","robots":{"index":"index","follow":"follow","max-snippet":"max-snippet:-1","max-image-preview":"max-image-preview:large","max-video-preview":"max-video-preview:-1"},"canonical":"https:\/\/aeronoticias.com.pe\/noticiero\/27\/voluntario-paraplejico-probo-el-exoesqueleto-con-el-que-se-presentara-en-brasil\/","og_locale":"es_ES","og_type":"article","og_title":"Voluntario parapl\u00e9jico prob\u00f3 el exoesqueleto con el que se presentar\u00e1 en Brasil","og_description":"Portal de noticias del Per\u00fa sobre el transporte a\u00e9reo, aviaci\u00f3n, turismo, hoteleria, actualidad.","og_url":"https:\/\/aeronoticias.com.pe\/noticiero\/27\/voluntario-paraplejico-probo-el-exoesqueleto-con-el-que-se-presentara-en-brasil\/","og_site_name":"Aeronoticias.com.pe","article_publisher":"https:\/\/www.facebook.com\/Aeronoticias.com.pe\/","article_published_time":"2014-05-18T16:41:49+00:00","author":"Redacci\u00f3n Aeronoticias","twitter_card":"summary_large_image","twitter_creator":"@aeronoticias","twitter_site":"@aeronoticias","twitter_misc":{"Escrito por":"Redacci\u00f3n Aeronoticias","Tiempo de lectura":"1 minuto"},"schema":{"@context":"https:\/\/schema.org","@graph":[{"@type":"WebPage","@id":"https:\/\/aeronoticias.com.pe\/noticiero\/27\/voluntario-paraplejico-probo-el-exoesqueleto-con-el-que-se-presentara-en-brasil\/","url":"https:\/\/aeronoticias.com.pe\/noticiero\/27\/voluntario-paraplejico-probo-el-exoesqueleto-con-el-que-se-presentara-en-brasil\/","name":"Voluntario parapl\u00e9jico prob\u00f3 el exoesqueleto con el que se presentar\u00e1 en Brasil","isPartOf":{"@id":"https:\/\/aeronoticias.com.pe\/noticiero\/#website"},"datePublished":"2014-05-18T16:41:49+00:00","author":{"@id":"https:\/\/aeronoticias.com.pe\/noticiero\/#\/schema\/person\/fc1e5d578f4b62ba1cf7ac2bba1170a0"},"description":"Portal de noticias del Per\u00fa sobre el transporte a\u00e9reo, aviaci\u00f3n, turismo, hoteleria, actualidad.","breadcrumb":{"@id":"https:\/\/aeronoticias.com.pe\/noticiero\/27\/voluntario-paraplejico-probo-el-exoesqueleto-con-el-que-se-presentara-en-brasil\/#breadcrumb"},"inLanguage":"es","potentialAction":[{"@type":"ReadAction","target":["https:\/\/aeronoticias.com.pe\/noticiero\/27\/voluntario-paraplejico-probo-el-exoesqueleto-con-el-que-se-presentara-en-brasil\/"]}]},{"@type":"BreadcrumbList","@id":"https:\/\/aeronoticias.com.pe\/noticiero\/27\/voluntario-paraplejico-probo-el-exoesqueleto-con-el-que-se-presentara-en-brasil\/#breadcrumb","itemListElement":[{"@type":"ListItem","position":1,"name":"Portada","item":"https:\/\/aeronoticias.com.pe\/noticiero\/"},{"@type":"ListItem","position":2,"name":"Voluntario parapl\u00e9jico prob\u00f3 el exoesqueleto con el que se presentar\u00e1 en Brasil"}]},{"@type":"WebSite","@id":"https:\/\/aeronoticias.com.pe\/noticiero\/#website","url":"https:\/\/aeronoticias.com.pe\/noticiero\/","name":"Aeronoticias.com.pe","description":"Noticias de tranporte aereo, turismo, hoteles, gastronomia, actualidad, internacional","potentialAction":[{"@type":"SearchAction","target":{"@type":"EntryPoint","urlTemplate":"https:\/\/aeronoticias.com.pe\/noticiero\/?s={search_term_string}"},"query-input":{"@type":"PropertyValueSpecification","valueRequired":true,"valueName":"search_term_string"}}],"inLanguage":"es"},{"@type":"Person","@id":"https:\/\/aeronoticias.com.pe\/noticiero\/#\/schema\/person\/fc1e5d578f4b62ba1cf7ac2bba1170a0","name":"Redacci\u00f3n Aeronoticias","url":"https:\/\/aeronoticias.com.pe\/noticiero\/author\/piloto\/"}]}},"_links":{"self":[{"href":"https:\/\/aeronoticias.com.pe\/noticiero\/wp-json\/wp\/v2\/posts\/45841","targetHints":{"allow":["GET"]}}],"collection":[{"href":"https:\/\/aeronoticias.com.pe\/noticiero\/wp-json\/wp\/v2\/posts"}],"about":[{"href":"https:\/\/aeronoticias.com.pe\/noticiero\/wp-json\/wp\/v2\/types\/post"}],"author":[{"embeddable":true,"href":"https:\/\/aeronoticias.com.pe\/noticiero\/wp-json\/wp\/v2\/users\/1"}],"replies":[{"embeddable":true,"href":"https:\/\/aeronoticias.com.pe\/noticiero\/wp-json\/wp\/v2\/comments?post=45841"}],"version-history":[{"count":0,"href":"https:\/\/aeronoticias.com.pe\/noticiero\/wp-json\/wp\/v2\/posts\/45841\/revisions"}],"wp:attachment":[{"href":"https:\/\/aeronoticias.com.pe\/noticiero\/wp-json\/wp\/v2\/media?parent=45841"}],"wp:term":[{"taxonomy":"category","embeddable":true,"href":"https:\/\/aeronoticias.com.pe\/noticiero\/wp-json\/wp\/v2\/categories?post=45841"},{"taxonomy":"post_tag","embeddable":true,"href":"https:\/\/aeronoticias.com.pe\/noticiero\/wp-json\/wp\/v2\/tags?post=45841"}],"curies":[{"name":"wp","href":"https:\/\/api.w.org\/{rel}","templated":true}]}}