{"id":45846,"date":"2014-05-18T21:44:03","date_gmt":"2014-05-18T21:44:03","guid":{"rendered":"http:\/\/desarrollo.mcvicious.com\/aero2020\/2014\/05\/18\/marina-alerta-de-oleajes-anomales-desde-el-miercoles-21\/"},"modified":"2014-05-18T21:44:03","modified_gmt":"2014-05-18T21:44:03","slug":"marina-alerta-de-oleajes-anomales-desde-el-miercoles-21","status":"publish","type":"post","link":"https:\/\/aeronoticias.com.pe\/noticiero\/nacionales\/marina-alerta-de-oleajes-anomales-desde-el-miercoles-21\/","title":{"rendered":"Marina alerta de oleajes an\u00f3males desde el mi\u00e9rcoles 21"},"content":{"rendered":"<p style=\"text-align: justify;\"><strong>(Aeronoticias)<\/strong>.- Oleajes de ligera a moderada intensidad se prev\u00e9 en zonas costeras del litoral peruano desde el mediod\u00eda del pr\u00f3ximo mi\u00e9rcoles 21, advirti\u00f3 la Direcci\u00f3n de Hidrograf\u00eda y Navegaci\u00f3n(DHN) de la Marina de Guerra del Per\u00fa.<\/p>\n<p style=\"text-align: justify;\">Por ello, recomienda a toda la poblaci\u00f3n costera y personas que realizan actividades portuarias, pesca, deportivas y de recreo continuar tomando medidas de seguridad para evitar accidentes y\/o da\u00f1os personales y materiales.<\/p>\n<p style=\"text-align: justify;\">La DHN indica que en \u00a0el litoral centro, los oleajes ser\u00edan ligeros al mediod\u00eda del mi\u00e9rcoles 21 y \u00a0aumentar\u00eda a oleaje moderado intermitente en la noche del mismo d\u00eda, para luego disminuir a oleaje ligero en la madrugada del viernes 23 de mayo.<\/p>\n<p style=\"text-align: justify;\">Asimismo, en el litoral sur se registrar\u00edan oleajes moderados al mediod\u00eda del mi\u00e9rcoles 21, para luego disminuir a oleaje ligero en la ma\u00f1ana del jueves 22.<\/p>\n<p style=\"text-align: justify;\">En tanto, en el litoral norte se presentar\u00e1n oleajes ligeros intermitente en la madrugada del jueves 22 de mayo.<\/p>\n<p style=\"text-align: justify;\">El horizonte predictivo del estado del mar estima el restablecimiento de las condiciones normales el viernes 23 de mayo. En el litoral sur en la madrugada y en litoral centro y norte en horas de la ma\u00f1ana.<\/p>\n<p style=\"text-align: justify;\">Estos oleajes afectar\u00edan principalmente las \u00e1reas que tengan playas abiertas o semiabiertas orientadas hacia el suroeste.<\/p>\n<p style=\"text-align: justify;\">La DHN continuar\u00e1 evaluando el estado del mar en funci\u00f3n al comportamiento de los sistemas atmosf\u00e9ricos y oce\u00e1nicos para la continua prevenci\u00f3n y la seguridad de todos los peruanos.<\/p>\n<p style=\"text-align: justify;\">Con informaci\u00f3n de <strong><em><span style=\"text-decoration: underline;\">El Comercio<\/span><\/em><\/strong>.<\/p>\n<p style=\"text-align: justify;\"><img decoding=\"async\" src=\"images\/stories\/14\/05\/170514\/ole.jpg\" border=\"0\" \/><\/p>\n","protected":false},"excerpt":{"rendered":"<p>(Aeronoticias).- Oleajes de ligera a moderada intensidad se prev\u00e9 en zonas costeras del litoral peruano desde el mediod\u00eda del pr\u00f3ximo mi\u00e9rcoles 21, advirti\u00f3 la Direcci\u00f3n de Hidrograf\u00eda y Navegaci\u00f3n(DHN) de la Marina de Guerra del Per\u00fa. Por ello, recomienda a toda la poblaci\u00f3n costera y personas que realizan actividades portuarias, pesca, deportivas y de recreo [&hellip;]<\/p>\n","protected":false},"author":1,"featured_media":0,"comment_status":"open","ping_status":"open","sticky":false,"template":"","format":"standard","meta":{"tdm_status":"","tdm_grid_status":"","footnotes":""},"categories":[38],"tags":[],"class_list":{"0":"post-45846","1":"post","2":"type-post","3":"status-publish","4":"format-standard","6":"category-nacionales"},"yoast_head":"<!-- This site is optimized with the Yoast SEO plugin v25.1 - https:\/\/yoast.com\/wordpress\/plugins\/seo\/ -->\n<title>Marina alerta de oleajes an\u00f3males desde el mi\u00e9rcoles 21<\/title>\n<meta name=\"description\" content=\"Portal de noticias del Per\u00fa sobre el transporte a\u00e9reo, aviaci\u00f3n, turismo, hoteleria, actualidad.\" \/>\n<meta name=\"robots\" content=\"index, follow, max-snippet:-1, max-image-preview:large, max-video-preview:-1\" \/>\n<link rel=\"canonical\" href=\"https:\/\/aeronoticias.com.pe\/noticiero\/nacionales\/marina-alerta-de-oleajes-anomales-desde-el-miercoles-21\/\" \/>\n<meta property=\"og:locale\" content=\"es_ES\" \/>\n<meta property=\"og:type\" content=\"article\" \/>\n<meta property=\"og:title\" content=\"Marina alerta de oleajes an\u00f3males desde el mi\u00e9rcoles 21\" \/>\n<meta property=\"og:description\" content=\"Portal de noticias del Per\u00fa sobre el transporte a\u00e9reo, aviaci\u00f3n, turismo, hoteleria, actualidad.\" \/>\n<meta property=\"og:url\" content=\"https:\/\/aeronoticias.com.pe\/noticiero\/nacionales\/marina-alerta-de-oleajes-anomales-desde-el-miercoles-21\/\" \/>\n<meta property=\"og:site_name\" content=\"Aeronoticias.com.pe\" \/>\n<meta property=\"article:publisher\" content=\"https:\/\/www.facebook.com\/Aeronoticias.com.pe\/\" \/>\n<meta property=\"article:published_time\" content=\"2014-05-18T21:44:03+00:00\" \/>\n<meta name=\"author\" content=\"Redacci\u00f3n Aeronoticias\" \/>\n<meta name=\"twitter:card\" content=\"summary_large_image\" \/>\n<meta name=\"twitter:creator\" content=\"@aeronoticias\" \/>\n<meta name=\"twitter:site\" content=\"@aeronoticias\" \/>\n<meta name=\"twitter:label1\" content=\"Escrito por\" \/>\n\t<meta name=\"twitter:data1\" content=\"Redacci\u00f3n Aeronoticias\" \/>\n\t<meta name=\"twitter:label2\" content=\"Tiempo de lectura\" \/>\n\t<meta name=\"twitter:data2\" content=\"1 minuto\" \/>\n<script type=\"application\/ld+json\" class=\"yoast-schema-graph\">{\"@context\":\"https:\/\/schema.org\",\"@graph\":[{\"@type\":\"WebPage\",\"@id\":\"https:\/\/aeronoticias.com.pe\/noticiero\/nacionales\/marina-alerta-de-oleajes-anomales-desde-el-miercoles-21\/\",\"url\":\"https:\/\/aeronoticias.com.pe\/noticiero\/nacionales\/marina-alerta-de-oleajes-anomales-desde-el-miercoles-21\/\",\"name\":\"Marina alerta de oleajes an\u00f3males desde el mi\u00e9rcoles 21\",\"isPartOf\":{\"@id\":\"https:\/\/aeronoticias.com.pe\/noticiero\/#website\"},\"datePublished\":\"2014-05-18T21:44:03+00:00\",\"author\":{\"@id\":\"https:\/\/aeronoticias.com.pe\/noticiero\/#\/schema\/person\/fc1e5d578f4b62ba1cf7ac2bba1170a0\"},\"description\":\"Portal de noticias del Per\u00fa sobre el transporte a\u00e9reo, aviaci\u00f3n, turismo, hoteleria, actualidad.\",\"breadcrumb\":{\"@id\":\"https:\/\/aeronoticias.com.pe\/noticiero\/nacionales\/marina-alerta-de-oleajes-anomales-desde-el-miercoles-21\/#breadcrumb\"},\"inLanguage\":\"es\",\"potentialAction\":[{\"@type\":\"ReadAction\",\"target\":[\"https:\/\/aeronoticias.com.pe\/noticiero\/nacionales\/marina-alerta-de-oleajes-anomales-desde-el-miercoles-21\/\"]}]},{\"@type\":\"BreadcrumbList\",\"@id\":\"https:\/\/aeronoticias.com.pe\/noticiero\/nacionales\/marina-alerta-de-oleajes-anomales-desde-el-miercoles-21\/#breadcrumb\",\"itemListElement\":[{\"@type\":\"ListItem\",\"position\":1,\"name\":\"Portada\",\"item\":\"https:\/\/aeronoticias.com.pe\/noticiero\/\"},{\"@type\":\"ListItem\",\"position\":2,\"name\":\"Marina alerta de oleajes an\u00f3males desde el mi\u00e9rcoles 21\"}]},{\"@type\":\"WebSite\",\"@id\":\"https:\/\/aeronoticias.com.pe\/noticiero\/#website\",\"url\":\"https:\/\/aeronoticias.com.pe\/noticiero\/\",\"name\":\"Aeronoticias.com.pe\",\"description\":\"Noticias de tranporte aereo, turismo, hoteles, gastronomia, actualidad, internacional\",\"potentialAction\":[{\"@type\":\"SearchAction\",\"target\":{\"@type\":\"EntryPoint\",\"urlTemplate\":\"https:\/\/aeronoticias.com.pe\/noticiero\/?s={search_term_string}\"},\"query-input\":{\"@type\":\"PropertyValueSpecification\",\"valueRequired\":true,\"valueName\":\"search_term_string\"}}],\"inLanguage\":\"es\"},{\"@type\":\"Person\",\"@id\":\"https:\/\/aeronoticias.com.pe\/noticiero\/#\/schema\/person\/fc1e5d578f4b62ba1cf7ac2bba1170a0\",\"name\":\"Redacci\u00f3n Aeronoticias\",\"url\":\"https:\/\/aeronoticias.com.pe\/noticiero\/author\/piloto\/\"}]}<\/script>\n<!-- \/ Yoast SEO plugin. -->","yoast_head_json":{"title":"Marina alerta de oleajes an\u00f3males desde el mi\u00e9rcoles 21","description":"Portal de noticias del Per\u00fa sobre el transporte a\u00e9reo, aviaci\u00f3n, turismo, hoteleria, actualidad.","robots":{"index":"index","follow":"follow","max-snippet":"max-snippet:-1","max-image-preview":"max-image-preview:large","max-video-preview":"max-video-preview:-1"},"canonical":"https:\/\/aeronoticias.com.pe\/noticiero\/nacionales\/marina-alerta-de-oleajes-anomales-desde-el-miercoles-21\/","og_locale":"es_ES","og_type":"article","og_title":"Marina alerta de oleajes an\u00f3males desde el mi\u00e9rcoles 21","og_description":"Portal de noticias del Per\u00fa sobre el transporte a\u00e9reo, aviaci\u00f3n, turismo, hoteleria, actualidad.","og_url":"https:\/\/aeronoticias.com.pe\/noticiero\/nacionales\/marina-alerta-de-oleajes-anomales-desde-el-miercoles-21\/","og_site_name":"Aeronoticias.com.pe","article_publisher":"https:\/\/www.facebook.com\/Aeronoticias.com.pe\/","article_published_time":"2014-05-18T21:44:03+00:00","author":"Redacci\u00f3n Aeronoticias","twitter_card":"summary_large_image","twitter_creator":"@aeronoticias","twitter_site":"@aeronoticias","twitter_misc":{"Escrito por":"Redacci\u00f3n Aeronoticias","Tiempo de lectura":"1 minuto"},"schema":{"@context":"https:\/\/schema.org","@graph":[{"@type":"WebPage","@id":"https:\/\/aeronoticias.com.pe\/noticiero\/nacionales\/marina-alerta-de-oleajes-anomales-desde-el-miercoles-21\/","url":"https:\/\/aeronoticias.com.pe\/noticiero\/nacionales\/marina-alerta-de-oleajes-anomales-desde-el-miercoles-21\/","name":"Marina alerta de oleajes an\u00f3males desde el mi\u00e9rcoles 21","isPartOf":{"@id":"https:\/\/aeronoticias.com.pe\/noticiero\/#website"},"datePublished":"2014-05-18T21:44:03+00:00","author":{"@id":"https:\/\/aeronoticias.com.pe\/noticiero\/#\/schema\/person\/fc1e5d578f4b62ba1cf7ac2bba1170a0"},"description":"Portal de noticias del Per\u00fa sobre el transporte a\u00e9reo, aviaci\u00f3n, turismo, hoteleria, actualidad.","breadcrumb":{"@id":"https:\/\/aeronoticias.com.pe\/noticiero\/nacionales\/marina-alerta-de-oleajes-anomales-desde-el-miercoles-21\/#breadcrumb"},"inLanguage":"es","potentialAction":[{"@type":"ReadAction","target":["https:\/\/aeronoticias.com.pe\/noticiero\/nacionales\/marina-alerta-de-oleajes-anomales-desde-el-miercoles-21\/"]}]},{"@type":"BreadcrumbList","@id":"https:\/\/aeronoticias.com.pe\/noticiero\/nacionales\/marina-alerta-de-oleajes-anomales-desde-el-miercoles-21\/#breadcrumb","itemListElement":[{"@type":"ListItem","position":1,"name":"Portada","item":"https:\/\/aeronoticias.com.pe\/noticiero\/"},{"@type":"ListItem","position":2,"name":"Marina alerta de oleajes an\u00f3males desde el mi\u00e9rcoles 21"}]},{"@type":"WebSite","@id":"https:\/\/aeronoticias.com.pe\/noticiero\/#website","url":"https:\/\/aeronoticias.com.pe\/noticiero\/","name":"Aeronoticias.com.pe","description":"Noticias de tranporte aereo, turismo, hoteles, gastronomia, actualidad, internacional","potentialAction":[{"@type":"SearchAction","target":{"@type":"EntryPoint","urlTemplate":"https:\/\/aeronoticias.com.pe\/noticiero\/?s={search_term_string}"},"query-input":{"@type":"PropertyValueSpecification","valueRequired":true,"valueName":"search_term_string"}}],"inLanguage":"es"},{"@type":"Person","@id":"https:\/\/aeronoticias.com.pe\/noticiero\/#\/schema\/person\/fc1e5d578f4b62ba1cf7ac2bba1170a0","name":"Redacci\u00f3n Aeronoticias","url":"https:\/\/aeronoticias.com.pe\/noticiero\/author\/piloto\/"}]}},"_links":{"self":[{"href":"https:\/\/aeronoticias.com.pe\/noticiero\/wp-json\/wp\/v2\/posts\/45846","targetHints":{"allow":["GET"]}}],"collection":[{"href":"https:\/\/aeronoticias.com.pe\/noticiero\/wp-json\/wp\/v2\/posts"}],"about":[{"href":"https:\/\/aeronoticias.com.pe\/noticiero\/wp-json\/wp\/v2\/types\/post"}],"author":[{"embeddable":true,"href":"https:\/\/aeronoticias.com.pe\/noticiero\/wp-json\/wp\/v2\/users\/1"}],"replies":[{"embeddable":true,"href":"https:\/\/aeronoticias.com.pe\/noticiero\/wp-json\/wp\/v2\/comments?post=45846"}],"version-history":[{"count":0,"href":"https:\/\/aeronoticias.com.pe\/noticiero\/wp-json\/wp\/v2\/posts\/45846\/revisions"}],"wp:attachment":[{"href":"https:\/\/aeronoticias.com.pe\/noticiero\/wp-json\/wp\/v2\/media?parent=45846"}],"wp:term":[{"taxonomy":"category","embeddable":true,"href":"https:\/\/aeronoticias.com.pe\/noticiero\/wp-json\/wp\/v2\/categories?post=45846"},{"taxonomy":"post_tag","embeddable":true,"href":"https:\/\/aeronoticias.com.pe\/noticiero\/wp-json\/wp\/v2\/tags?post=45846"}],"curies":[{"name":"wp","href":"https:\/\/api.w.org\/{rel}","templated":true}]}}