{"id":45847,"date":"2014-05-18T21:48:18","date_gmt":"2014-05-18T21:48:18","guid":{"rendered":"http:\/\/desarrollo.mcvicious.com\/aero2020\/2014\/05\/18\/colombia-mueren-quemados-32-ninos-en-incendio-de-autobus\/"},"modified":"2014-05-18T21:48:18","modified_gmt":"2014-05-18T21:48:18","slug":"colombia-mueren-quemados-32-ninos-en-incendio-de-autobus","status":"publish","type":"post","link":"https:\/\/aeronoticias.com.pe\/noticiero\/internacionales\/colombia-mueren-quemados-32-ninos-en-incendio-de-autobus\/","title":{"rendered":"Colombia: Mueren quemados 32 ni\u00f1os en incendio de autob\u00fas"},"content":{"rendered":"<p style=\"text-align: justify;\"><strong>(Aeronoticias)<\/strong>.-\u00a0Los menores, que pertenec\u00edan a una congregaci\u00f3n religiosa, regresaban de orar. Se desconocen las causas de la tragedia.<\/p>\n<p style=\"text-align: justify;\">Al menos 32 ni\u00f1os murieron hoy en Colombia cuando el bus en el que se movilizaban por el municipio de Fundaci\u00f3n, en el departamento de Magdalena (norte), sufriera un accidente que es materia de investigaci\u00f3n, informaron fuentes oficiales a dpa.<\/p>\n<p style=\"text-align: justify;\">\u00abTenemos que investigar qu\u00e9 fue lo que pas\u00f3 primero, pero el saldo preliminar son 32 ni\u00f1os muertos que pertenec\u00edan a una comunidad religiosa y se movilizaban dentro de Fundaci\u00f3n en el momento del accidente\u00bb, dijo el comandante de la polic\u00eda de la regi\u00f3n, general Rodrigo Gonzalez.<\/p>\n<p style=\"text-align: justify;\">El tr\u00e1gico caso se registr\u00f3 al mediod\u00eda de este domingo. Los hechos hasta el momento son materia de investigaci\u00f3n, aunque se especula que el autobus llevaba en su interior gasolina de contrabando.<\/p>\n<p style=\"text-align: justify;\">De acuerdo con las primeras versiones oficiales, entregadas por el coronel Ad\u00e1n Le\u00f3n, comandante de la Polic\u00eda del Magdalena, los menores formaban parte de una congregaci\u00f3n religiosa, y abordaron el bus para que los llevara a sus casas. \u00abAcababan de terminar el culto y esperaban ser llevados a su casa\u00bb, dijo el oficial.<\/p>\n<p style=\"text-align: justify;\">Varios heridos fueron trasladados al Hospital Universitario Fernando Troconis de Santa Marta.<\/p>\n<p style=\"text-align: justify;\">Equipos de emergencia recuperaban sobre la 1:30 de la tarde los cuerpos que quedaron quemados, en medio de la angustia de vecinos del sector.<\/p>\n<p style=\"text-align: justify;\">Con informaci\u00f3n de <strong><em><span style=\"text-decoration: underline;\">El Comercio<\/span><\/em><\/strong>.<\/p>\n<p style=\"text-align: justify;\"><img decoding=\"async\" src=\"images\/stories\/14\/05\/170514\/bus.jpg\" border=\"0\" \/><\/p>\n","protected":false},"excerpt":{"rendered":"<p>(Aeronoticias).-\u00a0Los menores, que pertenec\u00edan a una congregaci\u00f3n religiosa, regresaban de orar. Se desconocen las causas de la tragedia. Al menos 32 ni\u00f1os murieron hoy en Colombia cuando el bus en el que se movilizaban por el municipio de Fundaci\u00f3n, en el departamento de Magdalena (norte), sufriera un accidente que es materia de investigaci\u00f3n, informaron fuentes [&hellip;]<\/p>\n","protected":false},"author":1,"featured_media":0,"comment_status":"open","ping_status":"open","sticky":false,"template":"","format":"standard","meta":{"tdm_status":"","tdm_grid_status":"","footnotes":""},"categories":[34],"tags":[],"class_list":{"0":"post-45847","1":"post","2":"type-post","3":"status-publish","4":"format-standard","6":"category-internacionales"},"yoast_head":"<!-- This site is optimized with the Yoast SEO plugin v25.1 - https:\/\/yoast.com\/wordpress\/plugins\/seo\/ -->\n<title>Colombia: Mueren quemados 32 ni\u00f1os en incendio de autob\u00fas<\/title>\n<meta name=\"description\" content=\"Portal de noticias del Per\u00fa sobre el transporte a\u00e9reo, aviaci\u00f3n, turismo, hoteleria, actualidad.\" \/>\n<meta name=\"robots\" content=\"index, follow, max-snippet:-1, max-image-preview:large, max-video-preview:-1\" \/>\n<link rel=\"canonical\" href=\"https:\/\/aeronoticias.com.pe\/noticiero\/internacionales\/colombia-mueren-quemados-32-ninos-en-incendio-de-autobus\/\" \/>\n<meta property=\"og:locale\" content=\"es_ES\" \/>\n<meta property=\"og:type\" content=\"article\" \/>\n<meta property=\"og:title\" content=\"Colombia: Mueren quemados 32 ni\u00f1os en incendio de autob\u00fas\" \/>\n<meta property=\"og:description\" content=\"Portal de noticias del Per\u00fa sobre el transporte a\u00e9reo, aviaci\u00f3n, turismo, hoteleria, actualidad.\" \/>\n<meta property=\"og:url\" content=\"https:\/\/aeronoticias.com.pe\/noticiero\/internacionales\/colombia-mueren-quemados-32-ninos-en-incendio-de-autobus\/\" \/>\n<meta property=\"og:site_name\" content=\"Aeronoticias.com.pe\" \/>\n<meta property=\"article:publisher\" content=\"https:\/\/www.facebook.com\/Aeronoticias.com.pe\/\" \/>\n<meta property=\"article:published_time\" content=\"2014-05-18T21:48:18+00:00\" \/>\n<meta name=\"author\" content=\"Redacci\u00f3n Aeronoticias\" \/>\n<meta name=\"twitter:card\" content=\"summary_large_image\" \/>\n<meta name=\"twitter:creator\" content=\"@aeronoticias\" \/>\n<meta name=\"twitter:site\" content=\"@aeronoticias\" \/>\n<meta name=\"twitter:label1\" content=\"Escrito por\" \/>\n\t<meta name=\"twitter:data1\" content=\"Redacci\u00f3n Aeronoticias\" \/>\n\t<meta name=\"twitter:label2\" content=\"Tiempo de lectura\" \/>\n\t<meta name=\"twitter:data2\" content=\"1 minuto\" \/>\n<script type=\"application\/ld+json\" class=\"yoast-schema-graph\">{\"@context\":\"https:\/\/schema.org\",\"@graph\":[{\"@type\":\"WebPage\",\"@id\":\"https:\/\/aeronoticias.com.pe\/noticiero\/internacionales\/colombia-mueren-quemados-32-ninos-en-incendio-de-autobus\/\",\"url\":\"https:\/\/aeronoticias.com.pe\/noticiero\/internacionales\/colombia-mueren-quemados-32-ninos-en-incendio-de-autobus\/\",\"name\":\"Colombia: Mueren quemados 32 ni\u00f1os en incendio de autob\u00fas\",\"isPartOf\":{\"@id\":\"https:\/\/aeronoticias.com.pe\/noticiero\/#website\"},\"datePublished\":\"2014-05-18T21:48:18+00:00\",\"author\":{\"@id\":\"https:\/\/aeronoticias.com.pe\/noticiero\/#\/schema\/person\/fc1e5d578f4b62ba1cf7ac2bba1170a0\"},\"description\":\"Portal de noticias del Per\u00fa sobre el transporte a\u00e9reo, aviaci\u00f3n, turismo, hoteleria, actualidad.\",\"breadcrumb\":{\"@id\":\"https:\/\/aeronoticias.com.pe\/noticiero\/internacionales\/colombia-mueren-quemados-32-ninos-en-incendio-de-autobus\/#breadcrumb\"},\"inLanguage\":\"es\",\"potentialAction\":[{\"@type\":\"ReadAction\",\"target\":[\"https:\/\/aeronoticias.com.pe\/noticiero\/internacionales\/colombia-mueren-quemados-32-ninos-en-incendio-de-autobus\/\"]}]},{\"@type\":\"BreadcrumbList\",\"@id\":\"https:\/\/aeronoticias.com.pe\/noticiero\/internacionales\/colombia-mueren-quemados-32-ninos-en-incendio-de-autobus\/#breadcrumb\",\"itemListElement\":[{\"@type\":\"ListItem\",\"position\":1,\"name\":\"Portada\",\"item\":\"https:\/\/aeronoticias.com.pe\/noticiero\/\"},{\"@type\":\"ListItem\",\"position\":2,\"name\":\"Colombia: Mueren quemados 32 ni\u00f1os en incendio de autob\u00fas\"}]},{\"@type\":\"WebSite\",\"@id\":\"https:\/\/aeronoticias.com.pe\/noticiero\/#website\",\"url\":\"https:\/\/aeronoticias.com.pe\/noticiero\/\",\"name\":\"Aeronoticias.com.pe\",\"description\":\"Noticias de tranporte aereo, turismo, hoteles, gastronomia, actualidad, internacional\",\"potentialAction\":[{\"@type\":\"SearchAction\",\"target\":{\"@type\":\"EntryPoint\",\"urlTemplate\":\"https:\/\/aeronoticias.com.pe\/noticiero\/?s={search_term_string}\"},\"query-input\":{\"@type\":\"PropertyValueSpecification\",\"valueRequired\":true,\"valueName\":\"search_term_string\"}}],\"inLanguage\":\"es\"},{\"@type\":\"Person\",\"@id\":\"https:\/\/aeronoticias.com.pe\/noticiero\/#\/schema\/person\/fc1e5d578f4b62ba1cf7ac2bba1170a0\",\"name\":\"Redacci\u00f3n Aeronoticias\",\"url\":\"https:\/\/aeronoticias.com.pe\/noticiero\/author\/piloto\/\"}]}<\/script>\n<!-- \/ Yoast SEO plugin. -->","yoast_head_json":{"title":"Colombia: Mueren quemados 32 ni\u00f1os en incendio de autob\u00fas","description":"Portal de noticias del Per\u00fa sobre el transporte a\u00e9reo, aviaci\u00f3n, turismo, hoteleria, actualidad.","robots":{"index":"index","follow":"follow","max-snippet":"max-snippet:-1","max-image-preview":"max-image-preview:large","max-video-preview":"max-video-preview:-1"},"canonical":"https:\/\/aeronoticias.com.pe\/noticiero\/internacionales\/colombia-mueren-quemados-32-ninos-en-incendio-de-autobus\/","og_locale":"es_ES","og_type":"article","og_title":"Colombia: Mueren quemados 32 ni\u00f1os en incendio de autob\u00fas","og_description":"Portal de noticias del Per\u00fa sobre el transporte a\u00e9reo, aviaci\u00f3n, turismo, hoteleria, actualidad.","og_url":"https:\/\/aeronoticias.com.pe\/noticiero\/internacionales\/colombia-mueren-quemados-32-ninos-en-incendio-de-autobus\/","og_site_name":"Aeronoticias.com.pe","article_publisher":"https:\/\/www.facebook.com\/Aeronoticias.com.pe\/","article_published_time":"2014-05-18T21:48:18+00:00","author":"Redacci\u00f3n Aeronoticias","twitter_card":"summary_large_image","twitter_creator":"@aeronoticias","twitter_site":"@aeronoticias","twitter_misc":{"Escrito por":"Redacci\u00f3n Aeronoticias","Tiempo de lectura":"1 minuto"},"schema":{"@context":"https:\/\/schema.org","@graph":[{"@type":"WebPage","@id":"https:\/\/aeronoticias.com.pe\/noticiero\/internacionales\/colombia-mueren-quemados-32-ninos-en-incendio-de-autobus\/","url":"https:\/\/aeronoticias.com.pe\/noticiero\/internacionales\/colombia-mueren-quemados-32-ninos-en-incendio-de-autobus\/","name":"Colombia: Mueren quemados 32 ni\u00f1os en incendio de autob\u00fas","isPartOf":{"@id":"https:\/\/aeronoticias.com.pe\/noticiero\/#website"},"datePublished":"2014-05-18T21:48:18+00:00","author":{"@id":"https:\/\/aeronoticias.com.pe\/noticiero\/#\/schema\/person\/fc1e5d578f4b62ba1cf7ac2bba1170a0"},"description":"Portal de noticias del Per\u00fa sobre el transporte a\u00e9reo, aviaci\u00f3n, turismo, hoteleria, actualidad.","breadcrumb":{"@id":"https:\/\/aeronoticias.com.pe\/noticiero\/internacionales\/colombia-mueren-quemados-32-ninos-en-incendio-de-autobus\/#breadcrumb"},"inLanguage":"es","potentialAction":[{"@type":"ReadAction","target":["https:\/\/aeronoticias.com.pe\/noticiero\/internacionales\/colombia-mueren-quemados-32-ninos-en-incendio-de-autobus\/"]}]},{"@type":"BreadcrumbList","@id":"https:\/\/aeronoticias.com.pe\/noticiero\/internacionales\/colombia-mueren-quemados-32-ninos-en-incendio-de-autobus\/#breadcrumb","itemListElement":[{"@type":"ListItem","position":1,"name":"Portada","item":"https:\/\/aeronoticias.com.pe\/noticiero\/"},{"@type":"ListItem","position":2,"name":"Colombia: Mueren quemados 32 ni\u00f1os en incendio de autob\u00fas"}]},{"@type":"WebSite","@id":"https:\/\/aeronoticias.com.pe\/noticiero\/#website","url":"https:\/\/aeronoticias.com.pe\/noticiero\/","name":"Aeronoticias.com.pe","description":"Noticias de tranporte aereo, turismo, hoteles, gastronomia, actualidad, internacional","potentialAction":[{"@type":"SearchAction","target":{"@type":"EntryPoint","urlTemplate":"https:\/\/aeronoticias.com.pe\/noticiero\/?s={search_term_string}"},"query-input":{"@type":"PropertyValueSpecification","valueRequired":true,"valueName":"search_term_string"}}],"inLanguage":"es"},{"@type":"Person","@id":"https:\/\/aeronoticias.com.pe\/noticiero\/#\/schema\/person\/fc1e5d578f4b62ba1cf7ac2bba1170a0","name":"Redacci\u00f3n Aeronoticias","url":"https:\/\/aeronoticias.com.pe\/noticiero\/author\/piloto\/"}]}},"_links":{"self":[{"href":"https:\/\/aeronoticias.com.pe\/noticiero\/wp-json\/wp\/v2\/posts\/45847","targetHints":{"allow":["GET"]}}],"collection":[{"href":"https:\/\/aeronoticias.com.pe\/noticiero\/wp-json\/wp\/v2\/posts"}],"about":[{"href":"https:\/\/aeronoticias.com.pe\/noticiero\/wp-json\/wp\/v2\/types\/post"}],"author":[{"embeddable":true,"href":"https:\/\/aeronoticias.com.pe\/noticiero\/wp-json\/wp\/v2\/users\/1"}],"replies":[{"embeddable":true,"href":"https:\/\/aeronoticias.com.pe\/noticiero\/wp-json\/wp\/v2\/comments?post=45847"}],"version-history":[{"count":0,"href":"https:\/\/aeronoticias.com.pe\/noticiero\/wp-json\/wp\/v2\/posts\/45847\/revisions"}],"wp:attachment":[{"href":"https:\/\/aeronoticias.com.pe\/noticiero\/wp-json\/wp\/v2\/media?parent=45847"}],"wp:term":[{"taxonomy":"category","embeddable":true,"href":"https:\/\/aeronoticias.com.pe\/noticiero\/wp-json\/wp\/v2\/categories?post=45847"},{"taxonomy":"post_tag","embeddable":true,"href":"https:\/\/aeronoticias.com.pe\/noticiero\/wp-json\/wp\/v2\/tags?post=45847"}],"curies":[{"name":"wp","href":"https:\/\/api.w.org\/{rel}","templated":true}]}}