{"id":45848,"date":"2014-05-18T22:00:41","date_gmt":"2014-05-18T22:00:41","guid":{"rendered":"http:\/\/desarrollo.mcvicious.com\/aero2020\/2014\/05\/18\/suiza-referendum-rechaza-el-aumento-del-sueldo-minimo-a-3000\/"},"modified":"2014-05-18T22:00:41","modified_gmt":"2014-05-18T22:00:41","slug":"suiza-referendum-rechaza-el-aumento-del-sueldo-minimo-a-3000","status":"publish","type":"post","link":"https:\/\/aeronoticias.com.pe\/noticiero\/internacionales\/suiza-referendum-rechaza-el-aumento-del-sueldo-minimo-a-3000\/","title":{"rendered":"Suiza: Refer\u00e9ndum rechaza el aumento del sueldo m\u00ednimo a \u20ac3000"},"content":{"rendered":"<p style=\"text-align: justify;\"><strong>(Aeronoticias)<\/strong>.-\u00a0Los suizos votaron en contra de la instauraci\u00f3n de un nuevo salario m\u00ednimo de 4.000 francos (3.270 euros) o 22 francos la hora (18 euros) en uno de los pa\u00edses m\u00e1s caros en el mundo.<\/p>\n<p style=\"text-align: justify;\">De haberse aprobado, hubiera sido el sueldo m\u00ednimo m\u00e1s elevado en el mundo.<\/p>\n<p style=\"text-align: justify;\">La propuesta fue presentada por los sindicatos, apoyados por el Partido Socialista Verde, con la idea de contrarresta la desigualdad salarial en el pa\u00eds. Sin embargo, el Partido Conservador advirti\u00f3 que la medida podr\u00eda tener el efecto contrario al que buscaban, argumento que convenci\u00f3 a la mayor\u00eda.<\/p>\n<p style=\"text-align: justify;\">Representantes de la hoteler\u00eda y la restauraci\u00f3n sustentaron que un salario m\u00ednimo tan elevado obligar\u00eda a peque\u00f1os y medianos empresarios a eliminar puestos de trabajo, algo muy importante considerando que ambas actividades son la cuarta fuente m\u00e1s importante de empleo en el pa\u00eds.<\/p>\n<p style=\"text-align: justify;\">La agrupaci\u00f3n Mujeres Socialistas Suizas consideraron como una \u00abbofetada\u00bb el resultado, debido a que las estad\u00edsticas las muestran como la poblaci\u00f3n m\u00e1s afectadas por un bajo salario.<\/p>\n<p style=\"text-align: justify;\">Suiza es uno de los 7 pa\u00edses europeos que no cuenta con una legislaci\u00f3n que establece un salario m\u00ednimo oficial.<\/p>\n<p style=\"text-align: justify;\">Sin embargo, actualmente un trabajador con lo que podr\u00eda ser considerado el sueldo m\u00ednimo promedio cobra aproximadamente el doble que un brit\u00e1nico, pese a eso el 10% de ellos tiene dificultades para pagar el alquiler de sus viviendas debido a los altos costos.<\/p>\n<p style=\"text-align: justify;\">Con informaci\u00f3n de <strong><em><span style=\"text-decoration: underline;\">El Comercio<\/span><\/em><\/strong>.<\/p>\n<p style=\"text-align: justify;\"><img decoding=\"async\" src=\"images\/stories\/14\/05\/170514\/sui.jpg\" border=\"0\" \/><\/p>\n<p style=\"text-align: justify;\">\u00a0<\/p>\n","protected":false},"excerpt":{"rendered":"<p>(Aeronoticias).-\u00a0Los suizos votaron en contra de la instauraci\u00f3n de un nuevo salario m\u00ednimo de 4.000 francos (3.270 euros) o 22 francos la hora (18 euros) en uno de los pa\u00edses m\u00e1s caros en el mundo. De haberse aprobado, hubiera sido el sueldo m\u00ednimo m\u00e1s elevado en el mundo. La propuesta fue presentada por los sindicatos, [&hellip;]<\/p>\n","protected":false},"author":1,"featured_media":0,"comment_status":"open","ping_status":"open","sticky":false,"template":"","format":"standard","meta":{"tdm_status":"","tdm_grid_status":"","footnotes":""},"categories":[34],"tags":[],"class_list":{"0":"post-45848","1":"post","2":"type-post","3":"status-publish","4":"format-standard","6":"category-internacionales"},"yoast_head":"<!-- This site is optimized with the Yoast SEO plugin v25.1 - https:\/\/yoast.com\/wordpress\/plugins\/seo\/ -->\n<title>Suiza: Refer\u00e9ndum rechaza el aumento del sueldo m\u00ednimo a \u20ac3000<\/title>\n<meta name=\"description\" content=\"Portal de noticias del Per\u00fa sobre el transporte a\u00e9reo, aviaci\u00f3n, turismo, hoteleria, actualidad.\" \/>\n<meta name=\"robots\" content=\"index, follow, max-snippet:-1, max-image-preview:large, max-video-preview:-1\" \/>\n<link rel=\"canonical\" href=\"https:\/\/aeronoticias.com.pe\/noticiero\/internacionales\/suiza-referendum-rechaza-el-aumento-del-sueldo-minimo-a-3000\/\" \/>\n<meta property=\"og:locale\" content=\"es_ES\" \/>\n<meta property=\"og:type\" content=\"article\" \/>\n<meta property=\"og:title\" content=\"Suiza: Refer\u00e9ndum rechaza el aumento del sueldo m\u00ednimo a \u20ac3000\" \/>\n<meta property=\"og:description\" content=\"Portal de noticias del Per\u00fa sobre el transporte a\u00e9reo, aviaci\u00f3n, turismo, hoteleria, actualidad.\" \/>\n<meta property=\"og:url\" content=\"https:\/\/aeronoticias.com.pe\/noticiero\/internacionales\/suiza-referendum-rechaza-el-aumento-del-sueldo-minimo-a-3000\/\" \/>\n<meta property=\"og:site_name\" content=\"Aeronoticias.com.pe\" \/>\n<meta property=\"article:publisher\" content=\"https:\/\/www.facebook.com\/Aeronoticias.com.pe\/\" \/>\n<meta property=\"article:published_time\" content=\"2014-05-18T22:00:41+00:00\" \/>\n<meta name=\"author\" content=\"Redacci\u00f3n Aeronoticias\" \/>\n<meta name=\"twitter:card\" content=\"summary_large_image\" \/>\n<meta name=\"twitter:creator\" content=\"@aeronoticias\" \/>\n<meta name=\"twitter:site\" content=\"@aeronoticias\" \/>\n<meta name=\"twitter:label1\" content=\"Escrito por\" \/>\n\t<meta name=\"twitter:data1\" content=\"Redacci\u00f3n Aeronoticias\" \/>\n\t<meta name=\"twitter:label2\" content=\"Tiempo de lectura\" \/>\n\t<meta name=\"twitter:data2\" content=\"1 minuto\" \/>\n<script type=\"application\/ld+json\" class=\"yoast-schema-graph\">{\"@context\":\"https:\/\/schema.org\",\"@graph\":[{\"@type\":\"WebPage\",\"@id\":\"https:\/\/aeronoticias.com.pe\/noticiero\/internacionales\/suiza-referendum-rechaza-el-aumento-del-sueldo-minimo-a-3000\/\",\"url\":\"https:\/\/aeronoticias.com.pe\/noticiero\/internacionales\/suiza-referendum-rechaza-el-aumento-del-sueldo-minimo-a-3000\/\",\"name\":\"Suiza: Refer\u00e9ndum rechaza el aumento del sueldo m\u00ednimo a \u20ac3000\",\"isPartOf\":{\"@id\":\"https:\/\/aeronoticias.com.pe\/noticiero\/#website\"},\"datePublished\":\"2014-05-18T22:00:41+00:00\",\"author\":{\"@id\":\"https:\/\/aeronoticias.com.pe\/noticiero\/#\/schema\/person\/fc1e5d578f4b62ba1cf7ac2bba1170a0\"},\"description\":\"Portal de noticias del Per\u00fa sobre el transporte a\u00e9reo, aviaci\u00f3n, turismo, hoteleria, actualidad.\",\"breadcrumb\":{\"@id\":\"https:\/\/aeronoticias.com.pe\/noticiero\/internacionales\/suiza-referendum-rechaza-el-aumento-del-sueldo-minimo-a-3000\/#breadcrumb\"},\"inLanguage\":\"es\",\"potentialAction\":[{\"@type\":\"ReadAction\",\"target\":[\"https:\/\/aeronoticias.com.pe\/noticiero\/internacionales\/suiza-referendum-rechaza-el-aumento-del-sueldo-minimo-a-3000\/\"]}]},{\"@type\":\"BreadcrumbList\",\"@id\":\"https:\/\/aeronoticias.com.pe\/noticiero\/internacionales\/suiza-referendum-rechaza-el-aumento-del-sueldo-minimo-a-3000\/#breadcrumb\",\"itemListElement\":[{\"@type\":\"ListItem\",\"position\":1,\"name\":\"Portada\",\"item\":\"https:\/\/aeronoticias.com.pe\/noticiero\/\"},{\"@type\":\"ListItem\",\"position\":2,\"name\":\"Suiza: Refer\u00e9ndum rechaza el aumento del sueldo m\u00ednimo a \u20ac3000\"}]},{\"@type\":\"WebSite\",\"@id\":\"https:\/\/aeronoticias.com.pe\/noticiero\/#website\",\"url\":\"https:\/\/aeronoticias.com.pe\/noticiero\/\",\"name\":\"Aeronoticias.com.pe\",\"description\":\"Noticias de tranporte aereo, turismo, hoteles, gastronomia, actualidad, internacional\",\"potentialAction\":[{\"@type\":\"SearchAction\",\"target\":{\"@type\":\"EntryPoint\",\"urlTemplate\":\"https:\/\/aeronoticias.com.pe\/noticiero\/?s={search_term_string}\"},\"query-input\":{\"@type\":\"PropertyValueSpecification\",\"valueRequired\":true,\"valueName\":\"search_term_string\"}}],\"inLanguage\":\"es\"},{\"@type\":\"Person\",\"@id\":\"https:\/\/aeronoticias.com.pe\/noticiero\/#\/schema\/person\/fc1e5d578f4b62ba1cf7ac2bba1170a0\",\"name\":\"Redacci\u00f3n Aeronoticias\",\"url\":\"https:\/\/aeronoticias.com.pe\/noticiero\/author\/piloto\/\"}]}<\/script>\n<!-- \/ Yoast SEO plugin. -->","yoast_head_json":{"title":"Suiza: Refer\u00e9ndum rechaza el aumento del sueldo m\u00ednimo a \u20ac3000","description":"Portal de noticias del Per\u00fa sobre el transporte a\u00e9reo, aviaci\u00f3n, turismo, hoteleria, actualidad.","robots":{"index":"index","follow":"follow","max-snippet":"max-snippet:-1","max-image-preview":"max-image-preview:large","max-video-preview":"max-video-preview:-1"},"canonical":"https:\/\/aeronoticias.com.pe\/noticiero\/internacionales\/suiza-referendum-rechaza-el-aumento-del-sueldo-minimo-a-3000\/","og_locale":"es_ES","og_type":"article","og_title":"Suiza: Refer\u00e9ndum rechaza el aumento del sueldo m\u00ednimo a \u20ac3000","og_description":"Portal de noticias del Per\u00fa sobre el transporte a\u00e9reo, aviaci\u00f3n, turismo, hoteleria, actualidad.","og_url":"https:\/\/aeronoticias.com.pe\/noticiero\/internacionales\/suiza-referendum-rechaza-el-aumento-del-sueldo-minimo-a-3000\/","og_site_name":"Aeronoticias.com.pe","article_publisher":"https:\/\/www.facebook.com\/Aeronoticias.com.pe\/","article_published_time":"2014-05-18T22:00:41+00:00","author":"Redacci\u00f3n Aeronoticias","twitter_card":"summary_large_image","twitter_creator":"@aeronoticias","twitter_site":"@aeronoticias","twitter_misc":{"Escrito por":"Redacci\u00f3n Aeronoticias","Tiempo de lectura":"1 minuto"},"schema":{"@context":"https:\/\/schema.org","@graph":[{"@type":"WebPage","@id":"https:\/\/aeronoticias.com.pe\/noticiero\/internacionales\/suiza-referendum-rechaza-el-aumento-del-sueldo-minimo-a-3000\/","url":"https:\/\/aeronoticias.com.pe\/noticiero\/internacionales\/suiza-referendum-rechaza-el-aumento-del-sueldo-minimo-a-3000\/","name":"Suiza: Refer\u00e9ndum rechaza el aumento del sueldo m\u00ednimo a \u20ac3000","isPartOf":{"@id":"https:\/\/aeronoticias.com.pe\/noticiero\/#website"},"datePublished":"2014-05-18T22:00:41+00:00","author":{"@id":"https:\/\/aeronoticias.com.pe\/noticiero\/#\/schema\/person\/fc1e5d578f4b62ba1cf7ac2bba1170a0"},"description":"Portal de noticias del Per\u00fa sobre el transporte a\u00e9reo, aviaci\u00f3n, turismo, hoteleria, actualidad.","breadcrumb":{"@id":"https:\/\/aeronoticias.com.pe\/noticiero\/internacionales\/suiza-referendum-rechaza-el-aumento-del-sueldo-minimo-a-3000\/#breadcrumb"},"inLanguage":"es","potentialAction":[{"@type":"ReadAction","target":["https:\/\/aeronoticias.com.pe\/noticiero\/internacionales\/suiza-referendum-rechaza-el-aumento-del-sueldo-minimo-a-3000\/"]}]},{"@type":"BreadcrumbList","@id":"https:\/\/aeronoticias.com.pe\/noticiero\/internacionales\/suiza-referendum-rechaza-el-aumento-del-sueldo-minimo-a-3000\/#breadcrumb","itemListElement":[{"@type":"ListItem","position":1,"name":"Portada","item":"https:\/\/aeronoticias.com.pe\/noticiero\/"},{"@type":"ListItem","position":2,"name":"Suiza: Refer\u00e9ndum rechaza el aumento del sueldo m\u00ednimo a \u20ac3000"}]},{"@type":"WebSite","@id":"https:\/\/aeronoticias.com.pe\/noticiero\/#website","url":"https:\/\/aeronoticias.com.pe\/noticiero\/","name":"Aeronoticias.com.pe","description":"Noticias de tranporte aereo, turismo, hoteles, gastronomia, actualidad, internacional","potentialAction":[{"@type":"SearchAction","target":{"@type":"EntryPoint","urlTemplate":"https:\/\/aeronoticias.com.pe\/noticiero\/?s={search_term_string}"},"query-input":{"@type":"PropertyValueSpecification","valueRequired":true,"valueName":"search_term_string"}}],"inLanguage":"es"},{"@type":"Person","@id":"https:\/\/aeronoticias.com.pe\/noticiero\/#\/schema\/person\/fc1e5d578f4b62ba1cf7ac2bba1170a0","name":"Redacci\u00f3n Aeronoticias","url":"https:\/\/aeronoticias.com.pe\/noticiero\/author\/piloto\/"}]}},"_links":{"self":[{"href":"https:\/\/aeronoticias.com.pe\/noticiero\/wp-json\/wp\/v2\/posts\/45848","targetHints":{"allow":["GET"]}}],"collection":[{"href":"https:\/\/aeronoticias.com.pe\/noticiero\/wp-json\/wp\/v2\/posts"}],"about":[{"href":"https:\/\/aeronoticias.com.pe\/noticiero\/wp-json\/wp\/v2\/types\/post"}],"author":[{"embeddable":true,"href":"https:\/\/aeronoticias.com.pe\/noticiero\/wp-json\/wp\/v2\/users\/1"}],"replies":[{"embeddable":true,"href":"https:\/\/aeronoticias.com.pe\/noticiero\/wp-json\/wp\/v2\/comments?post=45848"}],"version-history":[{"count":0,"href":"https:\/\/aeronoticias.com.pe\/noticiero\/wp-json\/wp\/v2\/posts\/45848\/revisions"}],"wp:attachment":[{"href":"https:\/\/aeronoticias.com.pe\/noticiero\/wp-json\/wp\/v2\/media?parent=45848"}],"wp:term":[{"taxonomy":"category","embeddable":true,"href":"https:\/\/aeronoticias.com.pe\/noticiero\/wp-json\/wp\/v2\/categories?post=45848"},{"taxonomy":"post_tag","embeddable":true,"href":"https:\/\/aeronoticias.com.pe\/noticiero\/wp-json\/wp\/v2\/tags?post=45848"}],"curies":[{"name":"wp","href":"https:\/\/api.w.org\/{rel}","templated":true}]}}