{"id":46181,"date":"2014-05-31T13:00:17","date_gmt":"2014-05-31T13:00:17","guid":{"rendered":"http:\/\/desarrollo.mcvicious.com\/aero2020\/2014\/05\/31\/joe-biden-llama-a-los-cadetes-de-la-fuerza-aerea-a-crear-un-qnuevo-orden-mundialq\/"},"modified":"2014-05-31T13:00:17","modified_gmt":"2014-05-31T13:00:17","slug":"joe-biden-llama-a-los-cadetes-de-la-fuerza-aerea-a-crear-un-qnuevo-orden-mundialq","status":"publish","type":"post","link":"https:\/\/aeronoticias.com.pe\/noticiero\/internacionales\/joe-biden-llama-a-los-cadetes-de-la-fuerza-aerea-a-crear-un-qnuevo-orden-mundialq\/","title":{"rendered":"Joe Biden llama a los cadetes de la Fuerza A\u00e9rea a crear un \u00abnuevo orden mundial\u00bb"},"content":{"rendered":"<p style=\"text-align: justify;\"><img decoding=\"async\" src=\"images\/stories\/14\/05\/300514\/b4.jpg\" border=\"0\" \/><\/p>\n<p style=\"text-align: justify;\"><strong>(Aeronoticias).- El vicepresidente de EE.UU., Joe Biden, llam\u00f3 a los cadetes de la Academia de la Fuerza A\u00e9rea a ayudar a crear un \u00abnuevo orden mundial para el siglo XXI\u00bb.<\/strong><\/p>\n<p style=\"text-align: justify;\">El vicepresidente de EE.UU., Joe Biden, llam\u00f3 a los cadetes de la Academia de la Fuerza A\u00e9rea a ayudar a crear un \u00abnuevo orden mundial para el siglo XXI\u00bb.<\/p>\n<p style=\"text-align: justify;\">\u00abNos enfrentamos a nuevos retos [&#8230;]. Y esos retos requieren que EE.UU. contin\u00fae liderando en el mundo\u00bb, se\u00f1al\u00f3.<\/p>\n<p style=\"text-align: justify;\">Por su parte, el presidente del pa\u00eds norteamericano, Barack Obama, durante su discurso, ofrecido esta semana en la Academia Militar de EE.UU. (conocida como West Point), habl\u00f3 reiteradamente de la excepcionalidad de su naci\u00f3n. \u00abMi conclusi\u00f3n es que EE.UU. debe liderar siempre en el escenario mundial. Si no lo hacemos nosotros, nadie m\u00e1s lo har\u00e1\u00bb, afirm\u00f3 el mandatario.<\/p>\n<p style=\"text-align: justify;\">No obstante, algunas de sus declaraciones contradicen la realidad y muestran que el presidente, al parecer, se preocupa por la disminuci\u00f3n de la autoridad de su pa\u00eds en el mundo.<\/p>\n<p style=\"text-align: justify;\">\u00a0<\/p>\n<p style=\"text-align: justify;\">Fuente: <strong><em>RT<\/em><\/strong><\/p>\n<p style=\"text-align: justify;\">Foto: <em><strong>RT<\/strong><\/em><\/p>\n","protected":false},"excerpt":{"rendered":"<p>(Aeronoticias).- El vicepresidente de EE.UU., Joe Biden, llam\u00f3 a los cadetes de la Academia de la Fuerza A\u00e9rea a ayudar a crear un \u00abnuevo orden mundial para el siglo XXI\u00bb. El vicepresidente de EE.UU., Joe Biden, llam\u00f3 a los cadetes de la Academia de la Fuerza A\u00e9rea a ayudar a crear un \u00abnuevo orden mundial [&hellip;]<\/p>\n","protected":false},"author":1,"featured_media":0,"comment_status":"open","ping_status":"open","sticky":false,"template":"","format":"standard","meta":{"tdm_status":"","tdm_grid_status":"","footnotes":""},"categories":[34],"tags":[],"class_list":{"0":"post-46181","1":"post","2":"type-post","3":"status-publish","4":"format-standard","6":"category-internacionales"},"yoast_head":"<!-- This site is optimized with the Yoast SEO plugin v25.1 - https:\/\/yoast.com\/wordpress\/plugins\/seo\/ -->\n<title>Joe Biden llama a los cadetes de la Fuerza A\u00e9rea a crear un &quot;nuevo orden mundial&quot;<\/title>\n<meta name=\"description\" content=\"Portal de noticias del Per\u00fa sobre el transporte a\u00e9reo, aviaci\u00f3n, turismo, hoteleria, actualidad.\" \/>\n<meta name=\"robots\" content=\"index, follow, max-snippet:-1, max-image-preview:large, max-video-preview:-1\" \/>\n<link rel=\"canonical\" href=\"https:\/\/aeronoticias.com.pe\/noticiero\/internacionales\/joe-biden-llama-a-los-cadetes-de-la-fuerza-aerea-a-crear-un-qnuevo-orden-mundialq\/\" \/>\n<meta property=\"og:locale\" content=\"es_ES\" \/>\n<meta property=\"og:type\" content=\"article\" \/>\n<meta property=\"og:title\" content=\"Joe Biden llama a los cadetes de la Fuerza A\u00e9rea a crear un &quot;nuevo orden mundial&quot;\" \/>\n<meta property=\"og:description\" content=\"Portal de noticias del Per\u00fa sobre el transporte a\u00e9reo, aviaci\u00f3n, turismo, hoteleria, actualidad.\" \/>\n<meta property=\"og:url\" content=\"https:\/\/aeronoticias.com.pe\/noticiero\/internacionales\/joe-biden-llama-a-los-cadetes-de-la-fuerza-aerea-a-crear-un-qnuevo-orden-mundialq\/\" \/>\n<meta property=\"og:site_name\" content=\"Aeronoticias.com.pe\" \/>\n<meta property=\"article:publisher\" content=\"https:\/\/www.facebook.com\/Aeronoticias.com.pe\/\" \/>\n<meta property=\"article:published_time\" content=\"2014-05-31T13:00:17+00:00\" \/>\n<meta name=\"author\" content=\"Redacci\u00f3n Aeronoticias\" \/>\n<meta name=\"twitter:card\" content=\"summary_large_image\" \/>\n<meta name=\"twitter:creator\" content=\"@aeronoticias\" \/>\n<meta name=\"twitter:site\" content=\"@aeronoticias\" \/>\n<meta name=\"twitter:label1\" content=\"Escrito por\" \/>\n\t<meta name=\"twitter:data1\" content=\"Redacci\u00f3n Aeronoticias\" \/>\n\t<meta name=\"twitter:label2\" content=\"Tiempo de lectura\" \/>\n\t<meta name=\"twitter:data2\" content=\"1 minuto\" \/>\n<script type=\"application\/ld+json\" class=\"yoast-schema-graph\">{\"@context\":\"https:\/\/schema.org\",\"@graph\":[{\"@type\":\"WebPage\",\"@id\":\"https:\/\/aeronoticias.com.pe\/noticiero\/internacionales\/joe-biden-llama-a-los-cadetes-de-la-fuerza-aerea-a-crear-un-qnuevo-orden-mundialq\/\",\"url\":\"https:\/\/aeronoticias.com.pe\/noticiero\/internacionales\/joe-biden-llama-a-los-cadetes-de-la-fuerza-aerea-a-crear-un-qnuevo-orden-mundialq\/\",\"name\":\"Joe Biden llama a los cadetes de la Fuerza A\u00e9rea a crear un \\\"nuevo orden mundial\\\"\",\"isPartOf\":{\"@id\":\"https:\/\/aeronoticias.com.pe\/noticiero\/#website\"},\"datePublished\":\"2014-05-31T13:00:17+00:00\",\"author\":{\"@id\":\"https:\/\/aeronoticias.com.pe\/noticiero\/#\/schema\/person\/fc1e5d578f4b62ba1cf7ac2bba1170a0\"},\"description\":\"Portal de noticias del Per\u00fa sobre el transporte a\u00e9reo, aviaci\u00f3n, turismo, hoteleria, actualidad.\",\"breadcrumb\":{\"@id\":\"https:\/\/aeronoticias.com.pe\/noticiero\/internacionales\/joe-biden-llama-a-los-cadetes-de-la-fuerza-aerea-a-crear-un-qnuevo-orden-mundialq\/#breadcrumb\"},\"inLanguage\":\"es\",\"potentialAction\":[{\"@type\":\"ReadAction\",\"target\":[\"https:\/\/aeronoticias.com.pe\/noticiero\/internacionales\/joe-biden-llama-a-los-cadetes-de-la-fuerza-aerea-a-crear-un-qnuevo-orden-mundialq\/\"]}]},{\"@type\":\"BreadcrumbList\",\"@id\":\"https:\/\/aeronoticias.com.pe\/noticiero\/internacionales\/joe-biden-llama-a-los-cadetes-de-la-fuerza-aerea-a-crear-un-qnuevo-orden-mundialq\/#breadcrumb\",\"itemListElement\":[{\"@type\":\"ListItem\",\"position\":1,\"name\":\"Portada\",\"item\":\"https:\/\/aeronoticias.com.pe\/noticiero\/\"},{\"@type\":\"ListItem\",\"position\":2,\"name\":\"Joe Biden llama a los cadetes de la Fuerza A\u00e9rea a crear un \u00abnuevo orden mundial\u00bb\"}]},{\"@type\":\"WebSite\",\"@id\":\"https:\/\/aeronoticias.com.pe\/noticiero\/#website\",\"url\":\"https:\/\/aeronoticias.com.pe\/noticiero\/\",\"name\":\"Aeronoticias.com.pe\",\"description\":\"Noticias de tranporte aereo, turismo, hoteles, gastronomia, actualidad, internacional\",\"potentialAction\":[{\"@type\":\"SearchAction\",\"target\":{\"@type\":\"EntryPoint\",\"urlTemplate\":\"https:\/\/aeronoticias.com.pe\/noticiero\/?s={search_term_string}\"},\"query-input\":{\"@type\":\"PropertyValueSpecification\",\"valueRequired\":true,\"valueName\":\"search_term_string\"}}],\"inLanguage\":\"es\"},{\"@type\":\"Person\",\"@id\":\"https:\/\/aeronoticias.com.pe\/noticiero\/#\/schema\/person\/fc1e5d578f4b62ba1cf7ac2bba1170a0\",\"name\":\"Redacci\u00f3n Aeronoticias\",\"url\":\"https:\/\/aeronoticias.com.pe\/noticiero\/author\/piloto\/\"}]}<\/script>\n<!-- \/ Yoast SEO plugin. -->","yoast_head_json":{"title":"Joe Biden llama a los cadetes de la Fuerza A\u00e9rea a crear un \"nuevo orden mundial\"","description":"Portal de noticias del Per\u00fa sobre el transporte a\u00e9reo, aviaci\u00f3n, turismo, hoteleria, actualidad.","robots":{"index":"index","follow":"follow","max-snippet":"max-snippet:-1","max-image-preview":"max-image-preview:large","max-video-preview":"max-video-preview:-1"},"canonical":"https:\/\/aeronoticias.com.pe\/noticiero\/internacionales\/joe-biden-llama-a-los-cadetes-de-la-fuerza-aerea-a-crear-un-qnuevo-orden-mundialq\/","og_locale":"es_ES","og_type":"article","og_title":"Joe Biden llama a los cadetes de la Fuerza A\u00e9rea a crear un \"nuevo orden mundial\"","og_description":"Portal de noticias del Per\u00fa sobre el transporte a\u00e9reo, aviaci\u00f3n, turismo, hoteleria, actualidad.","og_url":"https:\/\/aeronoticias.com.pe\/noticiero\/internacionales\/joe-biden-llama-a-los-cadetes-de-la-fuerza-aerea-a-crear-un-qnuevo-orden-mundialq\/","og_site_name":"Aeronoticias.com.pe","article_publisher":"https:\/\/www.facebook.com\/Aeronoticias.com.pe\/","article_published_time":"2014-05-31T13:00:17+00:00","author":"Redacci\u00f3n Aeronoticias","twitter_card":"summary_large_image","twitter_creator":"@aeronoticias","twitter_site":"@aeronoticias","twitter_misc":{"Escrito por":"Redacci\u00f3n Aeronoticias","Tiempo de lectura":"1 minuto"},"schema":{"@context":"https:\/\/schema.org","@graph":[{"@type":"WebPage","@id":"https:\/\/aeronoticias.com.pe\/noticiero\/internacionales\/joe-biden-llama-a-los-cadetes-de-la-fuerza-aerea-a-crear-un-qnuevo-orden-mundialq\/","url":"https:\/\/aeronoticias.com.pe\/noticiero\/internacionales\/joe-biden-llama-a-los-cadetes-de-la-fuerza-aerea-a-crear-un-qnuevo-orden-mundialq\/","name":"Joe Biden llama a los cadetes de la Fuerza A\u00e9rea a crear un \"nuevo orden mundial\"","isPartOf":{"@id":"https:\/\/aeronoticias.com.pe\/noticiero\/#website"},"datePublished":"2014-05-31T13:00:17+00:00","author":{"@id":"https:\/\/aeronoticias.com.pe\/noticiero\/#\/schema\/person\/fc1e5d578f4b62ba1cf7ac2bba1170a0"},"description":"Portal de noticias del Per\u00fa sobre el transporte a\u00e9reo, aviaci\u00f3n, turismo, hoteleria, actualidad.","breadcrumb":{"@id":"https:\/\/aeronoticias.com.pe\/noticiero\/internacionales\/joe-biden-llama-a-los-cadetes-de-la-fuerza-aerea-a-crear-un-qnuevo-orden-mundialq\/#breadcrumb"},"inLanguage":"es","potentialAction":[{"@type":"ReadAction","target":["https:\/\/aeronoticias.com.pe\/noticiero\/internacionales\/joe-biden-llama-a-los-cadetes-de-la-fuerza-aerea-a-crear-un-qnuevo-orden-mundialq\/"]}]},{"@type":"BreadcrumbList","@id":"https:\/\/aeronoticias.com.pe\/noticiero\/internacionales\/joe-biden-llama-a-los-cadetes-de-la-fuerza-aerea-a-crear-un-qnuevo-orden-mundialq\/#breadcrumb","itemListElement":[{"@type":"ListItem","position":1,"name":"Portada","item":"https:\/\/aeronoticias.com.pe\/noticiero\/"},{"@type":"ListItem","position":2,"name":"Joe Biden llama a los cadetes de la Fuerza A\u00e9rea a crear un \u00abnuevo orden mundial\u00bb"}]},{"@type":"WebSite","@id":"https:\/\/aeronoticias.com.pe\/noticiero\/#website","url":"https:\/\/aeronoticias.com.pe\/noticiero\/","name":"Aeronoticias.com.pe","description":"Noticias de tranporte aereo, turismo, hoteles, gastronomia, actualidad, internacional","potentialAction":[{"@type":"SearchAction","target":{"@type":"EntryPoint","urlTemplate":"https:\/\/aeronoticias.com.pe\/noticiero\/?s={search_term_string}"},"query-input":{"@type":"PropertyValueSpecification","valueRequired":true,"valueName":"search_term_string"}}],"inLanguage":"es"},{"@type":"Person","@id":"https:\/\/aeronoticias.com.pe\/noticiero\/#\/schema\/person\/fc1e5d578f4b62ba1cf7ac2bba1170a0","name":"Redacci\u00f3n Aeronoticias","url":"https:\/\/aeronoticias.com.pe\/noticiero\/author\/piloto\/"}]}},"_links":{"self":[{"href":"https:\/\/aeronoticias.com.pe\/noticiero\/wp-json\/wp\/v2\/posts\/46181","targetHints":{"allow":["GET"]}}],"collection":[{"href":"https:\/\/aeronoticias.com.pe\/noticiero\/wp-json\/wp\/v2\/posts"}],"about":[{"href":"https:\/\/aeronoticias.com.pe\/noticiero\/wp-json\/wp\/v2\/types\/post"}],"author":[{"embeddable":true,"href":"https:\/\/aeronoticias.com.pe\/noticiero\/wp-json\/wp\/v2\/users\/1"}],"replies":[{"embeddable":true,"href":"https:\/\/aeronoticias.com.pe\/noticiero\/wp-json\/wp\/v2\/comments?post=46181"}],"version-history":[{"count":0,"href":"https:\/\/aeronoticias.com.pe\/noticiero\/wp-json\/wp\/v2\/posts\/46181\/revisions"}],"wp:attachment":[{"href":"https:\/\/aeronoticias.com.pe\/noticiero\/wp-json\/wp\/v2\/media?parent=46181"}],"wp:term":[{"taxonomy":"category","embeddable":true,"href":"https:\/\/aeronoticias.com.pe\/noticiero\/wp-json\/wp\/v2\/categories?post=46181"},{"taxonomy":"post_tag","embeddable":true,"href":"https:\/\/aeronoticias.com.pe\/noticiero\/wp-json\/wp\/v2\/tags?post=46181"}],"curies":[{"name":"wp","href":"https:\/\/api.w.org\/{rel}","templated":true}]}}