{"id":46182,"date":"2014-05-31T13:00:17","date_gmt":"2014-05-31T13:00:17","guid":{"rendered":"http:\/\/desarrollo.mcvicious.com\/aero2020\/2014\/05\/31\/desvelando-la-enigmatica-y-sigilosa-lancha-del-rio-columbia\/"},"modified":"2014-05-31T13:00:17","modified_gmt":"2014-05-31T13:00:17","slug":"desvelando-la-enigmatica-y-sigilosa-lancha-del-rio-columbia","status":"publish","type":"post","link":"https:\/\/aeronoticias.com.pe\/noticiero\/internacionales\/desvelando-la-enigmatica-y-sigilosa-lancha-del-rio-columbia\/","title":{"rendered":"Desvelando la enigm\u00e1tica y sigilosa lancha del r\u00edo Columbia"},"content":{"rendered":"<p style=\"text-align: justify;\"><img decoding=\"async\" src=\"images\/stories\/14\/05\/300514\/b5.jpg\" border=\"0\" \/><\/p>\n<p style=\"text-align: justify;\"><strong>(Aeronoticias).- \u00a0Desde hace una d\u00e9cada varias personas han avistado una peculiar embarcaci\u00f3n patrullando a lo largo del r\u00edo Columbia entre Portland y Vancouver. Les presentamos este juguete de los Navy SEALs, la fuerza de \u00e9lite de la Marina estadounidense.<\/strong><\/p>\n<p style=\"text-align: justify;\">El origen de estos barcos sigue siendo un tanto sombr\u00edo, pero todo parece indicar que estas misteriosas lanchas de extra\u00f1as formas geom\u00e9tricas evolucionaron a partir de un concepto de las fuerzas especiales de Israel en la d\u00e9cada de 1980, apunta Tyler Rogoway en su art\u00edculo en Foxtrot Alpha.<\/p>\n<p style=\"text-align: justify;\">Patentes registradas en la d\u00e9cada de 1990 muestran que embarcaciones de este dise\u00f1o se convertir\u00edan en el Alligator, una embarcaci\u00f3n semisumergible y de alta velocidad para las fuerzas especiales, concebida para operaciones de transporte, desembarco y reconocimiento y dise\u00f1ada con una secci\u00f3n transversal de radar muy baja. Cu\u00e1ntos de esos aparatos se construyeron siguen siendo un misterio.<\/p>\n<p style=\"text-align: justify;\">La baja altura del Alligator le permite sumergirse hasta que las ventanas de la cabina est\u00e1n casi a nivel de la l\u00ednea de flotaci\u00f3n a trav\u00e9s de los tanques de lastre de suelos situados a cada lado y por debajo de la cabina principal de la lancha. Esto resulta en que la embarcaci\u00f3n no solo es muy dif\u00edcilmente detectable por los radares, sino tambi\u00e9n visualmente.<\/p>\n<p style=\"text-align: justify;\">El casco aerodin\u00e1mico y el dise\u00f1o de baja fricci\u00f3n, junto con unos potentes motores a reacci\u00f3n, permiten que el barco se mueva a gran velocidad, especialmente cuando sus tanques de lastre est\u00e1n vac\u00edos.<\/p>\n<p style=\"text-align: justify;\">Incluso los navegantes por el r\u00edo que pueden focalizar la embarcaci\u00f3n visualmente cuando esta se encuentra semisumergida afirman que no aparece en sus radares comerciales, lo que es una prueba de sus capacidades furtivas.<\/p>\n<p style=\"text-align: justify;\">\u00a0<\/p>\n<p style=\"text-align: justify;\">Fuente: <strong><em>RT<\/em><\/strong><\/p>\n<p style=\"text-align: justify;\">Foto: <strong><em>RT<\/em><\/strong><\/p>\n","protected":false},"excerpt":{"rendered":"<p>(Aeronoticias).- \u00a0Desde hace una d\u00e9cada varias personas han avistado una peculiar embarcaci\u00f3n patrullando a lo largo del r\u00edo Columbia entre Portland y Vancouver. Les presentamos este juguete de los Navy SEALs, la fuerza de \u00e9lite de la Marina estadounidense. El origen de estos barcos sigue siendo un tanto sombr\u00edo, pero todo parece indicar que estas [&hellip;]<\/p>\n","protected":false},"author":1,"featured_media":0,"comment_status":"open","ping_status":"open","sticky":false,"template":"","format":"standard","meta":{"tdm_status":"","tdm_grid_status":"","footnotes":""},"categories":[34],"tags":[],"class_list":{"0":"post-46182","1":"post","2":"type-post","3":"status-publish","4":"format-standard","6":"category-internacionales"},"yoast_head":"<!-- This site is optimized with the Yoast SEO plugin v25.1 - https:\/\/yoast.com\/wordpress\/plugins\/seo\/ -->\n<title>Desvelando la enigm\u00e1tica y sigilosa lancha del r\u00edo Columbia<\/title>\n<meta name=\"description\" content=\"Portal de noticias del Per\u00fa sobre el transporte a\u00e9reo, aviaci\u00f3n, turismo, hoteleria, actualidad.\" \/>\n<meta name=\"robots\" content=\"index, follow, max-snippet:-1, max-image-preview:large, max-video-preview:-1\" \/>\n<link rel=\"canonical\" href=\"https:\/\/aeronoticias.com.pe\/noticiero\/internacionales\/desvelando-la-enigmatica-y-sigilosa-lancha-del-rio-columbia\/\" \/>\n<meta property=\"og:locale\" content=\"es_ES\" \/>\n<meta property=\"og:type\" content=\"article\" \/>\n<meta property=\"og:title\" content=\"Desvelando la enigm\u00e1tica y sigilosa lancha del r\u00edo Columbia\" \/>\n<meta property=\"og:description\" content=\"Portal de noticias del Per\u00fa sobre el transporte a\u00e9reo, aviaci\u00f3n, turismo, hoteleria, actualidad.\" \/>\n<meta property=\"og:url\" content=\"https:\/\/aeronoticias.com.pe\/noticiero\/internacionales\/desvelando-la-enigmatica-y-sigilosa-lancha-del-rio-columbia\/\" \/>\n<meta property=\"og:site_name\" content=\"Aeronoticias.com.pe\" \/>\n<meta property=\"article:publisher\" content=\"https:\/\/www.facebook.com\/Aeronoticias.com.pe\/\" \/>\n<meta property=\"article:published_time\" content=\"2014-05-31T13:00:17+00:00\" \/>\n<meta name=\"author\" content=\"Redacci\u00f3n Aeronoticias\" \/>\n<meta name=\"twitter:card\" content=\"summary_large_image\" \/>\n<meta name=\"twitter:creator\" content=\"@aeronoticias\" \/>\n<meta name=\"twitter:site\" content=\"@aeronoticias\" \/>\n<meta name=\"twitter:label1\" content=\"Escrito por\" \/>\n\t<meta name=\"twitter:data1\" content=\"Redacci\u00f3n Aeronoticias\" \/>\n\t<meta name=\"twitter:label2\" content=\"Tiempo de lectura\" \/>\n\t<meta name=\"twitter:data2\" content=\"2 minutos\" \/>\n<script type=\"application\/ld+json\" class=\"yoast-schema-graph\">{\"@context\":\"https:\/\/schema.org\",\"@graph\":[{\"@type\":\"WebPage\",\"@id\":\"https:\/\/aeronoticias.com.pe\/noticiero\/internacionales\/desvelando-la-enigmatica-y-sigilosa-lancha-del-rio-columbia\/\",\"url\":\"https:\/\/aeronoticias.com.pe\/noticiero\/internacionales\/desvelando-la-enigmatica-y-sigilosa-lancha-del-rio-columbia\/\",\"name\":\"Desvelando la enigm\u00e1tica y sigilosa lancha del r\u00edo Columbia\",\"isPartOf\":{\"@id\":\"https:\/\/aeronoticias.com.pe\/noticiero\/#website\"},\"datePublished\":\"2014-05-31T13:00:17+00:00\",\"author\":{\"@id\":\"https:\/\/aeronoticias.com.pe\/noticiero\/#\/schema\/person\/fc1e5d578f4b62ba1cf7ac2bba1170a0\"},\"description\":\"Portal de noticias del Per\u00fa sobre el transporte a\u00e9reo, aviaci\u00f3n, turismo, hoteleria, actualidad.\",\"breadcrumb\":{\"@id\":\"https:\/\/aeronoticias.com.pe\/noticiero\/internacionales\/desvelando-la-enigmatica-y-sigilosa-lancha-del-rio-columbia\/#breadcrumb\"},\"inLanguage\":\"es\",\"potentialAction\":[{\"@type\":\"ReadAction\",\"target\":[\"https:\/\/aeronoticias.com.pe\/noticiero\/internacionales\/desvelando-la-enigmatica-y-sigilosa-lancha-del-rio-columbia\/\"]}]},{\"@type\":\"BreadcrumbList\",\"@id\":\"https:\/\/aeronoticias.com.pe\/noticiero\/internacionales\/desvelando-la-enigmatica-y-sigilosa-lancha-del-rio-columbia\/#breadcrumb\",\"itemListElement\":[{\"@type\":\"ListItem\",\"position\":1,\"name\":\"Portada\",\"item\":\"https:\/\/aeronoticias.com.pe\/noticiero\/\"},{\"@type\":\"ListItem\",\"position\":2,\"name\":\"Desvelando la enigm\u00e1tica y sigilosa lancha del r\u00edo Columbia\"}]},{\"@type\":\"WebSite\",\"@id\":\"https:\/\/aeronoticias.com.pe\/noticiero\/#website\",\"url\":\"https:\/\/aeronoticias.com.pe\/noticiero\/\",\"name\":\"Aeronoticias.com.pe\",\"description\":\"Noticias de tranporte aereo, turismo, hoteles, gastronomia, actualidad, internacional\",\"potentialAction\":[{\"@type\":\"SearchAction\",\"target\":{\"@type\":\"EntryPoint\",\"urlTemplate\":\"https:\/\/aeronoticias.com.pe\/noticiero\/?s={search_term_string}\"},\"query-input\":{\"@type\":\"PropertyValueSpecification\",\"valueRequired\":true,\"valueName\":\"search_term_string\"}}],\"inLanguage\":\"es\"},{\"@type\":\"Person\",\"@id\":\"https:\/\/aeronoticias.com.pe\/noticiero\/#\/schema\/person\/fc1e5d578f4b62ba1cf7ac2bba1170a0\",\"name\":\"Redacci\u00f3n Aeronoticias\",\"url\":\"https:\/\/aeronoticias.com.pe\/noticiero\/author\/piloto\/\"}]}<\/script>\n<!-- \/ Yoast SEO plugin. -->","yoast_head_json":{"title":"Desvelando la enigm\u00e1tica y sigilosa lancha del r\u00edo Columbia","description":"Portal de noticias del Per\u00fa sobre el transporte a\u00e9reo, aviaci\u00f3n, turismo, hoteleria, actualidad.","robots":{"index":"index","follow":"follow","max-snippet":"max-snippet:-1","max-image-preview":"max-image-preview:large","max-video-preview":"max-video-preview:-1"},"canonical":"https:\/\/aeronoticias.com.pe\/noticiero\/internacionales\/desvelando-la-enigmatica-y-sigilosa-lancha-del-rio-columbia\/","og_locale":"es_ES","og_type":"article","og_title":"Desvelando la enigm\u00e1tica y sigilosa lancha del r\u00edo Columbia","og_description":"Portal de noticias del Per\u00fa sobre el transporte a\u00e9reo, aviaci\u00f3n, turismo, hoteleria, actualidad.","og_url":"https:\/\/aeronoticias.com.pe\/noticiero\/internacionales\/desvelando-la-enigmatica-y-sigilosa-lancha-del-rio-columbia\/","og_site_name":"Aeronoticias.com.pe","article_publisher":"https:\/\/www.facebook.com\/Aeronoticias.com.pe\/","article_published_time":"2014-05-31T13:00:17+00:00","author":"Redacci\u00f3n Aeronoticias","twitter_card":"summary_large_image","twitter_creator":"@aeronoticias","twitter_site":"@aeronoticias","twitter_misc":{"Escrito por":"Redacci\u00f3n Aeronoticias","Tiempo de lectura":"2 minutos"},"schema":{"@context":"https:\/\/schema.org","@graph":[{"@type":"WebPage","@id":"https:\/\/aeronoticias.com.pe\/noticiero\/internacionales\/desvelando-la-enigmatica-y-sigilosa-lancha-del-rio-columbia\/","url":"https:\/\/aeronoticias.com.pe\/noticiero\/internacionales\/desvelando-la-enigmatica-y-sigilosa-lancha-del-rio-columbia\/","name":"Desvelando la enigm\u00e1tica y sigilosa lancha del r\u00edo Columbia","isPartOf":{"@id":"https:\/\/aeronoticias.com.pe\/noticiero\/#website"},"datePublished":"2014-05-31T13:00:17+00:00","author":{"@id":"https:\/\/aeronoticias.com.pe\/noticiero\/#\/schema\/person\/fc1e5d578f4b62ba1cf7ac2bba1170a0"},"description":"Portal de noticias del Per\u00fa sobre el transporte a\u00e9reo, aviaci\u00f3n, turismo, hoteleria, actualidad.","breadcrumb":{"@id":"https:\/\/aeronoticias.com.pe\/noticiero\/internacionales\/desvelando-la-enigmatica-y-sigilosa-lancha-del-rio-columbia\/#breadcrumb"},"inLanguage":"es","potentialAction":[{"@type":"ReadAction","target":["https:\/\/aeronoticias.com.pe\/noticiero\/internacionales\/desvelando-la-enigmatica-y-sigilosa-lancha-del-rio-columbia\/"]}]},{"@type":"BreadcrumbList","@id":"https:\/\/aeronoticias.com.pe\/noticiero\/internacionales\/desvelando-la-enigmatica-y-sigilosa-lancha-del-rio-columbia\/#breadcrumb","itemListElement":[{"@type":"ListItem","position":1,"name":"Portada","item":"https:\/\/aeronoticias.com.pe\/noticiero\/"},{"@type":"ListItem","position":2,"name":"Desvelando la enigm\u00e1tica y sigilosa lancha del r\u00edo Columbia"}]},{"@type":"WebSite","@id":"https:\/\/aeronoticias.com.pe\/noticiero\/#website","url":"https:\/\/aeronoticias.com.pe\/noticiero\/","name":"Aeronoticias.com.pe","description":"Noticias de tranporte aereo, turismo, hoteles, gastronomia, actualidad, internacional","potentialAction":[{"@type":"SearchAction","target":{"@type":"EntryPoint","urlTemplate":"https:\/\/aeronoticias.com.pe\/noticiero\/?s={search_term_string}"},"query-input":{"@type":"PropertyValueSpecification","valueRequired":true,"valueName":"search_term_string"}}],"inLanguage":"es"},{"@type":"Person","@id":"https:\/\/aeronoticias.com.pe\/noticiero\/#\/schema\/person\/fc1e5d578f4b62ba1cf7ac2bba1170a0","name":"Redacci\u00f3n Aeronoticias","url":"https:\/\/aeronoticias.com.pe\/noticiero\/author\/piloto\/"}]}},"_links":{"self":[{"href":"https:\/\/aeronoticias.com.pe\/noticiero\/wp-json\/wp\/v2\/posts\/46182","targetHints":{"allow":["GET"]}}],"collection":[{"href":"https:\/\/aeronoticias.com.pe\/noticiero\/wp-json\/wp\/v2\/posts"}],"about":[{"href":"https:\/\/aeronoticias.com.pe\/noticiero\/wp-json\/wp\/v2\/types\/post"}],"author":[{"embeddable":true,"href":"https:\/\/aeronoticias.com.pe\/noticiero\/wp-json\/wp\/v2\/users\/1"}],"replies":[{"embeddable":true,"href":"https:\/\/aeronoticias.com.pe\/noticiero\/wp-json\/wp\/v2\/comments?post=46182"}],"version-history":[{"count":0,"href":"https:\/\/aeronoticias.com.pe\/noticiero\/wp-json\/wp\/v2\/posts\/46182\/revisions"}],"wp:attachment":[{"href":"https:\/\/aeronoticias.com.pe\/noticiero\/wp-json\/wp\/v2\/media?parent=46182"}],"wp:term":[{"taxonomy":"category","embeddable":true,"href":"https:\/\/aeronoticias.com.pe\/noticiero\/wp-json\/wp\/v2\/categories?post=46182"},{"taxonomy":"post_tag","embeddable":true,"href":"https:\/\/aeronoticias.com.pe\/noticiero\/wp-json\/wp\/v2\/tags?post=46182"}],"curies":[{"name":"wp","href":"https:\/\/api.w.org\/{rel}","templated":true}]}}