{"id":46191,"date":"2014-06-01T13:00:17","date_gmt":"2014-06-01T13:00:17","guid":{"rendered":"http:\/\/desarrollo.mcvicious.com\/aero2020\/2014\/06\/01\/denuncian-que-qestan-matando-a-ninos-de-la-calle-para-limpiarq-las-sedes-del-mundial\/"},"modified":"2014-06-01T13:00:17","modified_gmt":"2014-06-01T13:00:17","slug":"denuncian-que-qestan-matando-a-ninos-de-la-calle-para-limpiarq-las-sedes-del-mundial","status":"publish","type":"post","link":"https:\/\/aeronoticias.com.pe\/noticiero\/internacionales\/denuncian-que-qestan-matando-a-ninos-de-la-calle-para-limpiarq-las-sedes-del-mundial\/","title":{"rendered":"Denuncian que &#8216;est\u00e1n matando a ni\u00f1os de la calle para limpiar&#8217; las sedes del Mundial"},"content":{"rendered":"<p style=\"text-align: justify;\"><img decoding=\"async\" src=\"images\/stories\/14\/05\/300514\/c4.jpg\" border=\"0\" \/><\/p>\n<p style=\"text-align: justify;\"><strong>(Aeronoticias).- Un periodista dan\u00e9s, en un documental grabado durante su estancia en Brasil, asegura que \u00abest\u00e1n matando a ni\u00f1os y a mayores que viven en la calle para limpiar\u00bb algunas de las ciudades sedes del Mundial de F\u00fatbol 2014.<\/strong><\/p>\n<p style=\"text-align: justify;\">Mikkel Jensen, tras anunciar en Facebook que renuncia a cubrir el evento deportivo por la terrible situaci\u00f3n social que vive el pa\u00eds sudamericano, public\u00f3 su documental titulado &#8216;El precio de la Copa del Mundo&#8217;, informa el portal &#8216;Vozpopuli&#8217;.<\/p>\n<p style=\"text-align: justify;\">El reportaje, grabado en R\u00edo de Janeiro y Fortaleza, contiene entrevistas con ni\u00f1os de la calle, personas sin hogar y cooperantes de ONG, entre otros.<\/p>\n<p style=\"text-align: justify;\">\u00abLos organizadores locales del torneo y gente con gran poder del pa\u00eds no quieren que los turistas o la prensa internacional vean las desigualdades que existen en Brasil, por eso contratan a grupos de sicarios para limpiar las calles de gente indigente\u00bb, dice un activista en el video.<\/p>\n<p style=\"text-align: justify;\">Una de las denuncias afirma que existen escuadrones de la muerte que han asesinado a personas sin hogar en Fortaleza, \u00abla ciudad m\u00e1s peligrosa donde se ha disputado nunca un Mundial\u00bb.<\/p>\n<p style=\"text-align: justify;\">Adem\u00e1s, uno de los testigos en el documental cuenta como un \u00abcoche negro\u00bb dispar\u00f3 contra seis ni\u00f1os que dorm\u00edan en la calle, matando a dos de ellos e hiriendo a los otros cuatro.<\/p>\n<p style=\"text-align: justify;\">Oficialmente no existen registros de asesinatos de ni\u00f1os de la calle, pero seg\u00fan un informe elaborado por organizaciones no gubernamentales, el n\u00famero que se ha podido documentar asciende a 121 muertes, y hay \u00abmuchas m\u00e1s no demostrables\u00bb.<\/p>\n<p style=\"text-align: justify;\">En el reportaje de Jensen se cita tambi\u00e9n el caso de un desaparecido en una favela de R\u00edo de Janeiro que m\u00e1s tarde se convirti\u00f3 en \u00abs\u00edmbolo de la lucha contra el abuso de la autoridad policial brasile\u00f1a\u00bb.<\/p>\n<p style=\"text-align: justify;\">\u00a0<\/p>\n<p style=\"text-align: justify;\">Fuente: <strong><em>RT<\/em><\/strong><\/p>\n<p style=\"text-align: justify;\">Foto: <strong><em>RT<\/em><\/strong><\/p>\n","protected":false},"excerpt":{"rendered":"<p>(Aeronoticias).- Un periodista dan\u00e9s, en un documental grabado durante su estancia en Brasil, asegura que \u00abest\u00e1n matando a ni\u00f1os y a mayores que viven en la calle para limpiar\u00bb algunas de las ciudades sedes del Mundial de F\u00fatbol 2014. Mikkel Jensen, tras anunciar en Facebook que renuncia a cubrir el evento deportivo por la terrible [&hellip;]<\/p>\n","protected":false},"author":1,"featured_media":0,"comment_status":"open","ping_status":"open","sticky":false,"template":"","format":"standard","meta":{"tdm_status":"","tdm_grid_status":"","footnotes":""},"categories":[34],"tags":[],"class_list":{"0":"post-46191","1":"post","2":"type-post","3":"status-publish","4":"format-standard","6":"category-internacionales"},"yoast_head":"<!-- This site is optimized with the Yoast SEO plugin v25.1 - https:\/\/yoast.com\/wordpress\/plugins\/seo\/ -->\n<title>Denuncian que &#039;est\u00e1n matando a ni\u00f1os de la calle para limpiar&#039; las sedes del Mundial<\/title>\n<meta name=\"description\" content=\"Portal de noticias del Per\u00fa sobre el transporte a\u00e9reo, aviaci\u00f3n, turismo, hoteleria, actualidad.\" \/>\n<meta name=\"robots\" content=\"index, follow, max-snippet:-1, max-image-preview:large, max-video-preview:-1\" \/>\n<link rel=\"canonical\" href=\"https:\/\/aeronoticias.com.pe\/noticiero\/internacionales\/denuncian-que-qestan-matando-a-ninos-de-la-calle-para-limpiarq-las-sedes-del-mundial\/\" \/>\n<meta property=\"og:locale\" content=\"es_ES\" \/>\n<meta property=\"og:type\" content=\"article\" \/>\n<meta property=\"og:title\" content=\"Denuncian que &#039;est\u00e1n matando a ni\u00f1os de la calle para limpiar&#039; las sedes del Mundial\" \/>\n<meta property=\"og:description\" content=\"Portal de noticias del Per\u00fa sobre el transporte a\u00e9reo, aviaci\u00f3n, turismo, hoteleria, actualidad.\" \/>\n<meta property=\"og:url\" content=\"https:\/\/aeronoticias.com.pe\/noticiero\/internacionales\/denuncian-que-qestan-matando-a-ninos-de-la-calle-para-limpiarq-las-sedes-del-mundial\/\" \/>\n<meta property=\"og:site_name\" content=\"Aeronoticias.com.pe\" \/>\n<meta property=\"article:publisher\" content=\"https:\/\/www.facebook.com\/Aeronoticias.com.pe\/\" \/>\n<meta property=\"article:published_time\" content=\"2014-06-01T13:00:17+00:00\" \/>\n<meta name=\"author\" content=\"Redacci\u00f3n Aeronoticias\" \/>\n<meta name=\"twitter:card\" content=\"summary_large_image\" \/>\n<meta name=\"twitter:creator\" content=\"@aeronoticias\" \/>\n<meta name=\"twitter:site\" content=\"@aeronoticias\" \/>\n<meta name=\"twitter:label1\" content=\"Escrito por\" \/>\n\t<meta name=\"twitter:data1\" content=\"Redacci\u00f3n Aeronoticias\" \/>\n\t<meta name=\"twitter:label2\" content=\"Tiempo de lectura\" \/>\n\t<meta name=\"twitter:data2\" content=\"2 minutos\" \/>\n<script type=\"application\/ld+json\" class=\"yoast-schema-graph\">{\"@context\":\"https:\/\/schema.org\",\"@graph\":[{\"@type\":\"WebPage\",\"@id\":\"https:\/\/aeronoticias.com.pe\/noticiero\/internacionales\/denuncian-que-qestan-matando-a-ninos-de-la-calle-para-limpiarq-las-sedes-del-mundial\/\",\"url\":\"https:\/\/aeronoticias.com.pe\/noticiero\/internacionales\/denuncian-que-qestan-matando-a-ninos-de-la-calle-para-limpiarq-las-sedes-del-mundial\/\",\"name\":\"Denuncian que 'est\u00e1n matando a ni\u00f1os de la calle para limpiar' las sedes del Mundial\",\"isPartOf\":{\"@id\":\"https:\/\/aeronoticias.com.pe\/noticiero\/#website\"},\"datePublished\":\"2014-06-01T13:00:17+00:00\",\"author\":{\"@id\":\"https:\/\/aeronoticias.com.pe\/noticiero\/#\/schema\/person\/fc1e5d578f4b62ba1cf7ac2bba1170a0\"},\"description\":\"Portal de noticias del Per\u00fa sobre el transporte a\u00e9reo, aviaci\u00f3n, turismo, hoteleria, actualidad.\",\"breadcrumb\":{\"@id\":\"https:\/\/aeronoticias.com.pe\/noticiero\/internacionales\/denuncian-que-qestan-matando-a-ninos-de-la-calle-para-limpiarq-las-sedes-del-mundial\/#breadcrumb\"},\"inLanguage\":\"es\",\"potentialAction\":[{\"@type\":\"ReadAction\",\"target\":[\"https:\/\/aeronoticias.com.pe\/noticiero\/internacionales\/denuncian-que-qestan-matando-a-ninos-de-la-calle-para-limpiarq-las-sedes-del-mundial\/\"]}]},{\"@type\":\"BreadcrumbList\",\"@id\":\"https:\/\/aeronoticias.com.pe\/noticiero\/internacionales\/denuncian-que-qestan-matando-a-ninos-de-la-calle-para-limpiarq-las-sedes-del-mundial\/#breadcrumb\",\"itemListElement\":[{\"@type\":\"ListItem\",\"position\":1,\"name\":\"Portada\",\"item\":\"https:\/\/aeronoticias.com.pe\/noticiero\/\"},{\"@type\":\"ListItem\",\"position\":2,\"name\":\"Denuncian que &#8216;est\u00e1n matando a ni\u00f1os de la calle para limpiar&#8217; las sedes del Mundial\"}]},{\"@type\":\"WebSite\",\"@id\":\"https:\/\/aeronoticias.com.pe\/noticiero\/#website\",\"url\":\"https:\/\/aeronoticias.com.pe\/noticiero\/\",\"name\":\"Aeronoticias.com.pe\",\"description\":\"Noticias de tranporte aereo, turismo, hoteles, gastronomia, actualidad, internacional\",\"potentialAction\":[{\"@type\":\"SearchAction\",\"target\":{\"@type\":\"EntryPoint\",\"urlTemplate\":\"https:\/\/aeronoticias.com.pe\/noticiero\/?s={search_term_string}\"},\"query-input\":{\"@type\":\"PropertyValueSpecification\",\"valueRequired\":true,\"valueName\":\"search_term_string\"}}],\"inLanguage\":\"es\"},{\"@type\":\"Person\",\"@id\":\"https:\/\/aeronoticias.com.pe\/noticiero\/#\/schema\/person\/fc1e5d578f4b62ba1cf7ac2bba1170a0\",\"name\":\"Redacci\u00f3n Aeronoticias\",\"url\":\"https:\/\/aeronoticias.com.pe\/noticiero\/author\/piloto\/\"}]}<\/script>\n<!-- \/ Yoast SEO plugin. -->","yoast_head_json":{"title":"Denuncian que 'est\u00e1n matando a ni\u00f1os de la calle para limpiar' las sedes del Mundial","description":"Portal de noticias del Per\u00fa sobre el transporte a\u00e9reo, aviaci\u00f3n, turismo, hoteleria, actualidad.","robots":{"index":"index","follow":"follow","max-snippet":"max-snippet:-1","max-image-preview":"max-image-preview:large","max-video-preview":"max-video-preview:-1"},"canonical":"https:\/\/aeronoticias.com.pe\/noticiero\/internacionales\/denuncian-que-qestan-matando-a-ninos-de-la-calle-para-limpiarq-las-sedes-del-mundial\/","og_locale":"es_ES","og_type":"article","og_title":"Denuncian que 'est\u00e1n matando a ni\u00f1os de la calle para limpiar' las sedes del Mundial","og_description":"Portal de noticias del Per\u00fa sobre el transporte a\u00e9reo, aviaci\u00f3n, turismo, hoteleria, actualidad.","og_url":"https:\/\/aeronoticias.com.pe\/noticiero\/internacionales\/denuncian-que-qestan-matando-a-ninos-de-la-calle-para-limpiarq-las-sedes-del-mundial\/","og_site_name":"Aeronoticias.com.pe","article_publisher":"https:\/\/www.facebook.com\/Aeronoticias.com.pe\/","article_published_time":"2014-06-01T13:00:17+00:00","author":"Redacci\u00f3n Aeronoticias","twitter_card":"summary_large_image","twitter_creator":"@aeronoticias","twitter_site":"@aeronoticias","twitter_misc":{"Escrito por":"Redacci\u00f3n Aeronoticias","Tiempo de lectura":"2 minutos"},"schema":{"@context":"https:\/\/schema.org","@graph":[{"@type":"WebPage","@id":"https:\/\/aeronoticias.com.pe\/noticiero\/internacionales\/denuncian-que-qestan-matando-a-ninos-de-la-calle-para-limpiarq-las-sedes-del-mundial\/","url":"https:\/\/aeronoticias.com.pe\/noticiero\/internacionales\/denuncian-que-qestan-matando-a-ninos-de-la-calle-para-limpiarq-las-sedes-del-mundial\/","name":"Denuncian que 'est\u00e1n matando a ni\u00f1os de la calle para limpiar' las sedes del Mundial","isPartOf":{"@id":"https:\/\/aeronoticias.com.pe\/noticiero\/#website"},"datePublished":"2014-06-01T13:00:17+00:00","author":{"@id":"https:\/\/aeronoticias.com.pe\/noticiero\/#\/schema\/person\/fc1e5d578f4b62ba1cf7ac2bba1170a0"},"description":"Portal de noticias del Per\u00fa sobre el transporte a\u00e9reo, aviaci\u00f3n, turismo, hoteleria, actualidad.","breadcrumb":{"@id":"https:\/\/aeronoticias.com.pe\/noticiero\/internacionales\/denuncian-que-qestan-matando-a-ninos-de-la-calle-para-limpiarq-las-sedes-del-mundial\/#breadcrumb"},"inLanguage":"es","potentialAction":[{"@type":"ReadAction","target":["https:\/\/aeronoticias.com.pe\/noticiero\/internacionales\/denuncian-que-qestan-matando-a-ninos-de-la-calle-para-limpiarq-las-sedes-del-mundial\/"]}]},{"@type":"BreadcrumbList","@id":"https:\/\/aeronoticias.com.pe\/noticiero\/internacionales\/denuncian-que-qestan-matando-a-ninos-de-la-calle-para-limpiarq-las-sedes-del-mundial\/#breadcrumb","itemListElement":[{"@type":"ListItem","position":1,"name":"Portada","item":"https:\/\/aeronoticias.com.pe\/noticiero\/"},{"@type":"ListItem","position":2,"name":"Denuncian que &#8216;est\u00e1n matando a ni\u00f1os de la calle para limpiar&#8217; las sedes del Mundial"}]},{"@type":"WebSite","@id":"https:\/\/aeronoticias.com.pe\/noticiero\/#website","url":"https:\/\/aeronoticias.com.pe\/noticiero\/","name":"Aeronoticias.com.pe","description":"Noticias de tranporte aereo, turismo, hoteles, gastronomia, actualidad, internacional","potentialAction":[{"@type":"SearchAction","target":{"@type":"EntryPoint","urlTemplate":"https:\/\/aeronoticias.com.pe\/noticiero\/?s={search_term_string}"},"query-input":{"@type":"PropertyValueSpecification","valueRequired":true,"valueName":"search_term_string"}}],"inLanguage":"es"},{"@type":"Person","@id":"https:\/\/aeronoticias.com.pe\/noticiero\/#\/schema\/person\/fc1e5d578f4b62ba1cf7ac2bba1170a0","name":"Redacci\u00f3n Aeronoticias","url":"https:\/\/aeronoticias.com.pe\/noticiero\/author\/piloto\/"}]}},"_links":{"self":[{"href":"https:\/\/aeronoticias.com.pe\/noticiero\/wp-json\/wp\/v2\/posts\/46191","targetHints":{"allow":["GET"]}}],"collection":[{"href":"https:\/\/aeronoticias.com.pe\/noticiero\/wp-json\/wp\/v2\/posts"}],"about":[{"href":"https:\/\/aeronoticias.com.pe\/noticiero\/wp-json\/wp\/v2\/types\/post"}],"author":[{"embeddable":true,"href":"https:\/\/aeronoticias.com.pe\/noticiero\/wp-json\/wp\/v2\/users\/1"}],"replies":[{"embeddable":true,"href":"https:\/\/aeronoticias.com.pe\/noticiero\/wp-json\/wp\/v2\/comments?post=46191"}],"version-history":[{"count":0,"href":"https:\/\/aeronoticias.com.pe\/noticiero\/wp-json\/wp\/v2\/posts\/46191\/revisions"}],"wp:attachment":[{"href":"https:\/\/aeronoticias.com.pe\/noticiero\/wp-json\/wp\/v2\/media?parent=46191"}],"wp:term":[{"taxonomy":"category","embeddable":true,"href":"https:\/\/aeronoticias.com.pe\/noticiero\/wp-json\/wp\/v2\/categories?post=46191"},{"taxonomy":"post_tag","embeddable":true,"href":"https:\/\/aeronoticias.com.pe\/noticiero\/wp-json\/wp\/v2\/tags?post=46191"}],"curies":[{"name":"wp","href":"https:\/\/api.w.org\/{rel}","templated":true}]}}