{"id":46196,"date":"2014-06-01T13:00:17","date_gmt":"2014-06-01T13:00:17","guid":{"rendered":"http:\/\/desarrollo.mcvicious.com\/aero2020\/2014\/06\/01\/el-bombardeo-mortal-deja-varias-victimas-entre-civiles-en-slaviansk\/"},"modified":"2014-06-01T13:00:17","modified_gmt":"2014-06-01T13:00:17","slug":"el-bombardeo-mortal-deja-varias-victimas-entre-civiles-en-slaviansk","status":"publish","type":"post","link":"https:\/\/aeronoticias.com.pe\/noticiero\/internacionales\/el-bombardeo-mortal-deja-varias-victimas-entre-civiles-en-slaviansk\/","title":{"rendered":"El bombardeo mortal deja varias v\u00edctimas entre civiles en Slaviansk"},"content":{"rendered":"<p style=\"text-align: justify;\"><img decoding=\"async\" src=\"images\/stories\/14\/05\/300514\/c9.jpg\" border=\"0\" \/><\/p>\n<p style=\"text-align: justify;\"><strong>(Aeronoticias).- El bombardeo contra la ciudad ucraniana de Salviansk ha causado varias v\u00edctimas entre civiles esta noche. En las milicias populares califican el ataque a que la artiller\u00eda de Kiev ha sometido a los barrios urbanos como \u00abespecialmente fuerte\u00bb.<\/strong><\/p>\n<p style=\"text-align: justify;\">El bombardeo contra la ciudad ucraniana de Salviansk ha causado varias v\u00edctimas entre civiles esta noche. En las milicias populares califican el ataque a que la artiller\u00eda de Kiev ha sometido a los barrios urbanos como \u00abespecialmente fuerte\u00bb.<\/p>\n<p style=\"text-align: justify;\">Seg\u00fan la agencia de informaci\u00f3n RIA Novosti, se percibe entre vecinos y jefes milicianos como un tipo de venganza de Kiev por el helic\u00f3ptero derribado el d\u00eda anterior. 14 militares ucranianos, involucrados en los ataques contra la ciudad, murieron el 29 de mayo cuando el helic\u00f3ptero en el que viajaban fue derribado por milicianos.<\/p>\n<p style=\"text-align: justify;\">Fuentes en las autodefensas asumieron tambi\u00e9n la responsabilidad por haber dejado fuera de servicio un todoterreno Hummer del Ej\u00e9rcito de Ucrania.<\/p>\n<p style=\"text-align: justify;\">Los impactos principales de la artiller\u00eda ucraniana se est\u00e1n produciendo en el barrio de Artiom, el centro urbano y la aldea de Semi\u00f3novka, situada en las afueras.<\/p>\n<p style=\"text-align: justify;\">El Ej\u00e9rcito de Ucrania ha reanudado el bombardeo con el uso de obuses y morteros luego de que en los colegios de la ciudad terminaran las celebraciones del &#8216;\u00faltimo timbre&#8217; (fiesta de la graduaci\u00f3n escolar). El ataque indiscriminado contin\u00faa en estos momentos.<\/p>\n<p style=\"text-align: justify;\">\u00a0<\/p>\n<p style=\"text-align: justify;\">Fuente: <strong><em>RT<\/em><\/strong><\/p>\n<p style=\"text-align: justify;\">Foto: <strong><em>RT<\/em><\/strong><\/p>\n","protected":false},"excerpt":{"rendered":"<p>(Aeronoticias).- El bombardeo contra la ciudad ucraniana de Salviansk ha causado varias v\u00edctimas entre civiles esta noche. En las milicias populares califican el ataque a que la artiller\u00eda de Kiev ha sometido a los barrios urbanos como \u00abespecialmente fuerte\u00bb. El bombardeo contra la ciudad ucraniana de Salviansk ha causado varias v\u00edctimas entre civiles esta noche. [&hellip;]<\/p>\n","protected":false},"author":1,"featured_media":0,"comment_status":"open","ping_status":"open","sticky":false,"template":"","format":"standard","meta":{"tdm_status":"","tdm_grid_status":"","footnotes":""},"categories":[34],"tags":[],"class_list":{"0":"post-46196","1":"post","2":"type-post","3":"status-publish","4":"format-standard","6":"category-internacionales"},"yoast_head":"<!-- This site is optimized with the Yoast SEO plugin v25.1 - https:\/\/yoast.com\/wordpress\/plugins\/seo\/ -->\n<title>El bombardeo mortal deja varias v\u00edctimas entre civiles en Slaviansk<\/title>\n<meta name=\"description\" content=\"Portal de noticias del Per\u00fa sobre el transporte a\u00e9reo, aviaci\u00f3n, turismo, hoteleria, actualidad.\" \/>\n<meta name=\"robots\" content=\"index, follow, max-snippet:-1, max-image-preview:large, max-video-preview:-1\" \/>\n<link rel=\"canonical\" href=\"https:\/\/aeronoticias.com.pe\/noticiero\/internacionales\/el-bombardeo-mortal-deja-varias-victimas-entre-civiles-en-slaviansk\/\" \/>\n<meta property=\"og:locale\" content=\"es_ES\" \/>\n<meta property=\"og:type\" content=\"article\" \/>\n<meta property=\"og:title\" content=\"El bombardeo mortal deja varias v\u00edctimas entre civiles en Slaviansk\" \/>\n<meta property=\"og:description\" content=\"Portal de noticias del Per\u00fa sobre el transporte a\u00e9reo, aviaci\u00f3n, turismo, hoteleria, actualidad.\" \/>\n<meta property=\"og:url\" content=\"https:\/\/aeronoticias.com.pe\/noticiero\/internacionales\/el-bombardeo-mortal-deja-varias-victimas-entre-civiles-en-slaviansk\/\" \/>\n<meta property=\"og:site_name\" content=\"Aeronoticias.com.pe\" \/>\n<meta property=\"article:publisher\" content=\"https:\/\/www.facebook.com\/Aeronoticias.com.pe\/\" \/>\n<meta property=\"article:published_time\" content=\"2014-06-01T13:00:17+00:00\" \/>\n<meta name=\"author\" content=\"Redacci\u00f3n Aeronoticias\" \/>\n<meta name=\"twitter:card\" content=\"summary_large_image\" \/>\n<meta name=\"twitter:creator\" content=\"@aeronoticias\" \/>\n<meta name=\"twitter:site\" content=\"@aeronoticias\" \/>\n<meta name=\"twitter:label1\" content=\"Escrito por\" \/>\n\t<meta name=\"twitter:data1\" content=\"Redacci\u00f3n Aeronoticias\" \/>\n\t<meta name=\"twitter:label2\" content=\"Tiempo de lectura\" \/>\n\t<meta name=\"twitter:data2\" content=\"1 minuto\" \/>\n<script type=\"application\/ld+json\" class=\"yoast-schema-graph\">{\"@context\":\"https:\/\/schema.org\",\"@graph\":[{\"@type\":\"WebPage\",\"@id\":\"https:\/\/aeronoticias.com.pe\/noticiero\/internacionales\/el-bombardeo-mortal-deja-varias-victimas-entre-civiles-en-slaviansk\/\",\"url\":\"https:\/\/aeronoticias.com.pe\/noticiero\/internacionales\/el-bombardeo-mortal-deja-varias-victimas-entre-civiles-en-slaviansk\/\",\"name\":\"El bombardeo mortal deja varias v\u00edctimas entre civiles en Slaviansk\",\"isPartOf\":{\"@id\":\"https:\/\/aeronoticias.com.pe\/noticiero\/#website\"},\"datePublished\":\"2014-06-01T13:00:17+00:00\",\"author\":{\"@id\":\"https:\/\/aeronoticias.com.pe\/noticiero\/#\/schema\/person\/fc1e5d578f4b62ba1cf7ac2bba1170a0\"},\"description\":\"Portal de noticias del Per\u00fa sobre el transporte a\u00e9reo, aviaci\u00f3n, turismo, hoteleria, actualidad.\",\"breadcrumb\":{\"@id\":\"https:\/\/aeronoticias.com.pe\/noticiero\/internacionales\/el-bombardeo-mortal-deja-varias-victimas-entre-civiles-en-slaviansk\/#breadcrumb\"},\"inLanguage\":\"es\",\"potentialAction\":[{\"@type\":\"ReadAction\",\"target\":[\"https:\/\/aeronoticias.com.pe\/noticiero\/internacionales\/el-bombardeo-mortal-deja-varias-victimas-entre-civiles-en-slaviansk\/\"]}]},{\"@type\":\"BreadcrumbList\",\"@id\":\"https:\/\/aeronoticias.com.pe\/noticiero\/internacionales\/el-bombardeo-mortal-deja-varias-victimas-entre-civiles-en-slaviansk\/#breadcrumb\",\"itemListElement\":[{\"@type\":\"ListItem\",\"position\":1,\"name\":\"Portada\",\"item\":\"https:\/\/aeronoticias.com.pe\/noticiero\/\"},{\"@type\":\"ListItem\",\"position\":2,\"name\":\"El bombardeo mortal deja varias v\u00edctimas entre civiles en Slaviansk\"}]},{\"@type\":\"WebSite\",\"@id\":\"https:\/\/aeronoticias.com.pe\/noticiero\/#website\",\"url\":\"https:\/\/aeronoticias.com.pe\/noticiero\/\",\"name\":\"Aeronoticias.com.pe\",\"description\":\"Noticias de tranporte aereo, turismo, hoteles, gastronomia, actualidad, internacional\",\"potentialAction\":[{\"@type\":\"SearchAction\",\"target\":{\"@type\":\"EntryPoint\",\"urlTemplate\":\"https:\/\/aeronoticias.com.pe\/noticiero\/?s={search_term_string}\"},\"query-input\":{\"@type\":\"PropertyValueSpecification\",\"valueRequired\":true,\"valueName\":\"search_term_string\"}}],\"inLanguage\":\"es\"},{\"@type\":\"Person\",\"@id\":\"https:\/\/aeronoticias.com.pe\/noticiero\/#\/schema\/person\/fc1e5d578f4b62ba1cf7ac2bba1170a0\",\"name\":\"Redacci\u00f3n Aeronoticias\",\"url\":\"https:\/\/aeronoticias.com.pe\/noticiero\/author\/piloto\/\"}]}<\/script>\n<!-- \/ Yoast SEO plugin. -->","yoast_head_json":{"title":"El bombardeo mortal deja varias v\u00edctimas entre civiles en Slaviansk","description":"Portal de noticias del Per\u00fa sobre el transporte a\u00e9reo, aviaci\u00f3n, turismo, hoteleria, actualidad.","robots":{"index":"index","follow":"follow","max-snippet":"max-snippet:-1","max-image-preview":"max-image-preview:large","max-video-preview":"max-video-preview:-1"},"canonical":"https:\/\/aeronoticias.com.pe\/noticiero\/internacionales\/el-bombardeo-mortal-deja-varias-victimas-entre-civiles-en-slaviansk\/","og_locale":"es_ES","og_type":"article","og_title":"El bombardeo mortal deja varias v\u00edctimas entre civiles en Slaviansk","og_description":"Portal de noticias del Per\u00fa sobre el transporte a\u00e9reo, aviaci\u00f3n, turismo, hoteleria, actualidad.","og_url":"https:\/\/aeronoticias.com.pe\/noticiero\/internacionales\/el-bombardeo-mortal-deja-varias-victimas-entre-civiles-en-slaviansk\/","og_site_name":"Aeronoticias.com.pe","article_publisher":"https:\/\/www.facebook.com\/Aeronoticias.com.pe\/","article_published_time":"2014-06-01T13:00:17+00:00","author":"Redacci\u00f3n Aeronoticias","twitter_card":"summary_large_image","twitter_creator":"@aeronoticias","twitter_site":"@aeronoticias","twitter_misc":{"Escrito por":"Redacci\u00f3n Aeronoticias","Tiempo de lectura":"1 minuto"},"schema":{"@context":"https:\/\/schema.org","@graph":[{"@type":"WebPage","@id":"https:\/\/aeronoticias.com.pe\/noticiero\/internacionales\/el-bombardeo-mortal-deja-varias-victimas-entre-civiles-en-slaviansk\/","url":"https:\/\/aeronoticias.com.pe\/noticiero\/internacionales\/el-bombardeo-mortal-deja-varias-victimas-entre-civiles-en-slaviansk\/","name":"El bombardeo mortal deja varias v\u00edctimas entre civiles en Slaviansk","isPartOf":{"@id":"https:\/\/aeronoticias.com.pe\/noticiero\/#website"},"datePublished":"2014-06-01T13:00:17+00:00","author":{"@id":"https:\/\/aeronoticias.com.pe\/noticiero\/#\/schema\/person\/fc1e5d578f4b62ba1cf7ac2bba1170a0"},"description":"Portal de noticias del Per\u00fa sobre el transporte a\u00e9reo, aviaci\u00f3n, turismo, hoteleria, actualidad.","breadcrumb":{"@id":"https:\/\/aeronoticias.com.pe\/noticiero\/internacionales\/el-bombardeo-mortal-deja-varias-victimas-entre-civiles-en-slaviansk\/#breadcrumb"},"inLanguage":"es","potentialAction":[{"@type":"ReadAction","target":["https:\/\/aeronoticias.com.pe\/noticiero\/internacionales\/el-bombardeo-mortal-deja-varias-victimas-entre-civiles-en-slaviansk\/"]}]},{"@type":"BreadcrumbList","@id":"https:\/\/aeronoticias.com.pe\/noticiero\/internacionales\/el-bombardeo-mortal-deja-varias-victimas-entre-civiles-en-slaviansk\/#breadcrumb","itemListElement":[{"@type":"ListItem","position":1,"name":"Portada","item":"https:\/\/aeronoticias.com.pe\/noticiero\/"},{"@type":"ListItem","position":2,"name":"El bombardeo mortal deja varias v\u00edctimas entre civiles en Slaviansk"}]},{"@type":"WebSite","@id":"https:\/\/aeronoticias.com.pe\/noticiero\/#website","url":"https:\/\/aeronoticias.com.pe\/noticiero\/","name":"Aeronoticias.com.pe","description":"Noticias de tranporte aereo, turismo, hoteles, gastronomia, actualidad, internacional","potentialAction":[{"@type":"SearchAction","target":{"@type":"EntryPoint","urlTemplate":"https:\/\/aeronoticias.com.pe\/noticiero\/?s={search_term_string}"},"query-input":{"@type":"PropertyValueSpecification","valueRequired":true,"valueName":"search_term_string"}}],"inLanguage":"es"},{"@type":"Person","@id":"https:\/\/aeronoticias.com.pe\/noticiero\/#\/schema\/person\/fc1e5d578f4b62ba1cf7ac2bba1170a0","name":"Redacci\u00f3n Aeronoticias","url":"https:\/\/aeronoticias.com.pe\/noticiero\/author\/piloto\/"}]}},"_links":{"self":[{"href":"https:\/\/aeronoticias.com.pe\/noticiero\/wp-json\/wp\/v2\/posts\/46196","targetHints":{"allow":["GET"]}}],"collection":[{"href":"https:\/\/aeronoticias.com.pe\/noticiero\/wp-json\/wp\/v2\/posts"}],"about":[{"href":"https:\/\/aeronoticias.com.pe\/noticiero\/wp-json\/wp\/v2\/types\/post"}],"author":[{"embeddable":true,"href":"https:\/\/aeronoticias.com.pe\/noticiero\/wp-json\/wp\/v2\/users\/1"}],"replies":[{"embeddable":true,"href":"https:\/\/aeronoticias.com.pe\/noticiero\/wp-json\/wp\/v2\/comments?post=46196"}],"version-history":[{"count":0,"href":"https:\/\/aeronoticias.com.pe\/noticiero\/wp-json\/wp\/v2\/posts\/46196\/revisions"}],"wp:attachment":[{"href":"https:\/\/aeronoticias.com.pe\/noticiero\/wp-json\/wp\/v2\/media?parent=46196"}],"wp:term":[{"taxonomy":"category","embeddable":true,"href":"https:\/\/aeronoticias.com.pe\/noticiero\/wp-json\/wp\/v2\/categories?post=46196"},{"taxonomy":"post_tag","embeddable":true,"href":"https:\/\/aeronoticias.com.pe\/noticiero\/wp-json\/wp\/v2\/tags?post=46196"}],"curies":[{"name":"wp","href":"https:\/\/api.w.org\/{rel}","templated":true}]}}