{"id":46362,"date":"2014-06-08T12:00:00","date_gmt":"2014-06-08T12:00:00","guid":{"rendered":"http:\/\/desarrollo.mcvicious.com\/aero2020\/2014\/06\/08\/bruselas-atrapada-en-el-nudo-del-gasoducto-icambios-politicos-para-sancionar-a-rusia\/"},"modified":"2014-06-08T12:00:00","modified_gmt":"2014-06-08T12:00:00","slug":"bruselas-atrapada-en-el-nudo-del-gasoducto-icambios-politicos-para-sancionar-a-rusia","status":"publish","type":"post","link":"https:\/\/aeronoticias.com.pe\/noticiero\/internacionales\/bruselas-atrapada-en-el-nudo-del-gasoducto-icambios-politicos-para-sancionar-a-rusia\/","title":{"rendered":"Bruselas, atrapada en el nudo del gasoducto: \u00bfCambios pol\u00edticos para sancionar a Rusia?"},"content":{"rendered":"<p style=\"text-align: justify;\"><img decoding=\"async\" src=\"images\/stories\/14\/06\/060614\/a28.jpg\" border=\"0\" \/><\/p>\n<p style=\"text-align: justify;\"><strong>(Aeronoticias).<\/strong>&#8211; Bruselas suele dictar la pol\u00edtica interior a los pa\u00edses europeos. Ya lo hizo antes en relaci\u00f3n a los problemas del euro, y ahora lo hace de nuvo imponiendo su autoridad para sancionar a Mosc\u00fa, advierte el polit\u00f3logo Maxim Samor\u00fakov.<\/p>\n<p>  <!--more-->  <\/p>\n<p><span style=\"text-align: justify; line-height: 1.3em;\">\u00abBruselas ha decidido frenar el proyecto del gasoducto South Stream para castigar a Rusia por Ucrania. Y si los gobiernos de algunos pa\u00edses se oponen a esta decisi\u00f3n, se los puede cambiar por otros que sean m\u00e1s complacientes\u00bb, insiste Samor\u00fakov en su columna del portal ruso de noticias slon.ru.<\/span><\/p>\n<p style=\"text-align: justify;\">South Stream es un proyecto de infraestructura del gigante estatal ruso Gazprom que constar\u00e1 de cuatro l\u00edneas, cada una con una capacidad anual de 15.570 millones de metros c\u00fabicos de gas y que discurrir\u00e1n a trav\u00e9s del Mar Negro a Europa Central y del Sur a fin de diversificar las rutas de exportaci\u00f3n rusa. Est\u00e1 previsto que la primera l\u00ednea se est\u00e9 operativa en diciembre de 2015, mientras que para 2018 el gasoducto podr\u00eda alcanzar su m\u00e1xima capacidad proyectada de 63.000 millones de metros c\u00fabicos. El costo del proyecto se estima en unos 16.000 millones de euros.<\/p>\n<p style=\"text-align: justify;\">Los participantes claves son Bulgaria, Serbia, Hungr\u00eda y Austria. \u00abBruselas no lo tiene f\u00e1cil para presionarlos: ninguno da se\u00f1ales de estar dispuesto a rechazar el nuevo gasoducto\u00bb, destaca Samor\u00fakov. A pesar de que Austria est\u00e1 en la Uni\u00f3n Europea desde los a\u00f1os 90 y uno podr\u00eda esperar lealtad de ella, en relaci\u00f3n a la cuesti\u00f3n gas\u00edstica ha mostrado \u00abun total ego\u00edsmo\u00bb, comenta el analista. A finales de abril, a pesar de que la Uni\u00f3n Europea introdujo un nuevo paquete de sanciones contra Mosc\u00fa, el gigante austriaco OMV no vacil\u00f3 a la hora de firmar un acuerdo sobre el emplazamiento de la obra del gasoducto South Stream en el pa\u00eds: los primeros suministros del gas est\u00e1n programados para empezar en 2017.<\/p>\n<p style=\"text-align: justify;\"><img decoding=\"async\" src=\"images\/stories\/14\/06\/060614\/a28_1.jpg\" border=\"0\" \/><\/p>\n<p style=\"text-align: justify;\">Incluso despu\u00e9s de que la Comisi\u00f3n Europea presentara un informe y solicitara la suspensi\u00f3n temporal de las obras, esgrimiendo que el gasoducto no cumple con los requisitos europeos de seguridad energ\u00e9tica, Austria sigue adelante con las obras. Viena no da una negativa en firme a Bruselas, pero tanto OMV como el canciller Werner Faymann insisten en que se pueden resolver todas las dificultades y seguir adelante con la realizaci\u00f3n del proyecto.<\/p>\n<p style=\"text-align: justify;\">En lo que se refiere a Hungr\u00eda, Bruselas no tiene la m\u00e1s m\u00ednima oportunidad, opina Samor\u00fakov. El primer ministro h\u00fangaro, Viktor Orb\u00e1n, no mantiene buenas relaciones con la UE desde hace mucho, lo que hace pr\u00e1cticamente imposible presionar al pa\u00eds. Adem\u00e1s, en relaci\u00f3n con South Stream, Budapest firm\u00f3 con Mosc\u00fa una serie de contratos adicionales que incluyen, entre otros, un pr\u00e9stamo de 10.000 millones de euros por parte de Rusia para construir en el pa\u00eds una nueva central nuclear. A mediados de mayo Orb\u00e1n se reuni\u00f3 con el presidente de la junta administrativa de Gazprom, Alex\u00e9i Miller, para negociar la posibilidad de acelerar los trabajos del gasoducto.<\/p>\n<p style=\"text-align: justify;\">Las obras de construcci\u00f3n en Serbia deben empezar el a\u00f1o que viene. El ministerio de Energ\u00eda del pa\u00eds ya comunic\u00f3 que el proyecto es de importancia vital y que pueden rechazar el proyecto solo en un caso: si lo hace toda la UE.<\/p>\n<p style=\"text-align: justify;\">\u00a0<\/p>\n<p style=\"text-align: justify;\">Fuente: <em><strong>RT<\/strong><\/em><\/p>\n<p style=\"text-align: justify;\">Foto: <strong><em>RT<\/em><\/strong><\/p>\n<p style=\"text-align: justify;\"><strong><em><br \/><\/em><\/strong><\/p>\n<p>{jathumbnail off images=\u00bbimages\/stories\/14\/06\/060614\/a28.jpg,images\/stories\/14\/06\/060614\/a28_1.jpg\u00bb}<\/p>\n","protected":false},"excerpt":{"rendered":"<p>(Aeronoticias).&#8211; Bruselas suele dictar la pol\u00edtica interior a los pa\u00edses europeos. Ya lo hizo antes en relaci\u00f3n a los problemas del euro, y ahora lo hace de nuvo imponiendo su autoridad para sancionar a Mosc\u00fa, advierte el polit\u00f3logo Maxim Samor\u00fakov.<\/p>\n","protected":false},"author":1,"featured_media":0,"comment_status":"open","ping_status":"open","sticky":false,"template":"","format":"standard","meta":{"tdm_status":"","tdm_grid_status":"","footnotes":""},"categories":[34],"tags":[],"class_list":{"0":"post-46362","1":"post","2":"type-post","3":"status-publish","4":"format-standard","6":"category-internacionales"},"yoast_head":"<!-- This site is optimized with the Yoast SEO plugin v25.1 - https:\/\/yoast.com\/wordpress\/plugins\/seo\/ -->\n<title>Bruselas, atrapada en el nudo del gasoducto: \u00bfCambios pol\u00edticos para sancionar a Rusia?<\/title>\n<meta name=\"description\" content=\"Portal de noticias del Per\u00fa sobre el transporte a\u00e9reo, aviaci\u00f3n, turismo, hoteleria, actualidad.\" \/>\n<meta name=\"robots\" content=\"index, follow, max-snippet:-1, max-image-preview:large, max-video-preview:-1\" \/>\n<link rel=\"canonical\" href=\"https:\/\/aeronoticias.com.pe\/noticiero\/internacionales\/bruselas-atrapada-en-el-nudo-del-gasoducto-icambios-politicos-para-sancionar-a-rusia\/\" \/>\n<meta property=\"og:locale\" content=\"es_ES\" \/>\n<meta property=\"og:type\" content=\"article\" \/>\n<meta property=\"og:title\" content=\"Bruselas, atrapada en el nudo del gasoducto: \u00bfCambios pol\u00edticos para sancionar a Rusia?\" \/>\n<meta property=\"og:description\" content=\"Portal de noticias del Per\u00fa sobre el transporte a\u00e9reo, aviaci\u00f3n, turismo, hoteleria, actualidad.\" \/>\n<meta property=\"og:url\" content=\"https:\/\/aeronoticias.com.pe\/noticiero\/internacionales\/bruselas-atrapada-en-el-nudo-del-gasoducto-icambios-politicos-para-sancionar-a-rusia\/\" \/>\n<meta property=\"og:site_name\" content=\"Aeronoticias.com.pe\" \/>\n<meta property=\"article:publisher\" content=\"https:\/\/www.facebook.com\/Aeronoticias.com.pe\/\" \/>\n<meta property=\"article:published_time\" content=\"2014-06-08T12:00:00+00:00\" \/>\n<meta name=\"author\" content=\"Redacci\u00f3n Aeronoticias\" \/>\n<meta name=\"twitter:card\" content=\"summary_large_image\" \/>\n<meta name=\"twitter:creator\" content=\"@aeronoticias\" \/>\n<meta name=\"twitter:site\" content=\"@aeronoticias\" \/>\n<meta name=\"twitter:label1\" content=\"Escrito por\" \/>\n\t<meta name=\"twitter:data1\" content=\"Redacci\u00f3n Aeronoticias\" \/>\n\t<meta name=\"twitter:label2\" content=\"Tiempo de lectura\" \/>\n\t<meta name=\"twitter:data2\" content=\"3 minutos\" \/>\n<script type=\"application\/ld+json\" class=\"yoast-schema-graph\">{\"@context\":\"https:\/\/schema.org\",\"@graph\":[{\"@type\":\"WebPage\",\"@id\":\"https:\/\/aeronoticias.com.pe\/noticiero\/internacionales\/bruselas-atrapada-en-el-nudo-del-gasoducto-icambios-politicos-para-sancionar-a-rusia\/\",\"url\":\"https:\/\/aeronoticias.com.pe\/noticiero\/internacionales\/bruselas-atrapada-en-el-nudo-del-gasoducto-icambios-politicos-para-sancionar-a-rusia\/\",\"name\":\"Bruselas, atrapada en el nudo del gasoducto: \u00bfCambios pol\u00edticos para sancionar a Rusia?\",\"isPartOf\":{\"@id\":\"https:\/\/aeronoticias.com.pe\/noticiero\/#website\"},\"datePublished\":\"2014-06-08T12:00:00+00:00\",\"author\":{\"@id\":\"https:\/\/aeronoticias.com.pe\/noticiero\/#\/schema\/person\/fc1e5d578f4b62ba1cf7ac2bba1170a0\"},\"description\":\"Portal de noticias del Per\u00fa sobre el transporte a\u00e9reo, aviaci\u00f3n, turismo, hoteleria, actualidad.\",\"breadcrumb\":{\"@id\":\"https:\/\/aeronoticias.com.pe\/noticiero\/internacionales\/bruselas-atrapada-en-el-nudo-del-gasoducto-icambios-politicos-para-sancionar-a-rusia\/#breadcrumb\"},\"inLanguage\":\"es\",\"potentialAction\":[{\"@type\":\"ReadAction\",\"target\":[\"https:\/\/aeronoticias.com.pe\/noticiero\/internacionales\/bruselas-atrapada-en-el-nudo-del-gasoducto-icambios-politicos-para-sancionar-a-rusia\/\"]}]},{\"@type\":\"BreadcrumbList\",\"@id\":\"https:\/\/aeronoticias.com.pe\/noticiero\/internacionales\/bruselas-atrapada-en-el-nudo-del-gasoducto-icambios-politicos-para-sancionar-a-rusia\/#breadcrumb\",\"itemListElement\":[{\"@type\":\"ListItem\",\"position\":1,\"name\":\"Portada\",\"item\":\"https:\/\/aeronoticias.com.pe\/noticiero\/\"},{\"@type\":\"ListItem\",\"position\":2,\"name\":\"Bruselas, atrapada en el nudo del gasoducto: \u00bfCambios pol\u00edticos para sancionar a Rusia?\"}]},{\"@type\":\"WebSite\",\"@id\":\"https:\/\/aeronoticias.com.pe\/noticiero\/#website\",\"url\":\"https:\/\/aeronoticias.com.pe\/noticiero\/\",\"name\":\"Aeronoticias.com.pe\",\"description\":\"Noticias de tranporte aereo, turismo, hoteles, gastronomia, actualidad, internacional\",\"potentialAction\":[{\"@type\":\"SearchAction\",\"target\":{\"@type\":\"EntryPoint\",\"urlTemplate\":\"https:\/\/aeronoticias.com.pe\/noticiero\/?s={search_term_string}\"},\"query-input\":{\"@type\":\"PropertyValueSpecification\",\"valueRequired\":true,\"valueName\":\"search_term_string\"}}],\"inLanguage\":\"es\"},{\"@type\":\"Person\",\"@id\":\"https:\/\/aeronoticias.com.pe\/noticiero\/#\/schema\/person\/fc1e5d578f4b62ba1cf7ac2bba1170a0\",\"name\":\"Redacci\u00f3n Aeronoticias\",\"url\":\"https:\/\/aeronoticias.com.pe\/noticiero\/author\/piloto\/\"}]}<\/script>\n<!-- \/ Yoast SEO plugin. -->","yoast_head_json":{"title":"Bruselas, atrapada en el nudo del gasoducto: \u00bfCambios pol\u00edticos para sancionar a Rusia?","description":"Portal de noticias del Per\u00fa sobre el transporte a\u00e9reo, aviaci\u00f3n, turismo, hoteleria, actualidad.","robots":{"index":"index","follow":"follow","max-snippet":"max-snippet:-1","max-image-preview":"max-image-preview:large","max-video-preview":"max-video-preview:-1"},"canonical":"https:\/\/aeronoticias.com.pe\/noticiero\/internacionales\/bruselas-atrapada-en-el-nudo-del-gasoducto-icambios-politicos-para-sancionar-a-rusia\/","og_locale":"es_ES","og_type":"article","og_title":"Bruselas, atrapada en el nudo del gasoducto: \u00bfCambios pol\u00edticos para sancionar a Rusia?","og_description":"Portal de noticias del Per\u00fa sobre el transporte a\u00e9reo, aviaci\u00f3n, turismo, hoteleria, actualidad.","og_url":"https:\/\/aeronoticias.com.pe\/noticiero\/internacionales\/bruselas-atrapada-en-el-nudo-del-gasoducto-icambios-politicos-para-sancionar-a-rusia\/","og_site_name":"Aeronoticias.com.pe","article_publisher":"https:\/\/www.facebook.com\/Aeronoticias.com.pe\/","article_published_time":"2014-06-08T12:00:00+00:00","author":"Redacci\u00f3n Aeronoticias","twitter_card":"summary_large_image","twitter_creator":"@aeronoticias","twitter_site":"@aeronoticias","twitter_misc":{"Escrito por":"Redacci\u00f3n Aeronoticias","Tiempo de lectura":"3 minutos"},"schema":{"@context":"https:\/\/schema.org","@graph":[{"@type":"WebPage","@id":"https:\/\/aeronoticias.com.pe\/noticiero\/internacionales\/bruselas-atrapada-en-el-nudo-del-gasoducto-icambios-politicos-para-sancionar-a-rusia\/","url":"https:\/\/aeronoticias.com.pe\/noticiero\/internacionales\/bruselas-atrapada-en-el-nudo-del-gasoducto-icambios-politicos-para-sancionar-a-rusia\/","name":"Bruselas, atrapada en el nudo del gasoducto: \u00bfCambios pol\u00edticos para sancionar a Rusia?","isPartOf":{"@id":"https:\/\/aeronoticias.com.pe\/noticiero\/#website"},"datePublished":"2014-06-08T12:00:00+00:00","author":{"@id":"https:\/\/aeronoticias.com.pe\/noticiero\/#\/schema\/person\/fc1e5d578f4b62ba1cf7ac2bba1170a0"},"description":"Portal de noticias del Per\u00fa sobre el transporte a\u00e9reo, aviaci\u00f3n, turismo, hoteleria, actualidad.","breadcrumb":{"@id":"https:\/\/aeronoticias.com.pe\/noticiero\/internacionales\/bruselas-atrapada-en-el-nudo-del-gasoducto-icambios-politicos-para-sancionar-a-rusia\/#breadcrumb"},"inLanguage":"es","potentialAction":[{"@type":"ReadAction","target":["https:\/\/aeronoticias.com.pe\/noticiero\/internacionales\/bruselas-atrapada-en-el-nudo-del-gasoducto-icambios-politicos-para-sancionar-a-rusia\/"]}]},{"@type":"BreadcrumbList","@id":"https:\/\/aeronoticias.com.pe\/noticiero\/internacionales\/bruselas-atrapada-en-el-nudo-del-gasoducto-icambios-politicos-para-sancionar-a-rusia\/#breadcrumb","itemListElement":[{"@type":"ListItem","position":1,"name":"Portada","item":"https:\/\/aeronoticias.com.pe\/noticiero\/"},{"@type":"ListItem","position":2,"name":"Bruselas, atrapada en el nudo del gasoducto: \u00bfCambios pol\u00edticos para sancionar a Rusia?"}]},{"@type":"WebSite","@id":"https:\/\/aeronoticias.com.pe\/noticiero\/#website","url":"https:\/\/aeronoticias.com.pe\/noticiero\/","name":"Aeronoticias.com.pe","description":"Noticias de tranporte aereo, turismo, hoteles, gastronomia, actualidad, internacional","potentialAction":[{"@type":"SearchAction","target":{"@type":"EntryPoint","urlTemplate":"https:\/\/aeronoticias.com.pe\/noticiero\/?s={search_term_string}"},"query-input":{"@type":"PropertyValueSpecification","valueRequired":true,"valueName":"search_term_string"}}],"inLanguage":"es"},{"@type":"Person","@id":"https:\/\/aeronoticias.com.pe\/noticiero\/#\/schema\/person\/fc1e5d578f4b62ba1cf7ac2bba1170a0","name":"Redacci\u00f3n Aeronoticias","url":"https:\/\/aeronoticias.com.pe\/noticiero\/author\/piloto\/"}]}},"_links":{"self":[{"href":"https:\/\/aeronoticias.com.pe\/noticiero\/wp-json\/wp\/v2\/posts\/46362","targetHints":{"allow":["GET"]}}],"collection":[{"href":"https:\/\/aeronoticias.com.pe\/noticiero\/wp-json\/wp\/v2\/posts"}],"about":[{"href":"https:\/\/aeronoticias.com.pe\/noticiero\/wp-json\/wp\/v2\/types\/post"}],"author":[{"embeddable":true,"href":"https:\/\/aeronoticias.com.pe\/noticiero\/wp-json\/wp\/v2\/users\/1"}],"replies":[{"embeddable":true,"href":"https:\/\/aeronoticias.com.pe\/noticiero\/wp-json\/wp\/v2\/comments?post=46362"}],"version-history":[{"count":0,"href":"https:\/\/aeronoticias.com.pe\/noticiero\/wp-json\/wp\/v2\/posts\/46362\/revisions"}],"wp:attachment":[{"href":"https:\/\/aeronoticias.com.pe\/noticiero\/wp-json\/wp\/v2\/media?parent=46362"}],"wp:term":[{"taxonomy":"category","embeddable":true,"href":"https:\/\/aeronoticias.com.pe\/noticiero\/wp-json\/wp\/v2\/categories?post=46362"},{"taxonomy":"post_tag","embeddable":true,"href":"https:\/\/aeronoticias.com.pe\/noticiero\/wp-json\/wp\/v2\/tags?post=46362"}],"curies":[{"name":"wp","href":"https:\/\/api.w.org\/{rel}","templated":true}]}}