{"id":46364,"date":"2014-06-08T12:00:00","date_gmt":"2014-06-08T12:00:00","guid":{"rendered":"http:\/\/desarrollo.mcvicious.com\/aero2020\/2014\/06\/08\/un-veterano-de-la-ii-guerra-mundial-pide-que-lo-dejen-regresar-a-italia-para-morir\/"},"modified":"2014-06-08T12:00:00","modified_gmt":"2014-06-08T12:00:00","slug":"un-veterano-de-la-ii-guerra-mundial-pide-que-lo-dejen-regresar-a-italia-para-morir","status":"publish","type":"post","link":"https:\/\/aeronoticias.com.pe\/noticiero\/internacionales\/un-veterano-de-la-ii-guerra-mundial-pide-que-lo-dejen-regresar-a-italia-para-morir\/","title":{"rendered":"Un veterano de la II Guerra Mundial pide que lo dejen regresar a Italia para morir"},"content":{"rendered":"<p style=\"text-align: justify;\"><img decoding=\"async\" src=\"images\/stories\/14\/06\/060614\/a30.jpg\" border=\"0\" \/><\/p>\n<p style=\"text-align: justify;\"><strong>(Aeronoticias).- Un veterano italiano de la II Guerra Mundial de 85 a\u00f1os que lleva viviendo en Uruguay desde hace una d\u00e9cada, lleva tiempo solicitado en vano al consulado italiano que le ayuden a conseguir un pasaje para regresar a su tierra natal.<\/strong><\/p>\n<p style=\"text-align: justify;\">  <!--more-->  \u00abHace cuatro a\u00f1os que vengo pidi\u00e9ndole al consulado que me d\u00e9 un pasaje para irme, ya que tengo 85 a\u00f1os y quiero pasar mis \u00faltimos d\u00edas en la tierra en la que nac\u00ed. Pero encontraron todas las excusas que se pueda imaginar para no darme el pasaje\u00bb, cuenta Giovanni Dal Molin al diario &#8216;El Pa\u00eds&#8217;.<\/p>\n<p style=\"text-align: justify;\">\u00abHace cuatro a\u00f1os que estoy con esto y no pasa nada\u00bb, explica el anciano. Seg\u00fan \u00e9l, le prometen hacer todo lo posible para que pueda viajar, pero las gestiones siguen sin dar resultado.<\/p>\n<p style=\"text-align: justify;\">\u00abHe decidido que me quiero ir, porque siento que estoy llegando al final del camino. Uno se da cuenta cu\u00e1ndo est\u00e1 al final del camino\u00bb, indic\u00f3.<\/p>\n<p style=\"text-align: justify;\">El veterano de la Segunda Guerra Mundial, que hace 10 a\u00f1os lleg\u00f3 a Uruguay, y que vive en una parroquia, relat\u00f3 que permaneci\u00f3 de pie frente al consulado con un cartel que rezaba: \u00abItaliano de 85 a\u00f1os quiere regresar a su pa\u00eds\u00bb, bajo la lluvia e que incluso trajo unas colchas y se acost\u00f3 a dormir ah\u00ed, pero que fue llevado a la comisar\u00eda.<\/p>\n<p style=\"text-align: justify;\">Ante la inacci\u00f3n del consulado italiano, el pr\u00f3ximo s\u00e1bado se celebrar\u00e1 una manifestaci\u00f3n a la que est\u00e1 convocada la comunidad italiana en Uruguay y todos los que quieren participar. Tambi\u00e9n se ha abierto una cuenta a nombre del veterano, para conseguir los fondos necesarios para regresar a su tierra.<\/p>\n<p style=\"text-align: justify;\">\u00a0<\/p>\n<p style=\"text-align: justify;\">Fuente:<strong><em> RT<\/em><\/strong><\/p>\n<p style=\"text-align: justify;\">Foto: <em><strong>RT<\/strong><\/em><\/p>\n<p style=\"text-align: justify;\"><em><strong><br \/><\/strong><\/em><\/p>\n<p>{jathumbnail off images=\u00bbimages\/stories\/14\/06\/060614\/a30.jpg\u00bb}<\/p>\n","protected":false},"excerpt":{"rendered":"<p>(Aeronoticias).- Un veterano italiano de la II Guerra Mundial de 85 a\u00f1os que lleva viviendo en Uruguay desde hace una d\u00e9cada, lleva tiempo solicitado en vano al consulado italiano que le ayuden a conseguir un pasaje para regresar a su tierra natal.<\/p>\n","protected":false},"author":1,"featured_media":0,"comment_status":"open","ping_status":"open","sticky":false,"template":"","format":"standard","meta":{"tdm_status":"","tdm_grid_status":"","footnotes":""},"categories":[34],"tags":[],"class_list":{"0":"post-46364","1":"post","2":"type-post","3":"status-publish","4":"format-standard","6":"category-internacionales"},"yoast_head":"<!-- This site is optimized with the Yoast SEO plugin v25.1 - https:\/\/yoast.com\/wordpress\/plugins\/seo\/ -->\n<title>Un veterano de la II Guerra Mundial pide que lo dejen regresar a Italia para morir<\/title>\n<meta name=\"description\" content=\"Portal de noticias del Per\u00fa sobre el transporte a\u00e9reo, aviaci\u00f3n, turismo, hoteleria, actualidad.\" \/>\n<meta name=\"robots\" content=\"index, follow, max-snippet:-1, max-image-preview:large, max-video-preview:-1\" \/>\n<link rel=\"canonical\" href=\"https:\/\/aeronoticias.com.pe\/noticiero\/internacionales\/un-veterano-de-la-ii-guerra-mundial-pide-que-lo-dejen-regresar-a-italia-para-morir\/\" \/>\n<meta property=\"og:locale\" content=\"es_ES\" \/>\n<meta property=\"og:type\" content=\"article\" \/>\n<meta property=\"og:title\" content=\"Un veterano de la II Guerra Mundial pide que lo dejen regresar a Italia para morir\" \/>\n<meta property=\"og:description\" content=\"Portal de noticias del Per\u00fa sobre el transporte a\u00e9reo, aviaci\u00f3n, turismo, hoteleria, actualidad.\" \/>\n<meta property=\"og:url\" content=\"https:\/\/aeronoticias.com.pe\/noticiero\/internacionales\/un-veterano-de-la-ii-guerra-mundial-pide-que-lo-dejen-regresar-a-italia-para-morir\/\" \/>\n<meta property=\"og:site_name\" content=\"Aeronoticias.com.pe\" \/>\n<meta property=\"article:publisher\" content=\"https:\/\/www.facebook.com\/Aeronoticias.com.pe\/\" \/>\n<meta property=\"article:published_time\" content=\"2014-06-08T12:00:00+00:00\" \/>\n<meta name=\"author\" content=\"Redacci\u00f3n Aeronoticias\" \/>\n<meta name=\"twitter:card\" content=\"summary_large_image\" \/>\n<meta name=\"twitter:creator\" content=\"@aeronoticias\" \/>\n<meta name=\"twitter:site\" content=\"@aeronoticias\" \/>\n<meta name=\"twitter:label1\" content=\"Escrito por\" \/>\n\t<meta name=\"twitter:data1\" content=\"Redacci\u00f3n Aeronoticias\" \/>\n\t<meta name=\"twitter:label2\" content=\"Tiempo de lectura\" \/>\n\t<meta name=\"twitter:data2\" content=\"1 minuto\" \/>\n<script type=\"application\/ld+json\" class=\"yoast-schema-graph\">{\"@context\":\"https:\/\/schema.org\",\"@graph\":[{\"@type\":\"WebPage\",\"@id\":\"https:\/\/aeronoticias.com.pe\/noticiero\/internacionales\/un-veterano-de-la-ii-guerra-mundial-pide-que-lo-dejen-regresar-a-italia-para-morir\/\",\"url\":\"https:\/\/aeronoticias.com.pe\/noticiero\/internacionales\/un-veterano-de-la-ii-guerra-mundial-pide-que-lo-dejen-regresar-a-italia-para-morir\/\",\"name\":\"Un veterano de la II Guerra Mundial pide que lo dejen regresar a Italia para morir\",\"isPartOf\":{\"@id\":\"https:\/\/aeronoticias.com.pe\/noticiero\/#website\"},\"datePublished\":\"2014-06-08T12:00:00+00:00\",\"author\":{\"@id\":\"https:\/\/aeronoticias.com.pe\/noticiero\/#\/schema\/person\/fc1e5d578f4b62ba1cf7ac2bba1170a0\"},\"description\":\"Portal de noticias del Per\u00fa sobre el transporte a\u00e9reo, aviaci\u00f3n, turismo, hoteleria, actualidad.\",\"breadcrumb\":{\"@id\":\"https:\/\/aeronoticias.com.pe\/noticiero\/internacionales\/un-veterano-de-la-ii-guerra-mundial-pide-que-lo-dejen-regresar-a-italia-para-morir\/#breadcrumb\"},\"inLanguage\":\"es\",\"potentialAction\":[{\"@type\":\"ReadAction\",\"target\":[\"https:\/\/aeronoticias.com.pe\/noticiero\/internacionales\/un-veterano-de-la-ii-guerra-mundial-pide-que-lo-dejen-regresar-a-italia-para-morir\/\"]}]},{\"@type\":\"BreadcrumbList\",\"@id\":\"https:\/\/aeronoticias.com.pe\/noticiero\/internacionales\/un-veterano-de-la-ii-guerra-mundial-pide-que-lo-dejen-regresar-a-italia-para-morir\/#breadcrumb\",\"itemListElement\":[{\"@type\":\"ListItem\",\"position\":1,\"name\":\"Portada\",\"item\":\"https:\/\/aeronoticias.com.pe\/noticiero\/\"},{\"@type\":\"ListItem\",\"position\":2,\"name\":\"Un veterano de la II Guerra Mundial pide que lo dejen regresar a Italia para morir\"}]},{\"@type\":\"WebSite\",\"@id\":\"https:\/\/aeronoticias.com.pe\/noticiero\/#website\",\"url\":\"https:\/\/aeronoticias.com.pe\/noticiero\/\",\"name\":\"Aeronoticias.com.pe\",\"description\":\"Noticias de tranporte aereo, turismo, hoteles, gastronomia, actualidad, internacional\",\"potentialAction\":[{\"@type\":\"SearchAction\",\"target\":{\"@type\":\"EntryPoint\",\"urlTemplate\":\"https:\/\/aeronoticias.com.pe\/noticiero\/?s={search_term_string}\"},\"query-input\":{\"@type\":\"PropertyValueSpecification\",\"valueRequired\":true,\"valueName\":\"search_term_string\"}}],\"inLanguage\":\"es\"},{\"@type\":\"Person\",\"@id\":\"https:\/\/aeronoticias.com.pe\/noticiero\/#\/schema\/person\/fc1e5d578f4b62ba1cf7ac2bba1170a0\",\"name\":\"Redacci\u00f3n Aeronoticias\",\"url\":\"https:\/\/aeronoticias.com.pe\/noticiero\/author\/piloto\/\"}]}<\/script>\n<!-- \/ Yoast SEO plugin. -->","yoast_head_json":{"title":"Un veterano de la II Guerra Mundial pide que lo dejen regresar a Italia para morir","description":"Portal de noticias del Per\u00fa sobre el transporte a\u00e9reo, aviaci\u00f3n, turismo, hoteleria, actualidad.","robots":{"index":"index","follow":"follow","max-snippet":"max-snippet:-1","max-image-preview":"max-image-preview:large","max-video-preview":"max-video-preview:-1"},"canonical":"https:\/\/aeronoticias.com.pe\/noticiero\/internacionales\/un-veterano-de-la-ii-guerra-mundial-pide-que-lo-dejen-regresar-a-italia-para-morir\/","og_locale":"es_ES","og_type":"article","og_title":"Un veterano de la II Guerra Mundial pide que lo dejen regresar a Italia para morir","og_description":"Portal de noticias del Per\u00fa sobre el transporte a\u00e9reo, aviaci\u00f3n, turismo, hoteleria, actualidad.","og_url":"https:\/\/aeronoticias.com.pe\/noticiero\/internacionales\/un-veterano-de-la-ii-guerra-mundial-pide-que-lo-dejen-regresar-a-italia-para-morir\/","og_site_name":"Aeronoticias.com.pe","article_publisher":"https:\/\/www.facebook.com\/Aeronoticias.com.pe\/","article_published_time":"2014-06-08T12:00:00+00:00","author":"Redacci\u00f3n Aeronoticias","twitter_card":"summary_large_image","twitter_creator":"@aeronoticias","twitter_site":"@aeronoticias","twitter_misc":{"Escrito por":"Redacci\u00f3n Aeronoticias","Tiempo de lectura":"1 minuto"},"schema":{"@context":"https:\/\/schema.org","@graph":[{"@type":"WebPage","@id":"https:\/\/aeronoticias.com.pe\/noticiero\/internacionales\/un-veterano-de-la-ii-guerra-mundial-pide-que-lo-dejen-regresar-a-italia-para-morir\/","url":"https:\/\/aeronoticias.com.pe\/noticiero\/internacionales\/un-veterano-de-la-ii-guerra-mundial-pide-que-lo-dejen-regresar-a-italia-para-morir\/","name":"Un veterano de la II Guerra Mundial pide que lo dejen regresar a Italia para morir","isPartOf":{"@id":"https:\/\/aeronoticias.com.pe\/noticiero\/#website"},"datePublished":"2014-06-08T12:00:00+00:00","author":{"@id":"https:\/\/aeronoticias.com.pe\/noticiero\/#\/schema\/person\/fc1e5d578f4b62ba1cf7ac2bba1170a0"},"description":"Portal de noticias del Per\u00fa sobre el transporte a\u00e9reo, aviaci\u00f3n, turismo, hoteleria, actualidad.","breadcrumb":{"@id":"https:\/\/aeronoticias.com.pe\/noticiero\/internacionales\/un-veterano-de-la-ii-guerra-mundial-pide-que-lo-dejen-regresar-a-italia-para-morir\/#breadcrumb"},"inLanguage":"es","potentialAction":[{"@type":"ReadAction","target":["https:\/\/aeronoticias.com.pe\/noticiero\/internacionales\/un-veterano-de-la-ii-guerra-mundial-pide-que-lo-dejen-regresar-a-italia-para-morir\/"]}]},{"@type":"BreadcrumbList","@id":"https:\/\/aeronoticias.com.pe\/noticiero\/internacionales\/un-veterano-de-la-ii-guerra-mundial-pide-que-lo-dejen-regresar-a-italia-para-morir\/#breadcrumb","itemListElement":[{"@type":"ListItem","position":1,"name":"Portada","item":"https:\/\/aeronoticias.com.pe\/noticiero\/"},{"@type":"ListItem","position":2,"name":"Un veterano de la II Guerra Mundial pide que lo dejen regresar a Italia para morir"}]},{"@type":"WebSite","@id":"https:\/\/aeronoticias.com.pe\/noticiero\/#website","url":"https:\/\/aeronoticias.com.pe\/noticiero\/","name":"Aeronoticias.com.pe","description":"Noticias de tranporte aereo, turismo, hoteles, gastronomia, actualidad, internacional","potentialAction":[{"@type":"SearchAction","target":{"@type":"EntryPoint","urlTemplate":"https:\/\/aeronoticias.com.pe\/noticiero\/?s={search_term_string}"},"query-input":{"@type":"PropertyValueSpecification","valueRequired":true,"valueName":"search_term_string"}}],"inLanguage":"es"},{"@type":"Person","@id":"https:\/\/aeronoticias.com.pe\/noticiero\/#\/schema\/person\/fc1e5d578f4b62ba1cf7ac2bba1170a0","name":"Redacci\u00f3n Aeronoticias","url":"https:\/\/aeronoticias.com.pe\/noticiero\/author\/piloto\/"}]}},"_links":{"self":[{"href":"https:\/\/aeronoticias.com.pe\/noticiero\/wp-json\/wp\/v2\/posts\/46364","targetHints":{"allow":["GET"]}}],"collection":[{"href":"https:\/\/aeronoticias.com.pe\/noticiero\/wp-json\/wp\/v2\/posts"}],"about":[{"href":"https:\/\/aeronoticias.com.pe\/noticiero\/wp-json\/wp\/v2\/types\/post"}],"author":[{"embeddable":true,"href":"https:\/\/aeronoticias.com.pe\/noticiero\/wp-json\/wp\/v2\/users\/1"}],"replies":[{"embeddable":true,"href":"https:\/\/aeronoticias.com.pe\/noticiero\/wp-json\/wp\/v2\/comments?post=46364"}],"version-history":[{"count":0,"href":"https:\/\/aeronoticias.com.pe\/noticiero\/wp-json\/wp\/v2\/posts\/46364\/revisions"}],"wp:attachment":[{"href":"https:\/\/aeronoticias.com.pe\/noticiero\/wp-json\/wp\/v2\/media?parent=46364"}],"wp:term":[{"taxonomy":"category","embeddable":true,"href":"https:\/\/aeronoticias.com.pe\/noticiero\/wp-json\/wp\/v2\/categories?post=46364"},{"taxonomy":"post_tag","embeddable":true,"href":"https:\/\/aeronoticias.com.pe\/noticiero\/wp-json\/wp\/v2\/tags?post=46364"}],"curies":[{"name":"wp","href":"https:\/\/api.w.org\/{rel}","templated":true}]}}