{"id":46501,"date":"2014-06-14T12:00:05","date_gmt":"2014-06-14T12:00:05","guid":{"rendered":"http:\/\/desarrollo.mcvicious.com\/aero2020\/2014\/06\/14\/corea-del-norte-planes-de-eeuu-amenazan-con-una-guerra-nuclear-global\/"},"modified":"2014-06-14T12:00:05","modified_gmt":"2014-06-14T12:00:05","slug":"corea-del-norte-planes-de-eeuu-amenazan-con-una-guerra-nuclear-global","status":"publish","type":"post","link":"https:\/\/aeronoticias.com.pe\/noticiero\/internacionales\/corea-del-norte-planes-de-eeuu-amenazan-con-una-guerra-nuclear-global\/","title":{"rendered":"Corea del Norte: Planes de EE.UU. amenazan con una guerra nuclear global"},"content":{"rendered":"<p style=\"text-align: justify;\"><img decoding=\"async\" src=\"images\/stories\/14\/06\/140614\/a18.jpg\" border=\"0\" \/><\/p>\n<p style=\"text-align: justify;\"><strong>(Aeronoticias).- Corea del Norte intensificar\u00e1 su capacidad de la fuerza nuclear de disuasi\u00f3n si EE.UU. despliega su sistema antimisiles bal\u00edsticos THAAD en el territorio de Corea del Sur, ya que esto sugiere una amenaza de guerra mundial global.<\/strong><\/p>\n<p style=\"text-align: justify;\">\u00a0<\/p>\n<p>  <!--more-->  <\/p>\n<p>Pionyang promete aumentar su capacidad de la fuerza nuclear de disuasi\u00f3n si EE.UU. realiza sus planes de desplegar en Corea del Sur los complejos m\u00f3viles del sistema antimisiles denominado THAAD, informa Yonhap citando a la Agencia Central de Noticias Coreana (KCNA, por sus siglas en ingl\u00e9s).<\/p>\n<p>\u00a0<\/p>\n<p style=\"text-align: justify;\">En una declaraci\u00f3n dada a conocer por un representante del Comit\u00e9 Nacional para la Paz de Corea del Norte (NPCK, por siglas en ingl\u00e9s), se observ\u00f3 que los planes de EE.UU. representan una amenaza de un conflicto nuclear global. \u00abNo vamos a seguir siendo observadores pasivos en la implementaci\u00f3n de estos escenarios de EE.UU. y sus militantes fuerzas aliadas. Responderemos decisivamente reforzando nuestra capacidad de la fuerza nuclear de disuasi\u00f3n\u00bb, reza el comunicado.<\/p>\n<p style=\"text-align: justify;\">A finales de mayo, el diario de negocios &#8216;Wall Street Journal&#8217; comunic\u00f3 que Washington est\u00e1 considerando el despliegue de sistemas de defensa antimisiles THAAD en Corea del Sur.<\/p>\n<p style=\"text-align: justify;\">El peri\u00f3dico cit\u00f3 a fuentes militares que indicaron que el pa\u00eds norteamericano estaba escogiendo la zona para la instalaci\u00f3n de estos sistemas interceptores de misiles de medio alcance, pero que la decisi\u00f3n final sobre el despliegue todav\u00eda no hab\u00eda sido tomada.<\/p>\n<p style=\"text-align: justify;\">\u00a0<\/p>\n<p style=\"text-align: justify;\">Fuente: <em><strong>RT<\/strong><\/em><\/p>\n<p style=\"text-align: justify;\">Foto: <strong><em>RT<\/em><\/strong><\/p>\n<p style=\"text-align: justify;\"><strong><em><br \/><\/em><\/strong><\/p>\n<p>{jathumbnail off images=\u00bbimages\/stories\/14\/06\/140614\/a18.jpg\u00bb}<\/p>\n","protected":false},"excerpt":{"rendered":"<p>(Aeronoticias).- Corea del Norte intensificar\u00e1 su capacidad de la fuerza nuclear de disuasi\u00f3n si EE.UU. despliega su sistema antimisiles bal\u00edsticos THAAD en el territorio de Corea del Sur, ya que esto sugiere una amenaza de guerra mundial global. \u00a0<\/p>\n","protected":false},"author":1,"featured_media":0,"comment_status":"open","ping_status":"open","sticky":false,"template":"","format":"standard","meta":{"tdm_status":"","tdm_grid_status":"","footnotes":""},"categories":[34],"tags":[],"class_list":{"0":"post-46501","1":"post","2":"type-post","3":"status-publish","4":"format-standard","6":"category-internacionales"},"yoast_head":"<!-- This site is optimized with the Yoast SEO plugin v25.1 - https:\/\/yoast.com\/wordpress\/plugins\/seo\/ -->\n<title>Corea del Norte: Planes de EE.UU. amenazan con una guerra nuclear global<\/title>\n<meta name=\"description\" content=\"Portal de noticias del Per\u00fa sobre el transporte a\u00e9reo, aviaci\u00f3n, turismo, hoteleria, actualidad.\" \/>\n<meta name=\"robots\" content=\"index, follow, max-snippet:-1, max-image-preview:large, max-video-preview:-1\" \/>\n<link rel=\"canonical\" href=\"https:\/\/aeronoticias.com.pe\/noticiero\/internacionales\/corea-del-norte-planes-de-eeuu-amenazan-con-una-guerra-nuclear-global\/\" \/>\n<meta property=\"og:locale\" content=\"es_ES\" \/>\n<meta property=\"og:type\" content=\"article\" \/>\n<meta property=\"og:title\" content=\"Corea del Norte: Planes de EE.UU. amenazan con una guerra nuclear global\" \/>\n<meta property=\"og:description\" content=\"Portal de noticias del Per\u00fa sobre el transporte a\u00e9reo, aviaci\u00f3n, turismo, hoteleria, actualidad.\" \/>\n<meta property=\"og:url\" content=\"https:\/\/aeronoticias.com.pe\/noticiero\/internacionales\/corea-del-norte-planes-de-eeuu-amenazan-con-una-guerra-nuclear-global\/\" \/>\n<meta property=\"og:site_name\" content=\"Aeronoticias.com.pe\" \/>\n<meta property=\"article:publisher\" content=\"https:\/\/www.facebook.com\/Aeronoticias.com.pe\/\" \/>\n<meta property=\"article:published_time\" content=\"2014-06-14T12:00:05+00:00\" \/>\n<meta name=\"author\" content=\"Redacci\u00f3n Aeronoticias\" \/>\n<meta name=\"twitter:card\" content=\"summary_large_image\" \/>\n<meta name=\"twitter:creator\" content=\"@aeronoticias\" \/>\n<meta name=\"twitter:site\" content=\"@aeronoticias\" \/>\n<meta name=\"twitter:label1\" content=\"Escrito por\" \/>\n\t<meta name=\"twitter:data1\" content=\"Redacci\u00f3n Aeronoticias\" \/>\n\t<meta name=\"twitter:label2\" content=\"Tiempo de lectura\" \/>\n\t<meta name=\"twitter:data2\" content=\"1 minuto\" \/>\n<script type=\"application\/ld+json\" class=\"yoast-schema-graph\">{\"@context\":\"https:\/\/schema.org\",\"@graph\":[{\"@type\":\"WebPage\",\"@id\":\"https:\/\/aeronoticias.com.pe\/noticiero\/internacionales\/corea-del-norte-planes-de-eeuu-amenazan-con-una-guerra-nuclear-global\/\",\"url\":\"https:\/\/aeronoticias.com.pe\/noticiero\/internacionales\/corea-del-norte-planes-de-eeuu-amenazan-con-una-guerra-nuclear-global\/\",\"name\":\"Corea del Norte: Planes de EE.UU. amenazan con una guerra nuclear global\",\"isPartOf\":{\"@id\":\"https:\/\/aeronoticias.com.pe\/noticiero\/#website\"},\"datePublished\":\"2014-06-14T12:00:05+00:00\",\"author\":{\"@id\":\"https:\/\/aeronoticias.com.pe\/noticiero\/#\/schema\/person\/fc1e5d578f4b62ba1cf7ac2bba1170a0\"},\"description\":\"Portal de noticias del Per\u00fa sobre el transporte a\u00e9reo, aviaci\u00f3n, turismo, hoteleria, actualidad.\",\"breadcrumb\":{\"@id\":\"https:\/\/aeronoticias.com.pe\/noticiero\/internacionales\/corea-del-norte-planes-de-eeuu-amenazan-con-una-guerra-nuclear-global\/#breadcrumb\"},\"inLanguage\":\"es\",\"potentialAction\":[{\"@type\":\"ReadAction\",\"target\":[\"https:\/\/aeronoticias.com.pe\/noticiero\/internacionales\/corea-del-norte-planes-de-eeuu-amenazan-con-una-guerra-nuclear-global\/\"]}]},{\"@type\":\"BreadcrumbList\",\"@id\":\"https:\/\/aeronoticias.com.pe\/noticiero\/internacionales\/corea-del-norte-planes-de-eeuu-amenazan-con-una-guerra-nuclear-global\/#breadcrumb\",\"itemListElement\":[{\"@type\":\"ListItem\",\"position\":1,\"name\":\"Portada\",\"item\":\"https:\/\/aeronoticias.com.pe\/noticiero\/\"},{\"@type\":\"ListItem\",\"position\":2,\"name\":\"Corea del Norte: Planes de EE.UU. amenazan con una guerra nuclear global\"}]},{\"@type\":\"WebSite\",\"@id\":\"https:\/\/aeronoticias.com.pe\/noticiero\/#website\",\"url\":\"https:\/\/aeronoticias.com.pe\/noticiero\/\",\"name\":\"Aeronoticias.com.pe\",\"description\":\"Noticias de tranporte aereo, turismo, hoteles, gastronomia, actualidad, internacional\",\"potentialAction\":[{\"@type\":\"SearchAction\",\"target\":{\"@type\":\"EntryPoint\",\"urlTemplate\":\"https:\/\/aeronoticias.com.pe\/noticiero\/?s={search_term_string}\"},\"query-input\":{\"@type\":\"PropertyValueSpecification\",\"valueRequired\":true,\"valueName\":\"search_term_string\"}}],\"inLanguage\":\"es\"},{\"@type\":\"Person\",\"@id\":\"https:\/\/aeronoticias.com.pe\/noticiero\/#\/schema\/person\/fc1e5d578f4b62ba1cf7ac2bba1170a0\",\"name\":\"Redacci\u00f3n Aeronoticias\",\"url\":\"https:\/\/aeronoticias.com.pe\/noticiero\/author\/piloto\/\"}]}<\/script>\n<!-- \/ Yoast SEO plugin. -->","yoast_head_json":{"title":"Corea del Norte: Planes de EE.UU. amenazan con una guerra nuclear global","description":"Portal de noticias del Per\u00fa sobre el transporte a\u00e9reo, aviaci\u00f3n, turismo, hoteleria, actualidad.","robots":{"index":"index","follow":"follow","max-snippet":"max-snippet:-1","max-image-preview":"max-image-preview:large","max-video-preview":"max-video-preview:-1"},"canonical":"https:\/\/aeronoticias.com.pe\/noticiero\/internacionales\/corea-del-norte-planes-de-eeuu-amenazan-con-una-guerra-nuclear-global\/","og_locale":"es_ES","og_type":"article","og_title":"Corea del Norte: Planes de EE.UU. amenazan con una guerra nuclear global","og_description":"Portal de noticias del Per\u00fa sobre el transporte a\u00e9reo, aviaci\u00f3n, turismo, hoteleria, actualidad.","og_url":"https:\/\/aeronoticias.com.pe\/noticiero\/internacionales\/corea-del-norte-planes-de-eeuu-amenazan-con-una-guerra-nuclear-global\/","og_site_name":"Aeronoticias.com.pe","article_publisher":"https:\/\/www.facebook.com\/Aeronoticias.com.pe\/","article_published_time":"2014-06-14T12:00:05+00:00","author":"Redacci\u00f3n Aeronoticias","twitter_card":"summary_large_image","twitter_creator":"@aeronoticias","twitter_site":"@aeronoticias","twitter_misc":{"Escrito por":"Redacci\u00f3n Aeronoticias","Tiempo de lectura":"1 minuto"},"schema":{"@context":"https:\/\/schema.org","@graph":[{"@type":"WebPage","@id":"https:\/\/aeronoticias.com.pe\/noticiero\/internacionales\/corea-del-norte-planes-de-eeuu-amenazan-con-una-guerra-nuclear-global\/","url":"https:\/\/aeronoticias.com.pe\/noticiero\/internacionales\/corea-del-norte-planes-de-eeuu-amenazan-con-una-guerra-nuclear-global\/","name":"Corea del Norte: Planes de EE.UU. amenazan con una guerra nuclear global","isPartOf":{"@id":"https:\/\/aeronoticias.com.pe\/noticiero\/#website"},"datePublished":"2014-06-14T12:00:05+00:00","author":{"@id":"https:\/\/aeronoticias.com.pe\/noticiero\/#\/schema\/person\/fc1e5d578f4b62ba1cf7ac2bba1170a0"},"description":"Portal de noticias del Per\u00fa sobre el transporte a\u00e9reo, aviaci\u00f3n, turismo, hoteleria, actualidad.","breadcrumb":{"@id":"https:\/\/aeronoticias.com.pe\/noticiero\/internacionales\/corea-del-norte-planes-de-eeuu-amenazan-con-una-guerra-nuclear-global\/#breadcrumb"},"inLanguage":"es","potentialAction":[{"@type":"ReadAction","target":["https:\/\/aeronoticias.com.pe\/noticiero\/internacionales\/corea-del-norte-planes-de-eeuu-amenazan-con-una-guerra-nuclear-global\/"]}]},{"@type":"BreadcrumbList","@id":"https:\/\/aeronoticias.com.pe\/noticiero\/internacionales\/corea-del-norte-planes-de-eeuu-amenazan-con-una-guerra-nuclear-global\/#breadcrumb","itemListElement":[{"@type":"ListItem","position":1,"name":"Portada","item":"https:\/\/aeronoticias.com.pe\/noticiero\/"},{"@type":"ListItem","position":2,"name":"Corea del Norte: Planes de EE.UU. amenazan con una guerra nuclear global"}]},{"@type":"WebSite","@id":"https:\/\/aeronoticias.com.pe\/noticiero\/#website","url":"https:\/\/aeronoticias.com.pe\/noticiero\/","name":"Aeronoticias.com.pe","description":"Noticias de tranporte aereo, turismo, hoteles, gastronomia, actualidad, internacional","potentialAction":[{"@type":"SearchAction","target":{"@type":"EntryPoint","urlTemplate":"https:\/\/aeronoticias.com.pe\/noticiero\/?s={search_term_string}"},"query-input":{"@type":"PropertyValueSpecification","valueRequired":true,"valueName":"search_term_string"}}],"inLanguage":"es"},{"@type":"Person","@id":"https:\/\/aeronoticias.com.pe\/noticiero\/#\/schema\/person\/fc1e5d578f4b62ba1cf7ac2bba1170a0","name":"Redacci\u00f3n Aeronoticias","url":"https:\/\/aeronoticias.com.pe\/noticiero\/author\/piloto\/"}]}},"_links":{"self":[{"href":"https:\/\/aeronoticias.com.pe\/noticiero\/wp-json\/wp\/v2\/posts\/46501","targetHints":{"allow":["GET"]}}],"collection":[{"href":"https:\/\/aeronoticias.com.pe\/noticiero\/wp-json\/wp\/v2\/posts"}],"about":[{"href":"https:\/\/aeronoticias.com.pe\/noticiero\/wp-json\/wp\/v2\/types\/post"}],"author":[{"embeddable":true,"href":"https:\/\/aeronoticias.com.pe\/noticiero\/wp-json\/wp\/v2\/users\/1"}],"replies":[{"embeddable":true,"href":"https:\/\/aeronoticias.com.pe\/noticiero\/wp-json\/wp\/v2\/comments?post=46501"}],"version-history":[{"count":0,"href":"https:\/\/aeronoticias.com.pe\/noticiero\/wp-json\/wp\/v2\/posts\/46501\/revisions"}],"wp:attachment":[{"href":"https:\/\/aeronoticias.com.pe\/noticiero\/wp-json\/wp\/v2\/media?parent=46501"}],"wp:term":[{"taxonomy":"category","embeddable":true,"href":"https:\/\/aeronoticias.com.pe\/noticiero\/wp-json\/wp\/v2\/categories?post=46501"},{"taxonomy":"post_tag","embeddable":true,"href":"https:\/\/aeronoticias.com.pe\/noticiero\/wp-json\/wp\/v2\/tags?post=46501"}],"curies":[{"name":"wp","href":"https:\/\/api.w.org\/{rel}","templated":true}]}}