{"id":46506,"date":"2014-06-15T12:00:05","date_gmt":"2014-06-15T12:00:05","guid":{"rendered":"http:\/\/desarrollo.mcvicious.com\/aero2020\/2014\/06\/15\/el-fbi-va-a-recolectar-mas-de-50-millones-de-caras-para-el-2015\/"},"modified":"2014-06-15T12:00:05","modified_gmt":"2014-06-15T12:00:05","slug":"el-fbi-va-a-recolectar-mas-de-50-millones-de-caras-para-el-2015","status":"publish","type":"post","link":"https:\/\/aeronoticias.com.pe\/noticiero\/internacionales\/el-fbi-va-a-recolectar-mas-de-50-millones-de-caras-para-el-2015\/","title":{"rendered":"El FBI va a recolectar m\u00e1s de 50 millones de caras para el 2015"},"content":{"rendered":"<p style=\"text-align: justify;\"><strong><img decoding=\"async\" src=\"images\/stories\/14\/06\/150614\/a23.jpg\" border=\"0\" \/><br \/><\/strong><\/p>\n<p style=\"text-align: justify;\"><strong>(Aeronoticias).- El FBI est\u00e1 sometiendo a prueba un proyecto de vigilancia de reconocimiento facial que almacenar\u00e1 millones de fotos, admiti\u00f3 el director James Comey.<\/strong><\/p>\n<p style=\"text-align: justify;\">  <!--more-->  \u00abEstamos probando el uso de fotos policiales, junto con la base de datos de huellas digitales, para ver si podemos encontrar a delincuentes comparando las im\u00e1genes con fotos policiales\u00bb, dijo el director del FBI, James Coney citado por &#8216;Arstechnica&#8217;.<\/p>\n<p style=\"text-align: justify;\">La Electronic Frontier Foundation, bajo la Ley por la Libertad de la Informaci\u00f3n (Freedom of Information Act), obtuvo los registros de la oficina que muestra que la llamada &#8216;base de datos de pr\u00f3xima generaci\u00f3n de identificaci\u00f3n&#8217; tendr\u00e1 unos 52 millones de im\u00e1genes para el pr\u00f3ximo a\u00f1o e incluir\u00e1 im\u00e1genes de personas inocentes.<\/p>\n<p style=\"text-align: justify;\">El nuevo proyecto, denominado &#8216;The Next Gen Identification&#8217;, combina todas estas formas de datos en el archivo de cada individuo, vincul\u00e1ndolas a los datos personales y biogr\u00e1ficos como nombre, domicilio, n\u00famero de identificaci\u00f3n, estatus migratorio, edad y raza, indica &#8216;Daily Mail&#8217;.<\/p>\n<p style=\"text-align: justify;\">El FBI est\u00e1 probando el programa con una compa\u00f1\u00eda llamada MorphoTrust, que tambi\u00e9n ha elaborado una base de datos de reconocimiento facial del Departamento de Estado con 244 millones de im\u00e1genes.<\/p>\n<p style=\"text-align: justify;\">Anteriormente, los documentos filtrados por Edward Snowden revelaron que la Agencia de Seguridad Nacional de EE.UU. est\u00e1 recolectando un gran n\u00famero de fotos de personas en las redes sociales que interceptan a trav\u00e9s de sus operaciones mundiales de vigilancia para usarlas en sofisticados programas de reconocimiento facial.<\/p>\n<p style=\"text-align: justify;\">\u00a0<\/p>\n<p style=\"text-align: justify;\">Fuente: <strong><em>RT<\/em><\/strong><\/p>\n<p style=\"text-align: justify;\">Foto: <strong><em>RT<\/em><\/strong><\/p>\n<p style=\"text-align: justify;\"><strong><em><br \/><\/em><\/strong><\/p>\n<p>{jathumbnail off images=\u00bbimages\/stories\/14\/06\/150614\/a23.jpg\u00bb}<\/p>\n","protected":false},"excerpt":{"rendered":"<p>(Aeronoticias).- El FBI est\u00e1 sometiendo a prueba un proyecto de vigilancia de reconocimiento facial que almacenar\u00e1 millones de fotos, admiti\u00f3 el director James Comey.<\/p>\n","protected":false},"author":1,"featured_media":0,"comment_status":"open","ping_status":"open","sticky":false,"template":"","format":"standard","meta":{"tdm_status":"","tdm_grid_status":"","footnotes":""},"categories":[34],"tags":[],"class_list":{"0":"post-46506","1":"post","2":"type-post","3":"status-publish","4":"format-standard","6":"category-internacionales"},"yoast_head":"<!-- This site is optimized with the Yoast SEO plugin v25.1 - https:\/\/yoast.com\/wordpress\/plugins\/seo\/ -->\n<title>El FBI va a recolectar m\u00e1s de 50 millones de caras para el 2015<\/title>\n<meta name=\"description\" content=\"Portal de noticias del Per\u00fa sobre el transporte a\u00e9reo, aviaci\u00f3n, turismo, hoteleria, actualidad.\" \/>\n<meta name=\"robots\" content=\"index, follow, max-snippet:-1, max-image-preview:large, max-video-preview:-1\" \/>\n<link rel=\"canonical\" href=\"https:\/\/aeronoticias.com.pe\/noticiero\/internacionales\/el-fbi-va-a-recolectar-mas-de-50-millones-de-caras-para-el-2015\/\" \/>\n<meta property=\"og:locale\" content=\"es_ES\" \/>\n<meta property=\"og:type\" content=\"article\" \/>\n<meta property=\"og:title\" content=\"El FBI va a recolectar m\u00e1s de 50 millones de caras para el 2015\" \/>\n<meta property=\"og:description\" content=\"Portal de noticias del Per\u00fa sobre el transporte a\u00e9reo, aviaci\u00f3n, turismo, hoteleria, actualidad.\" \/>\n<meta property=\"og:url\" content=\"https:\/\/aeronoticias.com.pe\/noticiero\/internacionales\/el-fbi-va-a-recolectar-mas-de-50-millones-de-caras-para-el-2015\/\" \/>\n<meta property=\"og:site_name\" content=\"Aeronoticias.com.pe\" \/>\n<meta property=\"article:publisher\" content=\"https:\/\/www.facebook.com\/Aeronoticias.com.pe\/\" \/>\n<meta property=\"article:published_time\" content=\"2014-06-15T12:00:05+00:00\" \/>\n<meta name=\"author\" content=\"Redacci\u00f3n Aeronoticias\" \/>\n<meta name=\"twitter:card\" content=\"summary_large_image\" \/>\n<meta name=\"twitter:creator\" content=\"@aeronoticias\" \/>\n<meta name=\"twitter:site\" content=\"@aeronoticias\" \/>\n<meta name=\"twitter:label1\" content=\"Escrito por\" \/>\n\t<meta name=\"twitter:data1\" content=\"Redacci\u00f3n Aeronoticias\" \/>\n\t<meta name=\"twitter:label2\" content=\"Tiempo de lectura\" \/>\n\t<meta name=\"twitter:data2\" content=\"1 minuto\" \/>\n<script type=\"application\/ld+json\" class=\"yoast-schema-graph\">{\"@context\":\"https:\/\/schema.org\",\"@graph\":[{\"@type\":\"WebPage\",\"@id\":\"https:\/\/aeronoticias.com.pe\/noticiero\/internacionales\/el-fbi-va-a-recolectar-mas-de-50-millones-de-caras-para-el-2015\/\",\"url\":\"https:\/\/aeronoticias.com.pe\/noticiero\/internacionales\/el-fbi-va-a-recolectar-mas-de-50-millones-de-caras-para-el-2015\/\",\"name\":\"El FBI va a recolectar m\u00e1s de 50 millones de caras para el 2015\",\"isPartOf\":{\"@id\":\"https:\/\/aeronoticias.com.pe\/noticiero\/#website\"},\"datePublished\":\"2014-06-15T12:00:05+00:00\",\"author\":{\"@id\":\"https:\/\/aeronoticias.com.pe\/noticiero\/#\/schema\/person\/fc1e5d578f4b62ba1cf7ac2bba1170a0\"},\"description\":\"Portal de noticias del Per\u00fa sobre el transporte a\u00e9reo, aviaci\u00f3n, turismo, hoteleria, actualidad.\",\"breadcrumb\":{\"@id\":\"https:\/\/aeronoticias.com.pe\/noticiero\/internacionales\/el-fbi-va-a-recolectar-mas-de-50-millones-de-caras-para-el-2015\/#breadcrumb\"},\"inLanguage\":\"es\",\"potentialAction\":[{\"@type\":\"ReadAction\",\"target\":[\"https:\/\/aeronoticias.com.pe\/noticiero\/internacionales\/el-fbi-va-a-recolectar-mas-de-50-millones-de-caras-para-el-2015\/\"]}]},{\"@type\":\"BreadcrumbList\",\"@id\":\"https:\/\/aeronoticias.com.pe\/noticiero\/internacionales\/el-fbi-va-a-recolectar-mas-de-50-millones-de-caras-para-el-2015\/#breadcrumb\",\"itemListElement\":[{\"@type\":\"ListItem\",\"position\":1,\"name\":\"Portada\",\"item\":\"https:\/\/aeronoticias.com.pe\/noticiero\/\"},{\"@type\":\"ListItem\",\"position\":2,\"name\":\"El FBI va a recolectar m\u00e1s de 50 millones de caras para el 2015\"}]},{\"@type\":\"WebSite\",\"@id\":\"https:\/\/aeronoticias.com.pe\/noticiero\/#website\",\"url\":\"https:\/\/aeronoticias.com.pe\/noticiero\/\",\"name\":\"Aeronoticias.com.pe\",\"description\":\"Noticias de tranporte aereo, turismo, hoteles, gastronomia, actualidad, internacional\",\"potentialAction\":[{\"@type\":\"SearchAction\",\"target\":{\"@type\":\"EntryPoint\",\"urlTemplate\":\"https:\/\/aeronoticias.com.pe\/noticiero\/?s={search_term_string}\"},\"query-input\":{\"@type\":\"PropertyValueSpecification\",\"valueRequired\":true,\"valueName\":\"search_term_string\"}}],\"inLanguage\":\"es\"},{\"@type\":\"Person\",\"@id\":\"https:\/\/aeronoticias.com.pe\/noticiero\/#\/schema\/person\/fc1e5d578f4b62ba1cf7ac2bba1170a0\",\"name\":\"Redacci\u00f3n Aeronoticias\",\"url\":\"https:\/\/aeronoticias.com.pe\/noticiero\/author\/piloto\/\"}]}<\/script>\n<!-- \/ Yoast SEO plugin. -->","yoast_head_json":{"title":"El FBI va a recolectar m\u00e1s de 50 millones de caras para el 2015","description":"Portal de noticias del Per\u00fa sobre el transporte a\u00e9reo, aviaci\u00f3n, turismo, hoteleria, actualidad.","robots":{"index":"index","follow":"follow","max-snippet":"max-snippet:-1","max-image-preview":"max-image-preview:large","max-video-preview":"max-video-preview:-1"},"canonical":"https:\/\/aeronoticias.com.pe\/noticiero\/internacionales\/el-fbi-va-a-recolectar-mas-de-50-millones-de-caras-para-el-2015\/","og_locale":"es_ES","og_type":"article","og_title":"El FBI va a recolectar m\u00e1s de 50 millones de caras para el 2015","og_description":"Portal de noticias del Per\u00fa sobre el transporte a\u00e9reo, aviaci\u00f3n, turismo, hoteleria, actualidad.","og_url":"https:\/\/aeronoticias.com.pe\/noticiero\/internacionales\/el-fbi-va-a-recolectar-mas-de-50-millones-de-caras-para-el-2015\/","og_site_name":"Aeronoticias.com.pe","article_publisher":"https:\/\/www.facebook.com\/Aeronoticias.com.pe\/","article_published_time":"2014-06-15T12:00:05+00:00","author":"Redacci\u00f3n Aeronoticias","twitter_card":"summary_large_image","twitter_creator":"@aeronoticias","twitter_site":"@aeronoticias","twitter_misc":{"Escrito por":"Redacci\u00f3n Aeronoticias","Tiempo de lectura":"1 minuto"},"schema":{"@context":"https:\/\/schema.org","@graph":[{"@type":"WebPage","@id":"https:\/\/aeronoticias.com.pe\/noticiero\/internacionales\/el-fbi-va-a-recolectar-mas-de-50-millones-de-caras-para-el-2015\/","url":"https:\/\/aeronoticias.com.pe\/noticiero\/internacionales\/el-fbi-va-a-recolectar-mas-de-50-millones-de-caras-para-el-2015\/","name":"El FBI va a recolectar m\u00e1s de 50 millones de caras para el 2015","isPartOf":{"@id":"https:\/\/aeronoticias.com.pe\/noticiero\/#website"},"datePublished":"2014-06-15T12:00:05+00:00","author":{"@id":"https:\/\/aeronoticias.com.pe\/noticiero\/#\/schema\/person\/fc1e5d578f4b62ba1cf7ac2bba1170a0"},"description":"Portal de noticias del Per\u00fa sobre el transporte a\u00e9reo, aviaci\u00f3n, turismo, hoteleria, actualidad.","breadcrumb":{"@id":"https:\/\/aeronoticias.com.pe\/noticiero\/internacionales\/el-fbi-va-a-recolectar-mas-de-50-millones-de-caras-para-el-2015\/#breadcrumb"},"inLanguage":"es","potentialAction":[{"@type":"ReadAction","target":["https:\/\/aeronoticias.com.pe\/noticiero\/internacionales\/el-fbi-va-a-recolectar-mas-de-50-millones-de-caras-para-el-2015\/"]}]},{"@type":"BreadcrumbList","@id":"https:\/\/aeronoticias.com.pe\/noticiero\/internacionales\/el-fbi-va-a-recolectar-mas-de-50-millones-de-caras-para-el-2015\/#breadcrumb","itemListElement":[{"@type":"ListItem","position":1,"name":"Portada","item":"https:\/\/aeronoticias.com.pe\/noticiero\/"},{"@type":"ListItem","position":2,"name":"El FBI va a recolectar m\u00e1s de 50 millones de caras para el 2015"}]},{"@type":"WebSite","@id":"https:\/\/aeronoticias.com.pe\/noticiero\/#website","url":"https:\/\/aeronoticias.com.pe\/noticiero\/","name":"Aeronoticias.com.pe","description":"Noticias de tranporte aereo, turismo, hoteles, gastronomia, actualidad, internacional","potentialAction":[{"@type":"SearchAction","target":{"@type":"EntryPoint","urlTemplate":"https:\/\/aeronoticias.com.pe\/noticiero\/?s={search_term_string}"},"query-input":{"@type":"PropertyValueSpecification","valueRequired":true,"valueName":"search_term_string"}}],"inLanguage":"es"},{"@type":"Person","@id":"https:\/\/aeronoticias.com.pe\/noticiero\/#\/schema\/person\/fc1e5d578f4b62ba1cf7ac2bba1170a0","name":"Redacci\u00f3n Aeronoticias","url":"https:\/\/aeronoticias.com.pe\/noticiero\/author\/piloto\/"}]}},"_links":{"self":[{"href":"https:\/\/aeronoticias.com.pe\/noticiero\/wp-json\/wp\/v2\/posts\/46506","targetHints":{"allow":["GET"]}}],"collection":[{"href":"https:\/\/aeronoticias.com.pe\/noticiero\/wp-json\/wp\/v2\/posts"}],"about":[{"href":"https:\/\/aeronoticias.com.pe\/noticiero\/wp-json\/wp\/v2\/types\/post"}],"author":[{"embeddable":true,"href":"https:\/\/aeronoticias.com.pe\/noticiero\/wp-json\/wp\/v2\/users\/1"}],"replies":[{"embeddable":true,"href":"https:\/\/aeronoticias.com.pe\/noticiero\/wp-json\/wp\/v2\/comments?post=46506"}],"version-history":[{"count":0,"href":"https:\/\/aeronoticias.com.pe\/noticiero\/wp-json\/wp\/v2\/posts\/46506\/revisions"}],"wp:attachment":[{"href":"https:\/\/aeronoticias.com.pe\/noticiero\/wp-json\/wp\/v2\/media?parent=46506"}],"wp:term":[{"taxonomy":"category","embeddable":true,"href":"https:\/\/aeronoticias.com.pe\/noticiero\/wp-json\/wp\/v2\/categories?post=46506"},{"taxonomy":"post_tag","embeddable":true,"href":"https:\/\/aeronoticias.com.pe\/noticiero\/wp-json\/wp\/v2\/tags?post=46506"}],"curies":[{"name":"wp","href":"https:\/\/api.w.org\/{rel}","templated":true}]}}