{"id":46509,"date":"2014-06-15T12:00:05","date_gmt":"2014-06-15T12:00:05","guid":{"rendered":"http:\/\/desarrollo.mcvicious.com\/aero2020\/2014\/06\/15\/qla-crisis-ucraniana-se-planeo-como-pretexto-para-acercar-la-otan-a-las-fronteras-rusasq\/"},"modified":"2014-06-15T12:00:05","modified_gmt":"2014-06-15T12:00:05","slug":"qla-crisis-ucraniana-se-planeo-como-pretexto-para-acercar-la-otan-a-las-fronteras-rusasq","status":"publish","type":"post","link":"https:\/\/aeronoticias.com.pe\/noticiero\/internacionales\/qla-crisis-ucraniana-se-planeo-como-pretexto-para-acercar-la-otan-a-las-fronteras-rusasq\/","title":{"rendered":"\u00abLa crisis ucraniana se plane\u00f3 como pretexto para acercar la OTAN a las fronteras rusas\u00bb"},"content":{"rendered":"<p style=\"text-align: justify;\"><img decoding=\"async\" src=\"images\/stories\/14\/06\/150614\/a27.jpg\" border=\"0\" \/><\/p>\n<p style=\"text-align: justify;\"><strong>(Aeronoticias).- El despliegue de las fuerzas de la OTAN en territorio ucraniano se plane\u00f3 hace tiempo como pretexto para acercar la Alianza Atl\u00e1ntica a las fronteras rusas, se\u00f1ala un catedr\u00e1tico de Harvard.<\/strong><\/p>\n<p>  <!--more-->  <\/p>\n<p>Ucrania ha sido elegida por la OTAN para desplegar sus tropas en Europa del Este, dijo el profesor de la Universidad de Harvard y experto en asuntos de Rusia Francis Boyle a la agencia RIA Novosti.<\/p>\n<p style=\"text-align: justify;\">\u00abLa crisis ucraniana fue ideada tambi\u00e9n como una guerra. Existi\u00f3 un plan de guerra que despu\u00e9s fue modificado y puesto en pr\u00e1ctica. [La OTAN] tiene previsto establecer su control en Ucrania utilizando a los neonazis en Kiev para despu\u00e9s meterse all\u00ed bajo cualquier pretexto\u00bb, indic\u00f3 el analista.<\/p>\n<p style=\"text-align: justify;\">\u00abTodo esto est\u00e1 siendo utilizado como pretexto para acercar a las fuerzas militares de la OTAN por v\u00eda a\u00e9rea, mar\u00edtima y terrestre hasta las fronteras de la Federaci\u00f3n de Rusia\u00bb, agreg\u00f3.<\/p>\n<p style=\"text-align: justify;\">En su opini\u00f3n, el presidente ruso, Vladimir Putin, se encuentra ante una situaci\u00f3n no solo complicada, sino tambi\u00e9n peligrosa. \u00abEE.UU.\u00bb, se\u00f1al\u00f3, \u00bb ya ha resucitado la Guerra Fr\u00eda con un golpe de Estado neonazi en Ucrania patrocinado, controlado y dirigido por EE.UU.\u00bb.<\/p>\n<p style=\"text-align: justify;\">El secretario general de la OTAN, Anders Fogh Rasmussen, asegura que no se tomar\u00e1n acciones militares contra Rusia. Sin embargo, existen pruebas que apuntan a todo lo contrario, sugiere un art\u00edculo publicado en el portal Global Research.<\/p>\n<p style=\"text-align: justify;\">EE.UU. ha enviado buques de guerra al mar B\u00e1ltico y al mar Negro, as\u00ed como una docena de cazas F-16 hacia Polonia para participar en unas maniobras de entrenamiento. Adem\u00e1s, el Pent\u00e1gono pretende incrementar hasta diez el n\u00famero de cazas F-15 que realizan operaciones de patrullaje de la OTAN en el espacio a\u00e9reo de los Estados b\u00e1lticos de Letonia, Lituania y Estonia.<\/p>\n<p style=\"text-align: justify;\">\u00a0<\/p>\n<p style=\"text-align: justify;\">Fuente: <strong><em>RT<\/em><\/strong><\/p>\n<p style=\"text-align: justify;\">Foto: <strong><em>RT<\/em><\/strong><\/p>\n<p style=\"text-align: justify;\"><strong><em><br \/><\/em><\/strong><\/p>\n<p>{jathumbnail off images=\u00bbimages\/stories\/14\/06\/150614\/a27.jpg\u00bb}<\/p>\n","protected":false},"excerpt":{"rendered":"<p>(Aeronoticias).- El despliegue de las fuerzas de la OTAN en territorio ucraniano se plane\u00f3 hace tiempo como pretexto para acercar la Alianza Atl\u00e1ntica a las fronteras rusas, se\u00f1ala un catedr\u00e1tico de Harvard.<\/p>\n","protected":false},"author":1,"featured_media":0,"comment_status":"open","ping_status":"open","sticky":false,"template":"","format":"standard","meta":{"tdm_status":"","tdm_grid_status":"","footnotes":""},"categories":[34],"tags":[],"class_list":{"0":"post-46509","1":"post","2":"type-post","3":"status-publish","4":"format-standard","6":"category-internacionales"},"yoast_head":"<!-- This site is optimized with the Yoast SEO plugin v25.1 - https:\/\/yoast.com\/wordpress\/plugins\/seo\/ -->\n<title>&quot;La crisis ucraniana se plane\u00f3 como pretexto para acercar la OTAN a las fronteras rusas&quot;<\/title>\n<meta name=\"description\" content=\"Portal de noticias del Per\u00fa sobre el transporte a\u00e9reo, aviaci\u00f3n, turismo, hoteleria, actualidad.\" \/>\n<meta name=\"robots\" content=\"index, follow, max-snippet:-1, max-image-preview:large, max-video-preview:-1\" \/>\n<link rel=\"canonical\" href=\"https:\/\/aeronoticias.com.pe\/noticiero\/internacionales\/qla-crisis-ucraniana-se-planeo-como-pretexto-para-acercar-la-otan-a-las-fronteras-rusasq\/\" \/>\n<meta property=\"og:locale\" content=\"es_ES\" \/>\n<meta property=\"og:type\" content=\"article\" \/>\n<meta property=\"og:title\" content=\"&quot;La crisis ucraniana se plane\u00f3 como pretexto para acercar la OTAN a las fronteras rusas&quot;\" \/>\n<meta property=\"og:description\" content=\"Portal de noticias del Per\u00fa sobre el transporte a\u00e9reo, aviaci\u00f3n, turismo, hoteleria, actualidad.\" \/>\n<meta property=\"og:url\" content=\"https:\/\/aeronoticias.com.pe\/noticiero\/internacionales\/qla-crisis-ucraniana-se-planeo-como-pretexto-para-acercar-la-otan-a-las-fronteras-rusasq\/\" \/>\n<meta property=\"og:site_name\" content=\"Aeronoticias.com.pe\" \/>\n<meta property=\"article:publisher\" content=\"https:\/\/www.facebook.com\/Aeronoticias.com.pe\/\" \/>\n<meta property=\"article:published_time\" content=\"2014-06-15T12:00:05+00:00\" \/>\n<meta name=\"author\" content=\"Redacci\u00f3n Aeronoticias\" \/>\n<meta name=\"twitter:card\" content=\"summary_large_image\" \/>\n<meta name=\"twitter:creator\" content=\"@aeronoticias\" \/>\n<meta name=\"twitter:site\" content=\"@aeronoticias\" \/>\n<meta name=\"twitter:label1\" content=\"Escrito por\" \/>\n\t<meta name=\"twitter:data1\" content=\"Redacci\u00f3n Aeronoticias\" \/>\n\t<meta name=\"twitter:label2\" content=\"Tiempo de lectura\" \/>\n\t<meta name=\"twitter:data2\" content=\"2 minutos\" \/>\n<script type=\"application\/ld+json\" class=\"yoast-schema-graph\">{\"@context\":\"https:\/\/schema.org\",\"@graph\":[{\"@type\":\"WebPage\",\"@id\":\"https:\/\/aeronoticias.com.pe\/noticiero\/internacionales\/qla-crisis-ucraniana-se-planeo-como-pretexto-para-acercar-la-otan-a-las-fronteras-rusasq\/\",\"url\":\"https:\/\/aeronoticias.com.pe\/noticiero\/internacionales\/qla-crisis-ucraniana-se-planeo-como-pretexto-para-acercar-la-otan-a-las-fronteras-rusasq\/\",\"name\":\"\\\"La crisis ucraniana se plane\u00f3 como pretexto para acercar la OTAN a las fronteras rusas\\\"\",\"isPartOf\":{\"@id\":\"https:\/\/aeronoticias.com.pe\/noticiero\/#website\"},\"datePublished\":\"2014-06-15T12:00:05+00:00\",\"author\":{\"@id\":\"https:\/\/aeronoticias.com.pe\/noticiero\/#\/schema\/person\/fc1e5d578f4b62ba1cf7ac2bba1170a0\"},\"description\":\"Portal de noticias del Per\u00fa sobre el transporte a\u00e9reo, aviaci\u00f3n, turismo, hoteleria, actualidad.\",\"breadcrumb\":{\"@id\":\"https:\/\/aeronoticias.com.pe\/noticiero\/internacionales\/qla-crisis-ucraniana-se-planeo-como-pretexto-para-acercar-la-otan-a-las-fronteras-rusasq\/#breadcrumb\"},\"inLanguage\":\"es\",\"potentialAction\":[{\"@type\":\"ReadAction\",\"target\":[\"https:\/\/aeronoticias.com.pe\/noticiero\/internacionales\/qla-crisis-ucraniana-se-planeo-como-pretexto-para-acercar-la-otan-a-las-fronteras-rusasq\/\"]}]},{\"@type\":\"BreadcrumbList\",\"@id\":\"https:\/\/aeronoticias.com.pe\/noticiero\/internacionales\/qla-crisis-ucraniana-se-planeo-como-pretexto-para-acercar-la-otan-a-las-fronteras-rusasq\/#breadcrumb\",\"itemListElement\":[{\"@type\":\"ListItem\",\"position\":1,\"name\":\"Portada\",\"item\":\"https:\/\/aeronoticias.com.pe\/noticiero\/\"},{\"@type\":\"ListItem\",\"position\":2,\"name\":\"\u00abLa crisis ucraniana se plane\u00f3 como pretexto para acercar la OTAN a las fronteras rusas\u00bb\"}]},{\"@type\":\"WebSite\",\"@id\":\"https:\/\/aeronoticias.com.pe\/noticiero\/#website\",\"url\":\"https:\/\/aeronoticias.com.pe\/noticiero\/\",\"name\":\"Aeronoticias.com.pe\",\"description\":\"Noticias de tranporte aereo, turismo, hoteles, gastronomia, actualidad, internacional\",\"potentialAction\":[{\"@type\":\"SearchAction\",\"target\":{\"@type\":\"EntryPoint\",\"urlTemplate\":\"https:\/\/aeronoticias.com.pe\/noticiero\/?s={search_term_string}\"},\"query-input\":{\"@type\":\"PropertyValueSpecification\",\"valueRequired\":true,\"valueName\":\"search_term_string\"}}],\"inLanguage\":\"es\"},{\"@type\":\"Person\",\"@id\":\"https:\/\/aeronoticias.com.pe\/noticiero\/#\/schema\/person\/fc1e5d578f4b62ba1cf7ac2bba1170a0\",\"name\":\"Redacci\u00f3n Aeronoticias\",\"url\":\"https:\/\/aeronoticias.com.pe\/noticiero\/author\/piloto\/\"}]}<\/script>\n<!-- \/ Yoast SEO plugin. -->","yoast_head_json":{"title":"\"La crisis ucraniana se plane\u00f3 como pretexto para acercar la OTAN a las fronteras rusas\"","description":"Portal de noticias del Per\u00fa sobre el transporte a\u00e9reo, aviaci\u00f3n, turismo, hoteleria, actualidad.","robots":{"index":"index","follow":"follow","max-snippet":"max-snippet:-1","max-image-preview":"max-image-preview:large","max-video-preview":"max-video-preview:-1"},"canonical":"https:\/\/aeronoticias.com.pe\/noticiero\/internacionales\/qla-crisis-ucraniana-se-planeo-como-pretexto-para-acercar-la-otan-a-las-fronteras-rusasq\/","og_locale":"es_ES","og_type":"article","og_title":"\"La crisis ucraniana se plane\u00f3 como pretexto para acercar la OTAN a las fronteras rusas\"","og_description":"Portal de noticias del Per\u00fa sobre el transporte a\u00e9reo, aviaci\u00f3n, turismo, hoteleria, actualidad.","og_url":"https:\/\/aeronoticias.com.pe\/noticiero\/internacionales\/qla-crisis-ucraniana-se-planeo-como-pretexto-para-acercar-la-otan-a-las-fronteras-rusasq\/","og_site_name":"Aeronoticias.com.pe","article_publisher":"https:\/\/www.facebook.com\/Aeronoticias.com.pe\/","article_published_time":"2014-06-15T12:00:05+00:00","author":"Redacci\u00f3n Aeronoticias","twitter_card":"summary_large_image","twitter_creator":"@aeronoticias","twitter_site":"@aeronoticias","twitter_misc":{"Escrito por":"Redacci\u00f3n Aeronoticias","Tiempo de lectura":"2 minutos"},"schema":{"@context":"https:\/\/schema.org","@graph":[{"@type":"WebPage","@id":"https:\/\/aeronoticias.com.pe\/noticiero\/internacionales\/qla-crisis-ucraniana-se-planeo-como-pretexto-para-acercar-la-otan-a-las-fronteras-rusasq\/","url":"https:\/\/aeronoticias.com.pe\/noticiero\/internacionales\/qla-crisis-ucraniana-se-planeo-como-pretexto-para-acercar-la-otan-a-las-fronteras-rusasq\/","name":"\"La crisis ucraniana se plane\u00f3 como pretexto para acercar la OTAN a las fronteras rusas\"","isPartOf":{"@id":"https:\/\/aeronoticias.com.pe\/noticiero\/#website"},"datePublished":"2014-06-15T12:00:05+00:00","author":{"@id":"https:\/\/aeronoticias.com.pe\/noticiero\/#\/schema\/person\/fc1e5d578f4b62ba1cf7ac2bba1170a0"},"description":"Portal de noticias del Per\u00fa sobre el transporte a\u00e9reo, aviaci\u00f3n, turismo, hoteleria, actualidad.","breadcrumb":{"@id":"https:\/\/aeronoticias.com.pe\/noticiero\/internacionales\/qla-crisis-ucraniana-se-planeo-como-pretexto-para-acercar-la-otan-a-las-fronteras-rusasq\/#breadcrumb"},"inLanguage":"es","potentialAction":[{"@type":"ReadAction","target":["https:\/\/aeronoticias.com.pe\/noticiero\/internacionales\/qla-crisis-ucraniana-se-planeo-como-pretexto-para-acercar-la-otan-a-las-fronteras-rusasq\/"]}]},{"@type":"BreadcrumbList","@id":"https:\/\/aeronoticias.com.pe\/noticiero\/internacionales\/qla-crisis-ucraniana-se-planeo-como-pretexto-para-acercar-la-otan-a-las-fronteras-rusasq\/#breadcrumb","itemListElement":[{"@type":"ListItem","position":1,"name":"Portada","item":"https:\/\/aeronoticias.com.pe\/noticiero\/"},{"@type":"ListItem","position":2,"name":"\u00abLa crisis ucraniana se plane\u00f3 como pretexto para acercar la OTAN a las fronteras rusas\u00bb"}]},{"@type":"WebSite","@id":"https:\/\/aeronoticias.com.pe\/noticiero\/#website","url":"https:\/\/aeronoticias.com.pe\/noticiero\/","name":"Aeronoticias.com.pe","description":"Noticias de tranporte aereo, turismo, hoteles, gastronomia, actualidad, internacional","potentialAction":[{"@type":"SearchAction","target":{"@type":"EntryPoint","urlTemplate":"https:\/\/aeronoticias.com.pe\/noticiero\/?s={search_term_string}"},"query-input":{"@type":"PropertyValueSpecification","valueRequired":true,"valueName":"search_term_string"}}],"inLanguage":"es"},{"@type":"Person","@id":"https:\/\/aeronoticias.com.pe\/noticiero\/#\/schema\/person\/fc1e5d578f4b62ba1cf7ac2bba1170a0","name":"Redacci\u00f3n Aeronoticias","url":"https:\/\/aeronoticias.com.pe\/noticiero\/author\/piloto\/"}]}},"_links":{"self":[{"href":"https:\/\/aeronoticias.com.pe\/noticiero\/wp-json\/wp\/v2\/posts\/46509","targetHints":{"allow":["GET"]}}],"collection":[{"href":"https:\/\/aeronoticias.com.pe\/noticiero\/wp-json\/wp\/v2\/posts"}],"about":[{"href":"https:\/\/aeronoticias.com.pe\/noticiero\/wp-json\/wp\/v2\/types\/post"}],"author":[{"embeddable":true,"href":"https:\/\/aeronoticias.com.pe\/noticiero\/wp-json\/wp\/v2\/users\/1"}],"replies":[{"embeddable":true,"href":"https:\/\/aeronoticias.com.pe\/noticiero\/wp-json\/wp\/v2\/comments?post=46509"}],"version-history":[{"count":0,"href":"https:\/\/aeronoticias.com.pe\/noticiero\/wp-json\/wp\/v2\/posts\/46509\/revisions"}],"wp:attachment":[{"href":"https:\/\/aeronoticias.com.pe\/noticiero\/wp-json\/wp\/v2\/media?parent=46509"}],"wp:term":[{"taxonomy":"category","embeddable":true,"href":"https:\/\/aeronoticias.com.pe\/noticiero\/wp-json\/wp\/v2\/categories?post=46509"},{"taxonomy":"post_tag","embeddable":true,"href":"https:\/\/aeronoticias.com.pe\/noticiero\/wp-json\/wp\/v2\/tags?post=46509"}],"curies":[{"name":"wp","href":"https:\/\/api.w.org\/{rel}","templated":true}]}}