{"id":46510,"date":"2014-06-15T12:00:05","date_gmt":"2014-06-15T12:00:05","guid":{"rendered":"http:\/\/desarrollo.mcvicious.com\/aero2020\/2014\/06\/15\/la-otan-llevara-a-cabo-la-ciberguerra-desde-un-poligono-especializado-en-estonia\/"},"modified":"2014-06-15T12:00:05","modified_gmt":"2014-06-15T12:00:05","slug":"la-otan-llevara-a-cabo-la-ciberguerra-desde-un-poligono-especializado-en-estonia","status":"publish","type":"post","link":"https:\/\/aeronoticias.com.pe\/noticiero\/internacionales\/la-otan-llevara-a-cabo-la-ciberguerra-desde-un-poligono-especializado-en-estonia\/","title":{"rendered":"La OTAN llevar\u00e1 a cabo la ciberguerra desde un pol\u00edgono especializado en Estonia"},"content":{"rendered":"<p style=\"text-align: justify;\"><strong><img decoding=\"async\" src=\"images\/stories\/14\/06\/150614\/a26.jpg\" border=\"0\" \/><br \/><\/strong><\/p>\n<p style=\"text-align: justify;\"><strong>(Aeronoticias).- Washington apoya la iniciativa de Estonia de crear en el territorio de este pa\u00eds b\u00e1ltico un ciberpol\u00edgono internacional con base en el ciberlaboratorio de las Fuerzas de Defensa estonias. Podr\u00e1 ser usado por todos los Estados miembros de la OTAN.<\/strong><\/p>\n<p style=\"text-align: justify;\">  <!--more-->  La propuesta de Estonia de crear en su territorio un pol\u00edgono cibern\u00e9tico fue revisada y aprobada por el jefe de las tropas de la OTAN desplegadas en el condado brit\u00e1nico de Norfolk, general Jean-Paul Palomeros, en el marco de su reuni\u00f3n con el Comandante de la Fuerza de Estonia, general mayor Riho Terras, informa la agencia Interfax citando al servicio de prensa del Estado Mayor de las Fuerzas de Defensa de Estonia.<\/p>\n<p style=\"text-align: justify;\">\u00abHemos recibido la confirmaci\u00f3n de que la propuesta de Estonia para crear en Tallin un ciberpol\u00edgono est\u00e1 aprobada por el comandante de las tropas y los preparativos ya han entrado en su fase activa\u00bb, afirm\u00f3 Terras. Seg\u00fan \u00e9l, la OTAN prev\u00e9 la financiaci\u00f3n del proyecto vinculado a la construcci\u00f3n de la infraestructura del centro inform\u00e1tico.<\/p>\n<p style=\"text-align: justify;\">Terras tambi\u00e9n afirm\u00f3 a Palomeros que est\u00e1 a favor del aumento de la presencia en Estonia de los soldados de EE.UU. y de otros aliados. \u00abEstonia con agrado ver\u00e1 ondeando las banderas de los Estados miembros de la OTAN\u00bb, dijo el general mayor.<\/p>\n<p style=\"text-align: justify;\">En respuesta, Palomeros asever\u00f3 que la Alianza est\u00e1 lista para una presencia permanente en los pa\u00edses b\u00e1lticos y la realizaci\u00f3n all\u00ed de los ejercicios internacionales, considerando esta actividad muy importante.<\/p>\n<p style=\"text-align: justify;\">Cabe mencionar que Estonia en 2013 propuso a la OTAN la creaci\u00f3n de un ciberpol\u00edgono basado en el ciberlaboratorio de las Fuerzas de Defensa de Estonia que podr\u00eda ser utilizado por todas las naciones de la OTAN para los ejercicios de seguridad cibern\u00e9tica con fin del entrenamiento de las unidades militares.<\/p>\n<p style=\"text-align: justify;\">Dicho laboratorio cibern\u00e9tico fue establecido en 2012 y ya en 2013 all\u00ed se llevaron a cabo los ejercicios cibern\u00e9ticos de la OTAN llamados Cyber Coalition (Coalici\u00f3n cibern\u00e9tica) y Locked Shields 2013 (Escudos bloqueados).<\/p>\n<p style=\"text-align: justify;\">\u00a0<\/p>\n<p style=\"text-align: justify;\">Fuente: <strong><em>RT<\/em><\/strong><\/p>\n<p style=\"text-align: justify;\">Foto: <strong><em>RT<\/em><\/strong><\/p>\n<p style=\"text-align: justify;\"><strong><em><br \/><\/em><\/strong><\/p>\n<p>{jathumbnail off images=\u00bbimages\/stories\/14\/06\/150614\/a26.jpg\u00bb}<\/p>\n","protected":false},"excerpt":{"rendered":"<p>(Aeronoticias).- Washington apoya la iniciativa de Estonia de crear en el territorio de este pa\u00eds b\u00e1ltico un ciberpol\u00edgono internacional con base en el ciberlaboratorio de las Fuerzas de Defensa estonias. Podr\u00e1 ser usado por todos los Estados miembros de la OTAN.<\/p>\n","protected":false},"author":1,"featured_media":0,"comment_status":"open","ping_status":"open","sticky":false,"template":"","format":"standard","meta":{"tdm_status":"","tdm_grid_status":"","footnotes":""},"categories":[34],"tags":[],"class_list":{"0":"post-46510","1":"post","2":"type-post","3":"status-publish","4":"format-standard","6":"category-internacionales"},"yoast_head":"<!-- This site is optimized with the Yoast SEO plugin v25.1 - https:\/\/yoast.com\/wordpress\/plugins\/seo\/ -->\n<title>La OTAN llevar\u00e1 a cabo la ciberguerra desde un pol\u00edgono especializado en Estonia<\/title>\n<meta name=\"description\" content=\"Portal de noticias del Per\u00fa sobre el transporte a\u00e9reo, aviaci\u00f3n, turismo, hoteleria, actualidad.\" \/>\n<meta name=\"robots\" content=\"index, follow, max-snippet:-1, max-image-preview:large, max-video-preview:-1\" \/>\n<link rel=\"canonical\" href=\"https:\/\/aeronoticias.com.pe\/noticiero\/internacionales\/la-otan-llevara-a-cabo-la-ciberguerra-desde-un-poligono-especializado-en-estonia\/\" \/>\n<meta property=\"og:locale\" content=\"es_ES\" \/>\n<meta property=\"og:type\" content=\"article\" \/>\n<meta property=\"og:title\" content=\"La OTAN llevar\u00e1 a cabo la ciberguerra desde un pol\u00edgono especializado en Estonia\" \/>\n<meta property=\"og:description\" content=\"Portal de noticias del Per\u00fa sobre el transporte a\u00e9reo, aviaci\u00f3n, turismo, hoteleria, actualidad.\" \/>\n<meta property=\"og:url\" content=\"https:\/\/aeronoticias.com.pe\/noticiero\/internacionales\/la-otan-llevara-a-cabo-la-ciberguerra-desde-un-poligono-especializado-en-estonia\/\" \/>\n<meta property=\"og:site_name\" content=\"Aeronoticias.com.pe\" \/>\n<meta property=\"article:publisher\" content=\"https:\/\/www.facebook.com\/Aeronoticias.com.pe\/\" \/>\n<meta property=\"article:published_time\" content=\"2014-06-15T12:00:05+00:00\" \/>\n<meta name=\"author\" content=\"Redacci\u00f3n Aeronoticias\" \/>\n<meta name=\"twitter:card\" content=\"summary_large_image\" \/>\n<meta name=\"twitter:creator\" content=\"@aeronoticias\" \/>\n<meta name=\"twitter:site\" content=\"@aeronoticias\" \/>\n<meta name=\"twitter:label1\" content=\"Escrito por\" \/>\n\t<meta name=\"twitter:data1\" content=\"Redacci\u00f3n Aeronoticias\" \/>\n\t<meta name=\"twitter:label2\" content=\"Tiempo de lectura\" \/>\n\t<meta name=\"twitter:data2\" content=\"2 minutos\" \/>\n<script type=\"application\/ld+json\" class=\"yoast-schema-graph\">{\"@context\":\"https:\/\/schema.org\",\"@graph\":[{\"@type\":\"WebPage\",\"@id\":\"https:\/\/aeronoticias.com.pe\/noticiero\/internacionales\/la-otan-llevara-a-cabo-la-ciberguerra-desde-un-poligono-especializado-en-estonia\/\",\"url\":\"https:\/\/aeronoticias.com.pe\/noticiero\/internacionales\/la-otan-llevara-a-cabo-la-ciberguerra-desde-un-poligono-especializado-en-estonia\/\",\"name\":\"La OTAN llevar\u00e1 a cabo la ciberguerra desde un pol\u00edgono especializado en Estonia\",\"isPartOf\":{\"@id\":\"https:\/\/aeronoticias.com.pe\/noticiero\/#website\"},\"datePublished\":\"2014-06-15T12:00:05+00:00\",\"author\":{\"@id\":\"https:\/\/aeronoticias.com.pe\/noticiero\/#\/schema\/person\/fc1e5d578f4b62ba1cf7ac2bba1170a0\"},\"description\":\"Portal de noticias del Per\u00fa sobre el transporte a\u00e9reo, aviaci\u00f3n, turismo, hoteleria, actualidad.\",\"breadcrumb\":{\"@id\":\"https:\/\/aeronoticias.com.pe\/noticiero\/internacionales\/la-otan-llevara-a-cabo-la-ciberguerra-desde-un-poligono-especializado-en-estonia\/#breadcrumb\"},\"inLanguage\":\"es\",\"potentialAction\":[{\"@type\":\"ReadAction\",\"target\":[\"https:\/\/aeronoticias.com.pe\/noticiero\/internacionales\/la-otan-llevara-a-cabo-la-ciberguerra-desde-un-poligono-especializado-en-estonia\/\"]}]},{\"@type\":\"BreadcrumbList\",\"@id\":\"https:\/\/aeronoticias.com.pe\/noticiero\/internacionales\/la-otan-llevara-a-cabo-la-ciberguerra-desde-un-poligono-especializado-en-estonia\/#breadcrumb\",\"itemListElement\":[{\"@type\":\"ListItem\",\"position\":1,\"name\":\"Portada\",\"item\":\"https:\/\/aeronoticias.com.pe\/noticiero\/\"},{\"@type\":\"ListItem\",\"position\":2,\"name\":\"La OTAN llevar\u00e1 a cabo la ciberguerra desde un pol\u00edgono especializado en Estonia\"}]},{\"@type\":\"WebSite\",\"@id\":\"https:\/\/aeronoticias.com.pe\/noticiero\/#website\",\"url\":\"https:\/\/aeronoticias.com.pe\/noticiero\/\",\"name\":\"Aeronoticias.com.pe\",\"description\":\"Noticias de tranporte aereo, turismo, hoteles, gastronomia, actualidad, internacional\",\"potentialAction\":[{\"@type\":\"SearchAction\",\"target\":{\"@type\":\"EntryPoint\",\"urlTemplate\":\"https:\/\/aeronoticias.com.pe\/noticiero\/?s={search_term_string}\"},\"query-input\":{\"@type\":\"PropertyValueSpecification\",\"valueRequired\":true,\"valueName\":\"search_term_string\"}}],\"inLanguage\":\"es\"},{\"@type\":\"Person\",\"@id\":\"https:\/\/aeronoticias.com.pe\/noticiero\/#\/schema\/person\/fc1e5d578f4b62ba1cf7ac2bba1170a0\",\"name\":\"Redacci\u00f3n Aeronoticias\",\"url\":\"https:\/\/aeronoticias.com.pe\/noticiero\/author\/piloto\/\"}]}<\/script>\n<!-- \/ Yoast SEO plugin. -->","yoast_head_json":{"title":"La OTAN llevar\u00e1 a cabo la ciberguerra desde un pol\u00edgono especializado en Estonia","description":"Portal de noticias del Per\u00fa sobre el transporte a\u00e9reo, aviaci\u00f3n, turismo, hoteleria, actualidad.","robots":{"index":"index","follow":"follow","max-snippet":"max-snippet:-1","max-image-preview":"max-image-preview:large","max-video-preview":"max-video-preview:-1"},"canonical":"https:\/\/aeronoticias.com.pe\/noticiero\/internacionales\/la-otan-llevara-a-cabo-la-ciberguerra-desde-un-poligono-especializado-en-estonia\/","og_locale":"es_ES","og_type":"article","og_title":"La OTAN llevar\u00e1 a cabo la ciberguerra desde un pol\u00edgono especializado en Estonia","og_description":"Portal de noticias del Per\u00fa sobre el transporte a\u00e9reo, aviaci\u00f3n, turismo, hoteleria, actualidad.","og_url":"https:\/\/aeronoticias.com.pe\/noticiero\/internacionales\/la-otan-llevara-a-cabo-la-ciberguerra-desde-un-poligono-especializado-en-estonia\/","og_site_name":"Aeronoticias.com.pe","article_publisher":"https:\/\/www.facebook.com\/Aeronoticias.com.pe\/","article_published_time":"2014-06-15T12:00:05+00:00","author":"Redacci\u00f3n Aeronoticias","twitter_card":"summary_large_image","twitter_creator":"@aeronoticias","twitter_site":"@aeronoticias","twitter_misc":{"Escrito por":"Redacci\u00f3n Aeronoticias","Tiempo de lectura":"2 minutos"},"schema":{"@context":"https:\/\/schema.org","@graph":[{"@type":"WebPage","@id":"https:\/\/aeronoticias.com.pe\/noticiero\/internacionales\/la-otan-llevara-a-cabo-la-ciberguerra-desde-un-poligono-especializado-en-estonia\/","url":"https:\/\/aeronoticias.com.pe\/noticiero\/internacionales\/la-otan-llevara-a-cabo-la-ciberguerra-desde-un-poligono-especializado-en-estonia\/","name":"La OTAN llevar\u00e1 a cabo la ciberguerra desde un pol\u00edgono especializado en Estonia","isPartOf":{"@id":"https:\/\/aeronoticias.com.pe\/noticiero\/#website"},"datePublished":"2014-06-15T12:00:05+00:00","author":{"@id":"https:\/\/aeronoticias.com.pe\/noticiero\/#\/schema\/person\/fc1e5d578f4b62ba1cf7ac2bba1170a0"},"description":"Portal de noticias del Per\u00fa sobre el transporte a\u00e9reo, aviaci\u00f3n, turismo, hoteleria, actualidad.","breadcrumb":{"@id":"https:\/\/aeronoticias.com.pe\/noticiero\/internacionales\/la-otan-llevara-a-cabo-la-ciberguerra-desde-un-poligono-especializado-en-estonia\/#breadcrumb"},"inLanguage":"es","potentialAction":[{"@type":"ReadAction","target":["https:\/\/aeronoticias.com.pe\/noticiero\/internacionales\/la-otan-llevara-a-cabo-la-ciberguerra-desde-un-poligono-especializado-en-estonia\/"]}]},{"@type":"BreadcrumbList","@id":"https:\/\/aeronoticias.com.pe\/noticiero\/internacionales\/la-otan-llevara-a-cabo-la-ciberguerra-desde-un-poligono-especializado-en-estonia\/#breadcrumb","itemListElement":[{"@type":"ListItem","position":1,"name":"Portada","item":"https:\/\/aeronoticias.com.pe\/noticiero\/"},{"@type":"ListItem","position":2,"name":"La OTAN llevar\u00e1 a cabo la ciberguerra desde un pol\u00edgono especializado en Estonia"}]},{"@type":"WebSite","@id":"https:\/\/aeronoticias.com.pe\/noticiero\/#website","url":"https:\/\/aeronoticias.com.pe\/noticiero\/","name":"Aeronoticias.com.pe","description":"Noticias de tranporte aereo, turismo, hoteles, gastronomia, actualidad, internacional","potentialAction":[{"@type":"SearchAction","target":{"@type":"EntryPoint","urlTemplate":"https:\/\/aeronoticias.com.pe\/noticiero\/?s={search_term_string}"},"query-input":{"@type":"PropertyValueSpecification","valueRequired":true,"valueName":"search_term_string"}}],"inLanguage":"es"},{"@type":"Person","@id":"https:\/\/aeronoticias.com.pe\/noticiero\/#\/schema\/person\/fc1e5d578f4b62ba1cf7ac2bba1170a0","name":"Redacci\u00f3n Aeronoticias","url":"https:\/\/aeronoticias.com.pe\/noticiero\/author\/piloto\/"}]}},"_links":{"self":[{"href":"https:\/\/aeronoticias.com.pe\/noticiero\/wp-json\/wp\/v2\/posts\/46510","targetHints":{"allow":["GET"]}}],"collection":[{"href":"https:\/\/aeronoticias.com.pe\/noticiero\/wp-json\/wp\/v2\/posts"}],"about":[{"href":"https:\/\/aeronoticias.com.pe\/noticiero\/wp-json\/wp\/v2\/types\/post"}],"author":[{"embeddable":true,"href":"https:\/\/aeronoticias.com.pe\/noticiero\/wp-json\/wp\/v2\/users\/1"}],"replies":[{"embeddable":true,"href":"https:\/\/aeronoticias.com.pe\/noticiero\/wp-json\/wp\/v2\/comments?post=46510"}],"version-history":[{"count":0,"href":"https:\/\/aeronoticias.com.pe\/noticiero\/wp-json\/wp\/v2\/posts\/46510\/revisions"}],"wp:attachment":[{"href":"https:\/\/aeronoticias.com.pe\/noticiero\/wp-json\/wp\/v2\/media?parent=46510"}],"wp:term":[{"taxonomy":"category","embeddable":true,"href":"https:\/\/aeronoticias.com.pe\/noticiero\/wp-json\/wp\/v2\/categories?post=46510"},{"taxonomy":"post_tag","embeddable":true,"href":"https:\/\/aeronoticias.com.pe\/noticiero\/wp-json\/wp\/v2\/tags?post=46510"}],"curies":[{"name":"wp","href":"https:\/\/api.w.org\/{rel}","templated":true}]}}