{"id":46655,"date":"2014-06-22T12:00:00","date_gmt":"2014-06-22T12:00:00","guid":{"rendered":"http:\/\/desarrollo.mcvicious.com\/aero2020\/2014\/06\/22\/brasil-desplazo-por-la-fuerza-a-miles-de-personas-para-dar-paso-al-mundial-de-futbol\/"},"modified":"2014-06-22T12:00:00","modified_gmt":"2014-06-22T12:00:00","slug":"brasil-desplazo-por-la-fuerza-a-miles-de-personas-para-dar-paso-al-mundial-de-futbol","status":"publish","type":"post","link":"https:\/\/aeronoticias.com.pe\/noticiero\/internacionales\/brasil-desplazo-por-la-fuerza-a-miles-de-personas-para-dar-paso-al-mundial-de-futbol\/","title":{"rendered":"Brasil desplaz\u00f3 por la fuerza a miles de personas para dar paso al Mundial de F\u00fatbol"},"content":{"rendered":"<p style=\"text-align: justify;\"><img decoding=\"async\" src=\"images\/stories\/14\/06\/220614\/a2.jpg\" border=\"0\" \/><\/p>\n<p style=\"text-align: justify;\"><strong>(Aeronoticias).- El Mundial de Brasil tiene su lado oscuro: para construir las instalaciones necesarias el Gobierno desplaz\u00f3 por la fuerza a miles de personas, convirtiendo el gran evento deportivo en un \u00abdesastre de pol\u00edtica social y p\u00fablica\u00bb, seg\u00fan un experto.<\/strong><\/p>\n<p style=\"text-align: justify;\">  <!--more-->  Organizaciones de derechos humanos no gubernamentales como Conectas estiman que unas 250.000 personas han sido desalojadas de sus hogares por el Gobierno brasile\u00f1o a causa de las nuevas obras p\u00fablicas relacionadas con la Copa del Mundo. Citando estas cifras, Anthony Ling, un arquitecto de Brasil, escribe en un art\u00edculo publicado en &#8216;The Daily Caller&#8217; que el evento \u00abse convirti\u00f3 en un desastre de pol\u00edtica social y p\u00fablica\u00bb para el pa\u00eds.<\/p>\n<p style=\"text-align: justify;\">\u00abEl intento de producir un \u00ablegado\u00bb no solo tiene un costo financiero, sino tambi\u00e9n un costo social muy valioso, posiblemente la mayor p\u00e9rdida de todo lo generado por la Copa del Mundo\u00bb, opina \u00e9l. El impacto de la construcci\u00f3n fren\u00e9tica de las instalaciones para el Mundial se siente m\u00e1s entre las capas m\u00e1s pobres de la sociedad, para las cuales el campeonato de f\u00fatbol ha llegado a ser \u00absin\u00f3nimo de desalojos, mudanzas y demolici\u00f3n\u00bb, observa Ling.<\/p>\n<p style=\"text-align: justify;\">La mayor\u00eda de los expulsados de sus viviendas son pol\u00edticamente d\u00e9biles, sus derechos de la propiedad no son reconocidos por el sistema jur\u00eddico oficial, lo que hace que sea f\u00e1cil desalojarlos con ninguna o poca indemnizaci\u00f3n, explica Ilya Somin, profesor de Derecho de la Escuela de Leyes de la Universidad Mason (Virginia, EE.UU.). \u00abNo tiene ning\u00fan sentido el desalojo de la gente con el fin de construir instalaciones costosas que suelen caer en desuso despu\u00e9s de dos o tres semanas del evento deportivo\u00bb, manifiesta a trav\u00e9s de un art\u00edculo publicado en &#8216;The Washington Post&#8217;.<\/p>\n<p style=\"text-align: justify;\">Pese a estas cifras tan horribles, Brasil no es el campe\u00f3n de los desalojos forzados para eventos deportivos: China expuls\u00f3 de sus hogares a unos 1,25 millones de personas para dar paso a los Juegos Ol\u00edmpicos de Pek\u00edn de 2008. Con lo cual, el profesor indica que en el futuro organizaciones como la FIFA y el Comit\u00e9 Ol\u00edmpico Internacional \u00a0\u00abdeber\u00edan asignar los eventos solo a los anfitriones que garanticen que podr\u00edan proporcionar las instalaciones necesarias sin desplazar forzadamente a la gente de sus hogares\u00bb.<\/p>\n<p style=\"text-align: justify;\">\u00a0<\/p>\n<p style=\"text-align: justify;\">Fuente: <strong><em>RT<\/em><\/strong><\/p>\n<p style=\"text-align: justify;\">Foto: <strong><em>RT<\/em><\/strong><\/p>\n<p style=\"text-align: justify;\"><strong><em><br \/><\/em><\/strong><\/p>\n<p>{jathumbnail off images=\u00bbimages\/stories\/14\/06\/220614\/a2.jpg\u00bb}<\/p>\n","protected":false},"excerpt":{"rendered":"<p>(Aeronoticias).- El Mundial de Brasil tiene su lado oscuro: para construir las instalaciones necesarias el Gobierno desplaz\u00f3 por la fuerza a miles de personas, convirtiendo el gran evento deportivo en un \u00abdesastre de pol\u00edtica social y p\u00fablica\u00bb, seg\u00fan un experto.<\/p>\n","protected":false},"author":1,"featured_media":0,"comment_status":"open","ping_status":"open","sticky":false,"template":"","format":"standard","meta":{"tdm_status":"","tdm_grid_status":"","footnotes":""},"categories":[34],"tags":[],"class_list":{"0":"post-46655","1":"post","2":"type-post","3":"status-publish","4":"format-standard","6":"category-internacionales"},"yoast_head":"<!-- This site is optimized with the Yoast SEO plugin v25.1 - https:\/\/yoast.com\/wordpress\/plugins\/seo\/ -->\n<title>Brasil desplaz\u00f3 por la fuerza a miles de personas para dar paso al Mundial de F\u00fatbol<\/title>\n<meta name=\"description\" content=\"Portal de noticias del Per\u00fa sobre el transporte a\u00e9reo, aviaci\u00f3n, turismo, hoteleria, actualidad.\" \/>\n<meta name=\"robots\" content=\"index, follow, max-snippet:-1, max-image-preview:large, max-video-preview:-1\" \/>\n<link rel=\"canonical\" href=\"https:\/\/aeronoticias.com.pe\/noticiero\/internacionales\/brasil-desplazo-por-la-fuerza-a-miles-de-personas-para-dar-paso-al-mundial-de-futbol\/\" \/>\n<meta property=\"og:locale\" content=\"es_ES\" \/>\n<meta property=\"og:type\" content=\"article\" \/>\n<meta property=\"og:title\" content=\"Brasil desplaz\u00f3 por la fuerza a miles de personas para dar paso al Mundial de F\u00fatbol\" \/>\n<meta property=\"og:description\" content=\"Portal de noticias del Per\u00fa sobre el transporte a\u00e9reo, aviaci\u00f3n, turismo, hoteleria, actualidad.\" \/>\n<meta property=\"og:url\" content=\"https:\/\/aeronoticias.com.pe\/noticiero\/internacionales\/brasil-desplazo-por-la-fuerza-a-miles-de-personas-para-dar-paso-al-mundial-de-futbol\/\" \/>\n<meta property=\"og:site_name\" content=\"Aeronoticias.com.pe\" \/>\n<meta property=\"article:publisher\" content=\"https:\/\/www.facebook.com\/Aeronoticias.com.pe\/\" \/>\n<meta property=\"article:published_time\" content=\"2014-06-22T12:00:00+00:00\" \/>\n<meta name=\"author\" content=\"Redacci\u00f3n Aeronoticias\" \/>\n<meta name=\"twitter:card\" content=\"summary_large_image\" \/>\n<meta name=\"twitter:creator\" content=\"@aeronoticias\" \/>\n<meta name=\"twitter:site\" content=\"@aeronoticias\" \/>\n<meta name=\"twitter:label1\" content=\"Escrito por\" \/>\n\t<meta name=\"twitter:data1\" content=\"Redacci\u00f3n Aeronoticias\" \/>\n\t<meta name=\"twitter:label2\" content=\"Tiempo de lectura\" \/>\n\t<meta name=\"twitter:data2\" content=\"2 minutos\" \/>\n<script type=\"application\/ld+json\" class=\"yoast-schema-graph\">{\"@context\":\"https:\/\/schema.org\",\"@graph\":[{\"@type\":\"WebPage\",\"@id\":\"https:\/\/aeronoticias.com.pe\/noticiero\/internacionales\/brasil-desplazo-por-la-fuerza-a-miles-de-personas-para-dar-paso-al-mundial-de-futbol\/\",\"url\":\"https:\/\/aeronoticias.com.pe\/noticiero\/internacionales\/brasil-desplazo-por-la-fuerza-a-miles-de-personas-para-dar-paso-al-mundial-de-futbol\/\",\"name\":\"Brasil desplaz\u00f3 por la fuerza a miles de personas para dar paso al Mundial de F\u00fatbol\",\"isPartOf\":{\"@id\":\"https:\/\/aeronoticias.com.pe\/noticiero\/#website\"},\"datePublished\":\"2014-06-22T12:00:00+00:00\",\"author\":{\"@id\":\"https:\/\/aeronoticias.com.pe\/noticiero\/#\/schema\/person\/fc1e5d578f4b62ba1cf7ac2bba1170a0\"},\"description\":\"Portal de noticias del Per\u00fa sobre el transporte a\u00e9reo, aviaci\u00f3n, turismo, hoteleria, actualidad.\",\"breadcrumb\":{\"@id\":\"https:\/\/aeronoticias.com.pe\/noticiero\/internacionales\/brasil-desplazo-por-la-fuerza-a-miles-de-personas-para-dar-paso-al-mundial-de-futbol\/#breadcrumb\"},\"inLanguage\":\"es\",\"potentialAction\":[{\"@type\":\"ReadAction\",\"target\":[\"https:\/\/aeronoticias.com.pe\/noticiero\/internacionales\/brasil-desplazo-por-la-fuerza-a-miles-de-personas-para-dar-paso-al-mundial-de-futbol\/\"]}]},{\"@type\":\"BreadcrumbList\",\"@id\":\"https:\/\/aeronoticias.com.pe\/noticiero\/internacionales\/brasil-desplazo-por-la-fuerza-a-miles-de-personas-para-dar-paso-al-mundial-de-futbol\/#breadcrumb\",\"itemListElement\":[{\"@type\":\"ListItem\",\"position\":1,\"name\":\"Portada\",\"item\":\"https:\/\/aeronoticias.com.pe\/noticiero\/\"},{\"@type\":\"ListItem\",\"position\":2,\"name\":\"Brasil desplaz\u00f3 por la fuerza a miles de personas para dar paso al Mundial de F\u00fatbol\"}]},{\"@type\":\"WebSite\",\"@id\":\"https:\/\/aeronoticias.com.pe\/noticiero\/#website\",\"url\":\"https:\/\/aeronoticias.com.pe\/noticiero\/\",\"name\":\"Aeronoticias.com.pe\",\"description\":\"Noticias de tranporte aereo, turismo, hoteles, gastronomia, actualidad, internacional\",\"potentialAction\":[{\"@type\":\"SearchAction\",\"target\":{\"@type\":\"EntryPoint\",\"urlTemplate\":\"https:\/\/aeronoticias.com.pe\/noticiero\/?s={search_term_string}\"},\"query-input\":{\"@type\":\"PropertyValueSpecification\",\"valueRequired\":true,\"valueName\":\"search_term_string\"}}],\"inLanguage\":\"es\"},{\"@type\":\"Person\",\"@id\":\"https:\/\/aeronoticias.com.pe\/noticiero\/#\/schema\/person\/fc1e5d578f4b62ba1cf7ac2bba1170a0\",\"name\":\"Redacci\u00f3n Aeronoticias\",\"url\":\"https:\/\/aeronoticias.com.pe\/noticiero\/author\/piloto\/\"}]}<\/script>\n<!-- \/ Yoast SEO plugin. -->","yoast_head_json":{"title":"Brasil desplaz\u00f3 por la fuerza a miles de personas para dar paso al Mundial de F\u00fatbol","description":"Portal de noticias del Per\u00fa sobre el transporte a\u00e9reo, aviaci\u00f3n, turismo, hoteleria, actualidad.","robots":{"index":"index","follow":"follow","max-snippet":"max-snippet:-1","max-image-preview":"max-image-preview:large","max-video-preview":"max-video-preview:-1"},"canonical":"https:\/\/aeronoticias.com.pe\/noticiero\/internacionales\/brasil-desplazo-por-la-fuerza-a-miles-de-personas-para-dar-paso-al-mundial-de-futbol\/","og_locale":"es_ES","og_type":"article","og_title":"Brasil desplaz\u00f3 por la fuerza a miles de personas para dar paso al Mundial de F\u00fatbol","og_description":"Portal de noticias del Per\u00fa sobre el transporte a\u00e9reo, aviaci\u00f3n, turismo, hoteleria, actualidad.","og_url":"https:\/\/aeronoticias.com.pe\/noticiero\/internacionales\/brasil-desplazo-por-la-fuerza-a-miles-de-personas-para-dar-paso-al-mundial-de-futbol\/","og_site_name":"Aeronoticias.com.pe","article_publisher":"https:\/\/www.facebook.com\/Aeronoticias.com.pe\/","article_published_time":"2014-06-22T12:00:00+00:00","author":"Redacci\u00f3n Aeronoticias","twitter_card":"summary_large_image","twitter_creator":"@aeronoticias","twitter_site":"@aeronoticias","twitter_misc":{"Escrito por":"Redacci\u00f3n Aeronoticias","Tiempo de lectura":"2 minutos"},"schema":{"@context":"https:\/\/schema.org","@graph":[{"@type":"WebPage","@id":"https:\/\/aeronoticias.com.pe\/noticiero\/internacionales\/brasil-desplazo-por-la-fuerza-a-miles-de-personas-para-dar-paso-al-mundial-de-futbol\/","url":"https:\/\/aeronoticias.com.pe\/noticiero\/internacionales\/brasil-desplazo-por-la-fuerza-a-miles-de-personas-para-dar-paso-al-mundial-de-futbol\/","name":"Brasil desplaz\u00f3 por la fuerza a miles de personas para dar paso al Mundial de F\u00fatbol","isPartOf":{"@id":"https:\/\/aeronoticias.com.pe\/noticiero\/#website"},"datePublished":"2014-06-22T12:00:00+00:00","author":{"@id":"https:\/\/aeronoticias.com.pe\/noticiero\/#\/schema\/person\/fc1e5d578f4b62ba1cf7ac2bba1170a0"},"description":"Portal de noticias del Per\u00fa sobre el transporte a\u00e9reo, aviaci\u00f3n, turismo, hoteleria, actualidad.","breadcrumb":{"@id":"https:\/\/aeronoticias.com.pe\/noticiero\/internacionales\/brasil-desplazo-por-la-fuerza-a-miles-de-personas-para-dar-paso-al-mundial-de-futbol\/#breadcrumb"},"inLanguage":"es","potentialAction":[{"@type":"ReadAction","target":["https:\/\/aeronoticias.com.pe\/noticiero\/internacionales\/brasil-desplazo-por-la-fuerza-a-miles-de-personas-para-dar-paso-al-mundial-de-futbol\/"]}]},{"@type":"BreadcrumbList","@id":"https:\/\/aeronoticias.com.pe\/noticiero\/internacionales\/brasil-desplazo-por-la-fuerza-a-miles-de-personas-para-dar-paso-al-mundial-de-futbol\/#breadcrumb","itemListElement":[{"@type":"ListItem","position":1,"name":"Portada","item":"https:\/\/aeronoticias.com.pe\/noticiero\/"},{"@type":"ListItem","position":2,"name":"Brasil desplaz\u00f3 por la fuerza a miles de personas para dar paso al Mundial de F\u00fatbol"}]},{"@type":"WebSite","@id":"https:\/\/aeronoticias.com.pe\/noticiero\/#website","url":"https:\/\/aeronoticias.com.pe\/noticiero\/","name":"Aeronoticias.com.pe","description":"Noticias de tranporte aereo, turismo, hoteles, gastronomia, actualidad, internacional","potentialAction":[{"@type":"SearchAction","target":{"@type":"EntryPoint","urlTemplate":"https:\/\/aeronoticias.com.pe\/noticiero\/?s={search_term_string}"},"query-input":{"@type":"PropertyValueSpecification","valueRequired":true,"valueName":"search_term_string"}}],"inLanguage":"es"},{"@type":"Person","@id":"https:\/\/aeronoticias.com.pe\/noticiero\/#\/schema\/person\/fc1e5d578f4b62ba1cf7ac2bba1170a0","name":"Redacci\u00f3n Aeronoticias","url":"https:\/\/aeronoticias.com.pe\/noticiero\/author\/piloto\/"}]}},"_links":{"self":[{"href":"https:\/\/aeronoticias.com.pe\/noticiero\/wp-json\/wp\/v2\/posts\/46655","targetHints":{"allow":["GET"]}}],"collection":[{"href":"https:\/\/aeronoticias.com.pe\/noticiero\/wp-json\/wp\/v2\/posts"}],"about":[{"href":"https:\/\/aeronoticias.com.pe\/noticiero\/wp-json\/wp\/v2\/types\/post"}],"author":[{"embeddable":true,"href":"https:\/\/aeronoticias.com.pe\/noticiero\/wp-json\/wp\/v2\/users\/1"}],"replies":[{"embeddable":true,"href":"https:\/\/aeronoticias.com.pe\/noticiero\/wp-json\/wp\/v2\/comments?post=46655"}],"version-history":[{"count":0,"href":"https:\/\/aeronoticias.com.pe\/noticiero\/wp-json\/wp\/v2\/posts\/46655\/revisions"}],"wp:attachment":[{"href":"https:\/\/aeronoticias.com.pe\/noticiero\/wp-json\/wp\/v2\/media?parent=46655"}],"wp:term":[{"taxonomy":"category","embeddable":true,"href":"https:\/\/aeronoticias.com.pe\/noticiero\/wp-json\/wp\/v2\/categories?post=46655"},{"taxonomy":"post_tag","embeddable":true,"href":"https:\/\/aeronoticias.com.pe\/noticiero\/wp-json\/wp\/v2\/tags?post=46655"}],"curies":[{"name":"wp","href":"https:\/\/api.w.org\/{rel}","templated":true}]}}