{"id":46656,"date":"2014-06-22T12:00:00","date_gmt":"2014-06-22T12:00:00","guid":{"rendered":"http:\/\/desarrollo.mcvicious.com\/aero2020\/2014\/06\/22\/eeuu-habria-usado-uranio-empobrecido-en-zonas-civiles-de-irak-en-2003\/"},"modified":"2014-06-22T12:00:00","modified_gmt":"2014-06-22T12:00:00","slug":"eeuu-habria-usado-uranio-empobrecido-en-zonas-civiles-de-irak-en-2003","status":"publish","type":"post","link":"https:\/\/aeronoticias.com.pe\/noticiero\/internacionales\/eeuu-habria-usado-uranio-empobrecido-en-zonas-civiles-de-irak-en-2003\/","title":{"rendered":"EE.UU. habr\u00eda usado uranio empobrecido en zonas civiles de Irak en 2003"},"content":{"rendered":"<p style=\"text-align: justify;\"><img decoding=\"async\" src=\"images\/stories\/14\/06\/220614\/a3.jpg\" border=\"0\" \/><\/p>\n<p style=\"text-align: justify;\"><strong>(Aeronoticias).- Las fuerzas lideradas por Estados Unidos utilizaron armas de uranio empobrecido en zonas civiles durante la campa\u00f1a militar en Irak en 2003, seg\u00fan un nuevo estudio de una ONG holandesa.<\/strong><\/p>\n<p>  <!--more-->  <\/p>\n<p>El informe del grupo pacifista neerland\u00e9s PAX expone tambi\u00e9n la falta de responsabilidad por parte de las fuerzas de la coalici\u00f3n para realizar los esfuerzos de limpieza adecuados.<\/p>\n<p style=\"text-align: justify;\">Por primera vez, las coordenadas de varios lugares donde las fuerzas invasoras utilizaron unos 10.000 proyectiles de uranio empobrecido fueron suministradas por el Ministerio de Defensa holand\u00e9s para ser utilizados en un estudio realizado por el PAX.<\/p>\n<p style=\"text-align: justify;\">La mayor\u00eda de proyectiles de uranio empobrecido utilizados por la coalici\u00f3n encabezada por Estados Unidos fueron usados en zonas muy pobladas, dice el grupo. Samawa, Nasiriya y Basora son solo algunas de las \u00e1reas urbanas en las que se utiliz\u00f3 esta munici\u00f3n.<\/p>\n<p style=\"text-align: justify;\">Las coordenadas de GPS se entregaron inicialmente a disposici\u00f3n del Ministerio de Defensa holand\u00e9s debido a que ese pa\u00eds estaba preocupado por la posible contaminaci\u00f3n de sus tropas. El Ministerio entonces comparti\u00f3 los datos con PAX bajo la ley de libertad de informaci\u00f3n.<\/p>\n<p style=\"text-align: justify;\">Gran parte de las coordenadas donde se dispararon este tipo de municiones todav\u00eda se desconoce, pues se estima que m\u00e1s de 300.000 proyectiles de uranio empobrecido fueron lanzados por la coalici\u00f3n liderada por Washington.<\/p>\n<p style=\"text-align: justify;\">La ONG se\u00f1al\u00f3 adem\u00e1s que el riesgo para la salud por los m\u00e1s de 440.000 kilos de uranio empobrecido utilizados por las fuerzas occidentales a\u00fan no est\u00e1 claro, ya que \u00abni las fuerzas de la coalici\u00f3n ni el Gobierno iraqu\u00ed han apoyado una investigaci\u00f3n en salubridad por la exposici\u00f3n de civiles al uranio empobrecido\u00bb.<\/p>\n<p style=\"text-align: justify;\">\u00a0<\/p>\n<p style=\"text-align: justify;\">Fuente: <strong><em>RT<\/em><\/strong><\/p>\n<p style=\"text-align: justify;\">Foto: <strong><em>RT<\/em><\/strong><\/p>\n<p style=\"text-align: justify;\"><strong><em><br \/><\/em><\/strong><\/p>\n<p>{jathumbnail off images=\u00bbimages\/stories\/14\/06\/220614\/a3.jpg\u00bb}<\/p>\n","protected":false},"excerpt":{"rendered":"<p>(Aeronoticias).- Las fuerzas lideradas por Estados Unidos utilizaron armas de uranio empobrecido en zonas civiles durante la campa\u00f1a militar en Irak en 2003, seg\u00fan un nuevo estudio de una ONG holandesa.<\/p>\n","protected":false},"author":1,"featured_media":0,"comment_status":"open","ping_status":"open","sticky":false,"template":"","format":"standard","meta":{"tdm_status":"","tdm_grid_status":"","footnotes":""},"categories":[34],"tags":[],"class_list":{"0":"post-46656","1":"post","2":"type-post","3":"status-publish","4":"format-standard","6":"category-internacionales"},"yoast_head":"<!-- This site is optimized with the Yoast SEO plugin v25.1 - https:\/\/yoast.com\/wordpress\/plugins\/seo\/ -->\n<title>EE.UU. habr\u00eda usado uranio empobrecido en zonas civiles de Irak en 2003<\/title>\n<meta name=\"description\" content=\"Portal de noticias del Per\u00fa sobre el transporte a\u00e9reo, aviaci\u00f3n, turismo, hoteleria, actualidad.\" \/>\n<meta name=\"robots\" content=\"index, follow, max-snippet:-1, max-image-preview:large, max-video-preview:-1\" \/>\n<link rel=\"canonical\" href=\"https:\/\/aeronoticias.com.pe\/noticiero\/internacionales\/eeuu-habria-usado-uranio-empobrecido-en-zonas-civiles-de-irak-en-2003\/\" \/>\n<meta property=\"og:locale\" content=\"es_ES\" \/>\n<meta property=\"og:type\" content=\"article\" \/>\n<meta property=\"og:title\" content=\"EE.UU. habr\u00eda usado uranio empobrecido en zonas civiles de Irak en 2003\" \/>\n<meta property=\"og:description\" content=\"Portal de noticias del Per\u00fa sobre el transporte a\u00e9reo, aviaci\u00f3n, turismo, hoteleria, actualidad.\" \/>\n<meta property=\"og:url\" content=\"https:\/\/aeronoticias.com.pe\/noticiero\/internacionales\/eeuu-habria-usado-uranio-empobrecido-en-zonas-civiles-de-irak-en-2003\/\" \/>\n<meta property=\"og:site_name\" content=\"Aeronoticias.com.pe\" \/>\n<meta property=\"article:publisher\" content=\"https:\/\/www.facebook.com\/Aeronoticias.com.pe\/\" \/>\n<meta property=\"article:published_time\" content=\"2014-06-22T12:00:00+00:00\" \/>\n<meta name=\"author\" content=\"Redacci\u00f3n Aeronoticias\" \/>\n<meta name=\"twitter:card\" content=\"summary_large_image\" \/>\n<meta name=\"twitter:creator\" content=\"@aeronoticias\" \/>\n<meta name=\"twitter:site\" content=\"@aeronoticias\" \/>\n<meta name=\"twitter:label1\" content=\"Escrito por\" \/>\n\t<meta name=\"twitter:data1\" content=\"Redacci\u00f3n Aeronoticias\" \/>\n\t<meta name=\"twitter:label2\" content=\"Tiempo de lectura\" \/>\n\t<meta name=\"twitter:data2\" content=\"2 minutos\" \/>\n<script type=\"application\/ld+json\" class=\"yoast-schema-graph\">{\"@context\":\"https:\/\/schema.org\",\"@graph\":[{\"@type\":\"WebPage\",\"@id\":\"https:\/\/aeronoticias.com.pe\/noticiero\/internacionales\/eeuu-habria-usado-uranio-empobrecido-en-zonas-civiles-de-irak-en-2003\/\",\"url\":\"https:\/\/aeronoticias.com.pe\/noticiero\/internacionales\/eeuu-habria-usado-uranio-empobrecido-en-zonas-civiles-de-irak-en-2003\/\",\"name\":\"EE.UU. habr\u00eda usado uranio empobrecido en zonas civiles de Irak en 2003\",\"isPartOf\":{\"@id\":\"https:\/\/aeronoticias.com.pe\/noticiero\/#website\"},\"datePublished\":\"2014-06-22T12:00:00+00:00\",\"author\":{\"@id\":\"https:\/\/aeronoticias.com.pe\/noticiero\/#\/schema\/person\/fc1e5d578f4b62ba1cf7ac2bba1170a0\"},\"description\":\"Portal de noticias del Per\u00fa sobre el transporte a\u00e9reo, aviaci\u00f3n, turismo, hoteleria, actualidad.\",\"breadcrumb\":{\"@id\":\"https:\/\/aeronoticias.com.pe\/noticiero\/internacionales\/eeuu-habria-usado-uranio-empobrecido-en-zonas-civiles-de-irak-en-2003\/#breadcrumb\"},\"inLanguage\":\"es\",\"potentialAction\":[{\"@type\":\"ReadAction\",\"target\":[\"https:\/\/aeronoticias.com.pe\/noticiero\/internacionales\/eeuu-habria-usado-uranio-empobrecido-en-zonas-civiles-de-irak-en-2003\/\"]}]},{\"@type\":\"BreadcrumbList\",\"@id\":\"https:\/\/aeronoticias.com.pe\/noticiero\/internacionales\/eeuu-habria-usado-uranio-empobrecido-en-zonas-civiles-de-irak-en-2003\/#breadcrumb\",\"itemListElement\":[{\"@type\":\"ListItem\",\"position\":1,\"name\":\"Portada\",\"item\":\"https:\/\/aeronoticias.com.pe\/noticiero\/\"},{\"@type\":\"ListItem\",\"position\":2,\"name\":\"EE.UU. habr\u00eda usado uranio empobrecido en zonas civiles de Irak en 2003\"}]},{\"@type\":\"WebSite\",\"@id\":\"https:\/\/aeronoticias.com.pe\/noticiero\/#website\",\"url\":\"https:\/\/aeronoticias.com.pe\/noticiero\/\",\"name\":\"Aeronoticias.com.pe\",\"description\":\"Noticias de tranporte aereo, turismo, hoteles, gastronomia, actualidad, internacional\",\"potentialAction\":[{\"@type\":\"SearchAction\",\"target\":{\"@type\":\"EntryPoint\",\"urlTemplate\":\"https:\/\/aeronoticias.com.pe\/noticiero\/?s={search_term_string}\"},\"query-input\":{\"@type\":\"PropertyValueSpecification\",\"valueRequired\":true,\"valueName\":\"search_term_string\"}}],\"inLanguage\":\"es\"},{\"@type\":\"Person\",\"@id\":\"https:\/\/aeronoticias.com.pe\/noticiero\/#\/schema\/person\/fc1e5d578f4b62ba1cf7ac2bba1170a0\",\"name\":\"Redacci\u00f3n Aeronoticias\",\"url\":\"https:\/\/aeronoticias.com.pe\/noticiero\/author\/piloto\/\"}]}<\/script>\n<!-- \/ Yoast SEO plugin. -->","yoast_head_json":{"title":"EE.UU. habr\u00eda usado uranio empobrecido en zonas civiles de Irak en 2003","description":"Portal de noticias del Per\u00fa sobre el transporte a\u00e9reo, aviaci\u00f3n, turismo, hoteleria, actualidad.","robots":{"index":"index","follow":"follow","max-snippet":"max-snippet:-1","max-image-preview":"max-image-preview:large","max-video-preview":"max-video-preview:-1"},"canonical":"https:\/\/aeronoticias.com.pe\/noticiero\/internacionales\/eeuu-habria-usado-uranio-empobrecido-en-zonas-civiles-de-irak-en-2003\/","og_locale":"es_ES","og_type":"article","og_title":"EE.UU. habr\u00eda usado uranio empobrecido en zonas civiles de Irak en 2003","og_description":"Portal de noticias del Per\u00fa sobre el transporte a\u00e9reo, aviaci\u00f3n, turismo, hoteleria, actualidad.","og_url":"https:\/\/aeronoticias.com.pe\/noticiero\/internacionales\/eeuu-habria-usado-uranio-empobrecido-en-zonas-civiles-de-irak-en-2003\/","og_site_name":"Aeronoticias.com.pe","article_publisher":"https:\/\/www.facebook.com\/Aeronoticias.com.pe\/","article_published_time":"2014-06-22T12:00:00+00:00","author":"Redacci\u00f3n Aeronoticias","twitter_card":"summary_large_image","twitter_creator":"@aeronoticias","twitter_site":"@aeronoticias","twitter_misc":{"Escrito por":"Redacci\u00f3n Aeronoticias","Tiempo de lectura":"2 minutos"},"schema":{"@context":"https:\/\/schema.org","@graph":[{"@type":"WebPage","@id":"https:\/\/aeronoticias.com.pe\/noticiero\/internacionales\/eeuu-habria-usado-uranio-empobrecido-en-zonas-civiles-de-irak-en-2003\/","url":"https:\/\/aeronoticias.com.pe\/noticiero\/internacionales\/eeuu-habria-usado-uranio-empobrecido-en-zonas-civiles-de-irak-en-2003\/","name":"EE.UU. habr\u00eda usado uranio empobrecido en zonas civiles de Irak en 2003","isPartOf":{"@id":"https:\/\/aeronoticias.com.pe\/noticiero\/#website"},"datePublished":"2014-06-22T12:00:00+00:00","author":{"@id":"https:\/\/aeronoticias.com.pe\/noticiero\/#\/schema\/person\/fc1e5d578f4b62ba1cf7ac2bba1170a0"},"description":"Portal de noticias del Per\u00fa sobre el transporte a\u00e9reo, aviaci\u00f3n, turismo, hoteleria, actualidad.","breadcrumb":{"@id":"https:\/\/aeronoticias.com.pe\/noticiero\/internacionales\/eeuu-habria-usado-uranio-empobrecido-en-zonas-civiles-de-irak-en-2003\/#breadcrumb"},"inLanguage":"es","potentialAction":[{"@type":"ReadAction","target":["https:\/\/aeronoticias.com.pe\/noticiero\/internacionales\/eeuu-habria-usado-uranio-empobrecido-en-zonas-civiles-de-irak-en-2003\/"]}]},{"@type":"BreadcrumbList","@id":"https:\/\/aeronoticias.com.pe\/noticiero\/internacionales\/eeuu-habria-usado-uranio-empobrecido-en-zonas-civiles-de-irak-en-2003\/#breadcrumb","itemListElement":[{"@type":"ListItem","position":1,"name":"Portada","item":"https:\/\/aeronoticias.com.pe\/noticiero\/"},{"@type":"ListItem","position":2,"name":"EE.UU. habr\u00eda usado uranio empobrecido en zonas civiles de Irak en 2003"}]},{"@type":"WebSite","@id":"https:\/\/aeronoticias.com.pe\/noticiero\/#website","url":"https:\/\/aeronoticias.com.pe\/noticiero\/","name":"Aeronoticias.com.pe","description":"Noticias de tranporte aereo, turismo, hoteles, gastronomia, actualidad, internacional","potentialAction":[{"@type":"SearchAction","target":{"@type":"EntryPoint","urlTemplate":"https:\/\/aeronoticias.com.pe\/noticiero\/?s={search_term_string}"},"query-input":{"@type":"PropertyValueSpecification","valueRequired":true,"valueName":"search_term_string"}}],"inLanguage":"es"},{"@type":"Person","@id":"https:\/\/aeronoticias.com.pe\/noticiero\/#\/schema\/person\/fc1e5d578f4b62ba1cf7ac2bba1170a0","name":"Redacci\u00f3n Aeronoticias","url":"https:\/\/aeronoticias.com.pe\/noticiero\/author\/piloto\/"}]}},"_links":{"self":[{"href":"https:\/\/aeronoticias.com.pe\/noticiero\/wp-json\/wp\/v2\/posts\/46656","targetHints":{"allow":["GET"]}}],"collection":[{"href":"https:\/\/aeronoticias.com.pe\/noticiero\/wp-json\/wp\/v2\/posts"}],"about":[{"href":"https:\/\/aeronoticias.com.pe\/noticiero\/wp-json\/wp\/v2\/types\/post"}],"author":[{"embeddable":true,"href":"https:\/\/aeronoticias.com.pe\/noticiero\/wp-json\/wp\/v2\/users\/1"}],"replies":[{"embeddable":true,"href":"https:\/\/aeronoticias.com.pe\/noticiero\/wp-json\/wp\/v2\/comments?post=46656"}],"version-history":[{"count":0,"href":"https:\/\/aeronoticias.com.pe\/noticiero\/wp-json\/wp\/v2\/posts\/46656\/revisions"}],"wp:attachment":[{"href":"https:\/\/aeronoticias.com.pe\/noticiero\/wp-json\/wp\/v2\/media?parent=46656"}],"wp:term":[{"taxonomy":"category","embeddable":true,"href":"https:\/\/aeronoticias.com.pe\/noticiero\/wp-json\/wp\/v2\/categories?post=46656"},{"taxonomy":"post_tag","embeddable":true,"href":"https:\/\/aeronoticias.com.pe\/noticiero\/wp-json\/wp\/v2\/tags?post=46656"}],"curies":[{"name":"wp","href":"https:\/\/api.w.org\/{rel}","templated":true}]}}