{"id":46659,"date":"2014-06-22T12:00:00","date_gmt":"2014-06-22T12:00:00","guid":{"rendered":"http:\/\/desarrollo.mcvicious.com\/aero2020\/2014\/06\/22\/ique-provoco-el-colapso-de-la-civilizacion-maya\/"},"modified":"2014-06-22T12:00:00","modified_gmt":"2014-06-22T12:00:00","slug":"ique-provoco-el-colapso-de-la-civilizacion-maya","status":"publish","type":"post","link":"https:\/\/aeronoticias.com.pe\/noticiero\/internacionales\/ique-provoco-el-colapso-de-la-civilizacion-maya\/","title":{"rendered":"\u00bfQu\u00e9 provoc\u00f3 el colapso de la civilizaci\u00f3n maya?"},"content":{"rendered":"<p style=\"text-align: justify;\"><img decoding=\"async\" src=\"images\/stories\/14\/06\/220614\/a6.jpg\" border=\"0\" \/><\/p>\n<p style=\"text-align: justify;\"><strong>(Aeronoticias).- El declive de la civilizaci\u00f3n maya no lo provoc\u00f3 un cataclismo natural, sino las rivalidades entre ciudades-estado, explicaron arque\u00f3logos durante la VII Convenci\u00f3n Mundial de Arqueolog\u00eda Maya.<\/strong><\/p>\n<p>  <!--more-->  <\/p>\n<p>\u00abLa debilitaci\u00f3n de los mayas cl\u00e1sicos se puede entender haciendo una similitud con la ca\u00edda de la Uni\u00f3n Sovi\u00e9tica, en donde el sistema econ\u00f3mico no funcion\u00f3\u00bb, dijo el doctor en arqueolog\u00eda Arthur Demarest, citado por el portal &#8216;Prensa Libre&#8217;.<\/p>\n<p style=\"text-align: justify;\">Demarest, de la Universidad de Vanderbit (EE.UU.), durante su intervenci\u00f3n en la convenci\u00f3n que se lleva a cabo en Guatemala, indic\u00f3 que los diferentes grupos de la civilizaci\u00f3n Maya enfrentaron guerras.<\/p>\n<p style=\"text-align: justify;\">\u00abLos gobernantes entablaron una competencia cultural y de poder pol\u00edtico que origin\u00f3 la construcci\u00f3n de monumentos, impuls\u00f3 la ciencia, la escritura y las expresiones art\u00edsticas hasta llegar a desgastar los estados; los agot\u00f3 y terminaron sufriendo destrucci\u00f3n de suelos, sequ\u00edas y problemas de sobrepoblaci\u00f3n\u00bb, resumi\u00f3 el especialista.<\/p>\n<p style=\"text-align: justify;\">Por su parte, el doctor en antropolog\u00eda Sergio Romero, de la Universidad de Texas (EE.UU.), explic\u00f3 que \u00abel colapso no tuvo mayores efectos en la estructura de las lenguas mayas, hubo desplazamientos de poblaci\u00f3n, pero las lenguas no desaparecieron; continuaron existiendo en otros lugares\u00bb.<\/p>\n<p style=\"text-align: justify;\">\u00a0<\/p>\n<p style=\"text-align: justify;\">Fuente: <strong><em>RT<\/em><\/strong><\/p>\n<p style=\"text-align: justify;\">Foto: <strong><em>RT<\/em><\/strong><\/p>\n<p style=\"text-align: justify;\">\u00a0<\/p>\n<p style=\"text-align: justify;\"><strong><em><br \/><\/em><\/strong><\/p>\n<p>{jathumbnail off images=\u00bbimages\/stories\/14\/06\/220614\/a6.jpg\u00bb}<\/p>\n","protected":false},"excerpt":{"rendered":"<p>(Aeronoticias).- El declive de la civilizaci\u00f3n maya no lo provoc\u00f3 un cataclismo natural, sino las rivalidades entre ciudades-estado, explicaron arque\u00f3logos durante la VII Convenci\u00f3n Mundial de Arqueolog\u00eda Maya.<\/p>\n","protected":false},"author":1,"featured_media":0,"comment_status":"open","ping_status":"open","sticky":false,"template":"","format":"standard","meta":{"tdm_status":"","tdm_grid_status":"","footnotes":""},"categories":[34],"tags":[],"class_list":{"0":"post-46659","1":"post","2":"type-post","3":"status-publish","4":"format-standard","6":"category-internacionales"},"yoast_head":"<!-- This site is optimized with the Yoast SEO plugin v25.1 - https:\/\/yoast.com\/wordpress\/plugins\/seo\/ -->\n<title>\u00bfQu\u00e9 provoc\u00f3 el colapso de la civilizaci\u00f3n maya?<\/title>\n<meta name=\"description\" content=\"Portal de noticias del Per\u00fa sobre el transporte a\u00e9reo, aviaci\u00f3n, turismo, hoteleria, actualidad.\" \/>\n<meta name=\"robots\" content=\"index, follow, max-snippet:-1, max-image-preview:large, max-video-preview:-1\" \/>\n<link rel=\"canonical\" href=\"https:\/\/aeronoticias.com.pe\/noticiero\/internacionales\/ique-provoco-el-colapso-de-la-civilizacion-maya\/\" \/>\n<meta property=\"og:locale\" content=\"es_ES\" \/>\n<meta property=\"og:type\" content=\"article\" \/>\n<meta property=\"og:title\" content=\"\u00bfQu\u00e9 provoc\u00f3 el colapso de la civilizaci\u00f3n maya?\" \/>\n<meta property=\"og:description\" content=\"Portal de noticias del Per\u00fa sobre el transporte a\u00e9reo, aviaci\u00f3n, turismo, hoteleria, actualidad.\" \/>\n<meta property=\"og:url\" content=\"https:\/\/aeronoticias.com.pe\/noticiero\/internacionales\/ique-provoco-el-colapso-de-la-civilizacion-maya\/\" \/>\n<meta property=\"og:site_name\" content=\"Aeronoticias.com.pe\" \/>\n<meta property=\"article:publisher\" content=\"https:\/\/www.facebook.com\/Aeronoticias.com.pe\/\" \/>\n<meta property=\"article:published_time\" content=\"2014-06-22T12:00:00+00:00\" \/>\n<meta name=\"author\" content=\"Redacci\u00f3n Aeronoticias\" \/>\n<meta name=\"twitter:card\" content=\"summary_large_image\" \/>\n<meta name=\"twitter:creator\" content=\"@aeronoticias\" \/>\n<meta name=\"twitter:site\" content=\"@aeronoticias\" \/>\n<meta name=\"twitter:label1\" content=\"Escrito por\" \/>\n\t<meta name=\"twitter:data1\" content=\"Redacci\u00f3n Aeronoticias\" \/>\n\t<meta name=\"twitter:label2\" content=\"Tiempo de lectura\" \/>\n\t<meta name=\"twitter:data2\" content=\"1 minuto\" \/>\n<script type=\"application\/ld+json\" class=\"yoast-schema-graph\">{\"@context\":\"https:\/\/schema.org\",\"@graph\":[{\"@type\":\"WebPage\",\"@id\":\"https:\/\/aeronoticias.com.pe\/noticiero\/internacionales\/ique-provoco-el-colapso-de-la-civilizacion-maya\/\",\"url\":\"https:\/\/aeronoticias.com.pe\/noticiero\/internacionales\/ique-provoco-el-colapso-de-la-civilizacion-maya\/\",\"name\":\"\u00bfQu\u00e9 provoc\u00f3 el colapso de la civilizaci\u00f3n maya?\",\"isPartOf\":{\"@id\":\"https:\/\/aeronoticias.com.pe\/noticiero\/#website\"},\"datePublished\":\"2014-06-22T12:00:00+00:00\",\"author\":{\"@id\":\"https:\/\/aeronoticias.com.pe\/noticiero\/#\/schema\/person\/fc1e5d578f4b62ba1cf7ac2bba1170a0\"},\"description\":\"Portal de noticias del Per\u00fa sobre el transporte a\u00e9reo, aviaci\u00f3n, turismo, hoteleria, actualidad.\",\"breadcrumb\":{\"@id\":\"https:\/\/aeronoticias.com.pe\/noticiero\/internacionales\/ique-provoco-el-colapso-de-la-civilizacion-maya\/#breadcrumb\"},\"inLanguage\":\"es\",\"potentialAction\":[{\"@type\":\"ReadAction\",\"target\":[\"https:\/\/aeronoticias.com.pe\/noticiero\/internacionales\/ique-provoco-el-colapso-de-la-civilizacion-maya\/\"]}]},{\"@type\":\"BreadcrumbList\",\"@id\":\"https:\/\/aeronoticias.com.pe\/noticiero\/internacionales\/ique-provoco-el-colapso-de-la-civilizacion-maya\/#breadcrumb\",\"itemListElement\":[{\"@type\":\"ListItem\",\"position\":1,\"name\":\"Portada\",\"item\":\"https:\/\/aeronoticias.com.pe\/noticiero\/\"},{\"@type\":\"ListItem\",\"position\":2,\"name\":\"\u00bfQu\u00e9 provoc\u00f3 el colapso de la civilizaci\u00f3n maya?\"}]},{\"@type\":\"WebSite\",\"@id\":\"https:\/\/aeronoticias.com.pe\/noticiero\/#website\",\"url\":\"https:\/\/aeronoticias.com.pe\/noticiero\/\",\"name\":\"Aeronoticias.com.pe\",\"description\":\"Noticias de tranporte aereo, turismo, hoteles, gastronomia, actualidad, internacional\",\"potentialAction\":[{\"@type\":\"SearchAction\",\"target\":{\"@type\":\"EntryPoint\",\"urlTemplate\":\"https:\/\/aeronoticias.com.pe\/noticiero\/?s={search_term_string}\"},\"query-input\":{\"@type\":\"PropertyValueSpecification\",\"valueRequired\":true,\"valueName\":\"search_term_string\"}}],\"inLanguage\":\"es\"},{\"@type\":\"Person\",\"@id\":\"https:\/\/aeronoticias.com.pe\/noticiero\/#\/schema\/person\/fc1e5d578f4b62ba1cf7ac2bba1170a0\",\"name\":\"Redacci\u00f3n Aeronoticias\",\"url\":\"https:\/\/aeronoticias.com.pe\/noticiero\/author\/piloto\/\"}]}<\/script>\n<!-- \/ Yoast SEO plugin. -->","yoast_head_json":{"title":"\u00bfQu\u00e9 provoc\u00f3 el colapso de la civilizaci\u00f3n maya?","description":"Portal de noticias del Per\u00fa sobre el transporte a\u00e9reo, aviaci\u00f3n, turismo, hoteleria, actualidad.","robots":{"index":"index","follow":"follow","max-snippet":"max-snippet:-1","max-image-preview":"max-image-preview:large","max-video-preview":"max-video-preview:-1"},"canonical":"https:\/\/aeronoticias.com.pe\/noticiero\/internacionales\/ique-provoco-el-colapso-de-la-civilizacion-maya\/","og_locale":"es_ES","og_type":"article","og_title":"\u00bfQu\u00e9 provoc\u00f3 el colapso de la civilizaci\u00f3n maya?","og_description":"Portal de noticias del Per\u00fa sobre el transporte a\u00e9reo, aviaci\u00f3n, turismo, hoteleria, actualidad.","og_url":"https:\/\/aeronoticias.com.pe\/noticiero\/internacionales\/ique-provoco-el-colapso-de-la-civilizacion-maya\/","og_site_name":"Aeronoticias.com.pe","article_publisher":"https:\/\/www.facebook.com\/Aeronoticias.com.pe\/","article_published_time":"2014-06-22T12:00:00+00:00","author":"Redacci\u00f3n Aeronoticias","twitter_card":"summary_large_image","twitter_creator":"@aeronoticias","twitter_site":"@aeronoticias","twitter_misc":{"Escrito por":"Redacci\u00f3n Aeronoticias","Tiempo de lectura":"1 minuto"},"schema":{"@context":"https:\/\/schema.org","@graph":[{"@type":"WebPage","@id":"https:\/\/aeronoticias.com.pe\/noticiero\/internacionales\/ique-provoco-el-colapso-de-la-civilizacion-maya\/","url":"https:\/\/aeronoticias.com.pe\/noticiero\/internacionales\/ique-provoco-el-colapso-de-la-civilizacion-maya\/","name":"\u00bfQu\u00e9 provoc\u00f3 el colapso de la civilizaci\u00f3n maya?","isPartOf":{"@id":"https:\/\/aeronoticias.com.pe\/noticiero\/#website"},"datePublished":"2014-06-22T12:00:00+00:00","author":{"@id":"https:\/\/aeronoticias.com.pe\/noticiero\/#\/schema\/person\/fc1e5d578f4b62ba1cf7ac2bba1170a0"},"description":"Portal de noticias del Per\u00fa sobre el transporte a\u00e9reo, aviaci\u00f3n, turismo, hoteleria, actualidad.","breadcrumb":{"@id":"https:\/\/aeronoticias.com.pe\/noticiero\/internacionales\/ique-provoco-el-colapso-de-la-civilizacion-maya\/#breadcrumb"},"inLanguage":"es","potentialAction":[{"@type":"ReadAction","target":["https:\/\/aeronoticias.com.pe\/noticiero\/internacionales\/ique-provoco-el-colapso-de-la-civilizacion-maya\/"]}]},{"@type":"BreadcrumbList","@id":"https:\/\/aeronoticias.com.pe\/noticiero\/internacionales\/ique-provoco-el-colapso-de-la-civilizacion-maya\/#breadcrumb","itemListElement":[{"@type":"ListItem","position":1,"name":"Portada","item":"https:\/\/aeronoticias.com.pe\/noticiero\/"},{"@type":"ListItem","position":2,"name":"\u00bfQu\u00e9 provoc\u00f3 el colapso de la civilizaci\u00f3n maya?"}]},{"@type":"WebSite","@id":"https:\/\/aeronoticias.com.pe\/noticiero\/#website","url":"https:\/\/aeronoticias.com.pe\/noticiero\/","name":"Aeronoticias.com.pe","description":"Noticias de tranporte aereo, turismo, hoteles, gastronomia, actualidad, internacional","potentialAction":[{"@type":"SearchAction","target":{"@type":"EntryPoint","urlTemplate":"https:\/\/aeronoticias.com.pe\/noticiero\/?s={search_term_string}"},"query-input":{"@type":"PropertyValueSpecification","valueRequired":true,"valueName":"search_term_string"}}],"inLanguage":"es"},{"@type":"Person","@id":"https:\/\/aeronoticias.com.pe\/noticiero\/#\/schema\/person\/fc1e5d578f4b62ba1cf7ac2bba1170a0","name":"Redacci\u00f3n Aeronoticias","url":"https:\/\/aeronoticias.com.pe\/noticiero\/author\/piloto\/"}]}},"_links":{"self":[{"href":"https:\/\/aeronoticias.com.pe\/noticiero\/wp-json\/wp\/v2\/posts\/46659","targetHints":{"allow":["GET"]}}],"collection":[{"href":"https:\/\/aeronoticias.com.pe\/noticiero\/wp-json\/wp\/v2\/posts"}],"about":[{"href":"https:\/\/aeronoticias.com.pe\/noticiero\/wp-json\/wp\/v2\/types\/post"}],"author":[{"embeddable":true,"href":"https:\/\/aeronoticias.com.pe\/noticiero\/wp-json\/wp\/v2\/users\/1"}],"replies":[{"embeddable":true,"href":"https:\/\/aeronoticias.com.pe\/noticiero\/wp-json\/wp\/v2\/comments?post=46659"}],"version-history":[{"count":0,"href":"https:\/\/aeronoticias.com.pe\/noticiero\/wp-json\/wp\/v2\/posts\/46659\/revisions"}],"wp:attachment":[{"href":"https:\/\/aeronoticias.com.pe\/noticiero\/wp-json\/wp\/v2\/media?parent=46659"}],"wp:term":[{"taxonomy":"category","embeddable":true,"href":"https:\/\/aeronoticias.com.pe\/noticiero\/wp-json\/wp\/v2\/categories?post=46659"},{"taxonomy":"post_tag","embeddable":true,"href":"https:\/\/aeronoticias.com.pe\/noticiero\/wp-json\/wp\/v2\/tags?post=46659"}],"curies":[{"name":"wp","href":"https:\/\/api.w.org\/{rel}","templated":true}]}}