{"id":46783,"date":"2014-06-28T12:00:21","date_gmt":"2014-06-28T12:00:21","guid":{"rendered":"http:\/\/desarrollo.mcvicious.com\/aero2020\/2014\/06\/28\/miedo-de-hambruna-en-ucrania-slaviansk-se-queda-sin-agua-y-sin-comida\/"},"modified":"2014-06-28T12:00:21","modified_gmt":"2014-06-28T12:00:21","slug":"miedo-de-hambruna-en-ucrania-slaviansk-se-queda-sin-agua-y-sin-comida","status":"publish","type":"post","link":"https:\/\/aeronoticias.com.pe\/noticiero\/internacionales\/miedo-de-hambruna-en-ucrania-slaviansk-se-queda-sin-agua-y-sin-comida\/","title":{"rendered":"Miedo de hambruna en Ucrania: Slaviansk se queda sin agua y sin comida"},"content":{"rendered":"<p style=\"text-align: justify;\"><img decoding=\"async\" src=\"images\/stories\/14\/06\/280614\/a9.jpg\" border=\"0\" \/><\/p>\n<p style=\"text-align: justify;\"><strong>(Aeronoticias).- Las autoridades de la ciudad de Slaviansk, regi\u00f3n de Donetsk, que sigue siendo asediada por el Ej\u00e9rcito ucraniano, se preparan para activar las tarjetas de racionamiento. Los residentes tienen que almacenar el agua de lluvia.<\/strong><\/p>\n<p style=\"text-align: justify;\">  <!--more-->  \u00abTenemos problemas con la distribuci\u00f3n de los alimentos. Estamos registrando lo que tenemos, activaremos las tarjetas de racionamiento\u00bb, dijo a RIA Novosti el subcomandante de las autodefensas de la regi\u00f3n de Donetsk.<\/p>\n<p style=\"text-align: justify;\">Anteriormente los voluntarios suministraban la ayuda humanitaria a la ciudad, que la Guardia Nacional de Ucrania ha bloqueado, previniendo las entregas de alimentos a la urbe. Camiones con medicinas y alimentos se ven obligados a entrar en la ciudad de una manera indirecta por los bombardeos.<\/p>\n<p style=\"text-align: justify;\">\u00abLos \u00faltimos dos meses venimos a la ciudad para ayudar a sus residentes. Conocemos bien a los militares, y ellos a nosotros. Pero recientemente nos han prohibido entrar en la ciudad. Dicen que obtuvieron una orden. Todav\u00eda no podemos resolver el problema\u00bb, dijo uno de los voluntarios, Piotr D\u00fadnik.<\/p>\n<p style=\"text-align: justify;\">Tambi\u00e9n hay escasez de agua, ya que las \u00faltimas dos semanas no funcionan las estaciones de bombeo que deben transportar agua desde un r\u00edo cercano. La poblaci\u00f3n local se ve obligada a almacenar incluso el agua de lluvia.<\/p>\n<p style=\"text-align: justify;\">Mientras tanto, aproximadamente el 40% de sus 110.000 residentes sigue viviendo en la asediada ciudad. \u00abTodav\u00eda hay mucha gente en Slaviansk: madres, ni\u00f1os, ancianos. Todo el mundo se queja del hecho de que no tienen dinero. Los \u00faltimos dos meses nadie ha recibido salarios. No hay agua, electricidad, ni gas en algunas zonas. Casi empieza el hambre. Hay que evacuar a la gente\u00bb, explican los voluntarios.<\/p>\n<p style=\"text-align: justify;\">\u00a0<\/p>\n<p style=\"text-align: justify;\">Fuente: <strong><em>RT<\/em><\/strong><\/p>\n<p style=\"text-align: justify;\">Foto: <strong><em>RT<\/em><\/strong><\/p>\n","protected":false},"excerpt":{"rendered":"<p>(Aeronoticias).- Las autoridades de la ciudad de Slaviansk, regi\u00f3n de Donetsk, que sigue siendo asediada por el Ej\u00e9rcito ucraniano, se preparan para activar las tarjetas de racionamiento. Los residentes tienen que almacenar el agua de lluvia.<\/p>\n","protected":false},"author":1,"featured_media":0,"comment_status":"open","ping_status":"open","sticky":false,"template":"","format":"standard","meta":{"tdm_status":"","tdm_grid_status":"","footnotes":""},"categories":[34],"tags":[],"class_list":{"0":"post-46783","1":"post","2":"type-post","3":"status-publish","4":"format-standard","6":"category-internacionales"},"yoast_head":"<!-- This site is optimized with the Yoast SEO plugin v25.1 - https:\/\/yoast.com\/wordpress\/plugins\/seo\/ -->\n<title>Miedo de hambruna en Ucrania: Slaviansk se queda sin agua y sin comida<\/title>\n<meta name=\"description\" content=\"Portal de noticias del Per\u00fa sobre el transporte a\u00e9reo, aviaci\u00f3n, turismo, hoteleria, actualidad.\" \/>\n<meta name=\"robots\" content=\"index, follow, max-snippet:-1, max-image-preview:large, max-video-preview:-1\" \/>\n<link rel=\"canonical\" href=\"https:\/\/aeronoticias.com.pe\/noticiero\/internacionales\/miedo-de-hambruna-en-ucrania-slaviansk-se-queda-sin-agua-y-sin-comida\/\" \/>\n<meta property=\"og:locale\" content=\"es_ES\" \/>\n<meta property=\"og:type\" content=\"article\" \/>\n<meta property=\"og:title\" content=\"Miedo de hambruna en Ucrania: Slaviansk se queda sin agua y sin comida\" \/>\n<meta property=\"og:description\" content=\"Portal de noticias del Per\u00fa sobre el transporte a\u00e9reo, aviaci\u00f3n, turismo, hoteleria, actualidad.\" \/>\n<meta property=\"og:url\" content=\"https:\/\/aeronoticias.com.pe\/noticiero\/internacionales\/miedo-de-hambruna-en-ucrania-slaviansk-se-queda-sin-agua-y-sin-comida\/\" \/>\n<meta property=\"og:site_name\" content=\"Aeronoticias.com.pe\" \/>\n<meta property=\"article:publisher\" content=\"https:\/\/www.facebook.com\/Aeronoticias.com.pe\/\" \/>\n<meta property=\"article:published_time\" content=\"2014-06-28T12:00:21+00:00\" \/>\n<meta name=\"author\" content=\"Redacci\u00f3n Aeronoticias\" \/>\n<meta name=\"twitter:card\" content=\"summary_large_image\" \/>\n<meta name=\"twitter:creator\" content=\"@aeronoticias\" \/>\n<meta name=\"twitter:site\" content=\"@aeronoticias\" \/>\n<meta name=\"twitter:label1\" content=\"Escrito por\" \/>\n\t<meta name=\"twitter:data1\" content=\"Redacci\u00f3n Aeronoticias\" \/>\n\t<meta name=\"twitter:label2\" content=\"Tiempo de lectura\" \/>\n\t<meta name=\"twitter:data2\" content=\"1 minuto\" \/>\n<script type=\"application\/ld+json\" class=\"yoast-schema-graph\">{\"@context\":\"https:\/\/schema.org\",\"@graph\":[{\"@type\":\"WebPage\",\"@id\":\"https:\/\/aeronoticias.com.pe\/noticiero\/internacionales\/miedo-de-hambruna-en-ucrania-slaviansk-se-queda-sin-agua-y-sin-comida\/\",\"url\":\"https:\/\/aeronoticias.com.pe\/noticiero\/internacionales\/miedo-de-hambruna-en-ucrania-slaviansk-se-queda-sin-agua-y-sin-comida\/\",\"name\":\"Miedo de hambruna en Ucrania: Slaviansk se queda sin agua y sin comida\",\"isPartOf\":{\"@id\":\"https:\/\/aeronoticias.com.pe\/noticiero\/#website\"},\"datePublished\":\"2014-06-28T12:00:21+00:00\",\"author\":{\"@id\":\"https:\/\/aeronoticias.com.pe\/noticiero\/#\/schema\/person\/fc1e5d578f4b62ba1cf7ac2bba1170a0\"},\"description\":\"Portal de noticias del Per\u00fa sobre el transporte a\u00e9reo, aviaci\u00f3n, turismo, hoteleria, actualidad.\",\"breadcrumb\":{\"@id\":\"https:\/\/aeronoticias.com.pe\/noticiero\/internacionales\/miedo-de-hambruna-en-ucrania-slaviansk-se-queda-sin-agua-y-sin-comida\/#breadcrumb\"},\"inLanguage\":\"es\",\"potentialAction\":[{\"@type\":\"ReadAction\",\"target\":[\"https:\/\/aeronoticias.com.pe\/noticiero\/internacionales\/miedo-de-hambruna-en-ucrania-slaviansk-se-queda-sin-agua-y-sin-comida\/\"]}]},{\"@type\":\"BreadcrumbList\",\"@id\":\"https:\/\/aeronoticias.com.pe\/noticiero\/internacionales\/miedo-de-hambruna-en-ucrania-slaviansk-se-queda-sin-agua-y-sin-comida\/#breadcrumb\",\"itemListElement\":[{\"@type\":\"ListItem\",\"position\":1,\"name\":\"Portada\",\"item\":\"https:\/\/aeronoticias.com.pe\/noticiero\/\"},{\"@type\":\"ListItem\",\"position\":2,\"name\":\"Miedo de hambruna en Ucrania: Slaviansk se queda sin agua y sin comida\"}]},{\"@type\":\"WebSite\",\"@id\":\"https:\/\/aeronoticias.com.pe\/noticiero\/#website\",\"url\":\"https:\/\/aeronoticias.com.pe\/noticiero\/\",\"name\":\"Aeronoticias.com.pe\",\"description\":\"Noticias de tranporte aereo, turismo, hoteles, gastronomia, actualidad, internacional\",\"potentialAction\":[{\"@type\":\"SearchAction\",\"target\":{\"@type\":\"EntryPoint\",\"urlTemplate\":\"https:\/\/aeronoticias.com.pe\/noticiero\/?s={search_term_string}\"},\"query-input\":{\"@type\":\"PropertyValueSpecification\",\"valueRequired\":true,\"valueName\":\"search_term_string\"}}],\"inLanguage\":\"es\"},{\"@type\":\"Person\",\"@id\":\"https:\/\/aeronoticias.com.pe\/noticiero\/#\/schema\/person\/fc1e5d578f4b62ba1cf7ac2bba1170a0\",\"name\":\"Redacci\u00f3n Aeronoticias\",\"url\":\"https:\/\/aeronoticias.com.pe\/noticiero\/author\/piloto\/\"}]}<\/script>\n<!-- \/ Yoast SEO plugin. -->","yoast_head_json":{"title":"Miedo de hambruna en Ucrania: Slaviansk se queda sin agua y sin comida","description":"Portal de noticias del Per\u00fa sobre el transporte a\u00e9reo, aviaci\u00f3n, turismo, hoteleria, actualidad.","robots":{"index":"index","follow":"follow","max-snippet":"max-snippet:-1","max-image-preview":"max-image-preview:large","max-video-preview":"max-video-preview:-1"},"canonical":"https:\/\/aeronoticias.com.pe\/noticiero\/internacionales\/miedo-de-hambruna-en-ucrania-slaviansk-se-queda-sin-agua-y-sin-comida\/","og_locale":"es_ES","og_type":"article","og_title":"Miedo de hambruna en Ucrania: Slaviansk se queda sin agua y sin comida","og_description":"Portal de noticias del Per\u00fa sobre el transporte a\u00e9reo, aviaci\u00f3n, turismo, hoteleria, actualidad.","og_url":"https:\/\/aeronoticias.com.pe\/noticiero\/internacionales\/miedo-de-hambruna-en-ucrania-slaviansk-se-queda-sin-agua-y-sin-comida\/","og_site_name":"Aeronoticias.com.pe","article_publisher":"https:\/\/www.facebook.com\/Aeronoticias.com.pe\/","article_published_time":"2014-06-28T12:00:21+00:00","author":"Redacci\u00f3n Aeronoticias","twitter_card":"summary_large_image","twitter_creator":"@aeronoticias","twitter_site":"@aeronoticias","twitter_misc":{"Escrito por":"Redacci\u00f3n Aeronoticias","Tiempo de lectura":"1 minuto"},"schema":{"@context":"https:\/\/schema.org","@graph":[{"@type":"WebPage","@id":"https:\/\/aeronoticias.com.pe\/noticiero\/internacionales\/miedo-de-hambruna-en-ucrania-slaviansk-se-queda-sin-agua-y-sin-comida\/","url":"https:\/\/aeronoticias.com.pe\/noticiero\/internacionales\/miedo-de-hambruna-en-ucrania-slaviansk-se-queda-sin-agua-y-sin-comida\/","name":"Miedo de hambruna en Ucrania: Slaviansk se queda sin agua y sin comida","isPartOf":{"@id":"https:\/\/aeronoticias.com.pe\/noticiero\/#website"},"datePublished":"2014-06-28T12:00:21+00:00","author":{"@id":"https:\/\/aeronoticias.com.pe\/noticiero\/#\/schema\/person\/fc1e5d578f4b62ba1cf7ac2bba1170a0"},"description":"Portal de noticias del Per\u00fa sobre el transporte a\u00e9reo, aviaci\u00f3n, turismo, hoteleria, actualidad.","breadcrumb":{"@id":"https:\/\/aeronoticias.com.pe\/noticiero\/internacionales\/miedo-de-hambruna-en-ucrania-slaviansk-se-queda-sin-agua-y-sin-comida\/#breadcrumb"},"inLanguage":"es","potentialAction":[{"@type":"ReadAction","target":["https:\/\/aeronoticias.com.pe\/noticiero\/internacionales\/miedo-de-hambruna-en-ucrania-slaviansk-se-queda-sin-agua-y-sin-comida\/"]}]},{"@type":"BreadcrumbList","@id":"https:\/\/aeronoticias.com.pe\/noticiero\/internacionales\/miedo-de-hambruna-en-ucrania-slaviansk-se-queda-sin-agua-y-sin-comida\/#breadcrumb","itemListElement":[{"@type":"ListItem","position":1,"name":"Portada","item":"https:\/\/aeronoticias.com.pe\/noticiero\/"},{"@type":"ListItem","position":2,"name":"Miedo de hambruna en Ucrania: Slaviansk se queda sin agua y sin comida"}]},{"@type":"WebSite","@id":"https:\/\/aeronoticias.com.pe\/noticiero\/#website","url":"https:\/\/aeronoticias.com.pe\/noticiero\/","name":"Aeronoticias.com.pe","description":"Noticias de tranporte aereo, turismo, hoteles, gastronomia, actualidad, internacional","potentialAction":[{"@type":"SearchAction","target":{"@type":"EntryPoint","urlTemplate":"https:\/\/aeronoticias.com.pe\/noticiero\/?s={search_term_string}"},"query-input":{"@type":"PropertyValueSpecification","valueRequired":true,"valueName":"search_term_string"}}],"inLanguage":"es"},{"@type":"Person","@id":"https:\/\/aeronoticias.com.pe\/noticiero\/#\/schema\/person\/fc1e5d578f4b62ba1cf7ac2bba1170a0","name":"Redacci\u00f3n Aeronoticias","url":"https:\/\/aeronoticias.com.pe\/noticiero\/author\/piloto\/"}]}},"_links":{"self":[{"href":"https:\/\/aeronoticias.com.pe\/noticiero\/wp-json\/wp\/v2\/posts\/46783","targetHints":{"allow":["GET"]}}],"collection":[{"href":"https:\/\/aeronoticias.com.pe\/noticiero\/wp-json\/wp\/v2\/posts"}],"about":[{"href":"https:\/\/aeronoticias.com.pe\/noticiero\/wp-json\/wp\/v2\/types\/post"}],"author":[{"embeddable":true,"href":"https:\/\/aeronoticias.com.pe\/noticiero\/wp-json\/wp\/v2\/users\/1"}],"replies":[{"embeddable":true,"href":"https:\/\/aeronoticias.com.pe\/noticiero\/wp-json\/wp\/v2\/comments?post=46783"}],"version-history":[{"count":0,"href":"https:\/\/aeronoticias.com.pe\/noticiero\/wp-json\/wp\/v2\/posts\/46783\/revisions"}],"wp:attachment":[{"href":"https:\/\/aeronoticias.com.pe\/noticiero\/wp-json\/wp\/v2\/media?parent=46783"}],"wp:term":[{"taxonomy":"category","embeddable":true,"href":"https:\/\/aeronoticias.com.pe\/noticiero\/wp-json\/wp\/v2\/categories?post=46783"},{"taxonomy":"post_tag","embeddable":true,"href":"https:\/\/aeronoticias.com.pe\/noticiero\/wp-json\/wp\/v2\/tags?post=46783"}],"curies":[{"name":"wp","href":"https:\/\/api.w.org\/{rel}","templated":true}]}}