{"id":47047,"date":"2014-07-08T22:06:13","date_gmt":"2014-07-08T22:06:13","guid":{"rendered":"http:\/\/desarrollo.mcvicious.com\/aero2020\/2014\/07\/08\/latam-airlines-group-reporta-estadisticas-operacionales-preliminares-para-junio-2014\/"},"modified":"2014-07-08T22:06:13","modified_gmt":"2014-07-08T22:06:13","slug":"latam-airlines-group-reporta-estadisticas-operacionales-preliminares-para-junio-2014","status":"publish","type":"post","link":"https:\/\/aeronoticias.com.pe\/noticiero\/transporte-aereo\/nacional\/latam-airlines-group-reporta-estadisticas-operacionales-preliminares-para-junio-2014\/","title":{"rendered":"LATAM Airlines Group reporta estad\u00edsticas operacionales preliminares para junio 2014"},"content":{"rendered":"<p style=\"text-align: justify;\"><img decoding=\"async\" src=\"images\/stories\/14\/07\/080614\/a16.jpg\" border=\"0\" \/><\/p>\n<p style=\"text-align: justify;\"><strong>(Aeronoticias).-<\/strong> LATAM Airlines Group S.A. y sus filiales (\u201cLATAM Airlines Group\u201d o \u201cla Compa\u00f1\u00eda\u201d) (Bolsa de Comercio de Santiago: LAN \/ NYSE: LFL \/ Bovespa: LATM33) el grupo de aerol\u00edneas l\u00edder de Latinoam\u00e9rica en el transporte de pasajeros y carga, dio a conocer hoy las estad\u00edsticas preliminares de tr\u00e1fico para junio de 2014 comparadas con junio de 2013.<\/p>\n<p style=\"text-align: justify;\">  <!--more-->  El tr\u00e1fico de pasajeros aument\u00f3 en un 1,1%, mientras que la capacidad disminuy\u00f3 en 1,1%. Como resultado, el factor de ocupaci\u00f3n para el mes aument\u00f3 en 1,8 puntos porcentuales a 81,9%. El tr\u00e1fico internacional de pasajeros represent\u00f3 aproximadamente un 54% del total del tr\u00e1fico de pasajeros del mes.<\/p>\n<p style=\"text-align: justify;\">El tr\u00e1fico dom\u00e9stico de pasajeros en las operaciones de habla hispana de la compa\u00f1\u00eda (Argentina, Chile, Per\u00fa, Ecuador y Colombia) aument\u00f3 1,1%, mientras que la capacidad se disminuy\u00f3 en un 1,0%. Como resultado, el factor de ocupaci\u00f3n aument\u00f3 1,6 puntos porcentuales a 76,1%.<\/p>\n<p style=\"text-align: justify;\">El tr\u00e1fico dom\u00e9stico de pasajeros en Brasil disminuy\u00f3 en 5,2%, mientras que la capacidad disminuy\u00f3 en 5,1%. Como resultado, el factor de ocupaci\u00f3n disminuy\u00f3 0,1 puntos a 80,8%.<\/p>\n<p style=\"text-align: justify;\">El tr\u00e1fico internacional de pasajeros aument\u00f3 5,1%, mientras que la capacidad aument\u00f3 en 1,5%. Como resultado, el factor de ocupaci\u00f3n para el mes aument\u00f3 2,9 puntos porcentuales a 84,2%. El tr\u00e1fico internacional incluye las operaciones internacionales de LAN y TAM en rutas regionales y de largo alcance.<\/p>\n<p style=\"text-align: justify;\">El tr\u00e1fico de carga de LATAM disminuy\u00f3 5,1%, mientras que la capacidad disminuy\u00f3 un 6,4%. Como resultado, el factor de ocupaci\u00f3n aument\u00f3 0,8 puntos porcentuales a 57,2%. La ca\u00edda de la capacidad de carga se explica por una menor disponibilidad de capacidad en los bellies de los aviones de pasajeros y menor operaci\u00f3n de aviones cargueros. La ca\u00edda en el tr\u00e1fico se explica por la debilidad en las importaciones hacia Latinoam\u00e9rica.<\/p>\n","protected":false},"excerpt":{"rendered":"<p>(Aeronoticias).- LATAM Airlines Group S.A. y sus filiales (\u201cLATAM Airlines Group\u201d o \u201cla Compa\u00f1\u00eda\u201d) (Bolsa de Comercio de Santiago: LAN \/ NYSE: LFL \/ Bovespa: LATM33) el grupo de aerol\u00edneas l\u00edder de Latinoam\u00e9rica en el transporte de pasajeros y carga, dio a conocer hoy las estad\u00edsticas preliminares de tr\u00e1fico para junio de 2014 comparadas con [&hellip;]<\/p>\n","protected":false},"author":1,"featured_media":0,"comment_status":"open","ping_status":"open","sticky":false,"template":"","format":"standard","meta":{"tdm_status":"","tdm_grid_status":"","footnotes":""},"categories":[51],"tags":[],"class_list":{"0":"post-47047","1":"post","2":"type-post","3":"status-publish","4":"format-standard","6":"category-nacional"},"yoast_head":"<!-- This site is optimized with the Yoast SEO plugin v25.1 - https:\/\/yoast.com\/wordpress\/plugins\/seo\/ -->\n<title>LATAM Airlines Group reporta estad\u00edsticas operacionales preliminares para junio 2014<\/title>\n<meta name=\"description\" content=\"Portal de noticias del Per\u00fa sobre el transporte a\u00e9reo, aviaci\u00f3n, turismo, hoteleria, actualidad.\" \/>\n<meta name=\"robots\" content=\"index, follow, max-snippet:-1, max-image-preview:large, max-video-preview:-1\" \/>\n<link rel=\"canonical\" href=\"https:\/\/aeronoticias.com.pe\/noticiero\/transporte-aereo\/nacional\/latam-airlines-group-reporta-estadisticas-operacionales-preliminares-para-junio-2014\/\" \/>\n<meta property=\"og:locale\" content=\"es_ES\" \/>\n<meta property=\"og:type\" content=\"article\" \/>\n<meta property=\"og:title\" content=\"LATAM Airlines Group reporta estad\u00edsticas operacionales preliminares para junio 2014\" \/>\n<meta property=\"og:description\" content=\"Portal de noticias del Per\u00fa sobre el transporte a\u00e9reo, aviaci\u00f3n, turismo, hoteleria, actualidad.\" \/>\n<meta property=\"og:url\" content=\"https:\/\/aeronoticias.com.pe\/noticiero\/transporte-aereo\/nacional\/latam-airlines-group-reporta-estadisticas-operacionales-preliminares-para-junio-2014\/\" \/>\n<meta property=\"og:site_name\" content=\"Aeronoticias.com.pe\" \/>\n<meta property=\"article:publisher\" content=\"https:\/\/www.facebook.com\/Aeronoticias.com.pe\/\" \/>\n<meta property=\"article:published_time\" content=\"2014-07-08T22:06:13+00:00\" \/>\n<meta name=\"author\" content=\"Redacci\u00f3n Aeronoticias\" \/>\n<meta name=\"twitter:card\" content=\"summary_large_image\" \/>\n<meta name=\"twitter:creator\" content=\"@aeronoticias\" \/>\n<meta name=\"twitter:site\" content=\"@aeronoticias\" \/>\n<meta name=\"twitter:label1\" content=\"Escrito por\" \/>\n\t<meta name=\"twitter:data1\" content=\"Redacci\u00f3n Aeronoticias\" \/>\n\t<meta name=\"twitter:label2\" content=\"Tiempo de lectura\" \/>\n\t<meta name=\"twitter:data2\" content=\"1 minuto\" \/>\n<script type=\"application\/ld+json\" class=\"yoast-schema-graph\">{\"@context\":\"https:\/\/schema.org\",\"@graph\":[{\"@type\":\"WebPage\",\"@id\":\"https:\/\/aeronoticias.com.pe\/noticiero\/transporte-aereo\/nacional\/latam-airlines-group-reporta-estadisticas-operacionales-preliminares-para-junio-2014\/\",\"url\":\"https:\/\/aeronoticias.com.pe\/noticiero\/transporte-aereo\/nacional\/latam-airlines-group-reporta-estadisticas-operacionales-preliminares-para-junio-2014\/\",\"name\":\"LATAM Airlines Group reporta estad\u00edsticas operacionales preliminares para junio 2014\",\"isPartOf\":{\"@id\":\"https:\/\/aeronoticias.com.pe\/noticiero\/#website\"},\"datePublished\":\"2014-07-08T22:06:13+00:00\",\"author\":{\"@id\":\"https:\/\/aeronoticias.com.pe\/noticiero\/#\/schema\/person\/fc1e5d578f4b62ba1cf7ac2bba1170a0\"},\"description\":\"Portal de noticias del Per\u00fa sobre el transporte a\u00e9reo, aviaci\u00f3n, turismo, hoteleria, actualidad.\",\"breadcrumb\":{\"@id\":\"https:\/\/aeronoticias.com.pe\/noticiero\/transporte-aereo\/nacional\/latam-airlines-group-reporta-estadisticas-operacionales-preliminares-para-junio-2014\/#breadcrumb\"},\"inLanguage\":\"es\",\"potentialAction\":[{\"@type\":\"ReadAction\",\"target\":[\"https:\/\/aeronoticias.com.pe\/noticiero\/transporte-aereo\/nacional\/latam-airlines-group-reporta-estadisticas-operacionales-preliminares-para-junio-2014\/\"]}]},{\"@type\":\"BreadcrumbList\",\"@id\":\"https:\/\/aeronoticias.com.pe\/noticiero\/transporte-aereo\/nacional\/latam-airlines-group-reporta-estadisticas-operacionales-preliminares-para-junio-2014\/#breadcrumb\",\"itemListElement\":[{\"@type\":\"ListItem\",\"position\":1,\"name\":\"Portada\",\"item\":\"https:\/\/aeronoticias.com.pe\/noticiero\/\"},{\"@type\":\"ListItem\",\"position\":2,\"name\":\"LATAM Airlines Group reporta estad\u00edsticas operacionales preliminares para junio 2014\"}]},{\"@type\":\"WebSite\",\"@id\":\"https:\/\/aeronoticias.com.pe\/noticiero\/#website\",\"url\":\"https:\/\/aeronoticias.com.pe\/noticiero\/\",\"name\":\"Aeronoticias.com.pe\",\"description\":\"Noticias de tranporte aereo, turismo, hoteles, gastronomia, actualidad, internacional\",\"potentialAction\":[{\"@type\":\"SearchAction\",\"target\":{\"@type\":\"EntryPoint\",\"urlTemplate\":\"https:\/\/aeronoticias.com.pe\/noticiero\/?s={search_term_string}\"},\"query-input\":{\"@type\":\"PropertyValueSpecification\",\"valueRequired\":true,\"valueName\":\"search_term_string\"}}],\"inLanguage\":\"es\"},{\"@type\":\"Person\",\"@id\":\"https:\/\/aeronoticias.com.pe\/noticiero\/#\/schema\/person\/fc1e5d578f4b62ba1cf7ac2bba1170a0\",\"name\":\"Redacci\u00f3n Aeronoticias\",\"url\":\"https:\/\/aeronoticias.com.pe\/noticiero\/author\/piloto\/\"}]}<\/script>\n<!-- \/ Yoast SEO plugin. -->","yoast_head_json":{"title":"LATAM Airlines Group reporta estad\u00edsticas operacionales preliminares para junio 2014","description":"Portal de noticias del Per\u00fa sobre el transporte a\u00e9reo, aviaci\u00f3n, turismo, hoteleria, actualidad.","robots":{"index":"index","follow":"follow","max-snippet":"max-snippet:-1","max-image-preview":"max-image-preview:large","max-video-preview":"max-video-preview:-1"},"canonical":"https:\/\/aeronoticias.com.pe\/noticiero\/transporte-aereo\/nacional\/latam-airlines-group-reporta-estadisticas-operacionales-preliminares-para-junio-2014\/","og_locale":"es_ES","og_type":"article","og_title":"LATAM Airlines Group reporta estad\u00edsticas operacionales preliminares para junio 2014","og_description":"Portal de noticias del Per\u00fa sobre el transporte a\u00e9reo, aviaci\u00f3n, turismo, hoteleria, actualidad.","og_url":"https:\/\/aeronoticias.com.pe\/noticiero\/transporte-aereo\/nacional\/latam-airlines-group-reporta-estadisticas-operacionales-preliminares-para-junio-2014\/","og_site_name":"Aeronoticias.com.pe","article_publisher":"https:\/\/www.facebook.com\/Aeronoticias.com.pe\/","article_published_time":"2014-07-08T22:06:13+00:00","author":"Redacci\u00f3n Aeronoticias","twitter_card":"summary_large_image","twitter_creator":"@aeronoticias","twitter_site":"@aeronoticias","twitter_misc":{"Escrito por":"Redacci\u00f3n Aeronoticias","Tiempo de lectura":"1 minuto"},"schema":{"@context":"https:\/\/schema.org","@graph":[{"@type":"WebPage","@id":"https:\/\/aeronoticias.com.pe\/noticiero\/transporte-aereo\/nacional\/latam-airlines-group-reporta-estadisticas-operacionales-preliminares-para-junio-2014\/","url":"https:\/\/aeronoticias.com.pe\/noticiero\/transporte-aereo\/nacional\/latam-airlines-group-reporta-estadisticas-operacionales-preliminares-para-junio-2014\/","name":"LATAM Airlines Group reporta estad\u00edsticas operacionales preliminares para junio 2014","isPartOf":{"@id":"https:\/\/aeronoticias.com.pe\/noticiero\/#website"},"datePublished":"2014-07-08T22:06:13+00:00","author":{"@id":"https:\/\/aeronoticias.com.pe\/noticiero\/#\/schema\/person\/fc1e5d578f4b62ba1cf7ac2bba1170a0"},"description":"Portal de noticias del Per\u00fa sobre el transporte a\u00e9reo, aviaci\u00f3n, turismo, hoteleria, actualidad.","breadcrumb":{"@id":"https:\/\/aeronoticias.com.pe\/noticiero\/transporte-aereo\/nacional\/latam-airlines-group-reporta-estadisticas-operacionales-preliminares-para-junio-2014\/#breadcrumb"},"inLanguage":"es","potentialAction":[{"@type":"ReadAction","target":["https:\/\/aeronoticias.com.pe\/noticiero\/transporte-aereo\/nacional\/latam-airlines-group-reporta-estadisticas-operacionales-preliminares-para-junio-2014\/"]}]},{"@type":"BreadcrumbList","@id":"https:\/\/aeronoticias.com.pe\/noticiero\/transporte-aereo\/nacional\/latam-airlines-group-reporta-estadisticas-operacionales-preliminares-para-junio-2014\/#breadcrumb","itemListElement":[{"@type":"ListItem","position":1,"name":"Portada","item":"https:\/\/aeronoticias.com.pe\/noticiero\/"},{"@type":"ListItem","position":2,"name":"LATAM Airlines Group reporta estad\u00edsticas operacionales preliminares para junio 2014"}]},{"@type":"WebSite","@id":"https:\/\/aeronoticias.com.pe\/noticiero\/#website","url":"https:\/\/aeronoticias.com.pe\/noticiero\/","name":"Aeronoticias.com.pe","description":"Noticias de tranporte aereo, turismo, hoteles, gastronomia, actualidad, internacional","potentialAction":[{"@type":"SearchAction","target":{"@type":"EntryPoint","urlTemplate":"https:\/\/aeronoticias.com.pe\/noticiero\/?s={search_term_string}"},"query-input":{"@type":"PropertyValueSpecification","valueRequired":true,"valueName":"search_term_string"}}],"inLanguage":"es"},{"@type":"Person","@id":"https:\/\/aeronoticias.com.pe\/noticiero\/#\/schema\/person\/fc1e5d578f4b62ba1cf7ac2bba1170a0","name":"Redacci\u00f3n Aeronoticias","url":"https:\/\/aeronoticias.com.pe\/noticiero\/author\/piloto\/"}]}},"_links":{"self":[{"href":"https:\/\/aeronoticias.com.pe\/noticiero\/wp-json\/wp\/v2\/posts\/47047","targetHints":{"allow":["GET"]}}],"collection":[{"href":"https:\/\/aeronoticias.com.pe\/noticiero\/wp-json\/wp\/v2\/posts"}],"about":[{"href":"https:\/\/aeronoticias.com.pe\/noticiero\/wp-json\/wp\/v2\/types\/post"}],"author":[{"embeddable":true,"href":"https:\/\/aeronoticias.com.pe\/noticiero\/wp-json\/wp\/v2\/users\/1"}],"replies":[{"embeddable":true,"href":"https:\/\/aeronoticias.com.pe\/noticiero\/wp-json\/wp\/v2\/comments?post=47047"}],"version-history":[{"count":0,"href":"https:\/\/aeronoticias.com.pe\/noticiero\/wp-json\/wp\/v2\/posts\/47047\/revisions"}],"wp:attachment":[{"href":"https:\/\/aeronoticias.com.pe\/noticiero\/wp-json\/wp\/v2\/media?parent=47047"}],"wp:term":[{"taxonomy":"category","embeddable":true,"href":"https:\/\/aeronoticias.com.pe\/noticiero\/wp-json\/wp\/v2\/categories?post=47047"},{"taxonomy":"post_tag","embeddable":true,"href":"https:\/\/aeronoticias.com.pe\/noticiero\/wp-json\/wp\/v2\/tags?post=47047"}],"curies":[{"name":"wp","href":"https:\/\/api.w.org\/{rel}","templated":true}]}}