{"id":47060,"date":"2014-07-09T15:30:34","date_gmt":"2014-07-09T15:30:34","guid":{"rendered":"http:\/\/desarrollo.mcvicious.com\/aero2020\/2014\/07\/09\/bogota-avianca-estrena-nueva-ruta-a-villavicencio\/"},"modified":"2014-07-09T15:30:34","modified_gmt":"2014-07-09T15:30:34","slug":"bogota-avianca-estrena-nueva-ruta-a-villavicencio","status":"publish","type":"post","link":"https:\/\/aeronoticias.com.pe\/noticiero\/transporte-aereo\/internacional\/bogota-avianca-estrena-nueva-ruta-a-villavicencio\/","title":{"rendered":"Bogot\u00e1: Avianca estrena nueva ruta a Villavicencio"},"content":{"rendered":"<p style=\"text-align: justify;\"><img decoding=\"async\" src=\"images\/stories\/14\/07\/090714\/a10_1.jpg\" border=\"0\" \/><\/p>\n<p style=\"text-align: justify;\"><strong>(Aeronoticias).- A partir del jueves 10 de julio, Avianca inicia sus operaciones en la ruta Bogot\u00e1-Villavicencio-Bogot\u00e1.<\/strong><\/p>\n<p>  <!--more-->  La Aerol\u00ednea ofrecer\u00e1 14 vuelos semanales con dos frecuencias diarias a la capital del departamento del Meta.<\/p>\n<p style=\"text-align: justify;\">En cumplimiento de su plan de expansi\u00f3n y de mejoramiento del servicio al interior de Colombia, Avianca inaugura el pr\u00f3ximo jueves 10 de julio su nueva ruta Bogot\u00e1-Villavicencio-Bogot\u00e1.<\/p>\n<p style=\"text-align: justify;\">La iniciativa, que hace parte del programa corporativo encaminado a ampliar la red de rutas para atender las necesidades del mercado nacional, constituye una clara demostraci\u00f3n del compromiso de Avianca con el desarrollo de los Llanos Orientales colombianos.<\/p>\n<p style=\"text-align: justify;\">Los vuelos ser\u00e1n operados en aviones ATR72-600, con capacidad para 68 pasajeros. El equipo se destaca por su avanzada tecnolog\u00eda y dise\u00f1o de vanguardia, adem\u00e1s de garantizar m\u00e1ximo rendimiento operacional y una \u00f3ptima comodidad al viajero.<\/p>\n<p style=\"text-align: justify;\">De acuerdo con el Presidente de la Aerol\u00ednea, Fabio Villegas: \u201cCon la implementaci\u00f3n de esta nueva ruta, Avianca busca atender las necesidades de los viajeros de negocios, al tiempo que se impulsa el flujo de turistas a una de las regiones de mayor perspectiva para el desarrollo de los sectores agr\u00edcola e industrial en el pa\u00eds\u201d.<\/p>\n<p style=\"text-align: justify;\">Con la puesta en marcha de esta ruta servida a trav\u00e9s de dos frecuencias de vuelo diarias, los pasajeros del centro de Colombia contar\u00e1n con m\u00e1s opciones de horarios y posibilidades de conexi\u00f3n con 25 ciudades al interior de Colombia y 98 destinos en Am\u00e9rica y Europa. Adem\u00e1s, representa una oportunidad para los viajeros nacionales e internacionales que requieran desplazarse a Villavicencio, considerada el epicentro comercial de los Llanos Orientales colombianos.<\/p>\n<p style=\"text-align: justify;\"><span style=\"text-decoration: underline;\">La ruta ser\u00e1 operada desde el Terminal Puente A\u00e9reo (T2), con el siguiente itinerario:<\/span><\/p>\n<p style=\"text-align: justify;\"><span style=\"text-decoration: underline;\"><img decoding=\"async\" src=\"images\/stories\/14\/07\/090714\/a10_2.jpg\" border=\"0\" \/><br \/><\/span><\/p>\n<p>{jathumbnail off images=\u00bbimages\/stories\/14\/07\/090714\/a10_1.jpg,images\/stories\/14\/07\/090714\/a10_2.jpg\u00bb}<\/p>\n","protected":false},"excerpt":{"rendered":"<p>(Aeronoticias).- A partir del jueves 10 de julio, Avianca inicia sus operaciones en la ruta Bogot\u00e1-Villavicencio-Bogot\u00e1.<\/p>\n","protected":false},"author":1,"featured_media":0,"comment_status":"open","ping_status":"open","sticky":false,"template":"","format":"standard","meta":{"tdm_status":"","tdm_grid_status":"","footnotes":""},"categories":[32],"tags":[],"class_list":{"0":"post-47060","1":"post","2":"type-post","3":"status-publish","4":"format-standard","6":"category-internacional"},"yoast_head":"<!-- This site is optimized with the Yoast SEO plugin v25.1 - https:\/\/yoast.com\/wordpress\/plugins\/seo\/ -->\n<title>Bogot\u00e1: Avianca estrena nueva ruta a Villavicencio<\/title>\n<meta name=\"description\" content=\"Portal de noticias del Per\u00fa sobre el transporte a\u00e9reo, aviaci\u00f3n, turismo, hoteleria, actualidad.\" \/>\n<meta name=\"robots\" content=\"index, follow, max-snippet:-1, max-image-preview:large, max-video-preview:-1\" \/>\n<link rel=\"canonical\" href=\"https:\/\/aeronoticias.com.pe\/noticiero\/transporte-aereo\/internacional\/bogota-avianca-estrena-nueva-ruta-a-villavicencio\/\" \/>\n<meta property=\"og:locale\" content=\"es_ES\" \/>\n<meta property=\"og:type\" content=\"article\" \/>\n<meta property=\"og:title\" content=\"Bogot\u00e1: Avianca estrena nueva ruta a Villavicencio\" \/>\n<meta property=\"og:description\" content=\"Portal de noticias del Per\u00fa sobre el transporte a\u00e9reo, aviaci\u00f3n, turismo, hoteleria, actualidad.\" \/>\n<meta property=\"og:url\" content=\"https:\/\/aeronoticias.com.pe\/noticiero\/transporte-aereo\/internacional\/bogota-avianca-estrena-nueva-ruta-a-villavicencio\/\" \/>\n<meta property=\"og:site_name\" content=\"Aeronoticias.com.pe\" \/>\n<meta property=\"article:publisher\" content=\"https:\/\/www.facebook.com\/Aeronoticias.com.pe\/\" \/>\n<meta property=\"article:published_time\" content=\"2014-07-09T15:30:34+00:00\" \/>\n<meta name=\"author\" content=\"Redacci\u00f3n Aeronoticias\" \/>\n<meta name=\"twitter:card\" content=\"summary_large_image\" \/>\n<meta name=\"twitter:creator\" content=\"@aeronoticias\" \/>\n<meta name=\"twitter:site\" content=\"@aeronoticias\" \/>\n<meta name=\"twitter:label1\" content=\"Escrito por\" \/>\n\t<meta name=\"twitter:data1\" content=\"Redacci\u00f3n Aeronoticias\" \/>\n\t<meta name=\"twitter:label2\" content=\"Tiempo de lectura\" \/>\n\t<meta name=\"twitter:data2\" content=\"2 minutos\" \/>\n<script type=\"application\/ld+json\" class=\"yoast-schema-graph\">{\"@context\":\"https:\/\/schema.org\",\"@graph\":[{\"@type\":\"WebPage\",\"@id\":\"https:\/\/aeronoticias.com.pe\/noticiero\/transporte-aereo\/internacional\/bogota-avianca-estrena-nueva-ruta-a-villavicencio\/\",\"url\":\"https:\/\/aeronoticias.com.pe\/noticiero\/transporte-aereo\/internacional\/bogota-avianca-estrena-nueva-ruta-a-villavicencio\/\",\"name\":\"Bogot\u00e1: Avianca estrena nueva ruta a Villavicencio\",\"isPartOf\":{\"@id\":\"https:\/\/aeronoticias.com.pe\/noticiero\/#website\"},\"datePublished\":\"2014-07-09T15:30:34+00:00\",\"author\":{\"@id\":\"https:\/\/aeronoticias.com.pe\/noticiero\/#\/schema\/person\/fc1e5d578f4b62ba1cf7ac2bba1170a0\"},\"description\":\"Portal de noticias del Per\u00fa sobre el transporte a\u00e9reo, aviaci\u00f3n, turismo, hoteleria, actualidad.\",\"breadcrumb\":{\"@id\":\"https:\/\/aeronoticias.com.pe\/noticiero\/transporte-aereo\/internacional\/bogota-avianca-estrena-nueva-ruta-a-villavicencio\/#breadcrumb\"},\"inLanguage\":\"es\",\"potentialAction\":[{\"@type\":\"ReadAction\",\"target\":[\"https:\/\/aeronoticias.com.pe\/noticiero\/transporte-aereo\/internacional\/bogota-avianca-estrena-nueva-ruta-a-villavicencio\/\"]}]},{\"@type\":\"BreadcrumbList\",\"@id\":\"https:\/\/aeronoticias.com.pe\/noticiero\/transporte-aereo\/internacional\/bogota-avianca-estrena-nueva-ruta-a-villavicencio\/#breadcrumb\",\"itemListElement\":[{\"@type\":\"ListItem\",\"position\":1,\"name\":\"Portada\",\"item\":\"https:\/\/aeronoticias.com.pe\/noticiero\/\"},{\"@type\":\"ListItem\",\"position\":2,\"name\":\"Bogot\u00e1: Avianca estrena nueva ruta a Villavicencio\"}]},{\"@type\":\"WebSite\",\"@id\":\"https:\/\/aeronoticias.com.pe\/noticiero\/#website\",\"url\":\"https:\/\/aeronoticias.com.pe\/noticiero\/\",\"name\":\"Aeronoticias.com.pe\",\"description\":\"Noticias de tranporte aereo, turismo, hoteles, gastronomia, actualidad, internacional\",\"potentialAction\":[{\"@type\":\"SearchAction\",\"target\":{\"@type\":\"EntryPoint\",\"urlTemplate\":\"https:\/\/aeronoticias.com.pe\/noticiero\/?s={search_term_string}\"},\"query-input\":{\"@type\":\"PropertyValueSpecification\",\"valueRequired\":true,\"valueName\":\"search_term_string\"}}],\"inLanguage\":\"es\"},{\"@type\":\"Person\",\"@id\":\"https:\/\/aeronoticias.com.pe\/noticiero\/#\/schema\/person\/fc1e5d578f4b62ba1cf7ac2bba1170a0\",\"name\":\"Redacci\u00f3n Aeronoticias\",\"url\":\"https:\/\/aeronoticias.com.pe\/noticiero\/author\/piloto\/\"}]}<\/script>\n<!-- \/ Yoast SEO plugin. -->","yoast_head_json":{"title":"Bogot\u00e1: Avianca estrena nueva ruta a Villavicencio","description":"Portal de noticias del Per\u00fa sobre el transporte a\u00e9reo, aviaci\u00f3n, turismo, hoteleria, actualidad.","robots":{"index":"index","follow":"follow","max-snippet":"max-snippet:-1","max-image-preview":"max-image-preview:large","max-video-preview":"max-video-preview:-1"},"canonical":"https:\/\/aeronoticias.com.pe\/noticiero\/transporte-aereo\/internacional\/bogota-avianca-estrena-nueva-ruta-a-villavicencio\/","og_locale":"es_ES","og_type":"article","og_title":"Bogot\u00e1: Avianca estrena nueva ruta a Villavicencio","og_description":"Portal de noticias del Per\u00fa sobre el transporte a\u00e9reo, aviaci\u00f3n, turismo, hoteleria, actualidad.","og_url":"https:\/\/aeronoticias.com.pe\/noticiero\/transporte-aereo\/internacional\/bogota-avianca-estrena-nueva-ruta-a-villavicencio\/","og_site_name":"Aeronoticias.com.pe","article_publisher":"https:\/\/www.facebook.com\/Aeronoticias.com.pe\/","article_published_time":"2014-07-09T15:30:34+00:00","author":"Redacci\u00f3n Aeronoticias","twitter_card":"summary_large_image","twitter_creator":"@aeronoticias","twitter_site":"@aeronoticias","twitter_misc":{"Escrito por":"Redacci\u00f3n Aeronoticias","Tiempo de lectura":"2 minutos"},"schema":{"@context":"https:\/\/schema.org","@graph":[{"@type":"WebPage","@id":"https:\/\/aeronoticias.com.pe\/noticiero\/transporte-aereo\/internacional\/bogota-avianca-estrena-nueva-ruta-a-villavicencio\/","url":"https:\/\/aeronoticias.com.pe\/noticiero\/transporte-aereo\/internacional\/bogota-avianca-estrena-nueva-ruta-a-villavicencio\/","name":"Bogot\u00e1: Avianca estrena nueva ruta a Villavicencio","isPartOf":{"@id":"https:\/\/aeronoticias.com.pe\/noticiero\/#website"},"datePublished":"2014-07-09T15:30:34+00:00","author":{"@id":"https:\/\/aeronoticias.com.pe\/noticiero\/#\/schema\/person\/fc1e5d578f4b62ba1cf7ac2bba1170a0"},"description":"Portal de noticias del Per\u00fa sobre el transporte a\u00e9reo, aviaci\u00f3n, turismo, hoteleria, actualidad.","breadcrumb":{"@id":"https:\/\/aeronoticias.com.pe\/noticiero\/transporte-aereo\/internacional\/bogota-avianca-estrena-nueva-ruta-a-villavicencio\/#breadcrumb"},"inLanguage":"es","potentialAction":[{"@type":"ReadAction","target":["https:\/\/aeronoticias.com.pe\/noticiero\/transporte-aereo\/internacional\/bogota-avianca-estrena-nueva-ruta-a-villavicencio\/"]}]},{"@type":"BreadcrumbList","@id":"https:\/\/aeronoticias.com.pe\/noticiero\/transporte-aereo\/internacional\/bogota-avianca-estrena-nueva-ruta-a-villavicencio\/#breadcrumb","itemListElement":[{"@type":"ListItem","position":1,"name":"Portada","item":"https:\/\/aeronoticias.com.pe\/noticiero\/"},{"@type":"ListItem","position":2,"name":"Bogot\u00e1: Avianca estrena nueva ruta a Villavicencio"}]},{"@type":"WebSite","@id":"https:\/\/aeronoticias.com.pe\/noticiero\/#website","url":"https:\/\/aeronoticias.com.pe\/noticiero\/","name":"Aeronoticias.com.pe","description":"Noticias de tranporte aereo, turismo, hoteles, gastronomia, actualidad, internacional","potentialAction":[{"@type":"SearchAction","target":{"@type":"EntryPoint","urlTemplate":"https:\/\/aeronoticias.com.pe\/noticiero\/?s={search_term_string}"},"query-input":{"@type":"PropertyValueSpecification","valueRequired":true,"valueName":"search_term_string"}}],"inLanguage":"es"},{"@type":"Person","@id":"https:\/\/aeronoticias.com.pe\/noticiero\/#\/schema\/person\/fc1e5d578f4b62ba1cf7ac2bba1170a0","name":"Redacci\u00f3n Aeronoticias","url":"https:\/\/aeronoticias.com.pe\/noticiero\/author\/piloto\/"}]}},"_links":{"self":[{"href":"https:\/\/aeronoticias.com.pe\/noticiero\/wp-json\/wp\/v2\/posts\/47060","targetHints":{"allow":["GET"]}}],"collection":[{"href":"https:\/\/aeronoticias.com.pe\/noticiero\/wp-json\/wp\/v2\/posts"}],"about":[{"href":"https:\/\/aeronoticias.com.pe\/noticiero\/wp-json\/wp\/v2\/types\/post"}],"author":[{"embeddable":true,"href":"https:\/\/aeronoticias.com.pe\/noticiero\/wp-json\/wp\/v2\/users\/1"}],"replies":[{"embeddable":true,"href":"https:\/\/aeronoticias.com.pe\/noticiero\/wp-json\/wp\/v2\/comments?post=47060"}],"version-history":[{"count":0,"href":"https:\/\/aeronoticias.com.pe\/noticiero\/wp-json\/wp\/v2\/posts\/47060\/revisions"}],"wp:attachment":[{"href":"https:\/\/aeronoticias.com.pe\/noticiero\/wp-json\/wp\/v2\/media?parent=47060"}],"wp:term":[{"taxonomy":"category","embeddable":true,"href":"https:\/\/aeronoticias.com.pe\/noticiero\/wp-json\/wp\/v2\/categories?post=47060"},{"taxonomy":"post_tag","embeddable":true,"href":"https:\/\/aeronoticias.com.pe\/noticiero\/wp-json\/wp\/v2\/tags?post=47060"}],"curies":[{"name":"wp","href":"https:\/\/api.w.org\/{rel}","templated":true}]}}