{"id":47155,"date":"2014-07-12T11:30:00","date_gmt":"2014-07-12T11:30:00","guid":{"rendered":"http:\/\/desarrollo.mcvicious.com\/aero2020\/2014\/07\/12\/cancilleria-proyectara-al-peru-como-potencia-regional-emergente\/"},"modified":"2014-07-12T11:30:00","modified_gmt":"2014-07-12T11:30:00","slug":"cancilleria-proyectara-al-peru-como-potencia-regional-emergente","status":"publish","type":"post","link":"https:\/\/aeronoticias.com.pe\/noticiero\/politica\/cancilleria-proyectara-al-peru-como-potencia-regional-emergente\/","title":{"rendered":"Canciller\u00eda proyectar\u00e1 al Per\u00fa como potencia regional emergente"},"content":{"rendered":"<p style=\"text-align: justify;\"><img decoding=\"async\" src=\"images\/stories\/14\/07\/120714\/a6.jpg\" border=\"0\" \/><\/p>\n<p style=\"text-align: justify;\"><strong>(Aeronoticias).- El Ministerio de Relaciones Exteriores trabajar\u00e1 para proyectar al Per\u00fa como una potencia regional emergente de mediana dimensi\u00f3n y dar\u00e1 un impulso a la integraci\u00f3n regional, se\u00f1al\u00f3 hoy el canciller Gonzalo Guti\u00e9rrez, tras destacar la designaci\u00f3n del embajador Claudio de la Puente como vicecanciller. <\/strong><\/p>\n<p style=\"text-align: justify;\">\u00a0<\/p>\n<p>  <!--more-->  <\/p>\n<p>Durante la ceremonia de juramentaci\u00f3n del vicecanciller y jefe del Servicio Diplom\u00e1tico de la Rep\u00fablica, Guti\u00e9rrez dijo que las cualidades profesionales de De la Puente contribuir\u00e1n a lograr los objetivos de la agenda de la pol\u00edtica exterior del pa\u00eds.<\/p>\n<p>\u00a0<\/p>\n<p style=\"text-align: justify;\">\u201cEstoy seguro que contar\u00e9 con su concurrencia en el esfuerzo -como \u00e9l lo ha se\u00f1alado- de proyectar al Per\u00fa como una potencia regional emergente de mediana dimensi\u00f3n, daremos un impulso a la integraci\u00f3n regional en sus distintos niveles\u201d, subray\u00f3.<\/p>\n<p style=\"text-align: justify;\">Asimismo, precis\u00f3 que se buscar\u00e1 \u00a0\u201cdinamizar la proyecci\u00f3n comercial y econ\u00f3mica del Per\u00fa en el mundo\u201d y se otorgar\u00e1 una especial prioridad a la atenci\u00f3n de las comunidades peruanas en el exterior, entre otras tareas .<\/p>\n<p style=\"text-align: justify;\">Tambi\u00e9n indic\u00f3 que la pol\u00edtica exterior del Per\u00fa no sufrir\u00e1 alteraci\u00f3n alguna con el nombramiento del embajador Claudio de la Puente como jefe del Servicio Diplom\u00e1tico, en reemplazo de Fernando Rojas, quien asumir\u00e1 la conducci\u00f3n de la embajada peruana en Santiago de Chile.<\/p>\n<p style=\"text-align: justify;\">\u201cEste proceso de renovaci\u00f3n no implica un cambio sino que mantiene una continuidad en el desarrollo de nuestra pol\u00edtica exterior\u201d, afirm\u00f3.<\/p>\n<p style=\"text-align: justify;\">El canciller Guti\u00e9rrez destac\u00f3 el trabajo realizado por el embajador Fernando Rojas como \u201cun actor fundamental y gu\u00eda para que el servicio diplom\u00e1tico peruano funcione con idoneidad\u201d y mantenga sus tributos que lo han hecho merecedor de un bien ganado prestigio a nivel internacional.<\/p>\n<p style=\"text-align: justify;\">Refiri\u00f3 que durante este periodo, la pol\u00edtica exterior del Per\u00fa tuvo \u201cun momento definitorio\u201d con el fallo de la Corte Internacional de Justicia de La Haya sobre la delimitaci\u00f3n mar\u00edtima entre Per\u00fa y Chile, as\u00ed como la fijaci\u00f3n de las nuevas coordenadas del l\u00edmite mar\u00edtimo establecidos en funci\u00f3n de dicho fallo.<\/p>\n<p style=\"text-align: justify;\">\u201cEn este periodo de trascendental importancia para nuestro pa\u00eds, otros \u00e1mbitos de la pol\u00edtica exterior no se detuvieron, y por el contrario se desenvolvieron con gran dinamismo y visi\u00f3n de Estado\u201d, subray\u00f3.<\/p>\n<p style=\"text-align: justify;\">Finalmente, para este nuevo ciclo de la diplomacia peruana, el Canciller expres\u00f3 su confianza en el trabajo que realizar\u00e1 el nuevo vicecanciller para el fortalecimiento institucional y la modernizaci\u00f3n tanto de la gesti\u00f3n como de los procesos de la Canciller\u00eda.<\/p>\n<p style=\"text-align: justify;\">\u00a0<\/p>\n<p style=\"text-align: justify;\">Fuente: <strong><em>Andina<\/em><\/strong><\/p>\n<p style=\"text-align: justify;\">Foto: <strong><em>Andina<\/em><\/strong><\/p>\n","protected":false},"excerpt":{"rendered":"<p>(Aeronoticias).- El Ministerio de Relaciones Exteriores trabajar\u00e1 para proyectar al Per\u00fa como una potencia regional emergente de mediana dimensi\u00f3n y dar\u00e1 un impulso a la integraci\u00f3n regional, se\u00f1al\u00f3 hoy el canciller Gonzalo Guti\u00e9rrez, tras destacar la designaci\u00f3n del embajador Claudio de la Puente como vicecanciller. \u00a0<\/p>\n","protected":false},"author":1,"featured_media":0,"comment_status":"open","ping_status":"open","sticky":false,"template":"","format":"standard","meta":{"tdm_status":"","tdm_grid_status":"","footnotes":""},"categories":[36],"tags":[],"class_list":{"0":"post-47155","1":"post","2":"type-post","3":"status-publish","4":"format-standard","6":"category-politica"},"yoast_head":"<!-- This site is optimized with the Yoast SEO plugin v25.1 - https:\/\/yoast.com\/wordpress\/plugins\/seo\/ -->\n<title>Canciller\u00eda proyectar\u00e1 al Per\u00fa como potencia regional emergente<\/title>\n<meta name=\"description\" content=\"Portal de noticias del Per\u00fa sobre el transporte a\u00e9reo, aviaci\u00f3n, turismo, hoteleria, actualidad.\" \/>\n<meta name=\"robots\" content=\"index, follow, max-snippet:-1, max-image-preview:large, max-video-preview:-1\" \/>\n<link rel=\"canonical\" href=\"https:\/\/aeronoticias.com.pe\/noticiero\/politica\/cancilleria-proyectara-al-peru-como-potencia-regional-emergente\/\" \/>\n<meta property=\"og:locale\" content=\"es_ES\" \/>\n<meta property=\"og:type\" content=\"article\" \/>\n<meta property=\"og:title\" content=\"Canciller\u00eda proyectar\u00e1 al Per\u00fa como potencia regional emergente\" \/>\n<meta property=\"og:description\" content=\"Portal de noticias del Per\u00fa sobre el transporte a\u00e9reo, aviaci\u00f3n, turismo, hoteleria, actualidad.\" \/>\n<meta property=\"og:url\" content=\"https:\/\/aeronoticias.com.pe\/noticiero\/politica\/cancilleria-proyectara-al-peru-como-potencia-regional-emergente\/\" \/>\n<meta property=\"og:site_name\" content=\"Aeronoticias.com.pe\" \/>\n<meta property=\"article:publisher\" content=\"https:\/\/www.facebook.com\/Aeronoticias.com.pe\/\" \/>\n<meta property=\"article:published_time\" content=\"2014-07-12T11:30:00+00:00\" \/>\n<meta name=\"author\" content=\"Redacci\u00f3n Aeronoticias\" \/>\n<meta name=\"twitter:card\" content=\"summary_large_image\" \/>\n<meta name=\"twitter:creator\" content=\"@aeronoticias\" \/>\n<meta name=\"twitter:site\" content=\"@aeronoticias\" \/>\n<meta name=\"twitter:label1\" content=\"Escrito por\" \/>\n\t<meta name=\"twitter:data1\" content=\"Redacci\u00f3n Aeronoticias\" \/>\n\t<meta name=\"twitter:label2\" content=\"Tiempo de lectura\" \/>\n\t<meta name=\"twitter:data2\" content=\"2 minutos\" \/>\n<script type=\"application\/ld+json\" class=\"yoast-schema-graph\">{\"@context\":\"https:\/\/schema.org\",\"@graph\":[{\"@type\":\"WebPage\",\"@id\":\"https:\/\/aeronoticias.com.pe\/noticiero\/politica\/cancilleria-proyectara-al-peru-como-potencia-regional-emergente\/\",\"url\":\"https:\/\/aeronoticias.com.pe\/noticiero\/politica\/cancilleria-proyectara-al-peru-como-potencia-regional-emergente\/\",\"name\":\"Canciller\u00eda proyectar\u00e1 al Per\u00fa como potencia regional emergente\",\"isPartOf\":{\"@id\":\"https:\/\/aeronoticias.com.pe\/noticiero\/#website\"},\"datePublished\":\"2014-07-12T11:30:00+00:00\",\"author\":{\"@id\":\"https:\/\/aeronoticias.com.pe\/noticiero\/#\/schema\/person\/fc1e5d578f4b62ba1cf7ac2bba1170a0\"},\"description\":\"Portal de noticias del Per\u00fa sobre el transporte a\u00e9reo, aviaci\u00f3n, turismo, hoteleria, actualidad.\",\"breadcrumb\":{\"@id\":\"https:\/\/aeronoticias.com.pe\/noticiero\/politica\/cancilleria-proyectara-al-peru-como-potencia-regional-emergente\/#breadcrumb\"},\"inLanguage\":\"es\",\"potentialAction\":[{\"@type\":\"ReadAction\",\"target\":[\"https:\/\/aeronoticias.com.pe\/noticiero\/politica\/cancilleria-proyectara-al-peru-como-potencia-regional-emergente\/\"]}]},{\"@type\":\"BreadcrumbList\",\"@id\":\"https:\/\/aeronoticias.com.pe\/noticiero\/politica\/cancilleria-proyectara-al-peru-como-potencia-regional-emergente\/#breadcrumb\",\"itemListElement\":[{\"@type\":\"ListItem\",\"position\":1,\"name\":\"Portada\",\"item\":\"https:\/\/aeronoticias.com.pe\/noticiero\/\"},{\"@type\":\"ListItem\",\"position\":2,\"name\":\"Canciller\u00eda proyectar\u00e1 al Per\u00fa como potencia regional emergente\"}]},{\"@type\":\"WebSite\",\"@id\":\"https:\/\/aeronoticias.com.pe\/noticiero\/#website\",\"url\":\"https:\/\/aeronoticias.com.pe\/noticiero\/\",\"name\":\"Aeronoticias.com.pe\",\"description\":\"Noticias de tranporte aereo, turismo, hoteles, gastronomia, actualidad, internacional\",\"potentialAction\":[{\"@type\":\"SearchAction\",\"target\":{\"@type\":\"EntryPoint\",\"urlTemplate\":\"https:\/\/aeronoticias.com.pe\/noticiero\/?s={search_term_string}\"},\"query-input\":{\"@type\":\"PropertyValueSpecification\",\"valueRequired\":true,\"valueName\":\"search_term_string\"}}],\"inLanguage\":\"es\"},{\"@type\":\"Person\",\"@id\":\"https:\/\/aeronoticias.com.pe\/noticiero\/#\/schema\/person\/fc1e5d578f4b62ba1cf7ac2bba1170a0\",\"name\":\"Redacci\u00f3n Aeronoticias\",\"url\":\"https:\/\/aeronoticias.com.pe\/noticiero\/author\/piloto\/\"}]}<\/script>\n<!-- \/ Yoast SEO plugin. -->","yoast_head_json":{"title":"Canciller\u00eda proyectar\u00e1 al Per\u00fa como potencia regional emergente","description":"Portal de noticias del Per\u00fa sobre el transporte a\u00e9reo, aviaci\u00f3n, turismo, hoteleria, actualidad.","robots":{"index":"index","follow":"follow","max-snippet":"max-snippet:-1","max-image-preview":"max-image-preview:large","max-video-preview":"max-video-preview:-1"},"canonical":"https:\/\/aeronoticias.com.pe\/noticiero\/politica\/cancilleria-proyectara-al-peru-como-potencia-regional-emergente\/","og_locale":"es_ES","og_type":"article","og_title":"Canciller\u00eda proyectar\u00e1 al Per\u00fa como potencia regional emergente","og_description":"Portal de noticias del Per\u00fa sobre el transporte a\u00e9reo, aviaci\u00f3n, turismo, hoteleria, actualidad.","og_url":"https:\/\/aeronoticias.com.pe\/noticiero\/politica\/cancilleria-proyectara-al-peru-como-potencia-regional-emergente\/","og_site_name":"Aeronoticias.com.pe","article_publisher":"https:\/\/www.facebook.com\/Aeronoticias.com.pe\/","article_published_time":"2014-07-12T11:30:00+00:00","author":"Redacci\u00f3n Aeronoticias","twitter_card":"summary_large_image","twitter_creator":"@aeronoticias","twitter_site":"@aeronoticias","twitter_misc":{"Escrito por":"Redacci\u00f3n Aeronoticias","Tiempo de lectura":"2 minutos"},"schema":{"@context":"https:\/\/schema.org","@graph":[{"@type":"WebPage","@id":"https:\/\/aeronoticias.com.pe\/noticiero\/politica\/cancilleria-proyectara-al-peru-como-potencia-regional-emergente\/","url":"https:\/\/aeronoticias.com.pe\/noticiero\/politica\/cancilleria-proyectara-al-peru-como-potencia-regional-emergente\/","name":"Canciller\u00eda proyectar\u00e1 al Per\u00fa como potencia regional emergente","isPartOf":{"@id":"https:\/\/aeronoticias.com.pe\/noticiero\/#website"},"datePublished":"2014-07-12T11:30:00+00:00","author":{"@id":"https:\/\/aeronoticias.com.pe\/noticiero\/#\/schema\/person\/fc1e5d578f4b62ba1cf7ac2bba1170a0"},"description":"Portal de noticias del Per\u00fa sobre el transporte a\u00e9reo, aviaci\u00f3n, turismo, hoteleria, actualidad.","breadcrumb":{"@id":"https:\/\/aeronoticias.com.pe\/noticiero\/politica\/cancilleria-proyectara-al-peru-como-potencia-regional-emergente\/#breadcrumb"},"inLanguage":"es","potentialAction":[{"@type":"ReadAction","target":["https:\/\/aeronoticias.com.pe\/noticiero\/politica\/cancilleria-proyectara-al-peru-como-potencia-regional-emergente\/"]}]},{"@type":"BreadcrumbList","@id":"https:\/\/aeronoticias.com.pe\/noticiero\/politica\/cancilleria-proyectara-al-peru-como-potencia-regional-emergente\/#breadcrumb","itemListElement":[{"@type":"ListItem","position":1,"name":"Portada","item":"https:\/\/aeronoticias.com.pe\/noticiero\/"},{"@type":"ListItem","position":2,"name":"Canciller\u00eda proyectar\u00e1 al Per\u00fa como potencia regional emergente"}]},{"@type":"WebSite","@id":"https:\/\/aeronoticias.com.pe\/noticiero\/#website","url":"https:\/\/aeronoticias.com.pe\/noticiero\/","name":"Aeronoticias.com.pe","description":"Noticias de tranporte aereo, turismo, hoteles, gastronomia, actualidad, internacional","potentialAction":[{"@type":"SearchAction","target":{"@type":"EntryPoint","urlTemplate":"https:\/\/aeronoticias.com.pe\/noticiero\/?s={search_term_string}"},"query-input":{"@type":"PropertyValueSpecification","valueRequired":true,"valueName":"search_term_string"}}],"inLanguage":"es"},{"@type":"Person","@id":"https:\/\/aeronoticias.com.pe\/noticiero\/#\/schema\/person\/fc1e5d578f4b62ba1cf7ac2bba1170a0","name":"Redacci\u00f3n Aeronoticias","url":"https:\/\/aeronoticias.com.pe\/noticiero\/author\/piloto\/"}]}},"_links":{"self":[{"href":"https:\/\/aeronoticias.com.pe\/noticiero\/wp-json\/wp\/v2\/posts\/47155","targetHints":{"allow":["GET"]}}],"collection":[{"href":"https:\/\/aeronoticias.com.pe\/noticiero\/wp-json\/wp\/v2\/posts"}],"about":[{"href":"https:\/\/aeronoticias.com.pe\/noticiero\/wp-json\/wp\/v2\/types\/post"}],"author":[{"embeddable":true,"href":"https:\/\/aeronoticias.com.pe\/noticiero\/wp-json\/wp\/v2\/users\/1"}],"replies":[{"embeddable":true,"href":"https:\/\/aeronoticias.com.pe\/noticiero\/wp-json\/wp\/v2\/comments?post=47155"}],"version-history":[{"count":0,"href":"https:\/\/aeronoticias.com.pe\/noticiero\/wp-json\/wp\/v2\/posts\/47155\/revisions"}],"wp:attachment":[{"href":"https:\/\/aeronoticias.com.pe\/noticiero\/wp-json\/wp\/v2\/media?parent=47155"}],"wp:term":[{"taxonomy":"category","embeddable":true,"href":"https:\/\/aeronoticias.com.pe\/noticiero\/wp-json\/wp\/v2\/categories?post=47155"},{"taxonomy":"post_tag","embeddable":true,"href":"https:\/\/aeronoticias.com.pe\/noticiero\/wp-json\/wp\/v2\/tags?post=47155"}],"curies":[{"name":"wp","href":"https:\/\/api.w.org\/{rel}","templated":true}]}}