{"id":47230,"date":"2014-07-15T15:05:08","date_gmt":"2014-07-15T15:05:08","guid":{"rendered":"http:\/\/desarrollo.mcvicious.com\/aero2020\/2014\/07\/15\/libia-aviones-danados-en-aeropuerto-de-tripoli-tras-ataque\/"},"modified":"2014-07-15T15:05:08","modified_gmt":"2014-07-15T15:05:08","slug":"libia-aviones-danados-en-aeropuerto-de-tripoli-tras-ataque","status":"publish","type":"post","link":"https:\/\/aeronoticias.com.pe\/noticiero\/transporte-aereo\/internacional\/libia-aviones-danados-en-aeropuerto-de-tripoli-tras-ataque\/","title":{"rendered":"Libia: Aviones da\u00f1ados en Aeropuerto de Tr\u00edpoli tras ataque"},"content":{"rendered":"<p style=\"text-align: justify;\"><strong>(Aeronoticias)<\/strong>.- Quince personas murieron tras el ataque perpetrado al Aeropuerto Internacional de Tr\u00edpoli, en Libia. Parte del interior del aeropuerto fue afectado en el fuego cruzado mientras<a href=\"http:\/\/www.reuters.com\/article\/2014\/07\/15\/us-tripoli-airport-idUSKBN0FK01N20140715\" target=\"_blank\" rel=\"noopener noreferrer\"> <\/a><span style=\"text-decoration: underline;\"><em><a href=\"http:\/\/www.bbc.com\/news\/world-africa-28304004\" target=\"_blank\" rel=\"noopener noreferrer\"><strong>12 aviones<\/strong><\/a><\/em><\/span> al interior de dicha instalaci\u00f3n a\u00e9rea fueron da\u00f1ados.<\/p>\n<p style=\"text-align: justify;\"><img decoding=\"async\" src=\"images\/stories\/14\/07\/150714\/tripoli2.jpg\" border=\"0\" \/><\/p>\n<p>  <!--more-->  <\/p>\n<p><span style=\"text-align: justify; line-height: 1.3em;\">Un grupo de setenta personas se encuentran heridos, luego de que grupos milicianos moderados e isl\u00e1micos entraran en pugna por el control territorial del \u00e1rea donde se encuentra la instalaci\u00f3n aeroportuaria.<\/span><\/p>\n<p><span style=\"text-align: justify; line-height: 1.3em;\"><img decoding=\"async\" src=\"images\/stories\/14\/07\/150714\/tripoli.jpg\" border=\"0\" \/><br \/><\/span><\/p>\n<p style=\"text-align: justify;\">Uno de los misiles impact\u00f3 en Torre de Control, quem\u00e1ndola.<\/p>\n<p style=\"text-align: justify;\">Los ataques contra la instalaci\u00f3n a\u00e9rea han durado poco m\u00e1s de d\u00eda y medio. En la noche de ayer, fuentes consultadas por Libya Herald se\u00f1alaron que hubo un ataque desde el norte del aeropuerto, amenazando la seguridad de los pocos aviones que permanecen all\u00ed.<\/p>\n<p style=\"text-align: justify;\">Con informaci\u00f3n de <a href=\"http:\/\/www.libyaherald.com\/2014\/07\/15\/high-casualties-at-tripoli-airport-as-control-tower-hit\/\" target=\"_blank\" rel=\"noopener noreferrer\"><em><strong><span style=\"text-decoration: underline;\">Libya Herald<\/span><\/strong><\/em><\/a> y\u00a0<a href=\"http:\/\/www.dailystar.com.lb\/News\/Middle-East\/2014\/Jul-15\/263900-rocket-hits-control-tower-at-tripoli-airport-official.ashx?utm_source=twitterfeed&amp;utm_medium=twitter\" target=\"_blank\" rel=\"noopener noreferrer\"><span style=\"text-decoration: underline;\"><strong><em>Daily Star<\/em><\/strong><\/span><\/a>. Con la fotograf\u00eda de <a href=\"https:\/\/twitter.com\/Planesonearth\/status\/488992459507392512\/photo\/1\" target=\"_blank\" rel=\"noopener noreferrer\"><span style=\"text-decoration: underline;\"><em><strong>@Planesonearth<\/strong><\/em><\/span><\/a>.<\/p>\n<p>{jathumbnail off images=\u00bbimages\/stories\/14\/07\/150714\/tripoli2.jpg,images\/stories\/14\/07\/150714\/tripoli2.jpg\u00bb}<\/p>\n","protected":false},"excerpt":{"rendered":"<p>(Aeronoticias).- Quince personas murieron tras el ataque perpetrado al Aeropuerto Internacional de Tr\u00edpoli, en Libia. Parte del interior del aeropuerto fue afectado en el fuego cruzado mientras 12 aviones al interior de dicha instalaci\u00f3n a\u00e9rea fueron da\u00f1ados.<\/p>\n","protected":false},"author":1,"featured_media":0,"comment_status":"open","ping_status":"open","sticky":false,"template":"","format":"standard","meta":{"tdm_status":"","tdm_grid_status":"","footnotes":""},"categories":[32],"tags":[],"class_list":{"0":"post-47230","1":"post","2":"type-post","3":"status-publish","4":"format-standard","6":"category-internacional"},"yoast_head":"<!-- This site is optimized with the Yoast SEO plugin v25.1 - https:\/\/yoast.com\/wordpress\/plugins\/seo\/ -->\n<title>Libia: Aviones da\u00f1ados en Aeropuerto de Tr\u00edpoli tras ataque<\/title>\n<meta name=\"description\" content=\"Portal de noticias del Per\u00fa sobre el transporte a\u00e9reo, aviaci\u00f3n, turismo, hoteleria, actualidad.\" \/>\n<meta name=\"robots\" content=\"index, follow, max-snippet:-1, max-image-preview:large, max-video-preview:-1\" \/>\n<link rel=\"canonical\" href=\"https:\/\/aeronoticias.com.pe\/noticiero\/transporte-aereo\/internacional\/libia-aviones-danados-en-aeropuerto-de-tripoli-tras-ataque\/\" \/>\n<meta property=\"og:locale\" content=\"es_ES\" \/>\n<meta property=\"og:type\" content=\"article\" \/>\n<meta property=\"og:title\" content=\"Libia: Aviones da\u00f1ados en Aeropuerto de Tr\u00edpoli tras ataque\" \/>\n<meta property=\"og:description\" content=\"Portal de noticias del Per\u00fa sobre el transporte a\u00e9reo, aviaci\u00f3n, turismo, hoteleria, actualidad.\" \/>\n<meta property=\"og:url\" content=\"https:\/\/aeronoticias.com.pe\/noticiero\/transporte-aereo\/internacional\/libia-aviones-danados-en-aeropuerto-de-tripoli-tras-ataque\/\" \/>\n<meta property=\"og:site_name\" content=\"Aeronoticias.com.pe\" \/>\n<meta property=\"article:publisher\" content=\"https:\/\/www.facebook.com\/Aeronoticias.com.pe\/\" \/>\n<meta property=\"article:published_time\" content=\"2014-07-15T15:05:08+00:00\" \/>\n<meta name=\"author\" content=\"Redacci\u00f3n Aeronoticias\" \/>\n<meta name=\"twitter:card\" content=\"summary_large_image\" \/>\n<meta name=\"twitter:creator\" content=\"@aeronoticias\" \/>\n<meta name=\"twitter:site\" content=\"@aeronoticias\" \/>\n<meta name=\"twitter:label1\" content=\"Escrito por\" \/>\n\t<meta name=\"twitter:data1\" content=\"Redacci\u00f3n Aeronoticias\" \/>\n\t<meta name=\"twitter:label2\" content=\"Tiempo de lectura\" \/>\n\t<meta name=\"twitter:data2\" content=\"1 minuto\" \/>\n<script type=\"application\/ld+json\" class=\"yoast-schema-graph\">{\"@context\":\"https:\/\/schema.org\",\"@graph\":[{\"@type\":\"WebPage\",\"@id\":\"https:\/\/aeronoticias.com.pe\/noticiero\/transporte-aereo\/internacional\/libia-aviones-danados-en-aeropuerto-de-tripoli-tras-ataque\/\",\"url\":\"https:\/\/aeronoticias.com.pe\/noticiero\/transporte-aereo\/internacional\/libia-aviones-danados-en-aeropuerto-de-tripoli-tras-ataque\/\",\"name\":\"Libia: Aviones da\u00f1ados en Aeropuerto de Tr\u00edpoli tras ataque\",\"isPartOf\":{\"@id\":\"https:\/\/aeronoticias.com.pe\/noticiero\/#website\"},\"datePublished\":\"2014-07-15T15:05:08+00:00\",\"author\":{\"@id\":\"https:\/\/aeronoticias.com.pe\/noticiero\/#\/schema\/person\/fc1e5d578f4b62ba1cf7ac2bba1170a0\"},\"description\":\"Portal de noticias del Per\u00fa sobre el transporte a\u00e9reo, aviaci\u00f3n, turismo, hoteleria, actualidad.\",\"breadcrumb\":{\"@id\":\"https:\/\/aeronoticias.com.pe\/noticiero\/transporte-aereo\/internacional\/libia-aviones-danados-en-aeropuerto-de-tripoli-tras-ataque\/#breadcrumb\"},\"inLanguage\":\"es\",\"potentialAction\":[{\"@type\":\"ReadAction\",\"target\":[\"https:\/\/aeronoticias.com.pe\/noticiero\/transporte-aereo\/internacional\/libia-aviones-danados-en-aeropuerto-de-tripoli-tras-ataque\/\"]}]},{\"@type\":\"BreadcrumbList\",\"@id\":\"https:\/\/aeronoticias.com.pe\/noticiero\/transporte-aereo\/internacional\/libia-aviones-danados-en-aeropuerto-de-tripoli-tras-ataque\/#breadcrumb\",\"itemListElement\":[{\"@type\":\"ListItem\",\"position\":1,\"name\":\"Portada\",\"item\":\"https:\/\/aeronoticias.com.pe\/noticiero\/\"},{\"@type\":\"ListItem\",\"position\":2,\"name\":\"Libia: Aviones da\u00f1ados en Aeropuerto de Tr\u00edpoli tras ataque\"}]},{\"@type\":\"WebSite\",\"@id\":\"https:\/\/aeronoticias.com.pe\/noticiero\/#website\",\"url\":\"https:\/\/aeronoticias.com.pe\/noticiero\/\",\"name\":\"Aeronoticias.com.pe\",\"description\":\"Noticias de tranporte aereo, turismo, hoteles, gastronomia, actualidad, internacional\",\"potentialAction\":[{\"@type\":\"SearchAction\",\"target\":{\"@type\":\"EntryPoint\",\"urlTemplate\":\"https:\/\/aeronoticias.com.pe\/noticiero\/?s={search_term_string}\"},\"query-input\":{\"@type\":\"PropertyValueSpecification\",\"valueRequired\":true,\"valueName\":\"search_term_string\"}}],\"inLanguage\":\"es\"},{\"@type\":\"Person\",\"@id\":\"https:\/\/aeronoticias.com.pe\/noticiero\/#\/schema\/person\/fc1e5d578f4b62ba1cf7ac2bba1170a0\",\"name\":\"Redacci\u00f3n Aeronoticias\",\"url\":\"https:\/\/aeronoticias.com.pe\/noticiero\/author\/piloto\/\"}]}<\/script>\n<!-- \/ Yoast SEO plugin. -->","yoast_head_json":{"title":"Libia: Aviones da\u00f1ados en Aeropuerto de Tr\u00edpoli tras ataque","description":"Portal de noticias del Per\u00fa sobre el transporte a\u00e9reo, aviaci\u00f3n, turismo, hoteleria, actualidad.","robots":{"index":"index","follow":"follow","max-snippet":"max-snippet:-1","max-image-preview":"max-image-preview:large","max-video-preview":"max-video-preview:-1"},"canonical":"https:\/\/aeronoticias.com.pe\/noticiero\/transporte-aereo\/internacional\/libia-aviones-danados-en-aeropuerto-de-tripoli-tras-ataque\/","og_locale":"es_ES","og_type":"article","og_title":"Libia: Aviones da\u00f1ados en Aeropuerto de Tr\u00edpoli tras ataque","og_description":"Portal de noticias del Per\u00fa sobre el transporte a\u00e9reo, aviaci\u00f3n, turismo, hoteleria, actualidad.","og_url":"https:\/\/aeronoticias.com.pe\/noticiero\/transporte-aereo\/internacional\/libia-aviones-danados-en-aeropuerto-de-tripoli-tras-ataque\/","og_site_name":"Aeronoticias.com.pe","article_publisher":"https:\/\/www.facebook.com\/Aeronoticias.com.pe\/","article_published_time":"2014-07-15T15:05:08+00:00","author":"Redacci\u00f3n Aeronoticias","twitter_card":"summary_large_image","twitter_creator":"@aeronoticias","twitter_site":"@aeronoticias","twitter_misc":{"Escrito por":"Redacci\u00f3n Aeronoticias","Tiempo de lectura":"1 minuto"},"schema":{"@context":"https:\/\/schema.org","@graph":[{"@type":"WebPage","@id":"https:\/\/aeronoticias.com.pe\/noticiero\/transporte-aereo\/internacional\/libia-aviones-danados-en-aeropuerto-de-tripoli-tras-ataque\/","url":"https:\/\/aeronoticias.com.pe\/noticiero\/transporte-aereo\/internacional\/libia-aviones-danados-en-aeropuerto-de-tripoli-tras-ataque\/","name":"Libia: Aviones da\u00f1ados en Aeropuerto de Tr\u00edpoli tras ataque","isPartOf":{"@id":"https:\/\/aeronoticias.com.pe\/noticiero\/#website"},"datePublished":"2014-07-15T15:05:08+00:00","author":{"@id":"https:\/\/aeronoticias.com.pe\/noticiero\/#\/schema\/person\/fc1e5d578f4b62ba1cf7ac2bba1170a0"},"description":"Portal de noticias del Per\u00fa sobre el transporte a\u00e9reo, aviaci\u00f3n, turismo, hoteleria, actualidad.","breadcrumb":{"@id":"https:\/\/aeronoticias.com.pe\/noticiero\/transporte-aereo\/internacional\/libia-aviones-danados-en-aeropuerto-de-tripoli-tras-ataque\/#breadcrumb"},"inLanguage":"es","potentialAction":[{"@type":"ReadAction","target":["https:\/\/aeronoticias.com.pe\/noticiero\/transporte-aereo\/internacional\/libia-aviones-danados-en-aeropuerto-de-tripoli-tras-ataque\/"]}]},{"@type":"BreadcrumbList","@id":"https:\/\/aeronoticias.com.pe\/noticiero\/transporte-aereo\/internacional\/libia-aviones-danados-en-aeropuerto-de-tripoli-tras-ataque\/#breadcrumb","itemListElement":[{"@type":"ListItem","position":1,"name":"Portada","item":"https:\/\/aeronoticias.com.pe\/noticiero\/"},{"@type":"ListItem","position":2,"name":"Libia: Aviones da\u00f1ados en Aeropuerto de Tr\u00edpoli tras ataque"}]},{"@type":"WebSite","@id":"https:\/\/aeronoticias.com.pe\/noticiero\/#website","url":"https:\/\/aeronoticias.com.pe\/noticiero\/","name":"Aeronoticias.com.pe","description":"Noticias de tranporte aereo, turismo, hoteles, gastronomia, actualidad, internacional","potentialAction":[{"@type":"SearchAction","target":{"@type":"EntryPoint","urlTemplate":"https:\/\/aeronoticias.com.pe\/noticiero\/?s={search_term_string}"},"query-input":{"@type":"PropertyValueSpecification","valueRequired":true,"valueName":"search_term_string"}}],"inLanguage":"es"},{"@type":"Person","@id":"https:\/\/aeronoticias.com.pe\/noticiero\/#\/schema\/person\/fc1e5d578f4b62ba1cf7ac2bba1170a0","name":"Redacci\u00f3n Aeronoticias","url":"https:\/\/aeronoticias.com.pe\/noticiero\/author\/piloto\/"}]}},"_links":{"self":[{"href":"https:\/\/aeronoticias.com.pe\/noticiero\/wp-json\/wp\/v2\/posts\/47230","targetHints":{"allow":["GET"]}}],"collection":[{"href":"https:\/\/aeronoticias.com.pe\/noticiero\/wp-json\/wp\/v2\/posts"}],"about":[{"href":"https:\/\/aeronoticias.com.pe\/noticiero\/wp-json\/wp\/v2\/types\/post"}],"author":[{"embeddable":true,"href":"https:\/\/aeronoticias.com.pe\/noticiero\/wp-json\/wp\/v2\/users\/1"}],"replies":[{"embeddable":true,"href":"https:\/\/aeronoticias.com.pe\/noticiero\/wp-json\/wp\/v2\/comments?post=47230"}],"version-history":[{"count":0,"href":"https:\/\/aeronoticias.com.pe\/noticiero\/wp-json\/wp\/v2\/posts\/47230\/revisions"}],"wp:attachment":[{"href":"https:\/\/aeronoticias.com.pe\/noticiero\/wp-json\/wp\/v2\/media?parent=47230"}],"wp:term":[{"taxonomy":"category","embeddable":true,"href":"https:\/\/aeronoticias.com.pe\/noticiero\/wp-json\/wp\/v2\/categories?post=47230"},{"taxonomy":"post_tag","embeddable":true,"href":"https:\/\/aeronoticias.com.pe\/noticiero\/wp-json\/wp\/v2\/tags?post=47230"}],"curies":[{"name":"wp","href":"https:\/\/api.w.org\/{rel}","templated":true}]}}