{"id":473,"date":"2008-09-10T20:47:18","date_gmt":"2008-09-10T20:47:18","guid":{"rendered":"http:\/\/desarrollo.mcvicious.com\/aero2020\/2008\/09\/10\/fue-todo-un-ito-o-rio-de-voces-en-lima\/"},"modified":"2008-09-10T20:47:18","modified_gmt":"2008-09-10T20:47:18","slug":"fue-todo-un-ito-o-rio-de-voces-en-lima","status":"publish","type":"post","link":"https:\/\/aeronoticias.com.pe\/noticiero\/turismo\/13\/fue-todo-un-ito-o-rio-de-voces-en-lima\/","title":{"rendered":"FUE TODO UN"},"content":{"rendered":"<p>&nbsp;<\/p>\n<div align=\"justify\">Con la presencia de representantes de 24 compa&ntilde;&iacute;as operadoras de turismo brasile&ntilde;as procedentes de R&iacute;o de Janeiro&nbsp; y cientos de agentes de viajes y tour-operadores del Per&uacute; se realiz&oacute; con total &eacute;xito el Workshop de Turismo &ldquo;O R&iacute;o &eacute; de Voces&rdquo; en la sede de la Embajada de Brasil.<\/p>\n<p>El evento cont&oacute; con el apoyo de Embratur, la Embajada de Brasil en Lima, la Secretar&iacute;a de Turismo del Estado do R&iacute;o de Janeiro, Turisrio, ABIH-Asociaci&oacute;n Brasileira de la Industria de Hoteles &ndash; Sindicato de Hoteles, Restaurantes, Bares y Similares del Municipio de R&iacute;o de Janiero, R&iacute;o Convention &amp; Visitors Bureau &ndash; Riotur y la aerol&iacute;nea TACA.<\/p><\/div>\n<div align=\"justify\"><\/p>\n<div style=\"text-align: center\"><img loading=\"lazy\" decoding=\"async\" src=\"http:\/\/aeronoticias.com.pe\/fotonoticias\/luis\/dorio.jpg\" alt=\" \" title=\"FUE TODO UN &Eacute;XITO &ldquo;O RIO &Eacute; DE VOCES &ldquo; EN LIMA. (Foto: Luis Noguera-Aeronoticias)\" hspace=\"5\" vspace=\"5\" width=\"400\" height=\"268\" \/><\/div>\n<p><\/div>\n<p> <!--more--> <\/p>\n<p align=\"center\"><img loading=\"lazy\" decoding=\"async\" src=\"http:\/\/aeronoticias.com.pe\/fotonoticias\/setiembre\/taca10sep.JPG\" alt=\" \" width=\"400\" height=\"268\" \/><\/p>\n<p>&nbsp;<\/p>\n<p>El presidente de la Compa&ntilde;&iacute;a de Turismo del Estado de R&iacute;o de Janeiro, Nilo Sergio A. Felix, dijo que &ldquo;este evento busca promover el destino de R&iacute;o de Janeiro con Lima, considerando las grandes expectativas creadas con los cuatro vuelos por semana que ofrece TACA en la ruta R&iacute;o de Janeiro-Lima y el mes que viene habr&aacute; vuelos de TAM&rdquo;.<\/p>\n<p>Asimismo revel&oacute; que en el a&ntilde;o 2006, un total de 60 mil peruanos visitaron Brasil; el 2007 fueron 100 mil, de los cuales el 30% fueron a R&iacute;o de Janeiro, vale decir 30 mil peruanos visitaron R&iacute;o de Janeiro.<\/p>\n<p>&nbsp;<\/p>\n<div style=\"text-align: center\"><img loading=\"lazy\" decoding=\"async\" src=\"http:\/\/aeronoticias.com.pe\/fotonoticias\/luis\/dirdorio.jpg\" alt=\" \" title=\"Paulo Senise, director ejecutivo de Rio Convention &amp; Visitors Bureau, junto a Nilo Sergio A. Felix, presidente la Compa&ntilde;&iacute;a de Turismo del Estado de R&iacute;o de Janeiro. (Foto: Luis Noguera-Aeronoticias)\" hspace=\"5\" vspace=\"5\" width=\"256\" height=\"400\" \/><\/div>\n<p>&nbsp;<\/p>\n<div align=\"center\"><strong>Estiman incremento del 12% de visitantes peruanos a R&iacute;o de Janeiro<\/strong><\/div>\n<p>&nbsp;<\/p>\n<div align=\"justify\">Nilo Sergio A. Felix dijo a Aeronoticias que las estimaciones dan cue nta que este a&ntilde;o va a haber un incremento del 12% a trav&eacute;s de vuelos directos de TACA y pr&oacute;ximamente con la apertura de vuelos de TAM.<\/p>\n<p>Agreg&oacute; que esto significa que aproximadamente R&iacute;o de Janeiro recibir&aacute; entre 36 mil a 38 mil viajeros.<\/p><\/div>\n<div align=\"justify\">\n<div style=\"text-align: center\"><img loading=\"lazy\" decoding=\"async\" src=\"http:\/\/aeronoticias.com.pe\/fotonoticias\/setiembre\/taca10sep.JPG\" alt=\" \" title=\"El equipo de TACA en pleno durante el Workshop de Turismo &ldquo;O R&iacute;o &eacute; de Voces&rdquo;. Posan para Aeronoticias, Nicol&aacute;s Mart&iacute;nez, Jackie Yon; In&eacute;s Elejalde Franco (Gerente de Comunicaciones de TACA para Sudam&eacute;rica); Valci Souza, Jefe de Ventas de TACA en R&iacute;o de Janeiro; y Marita Verano. (Foto: Luis Noguera-Aeronoticias)\" hspace=\"5\" vspace=\"5\" width=\"484\" height=\"324\" \/><\/div>\n<\/div>\n<p>&nbsp;<\/p>\n<div align=\"center\"><strong>Un cambio en las opciones de hacer negocios<\/strong><\/div>\n<p><\/p>\n<div align=\"justify\">Por su parte, Paulo Senise, director ejecutivo del Bureau R&iacute;o Convention &amp; Visitors, dijo a Aeronoticias que este encuentro entre los vendedores de ac&aacute; y los agentes de viaje y operadores del interior del Brasil, e incluyendo los vuelos directos que ofrece la aerol&iacute;nea TACA &ldquo;cambia las opciones de hacer negocios.<\/p>\n<p>Asever&oacute; que son 100 mil peruanos que viajan al Brasil por a&ntilde;o, y que &ldquo;la gente est&aacute; muy satisfecha con la puntualidad y el servicio que viene ofreciendo TACA en la actualidad&rdquo;.<\/p><\/div>\n<div align=\"justify\"><\/p>\n<div style=\"text-align: center\"><img loading=\"lazy\" decoding=\"async\" src=\"http:\/\/aeronoticias.com.pe\/fotonoticias\/luis\/grupmarga.jpg\" alt=\" \" title=\"Laura Guti&eacute;rrez (Blumar Brasil); Lorena Maggiolo Rebosio (TAM Per&uacute;); Margarita Su&aacute;rez (Tika Group); y Patricia Morante (Lima Reps). (Foto: Luis Noguera-Aeronoticias)\" hspace=\"5\" vspace=\"5\" width=\"400\" height=\"268\" \/><\/div>\n<p>Entre los operadores tur&iacute;sticos del Brasil presentes en el evento, destacan: Trem Do Corovado; TurisRio; RCVB; Hotel R&iacute;o Buzios; la Secretar&iacute;a de Turismo de Buzios-AHB; la Secretar&iacute;a de Turismo de Buzios-Buzio Estilo; Hotel Everest y Pousada Da Leste \/ Pousada Le Palmier.<\/p>\n<div style=\"text-align: center\"><img loading=\"lazy\" decoding=\"async\" src=\"http:\/\/aeronoticias.com.pe\/fotonoticias\/luis\/equipmarga.jpg\" alt=\" \" title=\"Equipo de agentes de viajes de Tika Group, encabezados por su gerente general&amp;Comercial, Margarita Su&aacute;rez, presentes en el Workshop de Turismo &ldquo;O R&iacute;o &eacute; de Voces&rdquo; . (Foto: Luis Noguera-Aeronoticias)\" hspace=\"5\" vspace=\"5\" width=\"400\" height=\"364\" \/><\/div>\n<p>Asimismo, The Tree Operadora; Hotel Caesar Park; la Secretar&iacute;a de Turismo de Macae; Pousada La Foret \/ Ville La Plage &ndash; Convencional; Pousada Armacao Dos Buzios; TACA; Hotel Marina; Comit&eacute; Visit Brasil; Hotel Portobello, Neltur, Asociaci&oacute;n de Hoteles nde Cabo Fr&iacute;o; Hoteles y Eventos E Lazar;&nbsp; SEBRAE; entre otros. 19:56:18<\/div>\n<div align=\"justify\">\n<div style=\"text-align: center\"><img loading=\"lazy\" decoding=\"async\" src=\"http:\/\/aeronoticias.com.pe\/fotonoticias\/setiembre\/velitydo10sep.JPG\" alt=\" \" title=\"Patricia Morante, ejecutiva de ventas de Lima Reps; junto a Jaissy Velit, gerente general de AtipaxPer&uacute;; y H&eacute;ctor Velit, presidente de APAVIT en el Workshop de Turismo &ldquo;O R&iacute;o &eacute; de Voces&rdquo;. (Foto: Luis Noguera-Aeronoticias)\" hspace=\"5\" vspace=\"5\" width=\"400\" height=\"268\" \/><\/div>\n<\/div>\n","protected":false},"excerpt":{"rendered":"<p>&nbsp; Con la presencia de representantes de 24 compa&ntilde;&iacute;as operadoras de turismo brasile&ntilde;as procedentes de R&iacute;o de Janeiro&nbsp; y cientos de agentes de viajes y tour-operadores del Per&uacute; se realiz&oacute; con total &eacute;xito el Workshop de Turismo &ldquo;O R&iacute;o &eacute; de Voces&rdquo; en la sede de la Embajada de Brasil. El evento cont&oacute; con el [&hellip;]<\/p>\n","protected":false},"author":1,"featured_media":0,"comment_status":"open","ping_status":"open","sticky":false,"template":"","format":"standard","meta":{"tdm_status":"","tdm_grid_status":"","footnotes":""},"categories":[31],"tags":[],"class_list":{"0":"post-473","1":"post","2":"type-post","3":"status-publish","4":"format-standard","6":"category-31"},"yoast_head":"<!-- This site is optimized with the Yoast SEO plugin v25.1 - https:\/\/yoast.com\/wordpress\/plugins\/seo\/ -->\n<title>FUE TODO UN<\/title>\n<meta name=\"description\" content=\"Portal de noticias del Per\u00fa sobre el transporte a\u00e9reo, aviaci\u00f3n, turismo, hoteleria, actualidad.\" \/>\n<meta name=\"robots\" content=\"index, follow, max-snippet:-1, max-image-preview:large, max-video-preview:-1\" \/>\n<link rel=\"canonical\" href=\"https:\/\/aeronoticias.com.pe\/noticiero\/turismo\/13\/fue-todo-un-ito-o-rio-de-voces-en-lima\/\" \/>\n<meta property=\"og:locale\" content=\"es_ES\" \/>\n<meta property=\"og:type\" content=\"article\" \/>\n<meta property=\"og:title\" content=\"FUE TODO UN\" \/>\n<meta property=\"og:description\" content=\"Portal de noticias del Per\u00fa sobre el transporte a\u00e9reo, aviaci\u00f3n, turismo, hoteleria, actualidad.\" \/>\n<meta property=\"og:url\" content=\"https:\/\/aeronoticias.com.pe\/noticiero\/turismo\/13\/fue-todo-un-ito-o-rio-de-voces-en-lima\/\" \/>\n<meta property=\"og:site_name\" content=\"Aeronoticias.com.pe\" \/>\n<meta property=\"article:publisher\" content=\"https:\/\/www.facebook.com\/Aeronoticias.com.pe\/\" \/>\n<meta property=\"article:published_time\" content=\"2008-09-10T20:47:18+00:00\" \/>\n<meta property=\"og:image\" content=\"http:\/\/aeronoticias.com.pe\/fotonoticias\/luis\/dorio.jpg\" \/>\n<meta name=\"author\" content=\"Redacci\u00f3n Aeronoticias\" \/>\n<meta name=\"twitter:card\" content=\"summary_large_image\" \/>\n<meta name=\"twitter:creator\" content=\"@aeronoticias\" \/>\n<meta name=\"twitter:site\" content=\"@aeronoticias\" \/>\n<meta name=\"twitter:label1\" content=\"Escrito por\" \/>\n\t<meta name=\"twitter:data1\" content=\"Redacci\u00f3n Aeronoticias\" \/>\n\t<meta name=\"twitter:label2\" content=\"Tiempo de lectura\" \/>\n\t<meta name=\"twitter:data2\" content=\"3 minutos\" \/>\n<script type=\"application\/ld+json\" class=\"yoast-schema-graph\">{\"@context\":\"https:\/\/schema.org\",\"@graph\":[{\"@type\":\"WebPage\",\"@id\":\"https:\/\/aeronoticias.com.pe\/noticiero\/turismo\/13\/fue-todo-un-ito-o-rio-de-voces-en-lima\/\",\"url\":\"https:\/\/aeronoticias.com.pe\/noticiero\/turismo\/13\/fue-todo-un-ito-o-rio-de-voces-en-lima\/\",\"name\":\"FUE TODO UN\",\"isPartOf\":{\"@id\":\"https:\/\/aeronoticias.com.pe\/noticiero\/#website\"},\"primaryImageOfPage\":{\"@id\":\"https:\/\/aeronoticias.com.pe\/noticiero\/turismo\/13\/fue-todo-un-ito-o-rio-de-voces-en-lima\/#primaryimage\"},\"image\":{\"@id\":\"https:\/\/aeronoticias.com.pe\/noticiero\/turismo\/13\/fue-todo-un-ito-o-rio-de-voces-en-lima\/#primaryimage\"},\"thumbnailUrl\":\"http:\/\/aeronoticias.com.pe\/fotonoticias\/luis\/dorio.jpg\",\"datePublished\":\"2008-09-10T20:47:18+00:00\",\"author\":{\"@id\":\"https:\/\/aeronoticias.com.pe\/noticiero\/#\/schema\/person\/fc1e5d578f4b62ba1cf7ac2bba1170a0\"},\"description\":\"Portal de noticias del Per\u00fa sobre el transporte a\u00e9reo, aviaci\u00f3n, turismo, hoteleria, actualidad.\",\"breadcrumb\":{\"@id\":\"https:\/\/aeronoticias.com.pe\/noticiero\/turismo\/13\/fue-todo-un-ito-o-rio-de-voces-en-lima\/#breadcrumb\"},\"inLanguage\":\"es\",\"potentialAction\":[{\"@type\":\"ReadAction\",\"target\":[\"https:\/\/aeronoticias.com.pe\/noticiero\/turismo\/13\/fue-todo-un-ito-o-rio-de-voces-en-lima\/\"]}]},{\"@type\":\"ImageObject\",\"inLanguage\":\"es\",\"@id\":\"https:\/\/aeronoticias.com.pe\/noticiero\/turismo\/13\/fue-todo-un-ito-o-rio-de-voces-en-lima\/#primaryimage\",\"url\":\"http:\/\/aeronoticias.com.pe\/fotonoticias\/luis\/dorio.jpg\",\"contentUrl\":\"http:\/\/aeronoticias.com.pe\/fotonoticias\/luis\/dorio.jpg\"},{\"@type\":\"BreadcrumbList\",\"@id\":\"https:\/\/aeronoticias.com.pe\/noticiero\/turismo\/13\/fue-todo-un-ito-o-rio-de-voces-en-lima\/#breadcrumb\",\"itemListElement\":[{\"@type\":\"ListItem\",\"position\":1,\"name\":\"Portada\",\"item\":\"https:\/\/aeronoticias.com.pe\/noticiero\/\"},{\"@type\":\"ListItem\",\"position\":2,\"name\":\"FUE TODO UN\"}]},{\"@type\":\"WebSite\",\"@id\":\"https:\/\/aeronoticias.com.pe\/noticiero\/#website\",\"url\":\"https:\/\/aeronoticias.com.pe\/noticiero\/\",\"name\":\"Aeronoticias.com.pe\",\"description\":\"Noticias de tranporte aereo, turismo, hoteles, gastronomia, actualidad, internacional\",\"potentialAction\":[{\"@type\":\"SearchAction\",\"target\":{\"@type\":\"EntryPoint\",\"urlTemplate\":\"https:\/\/aeronoticias.com.pe\/noticiero\/?s={search_term_string}\"},\"query-input\":{\"@type\":\"PropertyValueSpecification\",\"valueRequired\":true,\"valueName\":\"search_term_string\"}}],\"inLanguage\":\"es\"},{\"@type\":\"Person\",\"@id\":\"https:\/\/aeronoticias.com.pe\/noticiero\/#\/schema\/person\/fc1e5d578f4b62ba1cf7ac2bba1170a0\",\"name\":\"Redacci\u00f3n Aeronoticias\",\"url\":\"https:\/\/aeronoticias.com.pe\/noticiero\/author\/piloto\/\"}]}<\/script>\n<!-- \/ Yoast SEO plugin. -->","yoast_head_json":{"title":"FUE TODO UN","description":"Portal de noticias del Per\u00fa sobre el transporte a\u00e9reo, aviaci\u00f3n, turismo, hoteleria, actualidad.","robots":{"index":"index","follow":"follow","max-snippet":"max-snippet:-1","max-image-preview":"max-image-preview:large","max-video-preview":"max-video-preview:-1"},"canonical":"https:\/\/aeronoticias.com.pe\/noticiero\/turismo\/13\/fue-todo-un-ito-o-rio-de-voces-en-lima\/","og_locale":"es_ES","og_type":"article","og_title":"FUE TODO UN","og_description":"Portal de noticias del Per\u00fa sobre el transporte a\u00e9reo, aviaci\u00f3n, turismo, hoteleria, actualidad.","og_url":"https:\/\/aeronoticias.com.pe\/noticiero\/turismo\/13\/fue-todo-un-ito-o-rio-de-voces-en-lima\/","og_site_name":"Aeronoticias.com.pe","article_publisher":"https:\/\/www.facebook.com\/Aeronoticias.com.pe\/","article_published_time":"2008-09-10T20:47:18+00:00","og_image":[{"url":"http:\/\/aeronoticias.com.pe\/fotonoticias\/luis\/dorio.jpg","type":"","width":"","height":""}],"author":"Redacci\u00f3n Aeronoticias","twitter_card":"summary_large_image","twitter_creator":"@aeronoticias","twitter_site":"@aeronoticias","twitter_misc":{"Escrito por":"Redacci\u00f3n Aeronoticias","Tiempo de lectura":"3 minutos"},"schema":{"@context":"https:\/\/schema.org","@graph":[{"@type":"WebPage","@id":"https:\/\/aeronoticias.com.pe\/noticiero\/turismo\/13\/fue-todo-un-ito-o-rio-de-voces-en-lima\/","url":"https:\/\/aeronoticias.com.pe\/noticiero\/turismo\/13\/fue-todo-un-ito-o-rio-de-voces-en-lima\/","name":"FUE TODO UN","isPartOf":{"@id":"https:\/\/aeronoticias.com.pe\/noticiero\/#website"},"primaryImageOfPage":{"@id":"https:\/\/aeronoticias.com.pe\/noticiero\/turismo\/13\/fue-todo-un-ito-o-rio-de-voces-en-lima\/#primaryimage"},"image":{"@id":"https:\/\/aeronoticias.com.pe\/noticiero\/turismo\/13\/fue-todo-un-ito-o-rio-de-voces-en-lima\/#primaryimage"},"thumbnailUrl":"http:\/\/aeronoticias.com.pe\/fotonoticias\/luis\/dorio.jpg","datePublished":"2008-09-10T20:47:18+00:00","author":{"@id":"https:\/\/aeronoticias.com.pe\/noticiero\/#\/schema\/person\/fc1e5d578f4b62ba1cf7ac2bba1170a0"},"description":"Portal de noticias del Per\u00fa sobre el transporte a\u00e9reo, aviaci\u00f3n, turismo, hoteleria, actualidad.","breadcrumb":{"@id":"https:\/\/aeronoticias.com.pe\/noticiero\/turismo\/13\/fue-todo-un-ito-o-rio-de-voces-en-lima\/#breadcrumb"},"inLanguage":"es","potentialAction":[{"@type":"ReadAction","target":["https:\/\/aeronoticias.com.pe\/noticiero\/turismo\/13\/fue-todo-un-ito-o-rio-de-voces-en-lima\/"]}]},{"@type":"ImageObject","inLanguage":"es","@id":"https:\/\/aeronoticias.com.pe\/noticiero\/turismo\/13\/fue-todo-un-ito-o-rio-de-voces-en-lima\/#primaryimage","url":"http:\/\/aeronoticias.com.pe\/fotonoticias\/luis\/dorio.jpg","contentUrl":"http:\/\/aeronoticias.com.pe\/fotonoticias\/luis\/dorio.jpg"},{"@type":"BreadcrumbList","@id":"https:\/\/aeronoticias.com.pe\/noticiero\/turismo\/13\/fue-todo-un-ito-o-rio-de-voces-en-lima\/#breadcrumb","itemListElement":[{"@type":"ListItem","position":1,"name":"Portada","item":"https:\/\/aeronoticias.com.pe\/noticiero\/"},{"@type":"ListItem","position":2,"name":"FUE TODO UN"}]},{"@type":"WebSite","@id":"https:\/\/aeronoticias.com.pe\/noticiero\/#website","url":"https:\/\/aeronoticias.com.pe\/noticiero\/","name":"Aeronoticias.com.pe","description":"Noticias de tranporte aereo, turismo, hoteles, gastronomia, actualidad, internacional","potentialAction":[{"@type":"SearchAction","target":{"@type":"EntryPoint","urlTemplate":"https:\/\/aeronoticias.com.pe\/noticiero\/?s={search_term_string}"},"query-input":{"@type":"PropertyValueSpecification","valueRequired":true,"valueName":"search_term_string"}}],"inLanguage":"es"},{"@type":"Person","@id":"https:\/\/aeronoticias.com.pe\/noticiero\/#\/schema\/person\/fc1e5d578f4b62ba1cf7ac2bba1170a0","name":"Redacci\u00f3n Aeronoticias","url":"https:\/\/aeronoticias.com.pe\/noticiero\/author\/piloto\/"}]}},"_links":{"self":[{"href":"https:\/\/aeronoticias.com.pe\/noticiero\/wp-json\/wp\/v2\/posts\/473","targetHints":{"allow":["GET"]}}],"collection":[{"href":"https:\/\/aeronoticias.com.pe\/noticiero\/wp-json\/wp\/v2\/posts"}],"about":[{"href":"https:\/\/aeronoticias.com.pe\/noticiero\/wp-json\/wp\/v2\/types\/post"}],"author":[{"embeddable":true,"href":"https:\/\/aeronoticias.com.pe\/noticiero\/wp-json\/wp\/v2\/users\/1"}],"replies":[{"embeddable":true,"href":"https:\/\/aeronoticias.com.pe\/noticiero\/wp-json\/wp\/v2\/comments?post=473"}],"version-history":[{"count":0,"href":"https:\/\/aeronoticias.com.pe\/noticiero\/wp-json\/wp\/v2\/posts\/473\/revisions"}],"wp:attachment":[{"href":"https:\/\/aeronoticias.com.pe\/noticiero\/wp-json\/wp\/v2\/media?parent=473"}],"wp:term":[{"taxonomy":"category","embeddable":true,"href":"https:\/\/aeronoticias.com.pe\/noticiero\/wp-json\/wp\/v2\/categories?post=473"},{"taxonomy":"post_tag","embeddable":true,"href":"https:\/\/aeronoticias.com.pe\/noticiero\/wp-json\/wp\/v2\/tags?post=473"}],"curies":[{"name":"wp","href":"https:\/\/api.w.org\/{rel}","templated":true}]}}