{"id":47379,"date":"2014-07-20T11:30:37","date_gmt":"2014-07-20T11:30:37","guid":{"rendered":"http:\/\/desarrollo.mcvicious.com\/aero2020\/2014\/07\/20\/presidente-humala-pide-a-america-latina-iniciar-diversificacion-productiva\/"},"modified":"2014-07-20T11:30:37","modified_gmt":"2014-07-20T11:30:37","slug":"presidente-humala-pide-a-america-latina-iniciar-diversificacion-productiva","status":"publish","type":"post","link":"https:\/\/aeronoticias.com.pe\/noticiero\/politica\/presidente-humala-pide-a-america-latina-iniciar-diversificacion-productiva\/","title":{"rendered":"Presidente Humala pide a Am\u00e9rica Latina iniciar diversificaci\u00f3n productiva"},"content":{"rendered":"<p style=\"text-align: justify;\"><img decoding=\"async\" src=\"images\/stories\/14\/07\/200714\/a6.jpg\" border=\"0\" \/><\/p>\n<p style=\"text-align: justify;\"><strong>(Aeronoticias).- El presidente de la Rep\u00fablica, Ollanta Humala, hizo un llamado para que Am\u00e9rica Latina de un paso a la industrializaci\u00f3n y anunci\u00f3 que el Per\u00fa ya inici\u00f3 este camino, a trav\u00e9s del Plan Nacional de Diversificaci\u00f3n Productiva.<\/strong><\/p>\n<p style=\"text-align: justify;\">  <!--more-->  Durante su discurso ante un grupo de empresarios mexicanos y peruanos, afirm\u00f3 que la balanza comercial entre los dos pa\u00edses se increment\u00f3 en m\u00e1s del 20 por ciento, mientras que las inversiones mexicanas en el Per\u00fa son del orden de los 14 mil millones de d\u00f3lares.<\/p>\n<p style=\"text-align: justify;\">\u00abHoy d\u00eda Am\u00e9rica Latina es una regi\u00f3n conocida en el mundo como productora de materias primas, pero tiene que darse a conocer de otra manera m\u00e1s, como una regi\u00f3n que entre realmente en un proceso de diversificaci\u00f3n productiva. Nosotros estamos haciendo esto\u00bb, refiri\u00f3.<\/p>\n<p style=\"text-align: justify;\">En ese sentido, manifest\u00f3 que esta \u00abturbulencia en la econom\u00eda mundial\u00bb debe darnos la oportunidad de ya no postergar el sue\u00f1o de la regi\u00f3n, de \u00abponernos los pantalones largos\u00bb y empezar el proceso de industrializarnos y conquistar el mundo.<\/p>\n<p style=\"text-align: justify;\">\u00abNo solo dedicarnos a vender bananos, caf\u00e9 y paltas, eso lo podemos hacer, y creo que el espacio de la Alianza del Pac\u00edfico es un v\u00e1lido, inteligente y ambicioso instrumento para ello, porque nos permite unirnos y no pelearnos, que seamos econom\u00edas complementarias, m\u00e1s que econom\u00edas competitivas\u00bb, asegur\u00f3.<\/p>\n<p style=\"text-align: justify;\">El Jefe del Estado se\u00f1al\u00f3 que por esta raz\u00f3n el Per\u00fa inici\u00f3 un Plan Nacional de Diversificaci\u00f3n Productiva y una reforma del Estado.<\/p>\n<p style=\"text-align: justify;\">\u00abEn los a\u00f1os ochenta el problema era la deuda externa, hoy el problema para el Per\u00fa no lo es, ni para Am\u00e9rica Latina; no es el capital, sino c\u00f3mo distribuimos las utilidades y achicamos la brecha de la desigualdad\u00bb, refiri\u00f3.<\/p>\n<p style=\"text-align: justify;\">En otro momento de su encuentro con empresarios mexicanos y peruanos, el Mandatario inst\u00f3 a tomar conciencia de la competitividad que se exige en el mundo, m\u00e1s all\u00e1 de las barreras arancelarias, pues el gran problema es la calidad de los productos que se producen en ambos pa\u00edses.<\/p>\n<p style=\"text-align: justify;\">\u00abPor eso, M\u00e9xico y Per\u00fa emprendimos un proceso de reforma del Estado. Tenemos que trabajar juntos, como equipo, entre el Estado y el sector empresarial, sabemos que nuestros modelos econ\u00f3micos son abiertos y en los cuales la inversi\u00f3n privada nacional o extranjera es muy importante\u00bb, dijo.<\/p>\n<p style=\"text-align: justify;\">Record\u00f3 que en el caso del Per\u00fa, la inversi\u00f3n extranjera equivale al 70 por ciento, por lo que destac\u00f3 las decisiones tomadas por el Gobierno para impulsar la inversi\u00f3n p\u00fablica y de mejora de la estructuras del Estado, para agilizar los procesos burocr\u00e1ticos.<\/p>\n<p style=\"text-align: justify;\">\u00abVenimos construyendo con seriedad, responsabilidad y sensatez un modelo econ\u00f3mico que cada d\u00eda se va consolidando y vamos trabajando con aquellos socios que ese convierten en estrat\u00e9gicos, en la medida que van en el mismo camino. Uno de ellos es M\u00e9xico\u00bb, argument\u00f3.<\/p>\n<p style=\"text-align: justify;\">Por ello, sostuvo que, ante la desaceleraci\u00f3n econ\u00f3mica, el Per\u00fa, que construy\u00f3 un s\u00f3lido marco macroecon\u00f3mico, \u00abtiene herramientas de acci\u00f3n inmediata para dinamizar la demanda y promover la oferta, dentro de un marco de estabilidad y respetando la independencia de los poderes\u00bb.<\/p>\n<p style=\"text-align: justify;\">De otro lado, explic\u00f3 que es necesario un trabajo entre el sector privado y p\u00fablico en la capacitaci\u00f3n de los trabajadores, porque ello \u00abpermitir\u00e1 una mejor din\u00e1mica laboral e inserci\u00f3n de la poblaci\u00f3n en el mercado productivo\u00bb.<\/p>\n<p style=\"text-align: justify;\">Por \u00faltimo, el Mandatario asegur\u00f3 que la alianza estrat\u00e9gica construida con M\u00e9xico es v\u00e1lida y reconoce el esfuerzo empresarial, \u00abas\u00ed como de los millones de peruanos y mexicanos que necesitan decisiones pol\u00edticas para que su trabajo se revierta en calidad de vida\u00bb.<\/p>\n<p style=\"text-align: justify;\">\u00abEn el Per\u00fa estamos construyendo una nueva pol\u00edtica y filosof\u00eda empresarial, \u00a0saludamos a las empresas que est\u00e1n llegando con esta filosof\u00eda y pol\u00edtica de responsabilidad social, de construir un entorno positivo. Ya no podemos trabajar de la misma manera que hace 50 a\u00f1os\u00bb, observ\u00f3.<\/p>\n<p style=\"text-align: justify;\">El presidente Humala se reuni\u00f3 esta ma\u00f1ana con empresarios peruanos y mexicanos de la club de industriales de ese pa\u00eds, como parte de la visita oficial que por segundo d\u00eda cumple en M\u00e9xico.<\/p>\n<p style=\"text-align: justify;\">\u00a0<\/p>\n<p style=\"text-align: justify;\">Fuente: <strong><em>Andina<\/em><\/strong><\/p>\n<p style=\"text-align: justify;\">Foto: <strong><em>Andina<\/em><\/strong><\/p>\n","protected":false},"excerpt":{"rendered":"<p>(Aeronoticias).- El presidente de la Rep\u00fablica, Ollanta Humala, hizo un llamado para que Am\u00e9rica Latina de un paso a la industrializaci\u00f3n y anunci\u00f3 que el Per\u00fa ya inici\u00f3 este camino, a trav\u00e9s del Plan Nacional de Diversificaci\u00f3n Productiva.<\/p>\n","protected":false},"author":1,"featured_media":0,"comment_status":"open","ping_status":"open","sticky":false,"template":"","format":"standard","meta":{"tdm_status":"","tdm_grid_status":"","footnotes":""},"categories":[36],"tags":[],"class_list":{"0":"post-47379","1":"post","2":"type-post","3":"status-publish","4":"format-standard","6":"category-politica"},"yoast_head":"<!-- This site is optimized with the Yoast SEO plugin v25.1 - https:\/\/yoast.com\/wordpress\/plugins\/seo\/ -->\n<title>Presidente Humala pide a Am\u00e9rica Latina iniciar diversificaci\u00f3n productiva<\/title>\n<meta name=\"description\" content=\"Portal de noticias del Per\u00fa sobre el transporte a\u00e9reo, aviaci\u00f3n, turismo, hoteleria, actualidad.\" \/>\n<meta name=\"robots\" content=\"index, follow, max-snippet:-1, max-image-preview:large, max-video-preview:-1\" \/>\n<link rel=\"canonical\" href=\"https:\/\/aeronoticias.com.pe\/noticiero\/politica\/presidente-humala-pide-a-america-latina-iniciar-diversificacion-productiva\/\" \/>\n<meta property=\"og:locale\" content=\"es_ES\" \/>\n<meta property=\"og:type\" content=\"article\" \/>\n<meta property=\"og:title\" content=\"Presidente Humala pide a Am\u00e9rica Latina iniciar diversificaci\u00f3n productiva\" \/>\n<meta property=\"og:description\" content=\"Portal de noticias del Per\u00fa sobre el transporte a\u00e9reo, aviaci\u00f3n, turismo, hoteleria, actualidad.\" \/>\n<meta property=\"og:url\" content=\"https:\/\/aeronoticias.com.pe\/noticiero\/politica\/presidente-humala-pide-a-america-latina-iniciar-diversificacion-productiva\/\" \/>\n<meta property=\"og:site_name\" content=\"Aeronoticias.com.pe\" \/>\n<meta property=\"article:publisher\" content=\"https:\/\/www.facebook.com\/Aeronoticias.com.pe\/\" \/>\n<meta property=\"article:published_time\" content=\"2014-07-20T11:30:37+00:00\" \/>\n<meta name=\"author\" content=\"Redacci\u00f3n Aeronoticias\" \/>\n<meta name=\"twitter:card\" content=\"summary_large_image\" \/>\n<meta name=\"twitter:creator\" content=\"@aeronoticias\" \/>\n<meta name=\"twitter:site\" content=\"@aeronoticias\" \/>\n<meta name=\"twitter:label1\" content=\"Escrito por\" \/>\n\t<meta name=\"twitter:data1\" content=\"Redacci\u00f3n Aeronoticias\" \/>\n\t<meta name=\"twitter:label2\" content=\"Tiempo de lectura\" \/>\n\t<meta name=\"twitter:data2\" content=\"4 minutos\" \/>\n<script type=\"application\/ld+json\" class=\"yoast-schema-graph\">{\"@context\":\"https:\/\/schema.org\",\"@graph\":[{\"@type\":\"WebPage\",\"@id\":\"https:\/\/aeronoticias.com.pe\/noticiero\/politica\/presidente-humala-pide-a-america-latina-iniciar-diversificacion-productiva\/\",\"url\":\"https:\/\/aeronoticias.com.pe\/noticiero\/politica\/presidente-humala-pide-a-america-latina-iniciar-diversificacion-productiva\/\",\"name\":\"Presidente Humala pide a Am\u00e9rica Latina iniciar diversificaci\u00f3n productiva\",\"isPartOf\":{\"@id\":\"https:\/\/aeronoticias.com.pe\/noticiero\/#website\"},\"datePublished\":\"2014-07-20T11:30:37+00:00\",\"author\":{\"@id\":\"https:\/\/aeronoticias.com.pe\/noticiero\/#\/schema\/person\/fc1e5d578f4b62ba1cf7ac2bba1170a0\"},\"description\":\"Portal de noticias del Per\u00fa sobre el transporte a\u00e9reo, aviaci\u00f3n, turismo, hoteleria, actualidad.\",\"breadcrumb\":{\"@id\":\"https:\/\/aeronoticias.com.pe\/noticiero\/politica\/presidente-humala-pide-a-america-latina-iniciar-diversificacion-productiva\/#breadcrumb\"},\"inLanguage\":\"es\",\"potentialAction\":[{\"@type\":\"ReadAction\",\"target\":[\"https:\/\/aeronoticias.com.pe\/noticiero\/politica\/presidente-humala-pide-a-america-latina-iniciar-diversificacion-productiva\/\"]}]},{\"@type\":\"BreadcrumbList\",\"@id\":\"https:\/\/aeronoticias.com.pe\/noticiero\/politica\/presidente-humala-pide-a-america-latina-iniciar-diversificacion-productiva\/#breadcrumb\",\"itemListElement\":[{\"@type\":\"ListItem\",\"position\":1,\"name\":\"Portada\",\"item\":\"https:\/\/aeronoticias.com.pe\/noticiero\/\"},{\"@type\":\"ListItem\",\"position\":2,\"name\":\"Presidente Humala pide a Am\u00e9rica Latina iniciar diversificaci\u00f3n productiva\"}]},{\"@type\":\"WebSite\",\"@id\":\"https:\/\/aeronoticias.com.pe\/noticiero\/#website\",\"url\":\"https:\/\/aeronoticias.com.pe\/noticiero\/\",\"name\":\"Aeronoticias.com.pe\",\"description\":\"Noticias de tranporte aereo, turismo, hoteles, gastronomia, actualidad, internacional\",\"potentialAction\":[{\"@type\":\"SearchAction\",\"target\":{\"@type\":\"EntryPoint\",\"urlTemplate\":\"https:\/\/aeronoticias.com.pe\/noticiero\/?s={search_term_string}\"},\"query-input\":{\"@type\":\"PropertyValueSpecification\",\"valueRequired\":true,\"valueName\":\"search_term_string\"}}],\"inLanguage\":\"es\"},{\"@type\":\"Person\",\"@id\":\"https:\/\/aeronoticias.com.pe\/noticiero\/#\/schema\/person\/fc1e5d578f4b62ba1cf7ac2bba1170a0\",\"name\":\"Redacci\u00f3n Aeronoticias\",\"url\":\"https:\/\/aeronoticias.com.pe\/noticiero\/author\/piloto\/\"}]}<\/script>\n<!-- \/ Yoast SEO plugin. -->","yoast_head_json":{"title":"Presidente Humala pide a Am\u00e9rica Latina iniciar diversificaci\u00f3n productiva","description":"Portal de noticias del Per\u00fa sobre el transporte a\u00e9reo, aviaci\u00f3n, turismo, hoteleria, actualidad.","robots":{"index":"index","follow":"follow","max-snippet":"max-snippet:-1","max-image-preview":"max-image-preview:large","max-video-preview":"max-video-preview:-1"},"canonical":"https:\/\/aeronoticias.com.pe\/noticiero\/politica\/presidente-humala-pide-a-america-latina-iniciar-diversificacion-productiva\/","og_locale":"es_ES","og_type":"article","og_title":"Presidente Humala pide a Am\u00e9rica Latina iniciar diversificaci\u00f3n productiva","og_description":"Portal de noticias del Per\u00fa sobre el transporte a\u00e9reo, aviaci\u00f3n, turismo, hoteleria, actualidad.","og_url":"https:\/\/aeronoticias.com.pe\/noticiero\/politica\/presidente-humala-pide-a-america-latina-iniciar-diversificacion-productiva\/","og_site_name":"Aeronoticias.com.pe","article_publisher":"https:\/\/www.facebook.com\/Aeronoticias.com.pe\/","article_published_time":"2014-07-20T11:30:37+00:00","author":"Redacci\u00f3n Aeronoticias","twitter_card":"summary_large_image","twitter_creator":"@aeronoticias","twitter_site":"@aeronoticias","twitter_misc":{"Escrito por":"Redacci\u00f3n Aeronoticias","Tiempo de lectura":"4 minutos"},"schema":{"@context":"https:\/\/schema.org","@graph":[{"@type":"WebPage","@id":"https:\/\/aeronoticias.com.pe\/noticiero\/politica\/presidente-humala-pide-a-america-latina-iniciar-diversificacion-productiva\/","url":"https:\/\/aeronoticias.com.pe\/noticiero\/politica\/presidente-humala-pide-a-america-latina-iniciar-diversificacion-productiva\/","name":"Presidente Humala pide a Am\u00e9rica Latina iniciar diversificaci\u00f3n productiva","isPartOf":{"@id":"https:\/\/aeronoticias.com.pe\/noticiero\/#website"},"datePublished":"2014-07-20T11:30:37+00:00","author":{"@id":"https:\/\/aeronoticias.com.pe\/noticiero\/#\/schema\/person\/fc1e5d578f4b62ba1cf7ac2bba1170a0"},"description":"Portal de noticias del Per\u00fa sobre el transporte a\u00e9reo, aviaci\u00f3n, turismo, hoteleria, actualidad.","breadcrumb":{"@id":"https:\/\/aeronoticias.com.pe\/noticiero\/politica\/presidente-humala-pide-a-america-latina-iniciar-diversificacion-productiva\/#breadcrumb"},"inLanguage":"es","potentialAction":[{"@type":"ReadAction","target":["https:\/\/aeronoticias.com.pe\/noticiero\/politica\/presidente-humala-pide-a-america-latina-iniciar-diversificacion-productiva\/"]}]},{"@type":"BreadcrumbList","@id":"https:\/\/aeronoticias.com.pe\/noticiero\/politica\/presidente-humala-pide-a-america-latina-iniciar-diversificacion-productiva\/#breadcrumb","itemListElement":[{"@type":"ListItem","position":1,"name":"Portada","item":"https:\/\/aeronoticias.com.pe\/noticiero\/"},{"@type":"ListItem","position":2,"name":"Presidente Humala pide a Am\u00e9rica Latina iniciar diversificaci\u00f3n productiva"}]},{"@type":"WebSite","@id":"https:\/\/aeronoticias.com.pe\/noticiero\/#website","url":"https:\/\/aeronoticias.com.pe\/noticiero\/","name":"Aeronoticias.com.pe","description":"Noticias de tranporte aereo, turismo, hoteles, gastronomia, actualidad, internacional","potentialAction":[{"@type":"SearchAction","target":{"@type":"EntryPoint","urlTemplate":"https:\/\/aeronoticias.com.pe\/noticiero\/?s={search_term_string}"},"query-input":{"@type":"PropertyValueSpecification","valueRequired":true,"valueName":"search_term_string"}}],"inLanguage":"es"},{"@type":"Person","@id":"https:\/\/aeronoticias.com.pe\/noticiero\/#\/schema\/person\/fc1e5d578f4b62ba1cf7ac2bba1170a0","name":"Redacci\u00f3n Aeronoticias","url":"https:\/\/aeronoticias.com.pe\/noticiero\/author\/piloto\/"}]}},"_links":{"self":[{"href":"https:\/\/aeronoticias.com.pe\/noticiero\/wp-json\/wp\/v2\/posts\/47379","targetHints":{"allow":["GET"]}}],"collection":[{"href":"https:\/\/aeronoticias.com.pe\/noticiero\/wp-json\/wp\/v2\/posts"}],"about":[{"href":"https:\/\/aeronoticias.com.pe\/noticiero\/wp-json\/wp\/v2\/types\/post"}],"author":[{"embeddable":true,"href":"https:\/\/aeronoticias.com.pe\/noticiero\/wp-json\/wp\/v2\/users\/1"}],"replies":[{"embeddable":true,"href":"https:\/\/aeronoticias.com.pe\/noticiero\/wp-json\/wp\/v2\/comments?post=47379"}],"version-history":[{"count":0,"href":"https:\/\/aeronoticias.com.pe\/noticiero\/wp-json\/wp\/v2\/posts\/47379\/revisions"}],"wp:attachment":[{"href":"https:\/\/aeronoticias.com.pe\/noticiero\/wp-json\/wp\/v2\/media?parent=47379"}],"wp:term":[{"taxonomy":"category","embeddable":true,"href":"https:\/\/aeronoticias.com.pe\/noticiero\/wp-json\/wp\/v2\/categories?post=47379"},{"taxonomy":"post_tag","embeddable":true,"href":"https:\/\/aeronoticias.com.pe\/noticiero\/wp-json\/wp\/v2\/tags?post=47379"}],"curies":[{"name":"wp","href":"https:\/\/api.w.org\/{rel}","templated":true}]}}