{"id":474,"date":"2008-09-11T10:40:42","date_gmt":"2008-09-11T10:40:42","guid":{"rendered":"http:\/\/desarrollo.mcvicious.com\/aero2020\/2008\/09\/11\/rinden-homenaje-en-eeuu-a-las-victimas-del-11-de-septiembre\/"},"modified":"2008-09-11T10:40:42","modified_gmt":"2008-09-11T10:40:42","slug":"rinden-homenaje-en-eeuu-a-las-victimas-del-11-de-septiembre","status":"publish","type":"post","link":"https:\/\/aeronoticias.com.pe\/noticiero\/ultimas\/1\/rinden-homenaje-en-eeuu-a-las-victimas-del-11-de-septiembre\/","title":{"rendered":"RINDEN HOMENAJE EN EE.UU. A LAS VICTIMAS DEL 11 DE SEPTIEMBRE"},"content":{"rendered":"<p>&nbsp;<\/p>\n<div align=\"justify\">En Nueva York, se cumplieron esta ma&ntilde;ana cuatro momentos de silencio, en recuerdo de los instantes precisos en que se produjeron los ataques en el World Trade Center y en el Pent&aacute;gono, el fat&iacute;dico 11 de septiembre del 2001.<br \/>&nbsp;<br \/>En la llamada &ldquo;zona cero&rdquo;, donde se alzaban las Torres Gemelas, en Nueva York los familiares de las v&iacute;ctimas, que representan a m&aacute;s de 90 pa&iacute;ses cuyos ciudadanos murieron el 11 de setiembre de 2001, leer&aacute;n los nombres de las 2.700 personas que perdieron la vida en aquella ocasi&oacute;n.<br \/>&nbsp;<br \/>A su vez, el presidente George Bush tiene previsto acudir al Pent&aacute;gono, donde inaugurar&aacute; un monumento conmemorativo.<\/div>\n<div align=\"justify\">&nbsp;<\/p>\n<div style=\"text-align: center\"><img loading=\"lazy\" decoding=\"async\" src=\"http:\/\/aeronoticias.com.pe\/fotonoticias\/luis\/7anive11.jpg\" alt=\" \" title=\"CON UNA SERIE DE ACTOS SE RINDE HOMENAJE EN EE.UU. A LAS VICTIMAS DEL 11 DE SEPTIEMBRE. (Foto: GVI-Chris Hondros)\" hspace=\"5\" vspace=\"5\" width=\"400\" height=\"265\" \/><\/div>\n<\/div>\n<p>&nbsp;<\/p>\n<p><strong><br \/><\/strong><\/p>\n<p> <!--more--> <\/p>\n<div align=\"center\"><strong>Minuto de silencio en el Pent&aacute;gono<\/strong><\/div>\n<p>&nbsp;<\/p>\n<div align=\"justify\">Miles de personas observaron un minuto de silencio en el Pent&aacute;gono el jueves, para recordar el momento en que hace siete a&ntilde;os un avi&oacute;n secuestrado se estrell&oacute; contra la sede del departamento de Defensa, dejando 184 muertos adem&aacute;s de los cinco secuestradores.<\/div>\n<p align=\"justify\">Un oficial de la Marina hizo sonar un campanazo por cada una de las v&iacute;ctimas del ataque contra el Pent&aacute;gono, que ocurri&oacute; justo despu&eacute;s de que otros dos aviones se estrellaran contra las torres gemelas de Nueva York.<\/p>\n<div align=\"justify\">Familiares de las v&iacute;ctimas, autoridades y funcionarios del Pent&aacute;gono se reunieron en torno al memorial del 11 de septiembre, cerca del lugar donde el avi&oacute;n se estrell&oacute; en el ala este del Pent&aacute;gono.<\/div>\n<p>&nbsp;<\/p>\n<div style=\"text-align: center\"><img loading=\"lazy\" decoding=\"async\" src=\"http:\/\/aeronoticias.com.pe\/fotonoticias\/luis\/7aniver11.jpg\" alt=\" \" title=\"CON UNA SERIE DE ACTOS SE RINDE HOMENAJE EN EE.UU. A LAS VICTIMAS DEL 11 DE SEPTIEMBRE. (Foto: GVI \/ Chris Hondros)\" hspace=\"5\" vspace=\"5\" width=\"400\" height=\"265\" \/><\/div>\n<p>&nbsp;<\/p>\n<p>&nbsp;<\/p>\n","protected":false},"excerpt":{"rendered":"<p>&nbsp; En Nueva York, se cumplieron esta ma&ntilde;ana cuatro momentos de silencio, en recuerdo de los instantes precisos en que se produjeron los ataques en el World Trade Center y en el Pent&aacute;gono, el fat&iacute;dico 11 de septiembre del 2001.&nbsp;En la llamada &ldquo;zona cero&rdquo;, donde se alzaban las Torres Gemelas, en Nueva York los familiares [&hellip;]<\/p>\n","protected":false},"author":1,"featured_media":0,"comment_status":"open","ping_status":"open","sticky":false,"template":"","format":"standard","meta":{"tdm_status":"","tdm_grid_status":"","footnotes":""},"categories":[30],"tags":[],"class_list":{"0":"post-474","1":"post","2":"type-post","3":"status-publish","4":"format-standard","6":"category-30"},"yoast_head":"<!-- This site is optimized with the Yoast SEO plugin v25.1 - https:\/\/yoast.com\/wordpress\/plugins\/seo\/ -->\n<title>RINDEN HOMENAJE EN EE.UU. A LAS VICTIMAS DEL 11 DE SEPTIEMBRE<\/title>\n<meta name=\"description\" content=\"Portal de noticias del Per\u00fa sobre el transporte a\u00e9reo, aviaci\u00f3n, turismo, hoteleria, actualidad.\" \/>\n<meta name=\"robots\" content=\"index, follow, max-snippet:-1, max-image-preview:large, max-video-preview:-1\" \/>\n<link rel=\"canonical\" href=\"https:\/\/aeronoticias.com.pe\/noticiero\/ultimas\/1\/rinden-homenaje-en-eeuu-a-las-victimas-del-11-de-septiembre\/\" \/>\n<meta property=\"og:locale\" content=\"es_ES\" \/>\n<meta property=\"og:type\" content=\"article\" \/>\n<meta property=\"og:title\" content=\"RINDEN HOMENAJE EN EE.UU. A LAS VICTIMAS DEL 11 DE SEPTIEMBRE\" \/>\n<meta property=\"og:description\" content=\"Portal de noticias del Per\u00fa sobre el transporte a\u00e9reo, aviaci\u00f3n, turismo, hoteleria, actualidad.\" \/>\n<meta property=\"og:url\" content=\"https:\/\/aeronoticias.com.pe\/noticiero\/ultimas\/1\/rinden-homenaje-en-eeuu-a-las-victimas-del-11-de-septiembre\/\" \/>\n<meta property=\"og:site_name\" content=\"Aeronoticias.com.pe\" \/>\n<meta property=\"article:publisher\" content=\"https:\/\/www.facebook.com\/Aeronoticias.com.pe\/\" \/>\n<meta property=\"article:published_time\" content=\"2008-09-11T10:40:42+00:00\" \/>\n<meta property=\"og:image\" content=\"http:\/\/aeronoticias.com.pe\/fotonoticias\/luis\/7anive11.jpg\" \/>\n<meta name=\"author\" content=\"Redacci\u00f3n Aeronoticias\" \/>\n<meta name=\"twitter:card\" content=\"summary_large_image\" \/>\n<meta name=\"twitter:creator\" content=\"@aeronoticias\" \/>\n<meta name=\"twitter:site\" content=\"@aeronoticias\" \/>\n<meta name=\"twitter:label1\" content=\"Escrito por\" \/>\n\t<meta name=\"twitter:data1\" content=\"Redacci\u00f3n Aeronoticias\" \/>\n\t<meta name=\"twitter:label2\" content=\"Tiempo de lectura\" \/>\n\t<meta name=\"twitter:data2\" content=\"1 minuto\" \/>\n<script type=\"application\/ld+json\" class=\"yoast-schema-graph\">{\"@context\":\"https:\/\/schema.org\",\"@graph\":[{\"@type\":\"WebPage\",\"@id\":\"https:\/\/aeronoticias.com.pe\/noticiero\/ultimas\/1\/rinden-homenaje-en-eeuu-a-las-victimas-del-11-de-septiembre\/\",\"url\":\"https:\/\/aeronoticias.com.pe\/noticiero\/ultimas\/1\/rinden-homenaje-en-eeuu-a-las-victimas-del-11-de-septiembre\/\",\"name\":\"RINDEN HOMENAJE EN EE.UU. A LAS VICTIMAS DEL 11 DE SEPTIEMBRE\",\"isPartOf\":{\"@id\":\"https:\/\/aeronoticias.com.pe\/noticiero\/#website\"},\"primaryImageOfPage\":{\"@id\":\"https:\/\/aeronoticias.com.pe\/noticiero\/ultimas\/1\/rinden-homenaje-en-eeuu-a-las-victimas-del-11-de-septiembre\/#primaryimage\"},\"image\":{\"@id\":\"https:\/\/aeronoticias.com.pe\/noticiero\/ultimas\/1\/rinden-homenaje-en-eeuu-a-las-victimas-del-11-de-septiembre\/#primaryimage\"},\"thumbnailUrl\":\"http:\/\/aeronoticias.com.pe\/fotonoticias\/luis\/7anive11.jpg\",\"datePublished\":\"2008-09-11T10:40:42+00:00\",\"author\":{\"@id\":\"https:\/\/aeronoticias.com.pe\/noticiero\/#\/schema\/person\/fc1e5d578f4b62ba1cf7ac2bba1170a0\"},\"description\":\"Portal de noticias del Per\u00fa sobre el transporte a\u00e9reo, aviaci\u00f3n, turismo, hoteleria, actualidad.\",\"breadcrumb\":{\"@id\":\"https:\/\/aeronoticias.com.pe\/noticiero\/ultimas\/1\/rinden-homenaje-en-eeuu-a-las-victimas-del-11-de-septiembre\/#breadcrumb\"},\"inLanguage\":\"es\",\"potentialAction\":[{\"@type\":\"ReadAction\",\"target\":[\"https:\/\/aeronoticias.com.pe\/noticiero\/ultimas\/1\/rinden-homenaje-en-eeuu-a-las-victimas-del-11-de-septiembre\/\"]}]},{\"@type\":\"ImageObject\",\"inLanguage\":\"es\",\"@id\":\"https:\/\/aeronoticias.com.pe\/noticiero\/ultimas\/1\/rinden-homenaje-en-eeuu-a-las-victimas-del-11-de-septiembre\/#primaryimage\",\"url\":\"http:\/\/aeronoticias.com.pe\/fotonoticias\/luis\/7anive11.jpg\",\"contentUrl\":\"http:\/\/aeronoticias.com.pe\/fotonoticias\/luis\/7anive11.jpg\"},{\"@type\":\"BreadcrumbList\",\"@id\":\"https:\/\/aeronoticias.com.pe\/noticiero\/ultimas\/1\/rinden-homenaje-en-eeuu-a-las-victimas-del-11-de-septiembre\/#breadcrumb\",\"itemListElement\":[{\"@type\":\"ListItem\",\"position\":1,\"name\":\"Portada\",\"item\":\"https:\/\/aeronoticias.com.pe\/noticiero\/\"},{\"@type\":\"ListItem\",\"position\":2,\"name\":\"RINDEN HOMENAJE EN EE.UU. A LAS VICTIMAS DEL 11 DE SEPTIEMBRE\"}]},{\"@type\":\"WebSite\",\"@id\":\"https:\/\/aeronoticias.com.pe\/noticiero\/#website\",\"url\":\"https:\/\/aeronoticias.com.pe\/noticiero\/\",\"name\":\"Aeronoticias.com.pe\",\"description\":\"Noticias de tranporte aereo, turismo, hoteles, gastronomia, actualidad, internacional\",\"potentialAction\":[{\"@type\":\"SearchAction\",\"target\":{\"@type\":\"EntryPoint\",\"urlTemplate\":\"https:\/\/aeronoticias.com.pe\/noticiero\/?s={search_term_string}\"},\"query-input\":{\"@type\":\"PropertyValueSpecification\",\"valueRequired\":true,\"valueName\":\"search_term_string\"}}],\"inLanguage\":\"es\"},{\"@type\":\"Person\",\"@id\":\"https:\/\/aeronoticias.com.pe\/noticiero\/#\/schema\/person\/fc1e5d578f4b62ba1cf7ac2bba1170a0\",\"name\":\"Redacci\u00f3n Aeronoticias\",\"url\":\"https:\/\/aeronoticias.com.pe\/noticiero\/author\/piloto\/\"}]}<\/script>\n<!-- \/ Yoast SEO plugin. -->","yoast_head_json":{"title":"RINDEN HOMENAJE EN EE.UU. A LAS VICTIMAS DEL 11 DE SEPTIEMBRE","description":"Portal de noticias del Per\u00fa sobre el transporte a\u00e9reo, aviaci\u00f3n, turismo, hoteleria, actualidad.","robots":{"index":"index","follow":"follow","max-snippet":"max-snippet:-1","max-image-preview":"max-image-preview:large","max-video-preview":"max-video-preview:-1"},"canonical":"https:\/\/aeronoticias.com.pe\/noticiero\/ultimas\/1\/rinden-homenaje-en-eeuu-a-las-victimas-del-11-de-septiembre\/","og_locale":"es_ES","og_type":"article","og_title":"RINDEN HOMENAJE EN EE.UU. A LAS VICTIMAS DEL 11 DE SEPTIEMBRE","og_description":"Portal de noticias del Per\u00fa sobre el transporte a\u00e9reo, aviaci\u00f3n, turismo, hoteleria, actualidad.","og_url":"https:\/\/aeronoticias.com.pe\/noticiero\/ultimas\/1\/rinden-homenaje-en-eeuu-a-las-victimas-del-11-de-septiembre\/","og_site_name":"Aeronoticias.com.pe","article_publisher":"https:\/\/www.facebook.com\/Aeronoticias.com.pe\/","article_published_time":"2008-09-11T10:40:42+00:00","og_image":[{"url":"http:\/\/aeronoticias.com.pe\/fotonoticias\/luis\/7anive11.jpg","type":"","width":"","height":""}],"author":"Redacci\u00f3n Aeronoticias","twitter_card":"summary_large_image","twitter_creator":"@aeronoticias","twitter_site":"@aeronoticias","twitter_misc":{"Escrito por":"Redacci\u00f3n Aeronoticias","Tiempo de lectura":"1 minuto"},"schema":{"@context":"https:\/\/schema.org","@graph":[{"@type":"WebPage","@id":"https:\/\/aeronoticias.com.pe\/noticiero\/ultimas\/1\/rinden-homenaje-en-eeuu-a-las-victimas-del-11-de-septiembre\/","url":"https:\/\/aeronoticias.com.pe\/noticiero\/ultimas\/1\/rinden-homenaje-en-eeuu-a-las-victimas-del-11-de-septiembre\/","name":"RINDEN HOMENAJE EN EE.UU. A LAS VICTIMAS DEL 11 DE SEPTIEMBRE","isPartOf":{"@id":"https:\/\/aeronoticias.com.pe\/noticiero\/#website"},"primaryImageOfPage":{"@id":"https:\/\/aeronoticias.com.pe\/noticiero\/ultimas\/1\/rinden-homenaje-en-eeuu-a-las-victimas-del-11-de-septiembre\/#primaryimage"},"image":{"@id":"https:\/\/aeronoticias.com.pe\/noticiero\/ultimas\/1\/rinden-homenaje-en-eeuu-a-las-victimas-del-11-de-septiembre\/#primaryimage"},"thumbnailUrl":"http:\/\/aeronoticias.com.pe\/fotonoticias\/luis\/7anive11.jpg","datePublished":"2008-09-11T10:40:42+00:00","author":{"@id":"https:\/\/aeronoticias.com.pe\/noticiero\/#\/schema\/person\/fc1e5d578f4b62ba1cf7ac2bba1170a0"},"description":"Portal de noticias del Per\u00fa sobre el transporte a\u00e9reo, aviaci\u00f3n, turismo, hoteleria, actualidad.","breadcrumb":{"@id":"https:\/\/aeronoticias.com.pe\/noticiero\/ultimas\/1\/rinden-homenaje-en-eeuu-a-las-victimas-del-11-de-septiembre\/#breadcrumb"},"inLanguage":"es","potentialAction":[{"@type":"ReadAction","target":["https:\/\/aeronoticias.com.pe\/noticiero\/ultimas\/1\/rinden-homenaje-en-eeuu-a-las-victimas-del-11-de-septiembre\/"]}]},{"@type":"ImageObject","inLanguage":"es","@id":"https:\/\/aeronoticias.com.pe\/noticiero\/ultimas\/1\/rinden-homenaje-en-eeuu-a-las-victimas-del-11-de-septiembre\/#primaryimage","url":"http:\/\/aeronoticias.com.pe\/fotonoticias\/luis\/7anive11.jpg","contentUrl":"http:\/\/aeronoticias.com.pe\/fotonoticias\/luis\/7anive11.jpg"},{"@type":"BreadcrumbList","@id":"https:\/\/aeronoticias.com.pe\/noticiero\/ultimas\/1\/rinden-homenaje-en-eeuu-a-las-victimas-del-11-de-septiembre\/#breadcrumb","itemListElement":[{"@type":"ListItem","position":1,"name":"Portada","item":"https:\/\/aeronoticias.com.pe\/noticiero\/"},{"@type":"ListItem","position":2,"name":"RINDEN HOMENAJE EN EE.UU. A LAS VICTIMAS DEL 11 DE SEPTIEMBRE"}]},{"@type":"WebSite","@id":"https:\/\/aeronoticias.com.pe\/noticiero\/#website","url":"https:\/\/aeronoticias.com.pe\/noticiero\/","name":"Aeronoticias.com.pe","description":"Noticias de tranporte aereo, turismo, hoteles, gastronomia, actualidad, internacional","potentialAction":[{"@type":"SearchAction","target":{"@type":"EntryPoint","urlTemplate":"https:\/\/aeronoticias.com.pe\/noticiero\/?s={search_term_string}"},"query-input":{"@type":"PropertyValueSpecification","valueRequired":true,"valueName":"search_term_string"}}],"inLanguage":"es"},{"@type":"Person","@id":"https:\/\/aeronoticias.com.pe\/noticiero\/#\/schema\/person\/fc1e5d578f4b62ba1cf7ac2bba1170a0","name":"Redacci\u00f3n Aeronoticias","url":"https:\/\/aeronoticias.com.pe\/noticiero\/author\/piloto\/"}]}},"_links":{"self":[{"href":"https:\/\/aeronoticias.com.pe\/noticiero\/wp-json\/wp\/v2\/posts\/474","targetHints":{"allow":["GET"]}}],"collection":[{"href":"https:\/\/aeronoticias.com.pe\/noticiero\/wp-json\/wp\/v2\/posts"}],"about":[{"href":"https:\/\/aeronoticias.com.pe\/noticiero\/wp-json\/wp\/v2\/types\/post"}],"author":[{"embeddable":true,"href":"https:\/\/aeronoticias.com.pe\/noticiero\/wp-json\/wp\/v2\/users\/1"}],"replies":[{"embeddable":true,"href":"https:\/\/aeronoticias.com.pe\/noticiero\/wp-json\/wp\/v2\/comments?post=474"}],"version-history":[{"count":0,"href":"https:\/\/aeronoticias.com.pe\/noticiero\/wp-json\/wp\/v2\/posts\/474\/revisions"}],"wp:attachment":[{"href":"https:\/\/aeronoticias.com.pe\/noticiero\/wp-json\/wp\/v2\/media?parent=474"}],"wp:term":[{"taxonomy":"category","embeddable":true,"href":"https:\/\/aeronoticias.com.pe\/noticiero\/wp-json\/wp\/v2\/categories?post=474"},{"taxonomy":"post_tag","embeddable":true,"href":"https:\/\/aeronoticias.com.pe\/noticiero\/wp-json\/wp\/v2\/tags?post=474"}],"curies":[{"name":"wp","href":"https:\/\/api.w.org\/{rel}","templated":true}]}}