{"id":475,"date":"2008-09-11T11:23:29","date_gmt":"2008-09-11T11:23:29","guid":{"rendered":"http:\/\/desarrollo.mcvicious.com\/aero2020\/2008\/09\/11\/sin-consenso-sobre-responsables-del-11-de-septiembre\/"},"modified":"2008-09-11T11:23:29","modified_gmt":"2008-09-11T11:23:29","slug":"sin-consenso-sobre-responsables-del-11-de-septiembre","status":"publish","type":"post","link":"https:\/\/aeronoticias.com.pe\/noticiero\/ultimas\/1\/sin-consenso-sobre-responsables-del-11-de-septiembre\/","title":{"rendered":"SIN CONSENSO SOBRE RESPONSABLES DEL 11 DE SEPTIEMBRE"},"content":{"rendered":"<p>&nbsp;<\/p>\n<div align=\"justify\">La agencia de noticias Reuters, a trav&eacute;s del portal de CNN Expansi&oacute;n, inform&oacute; que tras siete a&ntilde;os de los ataques del 11 de septiembre, no hay consenso fuera de Estados Unidos sobre la responsabilidad de militantes isl&aacute;micos de Al Qaeda, seg&uacute;n demostr&oacute; un sondeo internacional publicado ayer.<\/div>\n<div align=\"justify\">&nbsp;<\/div>\n<div align=\"center\"><strong>Sondeo hecho a 16 mil 063 personas en 17 pa&iacute;ses<\/strong><\/div>\n<p>&nbsp;<\/p>\n<div align=\"justify\">El sondeo, realizado sobre 16,063 personas en 17 naciones, encontr&oacute; que s&oacute;lo en nueve pa&iacute;ses, la mayor&iacute;a de los encuestados, cree que Al Qaeda estuvo detr&aacute;s de los ataques contra Nueva York y Washington en los que murieron alrededor de 3,000 personas en el 2001.<\/div>\n<p align=\"justify\">Funcionarios estadounidenses culparon directamente a Al Qaeda, cuyo l&iacute;der Osama Bin Laden se ha jactado de organizar ataques suicidas secuestrando aviones comerciales.<\/p>\n<div align=\"justify\">En promedio, el 46% de los encuestados dijo que Al Qaeda fue responsable, el 15% respondi&oacute; que fue el Gobierno de Estados Unidos, el 7% opt&oacute; por Israel y otro 7% apunt&oacute; a otro culpable. Uno de cada cuatro dijo que no sab&iacute;a qui&eacute;n estuvo detr&aacute;s de los ataques.<\/div>\n<p>&nbsp;<\/p>\n<div style=\"text-align: center\"><img loading=\"lazy\" decoding=\"async\" src=\"http:\/\/aeronoticias.com.pe\/fotonoticias\/setiembre\/torres11sep.JPG\" alt=\" \" title=\"SIN CONSENSO SOBRE RESPONSABLES DEL 11 DE SEPTIEMBRE. (Foto: JerseyCityOnline)\" hspace=\"5\" vspace=\"5\" width=\"400\" height=\"376\" \/><\/div>\n<p>&nbsp;<\/p>\n<p> <!--more--> <\/p>\n<p>&nbsp;<\/p>\n<div align=\"center\"><strong>Sondeo realizado por WorldPublicOpinion.org<\/strong><\/div>\n<p>&nbsp;<\/p>\n<div align=\"justify\">El sondeo fue conducido por <a href=\"http:\/\/worldpublicopinion.org\/\">WorldPublicOpinion.org<\/a> , un proyecto en colaboraci&oacute;n de centros de investigaci&oacute;n de varios pa&iacute;ses administrado por el Programa de Actitudes sobre Pol&iacute;tica Internacional de la University of Maryland, en Estados Unidos.<\/div>\n<p align=\"justify\">Al Qaeda fue citado por el 56% de los brit&aacute;nicos e italianos, el 63% de los franceses y el 64% de los alemanes. Para el 23% de los alemanes y el 15% de los italianos, el culpable fue el Gobierno de Estados Unidos.<\/p>\n<p align=\"justify\">En Oriente Medio, los encuestados se inclinaron especialmente a nombrar otro responsable distinto de Al Qaeda, demostr&oacute; el sondeo.<\/p>\n<p align=\"justify\">Israel estuvo detr&aacute;s de los ataques para el 43% de los consultados en Egipto, el 31% en Jordania y el 19% en los territorios palestinos. El Gobierno estadounidense fue responsabilizado por el 36% de los turcos y el 27% de los palestinos.<\/p>\n<p align=\"justify\">En M&eacute;xico, el 30% de los encuestados cit&oacute; al Gobierno de George W. Bush y el 33% a Al Qaeda.<\/p>\n<p><strong><br \/><\/strong><\/p>\n<div align=\"center\"><strong>Kenia y Nigeria acusaron abrumadoramente a Al Qaeda<\/strong><\/div>\n<p>&nbsp;<\/p>\n<div align=\"justify\">Los &uacute;nicos pa&iacute;ses donde se acus&oacute; abrumadoramente a Al Qaeda fueron Kenia, con el 77%, y Nigeria, con el 71%.<br \/>Las entrevistas se realizaron en China, Indonesia, Nigeria, Rusia, Egipto, Francia, Alemania, Gran Breta&ntilde;a, Italia, Jordania, Kenia, M&eacute;xico, los territorios palestinos, Corea del Sur, Taiw&aacute;n, Turqu&iacute;a y Ucrania.<\/div>\n<div align=\"justify\">El sondeo, conducido entre el 15 de julio y el 31 de agosto, contempl&oacute; un margen de error de entre el 3 y el 4%.<\/div>\n<p>&nbsp;<\/p>\n","protected":false},"excerpt":{"rendered":"<p>&nbsp; La agencia de noticias Reuters, a trav&eacute;s del portal de CNN Expansi&oacute;n, inform&oacute; que tras siete a&ntilde;os de los ataques del 11 de septiembre, no hay consenso fuera de Estados Unidos sobre la responsabilidad de militantes isl&aacute;micos de Al Qaeda, seg&uacute;n demostr&oacute; un sondeo internacional publicado ayer. &nbsp; Sondeo hecho a 16 mil 063 [&hellip;]<\/p>\n","protected":false},"author":1,"featured_media":0,"comment_status":"open","ping_status":"open","sticky":false,"template":"","format":"standard","meta":{"tdm_status":"","tdm_grid_status":"","footnotes":""},"categories":[30],"tags":[],"class_list":{"0":"post-475","1":"post","2":"type-post","3":"status-publish","4":"format-standard","6":"category-30"},"yoast_head":"<!-- This site is optimized with the Yoast SEO plugin v25.1 - https:\/\/yoast.com\/wordpress\/plugins\/seo\/ -->\n<title>SIN CONSENSO SOBRE RESPONSABLES DEL 11 DE SEPTIEMBRE<\/title>\n<meta name=\"description\" content=\"Portal de noticias del Per\u00fa sobre el transporte a\u00e9reo, aviaci\u00f3n, turismo, hoteleria, actualidad.\" \/>\n<meta name=\"robots\" content=\"index, follow, max-snippet:-1, max-image-preview:large, max-video-preview:-1\" \/>\n<link rel=\"canonical\" href=\"https:\/\/aeronoticias.com.pe\/noticiero\/ultimas\/1\/sin-consenso-sobre-responsables-del-11-de-septiembre\/\" \/>\n<meta property=\"og:locale\" content=\"es_ES\" \/>\n<meta property=\"og:type\" content=\"article\" \/>\n<meta property=\"og:title\" content=\"SIN CONSENSO SOBRE RESPONSABLES DEL 11 DE SEPTIEMBRE\" \/>\n<meta property=\"og:description\" content=\"Portal de noticias del Per\u00fa sobre el transporte a\u00e9reo, aviaci\u00f3n, turismo, hoteleria, actualidad.\" \/>\n<meta property=\"og:url\" content=\"https:\/\/aeronoticias.com.pe\/noticiero\/ultimas\/1\/sin-consenso-sobre-responsables-del-11-de-septiembre\/\" \/>\n<meta property=\"og:site_name\" content=\"Aeronoticias.com.pe\" \/>\n<meta property=\"article:publisher\" content=\"https:\/\/www.facebook.com\/Aeronoticias.com.pe\/\" \/>\n<meta property=\"article:published_time\" content=\"2008-09-11T11:23:29+00:00\" \/>\n<meta property=\"og:image\" content=\"http:\/\/aeronoticias.com.pe\/fotonoticias\/setiembre\/torres11sep.JPG\" \/>\n<meta name=\"author\" content=\"Redacci\u00f3n Aeronoticias\" \/>\n<meta name=\"twitter:card\" content=\"summary_large_image\" \/>\n<meta name=\"twitter:creator\" content=\"@aeronoticias\" \/>\n<meta name=\"twitter:site\" content=\"@aeronoticias\" \/>\n<meta name=\"twitter:label1\" content=\"Escrito por\" \/>\n\t<meta name=\"twitter:data1\" content=\"Redacci\u00f3n Aeronoticias\" \/>\n\t<meta name=\"twitter:label2\" content=\"Tiempo de lectura\" \/>\n\t<meta name=\"twitter:data2\" content=\"2 minutos\" \/>\n<script type=\"application\/ld+json\" class=\"yoast-schema-graph\">{\"@context\":\"https:\/\/schema.org\",\"@graph\":[{\"@type\":\"WebPage\",\"@id\":\"https:\/\/aeronoticias.com.pe\/noticiero\/ultimas\/1\/sin-consenso-sobre-responsables-del-11-de-septiembre\/\",\"url\":\"https:\/\/aeronoticias.com.pe\/noticiero\/ultimas\/1\/sin-consenso-sobre-responsables-del-11-de-septiembre\/\",\"name\":\"SIN CONSENSO SOBRE RESPONSABLES DEL 11 DE SEPTIEMBRE\",\"isPartOf\":{\"@id\":\"https:\/\/aeronoticias.com.pe\/noticiero\/#website\"},\"primaryImageOfPage\":{\"@id\":\"https:\/\/aeronoticias.com.pe\/noticiero\/ultimas\/1\/sin-consenso-sobre-responsables-del-11-de-septiembre\/#primaryimage\"},\"image\":{\"@id\":\"https:\/\/aeronoticias.com.pe\/noticiero\/ultimas\/1\/sin-consenso-sobre-responsables-del-11-de-septiembre\/#primaryimage\"},\"thumbnailUrl\":\"http:\/\/aeronoticias.com.pe\/fotonoticias\/setiembre\/torres11sep.JPG\",\"datePublished\":\"2008-09-11T11:23:29+00:00\",\"author\":{\"@id\":\"https:\/\/aeronoticias.com.pe\/noticiero\/#\/schema\/person\/fc1e5d578f4b62ba1cf7ac2bba1170a0\"},\"description\":\"Portal de noticias del Per\u00fa sobre el transporte a\u00e9reo, aviaci\u00f3n, turismo, hoteleria, actualidad.\",\"breadcrumb\":{\"@id\":\"https:\/\/aeronoticias.com.pe\/noticiero\/ultimas\/1\/sin-consenso-sobre-responsables-del-11-de-septiembre\/#breadcrumb\"},\"inLanguage\":\"es\",\"potentialAction\":[{\"@type\":\"ReadAction\",\"target\":[\"https:\/\/aeronoticias.com.pe\/noticiero\/ultimas\/1\/sin-consenso-sobre-responsables-del-11-de-septiembre\/\"]}]},{\"@type\":\"ImageObject\",\"inLanguage\":\"es\",\"@id\":\"https:\/\/aeronoticias.com.pe\/noticiero\/ultimas\/1\/sin-consenso-sobre-responsables-del-11-de-septiembre\/#primaryimage\",\"url\":\"http:\/\/aeronoticias.com.pe\/fotonoticias\/setiembre\/torres11sep.JPG\",\"contentUrl\":\"http:\/\/aeronoticias.com.pe\/fotonoticias\/setiembre\/torres11sep.JPG\"},{\"@type\":\"BreadcrumbList\",\"@id\":\"https:\/\/aeronoticias.com.pe\/noticiero\/ultimas\/1\/sin-consenso-sobre-responsables-del-11-de-septiembre\/#breadcrumb\",\"itemListElement\":[{\"@type\":\"ListItem\",\"position\":1,\"name\":\"Portada\",\"item\":\"https:\/\/aeronoticias.com.pe\/noticiero\/\"},{\"@type\":\"ListItem\",\"position\":2,\"name\":\"SIN CONSENSO SOBRE RESPONSABLES DEL 11 DE SEPTIEMBRE\"}]},{\"@type\":\"WebSite\",\"@id\":\"https:\/\/aeronoticias.com.pe\/noticiero\/#website\",\"url\":\"https:\/\/aeronoticias.com.pe\/noticiero\/\",\"name\":\"Aeronoticias.com.pe\",\"description\":\"Noticias de tranporte aereo, turismo, hoteles, gastronomia, actualidad, internacional\",\"potentialAction\":[{\"@type\":\"SearchAction\",\"target\":{\"@type\":\"EntryPoint\",\"urlTemplate\":\"https:\/\/aeronoticias.com.pe\/noticiero\/?s={search_term_string}\"},\"query-input\":{\"@type\":\"PropertyValueSpecification\",\"valueRequired\":true,\"valueName\":\"search_term_string\"}}],\"inLanguage\":\"es\"},{\"@type\":\"Person\",\"@id\":\"https:\/\/aeronoticias.com.pe\/noticiero\/#\/schema\/person\/fc1e5d578f4b62ba1cf7ac2bba1170a0\",\"name\":\"Redacci\u00f3n Aeronoticias\",\"url\":\"https:\/\/aeronoticias.com.pe\/noticiero\/author\/piloto\/\"}]}<\/script>\n<!-- \/ Yoast SEO plugin. -->","yoast_head_json":{"title":"SIN CONSENSO SOBRE RESPONSABLES DEL 11 DE SEPTIEMBRE","description":"Portal de noticias del Per\u00fa sobre el transporte a\u00e9reo, aviaci\u00f3n, turismo, hoteleria, actualidad.","robots":{"index":"index","follow":"follow","max-snippet":"max-snippet:-1","max-image-preview":"max-image-preview:large","max-video-preview":"max-video-preview:-1"},"canonical":"https:\/\/aeronoticias.com.pe\/noticiero\/ultimas\/1\/sin-consenso-sobre-responsables-del-11-de-septiembre\/","og_locale":"es_ES","og_type":"article","og_title":"SIN CONSENSO SOBRE RESPONSABLES DEL 11 DE SEPTIEMBRE","og_description":"Portal de noticias del Per\u00fa sobre el transporte a\u00e9reo, aviaci\u00f3n, turismo, hoteleria, actualidad.","og_url":"https:\/\/aeronoticias.com.pe\/noticiero\/ultimas\/1\/sin-consenso-sobre-responsables-del-11-de-septiembre\/","og_site_name":"Aeronoticias.com.pe","article_publisher":"https:\/\/www.facebook.com\/Aeronoticias.com.pe\/","article_published_time":"2008-09-11T11:23:29+00:00","og_image":[{"url":"http:\/\/aeronoticias.com.pe\/fotonoticias\/setiembre\/torres11sep.JPG","type":"","width":"","height":""}],"author":"Redacci\u00f3n Aeronoticias","twitter_card":"summary_large_image","twitter_creator":"@aeronoticias","twitter_site":"@aeronoticias","twitter_misc":{"Escrito por":"Redacci\u00f3n Aeronoticias","Tiempo de lectura":"2 minutos"},"schema":{"@context":"https:\/\/schema.org","@graph":[{"@type":"WebPage","@id":"https:\/\/aeronoticias.com.pe\/noticiero\/ultimas\/1\/sin-consenso-sobre-responsables-del-11-de-septiembre\/","url":"https:\/\/aeronoticias.com.pe\/noticiero\/ultimas\/1\/sin-consenso-sobre-responsables-del-11-de-septiembre\/","name":"SIN CONSENSO SOBRE RESPONSABLES DEL 11 DE SEPTIEMBRE","isPartOf":{"@id":"https:\/\/aeronoticias.com.pe\/noticiero\/#website"},"primaryImageOfPage":{"@id":"https:\/\/aeronoticias.com.pe\/noticiero\/ultimas\/1\/sin-consenso-sobre-responsables-del-11-de-septiembre\/#primaryimage"},"image":{"@id":"https:\/\/aeronoticias.com.pe\/noticiero\/ultimas\/1\/sin-consenso-sobre-responsables-del-11-de-septiembre\/#primaryimage"},"thumbnailUrl":"http:\/\/aeronoticias.com.pe\/fotonoticias\/setiembre\/torres11sep.JPG","datePublished":"2008-09-11T11:23:29+00:00","author":{"@id":"https:\/\/aeronoticias.com.pe\/noticiero\/#\/schema\/person\/fc1e5d578f4b62ba1cf7ac2bba1170a0"},"description":"Portal de noticias del Per\u00fa sobre el transporte a\u00e9reo, aviaci\u00f3n, turismo, hoteleria, actualidad.","breadcrumb":{"@id":"https:\/\/aeronoticias.com.pe\/noticiero\/ultimas\/1\/sin-consenso-sobre-responsables-del-11-de-septiembre\/#breadcrumb"},"inLanguage":"es","potentialAction":[{"@type":"ReadAction","target":["https:\/\/aeronoticias.com.pe\/noticiero\/ultimas\/1\/sin-consenso-sobre-responsables-del-11-de-septiembre\/"]}]},{"@type":"ImageObject","inLanguage":"es","@id":"https:\/\/aeronoticias.com.pe\/noticiero\/ultimas\/1\/sin-consenso-sobre-responsables-del-11-de-septiembre\/#primaryimage","url":"http:\/\/aeronoticias.com.pe\/fotonoticias\/setiembre\/torres11sep.JPG","contentUrl":"http:\/\/aeronoticias.com.pe\/fotonoticias\/setiembre\/torres11sep.JPG"},{"@type":"BreadcrumbList","@id":"https:\/\/aeronoticias.com.pe\/noticiero\/ultimas\/1\/sin-consenso-sobre-responsables-del-11-de-septiembre\/#breadcrumb","itemListElement":[{"@type":"ListItem","position":1,"name":"Portada","item":"https:\/\/aeronoticias.com.pe\/noticiero\/"},{"@type":"ListItem","position":2,"name":"SIN CONSENSO SOBRE RESPONSABLES DEL 11 DE SEPTIEMBRE"}]},{"@type":"WebSite","@id":"https:\/\/aeronoticias.com.pe\/noticiero\/#website","url":"https:\/\/aeronoticias.com.pe\/noticiero\/","name":"Aeronoticias.com.pe","description":"Noticias de tranporte aereo, turismo, hoteles, gastronomia, actualidad, internacional","potentialAction":[{"@type":"SearchAction","target":{"@type":"EntryPoint","urlTemplate":"https:\/\/aeronoticias.com.pe\/noticiero\/?s={search_term_string}"},"query-input":{"@type":"PropertyValueSpecification","valueRequired":true,"valueName":"search_term_string"}}],"inLanguage":"es"},{"@type":"Person","@id":"https:\/\/aeronoticias.com.pe\/noticiero\/#\/schema\/person\/fc1e5d578f4b62ba1cf7ac2bba1170a0","name":"Redacci\u00f3n Aeronoticias","url":"https:\/\/aeronoticias.com.pe\/noticiero\/author\/piloto\/"}]}},"_links":{"self":[{"href":"https:\/\/aeronoticias.com.pe\/noticiero\/wp-json\/wp\/v2\/posts\/475","targetHints":{"allow":["GET"]}}],"collection":[{"href":"https:\/\/aeronoticias.com.pe\/noticiero\/wp-json\/wp\/v2\/posts"}],"about":[{"href":"https:\/\/aeronoticias.com.pe\/noticiero\/wp-json\/wp\/v2\/types\/post"}],"author":[{"embeddable":true,"href":"https:\/\/aeronoticias.com.pe\/noticiero\/wp-json\/wp\/v2\/users\/1"}],"replies":[{"embeddable":true,"href":"https:\/\/aeronoticias.com.pe\/noticiero\/wp-json\/wp\/v2\/comments?post=475"}],"version-history":[{"count":0,"href":"https:\/\/aeronoticias.com.pe\/noticiero\/wp-json\/wp\/v2\/posts\/475\/revisions"}],"wp:attachment":[{"href":"https:\/\/aeronoticias.com.pe\/noticiero\/wp-json\/wp\/v2\/media?parent=475"}],"wp:term":[{"taxonomy":"category","embeddable":true,"href":"https:\/\/aeronoticias.com.pe\/noticiero\/wp-json\/wp\/v2\/categories?post=475"},{"taxonomy":"post_tag","embeddable":true,"href":"https:\/\/aeronoticias.com.pe\/noticiero\/wp-json\/wp\/v2\/tags?post=475"}],"curies":[{"name":"wp","href":"https:\/\/api.w.org\/{rel}","templated":true}]}}