{"id":47566,"date":"2014-07-26T11:30:00","date_gmt":"2014-07-26T11:30:00","guid":{"rendered":"http:\/\/desarrollo.mcvicious.com\/aero2020\/2014\/07\/26\/alemania-espiara-a-eeuu-y-reino-unido-por-primera-vez-desde-1945\/"},"modified":"2014-07-26T11:30:00","modified_gmt":"2014-07-26T11:30:00","slug":"alemania-espiara-a-eeuu-y-reino-unido-por-primera-vez-desde-1945","status":"publish","type":"post","link":"https:\/\/aeronoticias.com.pe\/noticiero\/internacionales\/alemania-espiara-a-eeuu-y-reino-unido-por-primera-vez-desde-1945\/","title":{"rendered":"Alemania espiar\u00e1 a EE.UU. y Reino Unido por primera vez desde 1945"},"content":{"rendered":"<p style=\"text-align: justify;\"><img decoding=\"async\" src=\"images\/stories\/14\/07\/260714\/b3.jpg\" border=\"0\" \/><\/p>\n<p style=\"text-align: justify;\"><strong>(Aeronoticias).- La canciller Angela Merkel decide espiar a sus dos socios en la OTAN tras exigir al jefe de la estaci\u00f3n de la CIA en Berl\u00edn que dejara Alemania.<\/strong><\/p>\n<p style=\"text-align: justify;\">  <!--more-->  Angela Merkel, ha anunciado que su pa\u00eds vigilar\u00e1 las acciones de los agentes de los servicios estadounidenses y brit\u00e1nicos en su territorio, informa The Daily Mail.<\/p>\n<p style=\"text-align: justify;\">La decisi\u00f3n de la canciller se considera una respuesta al esc\u00e1ndalo estallado recientemente en Alemania tras conocerse que la Agencia de Seguridad Nacional de EE.UU. (NSA, por sus siglas en ingl\u00e9s) espiaba a los ciudadanos de la Rep\u00fablica Federal.<\/p>\n<p style=\"text-align: justify;\">Despu\u00e9s de hacerse p\u00fablico que el NSA escuchaba a escondidas el tel\u00e9fono m\u00f3vil de Merkel, la canciller exigi\u00f3 que el jefe de la CIA en Berl\u00edn abandonara el territorio alem\u00e1n.<\/p>\n<p style=\"text-align: justify;\">La agencia de inteligencia alemana (BND, por sus siglas en alem\u00e1n) llevar\u00e1 a cabo estricta vigilancia de las acciones de los agentes estadounidenses en territorio alem\u00e1n. Esta decisi\u00f3n marca el primer caso de la observaci\u00f3n de la inteligencia aliada por parte de Alemania desde el 1945, cuando las autoridades de Alemania Occidental decidieron dar libertad a estos servicios.<\/p>\n<p style=\"text-align: justify;\">Esta semana el presidente de los EE.UU., Barack Obama, envi\u00f3 al jefe del Gabinete de la Casa Blanca, Denis McDonough, y a la asesora para la lucha contra el terrorismo, Lisa Monaco, a Berl\u00edn. Oficiales de la Casa Blanca afirman que en la capital alemana abordaron asuntos de seguridad.<\/p>\n<p style=\"text-align: justify;\">\u00abS\u00f3lo a trav\u00e9s de negociaciones y acuerdos se puede restablecer la confianza. Aseguraremos que esas negociaciones tengan lugar, pero por ahora no puedo dar ning\u00fan dato concreto\u00bb, admiti\u00f3 Merkel. Sin embargo, la canciller alemana sostiene que Alemania y EE.UU. siguen siendo socios y \u00abnada puede cambiarlo\u00bb.<\/p>\n<p style=\"text-align: justify;\">Entretanto, la Casa Blanca no ha hecho ning\u00fan comentario.<\/p>\n<p style=\"text-align: justify;\">Merkel desminti\u00f3 la posibilidad de conceder permiso al ex-agente del NSA Edward Snowden de refugiarse en Alemania.<\/p>\n<p style=\"text-align: justify;\">Un funcionario de la Casa Blanca asegur\u00f3 que la CIA no utilizar\u00eda programas de vacunaci\u00f3n como fachada para actividades de inteligencia. La CIA afirma que no tiene intenci\u00f3n de utilizar los materiales gen\u00e9ticos obtenidos en el marco de estos programas.<\/p>\n<p style=\"text-align: justify;\">\u00a0<\/p>\n<p style=\"text-align: justify;\">Fuente: RT<\/p>\n<p style=\"text-align: justify;\">Foto: RT<\/p>\n","protected":false},"excerpt":{"rendered":"<p>(Aeronoticias).- La canciller Angela Merkel decide espiar a sus dos socios en la OTAN tras exigir al jefe de la estaci\u00f3n de la CIA en Berl\u00edn que dejara Alemania.<\/p>\n","protected":false},"author":1,"featured_media":0,"comment_status":"open","ping_status":"open","sticky":false,"template":"","format":"standard","meta":{"tdm_status":"","tdm_grid_status":"","footnotes":""},"categories":[34],"tags":[],"class_list":{"0":"post-47566","1":"post","2":"type-post","3":"status-publish","4":"format-standard","6":"category-internacionales"},"yoast_head":"<!-- This site is optimized with the Yoast SEO plugin v25.1 - https:\/\/yoast.com\/wordpress\/plugins\/seo\/ -->\n<title>Alemania espiar\u00e1 a EE.UU. y Reino Unido por primera vez desde 1945<\/title>\n<meta name=\"description\" content=\"Portal de noticias del Per\u00fa sobre el transporte a\u00e9reo, aviaci\u00f3n, turismo, hoteleria, actualidad.\" \/>\n<meta name=\"robots\" content=\"index, follow, max-snippet:-1, max-image-preview:large, max-video-preview:-1\" \/>\n<link rel=\"canonical\" href=\"https:\/\/aeronoticias.com.pe\/noticiero\/internacionales\/alemania-espiara-a-eeuu-y-reino-unido-por-primera-vez-desde-1945\/\" \/>\n<meta property=\"og:locale\" content=\"es_ES\" \/>\n<meta property=\"og:type\" content=\"article\" \/>\n<meta property=\"og:title\" content=\"Alemania espiar\u00e1 a EE.UU. y Reino Unido por primera vez desde 1945\" \/>\n<meta property=\"og:description\" content=\"Portal de noticias del Per\u00fa sobre el transporte a\u00e9reo, aviaci\u00f3n, turismo, hoteleria, actualidad.\" \/>\n<meta property=\"og:url\" content=\"https:\/\/aeronoticias.com.pe\/noticiero\/internacionales\/alemania-espiara-a-eeuu-y-reino-unido-por-primera-vez-desde-1945\/\" \/>\n<meta property=\"og:site_name\" content=\"Aeronoticias.com.pe\" \/>\n<meta property=\"article:publisher\" content=\"https:\/\/www.facebook.com\/Aeronoticias.com.pe\/\" \/>\n<meta property=\"article:published_time\" content=\"2014-07-26T11:30:00+00:00\" \/>\n<meta name=\"author\" content=\"Redacci\u00f3n Aeronoticias\" \/>\n<meta name=\"twitter:card\" content=\"summary_large_image\" \/>\n<meta name=\"twitter:creator\" content=\"@aeronoticias\" \/>\n<meta name=\"twitter:site\" content=\"@aeronoticias\" \/>\n<meta name=\"twitter:label1\" content=\"Escrito por\" \/>\n\t<meta name=\"twitter:data1\" content=\"Redacci\u00f3n Aeronoticias\" \/>\n\t<meta name=\"twitter:label2\" content=\"Tiempo de lectura\" \/>\n\t<meta name=\"twitter:data2\" content=\"2 minutos\" \/>\n<script type=\"application\/ld+json\" class=\"yoast-schema-graph\">{\"@context\":\"https:\/\/schema.org\",\"@graph\":[{\"@type\":\"WebPage\",\"@id\":\"https:\/\/aeronoticias.com.pe\/noticiero\/internacionales\/alemania-espiara-a-eeuu-y-reino-unido-por-primera-vez-desde-1945\/\",\"url\":\"https:\/\/aeronoticias.com.pe\/noticiero\/internacionales\/alemania-espiara-a-eeuu-y-reino-unido-por-primera-vez-desde-1945\/\",\"name\":\"Alemania espiar\u00e1 a EE.UU. y Reino Unido por primera vez desde 1945\",\"isPartOf\":{\"@id\":\"https:\/\/aeronoticias.com.pe\/noticiero\/#website\"},\"datePublished\":\"2014-07-26T11:30:00+00:00\",\"author\":{\"@id\":\"https:\/\/aeronoticias.com.pe\/noticiero\/#\/schema\/person\/fc1e5d578f4b62ba1cf7ac2bba1170a0\"},\"description\":\"Portal de noticias del Per\u00fa sobre el transporte a\u00e9reo, aviaci\u00f3n, turismo, hoteleria, actualidad.\",\"breadcrumb\":{\"@id\":\"https:\/\/aeronoticias.com.pe\/noticiero\/internacionales\/alemania-espiara-a-eeuu-y-reino-unido-por-primera-vez-desde-1945\/#breadcrumb\"},\"inLanguage\":\"es\",\"potentialAction\":[{\"@type\":\"ReadAction\",\"target\":[\"https:\/\/aeronoticias.com.pe\/noticiero\/internacionales\/alemania-espiara-a-eeuu-y-reino-unido-por-primera-vez-desde-1945\/\"]}]},{\"@type\":\"BreadcrumbList\",\"@id\":\"https:\/\/aeronoticias.com.pe\/noticiero\/internacionales\/alemania-espiara-a-eeuu-y-reino-unido-por-primera-vez-desde-1945\/#breadcrumb\",\"itemListElement\":[{\"@type\":\"ListItem\",\"position\":1,\"name\":\"Portada\",\"item\":\"https:\/\/aeronoticias.com.pe\/noticiero\/\"},{\"@type\":\"ListItem\",\"position\":2,\"name\":\"Alemania espiar\u00e1 a EE.UU. y Reino Unido por primera vez desde 1945\"}]},{\"@type\":\"WebSite\",\"@id\":\"https:\/\/aeronoticias.com.pe\/noticiero\/#website\",\"url\":\"https:\/\/aeronoticias.com.pe\/noticiero\/\",\"name\":\"Aeronoticias.com.pe\",\"description\":\"Noticias de tranporte aereo, turismo, hoteles, gastronomia, actualidad, internacional\",\"potentialAction\":[{\"@type\":\"SearchAction\",\"target\":{\"@type\":\"EntryPoint\",\"urlTemplate\":\"https:\/\/aeronoticias.com.pe\/noticiero\/?s={search_term_string}\"},\"query-input\":{\"@type\":\"PropertyValueSpecification\",\"valueRequired\":true,\"valueName\":\"search_term_string\"}}],\"inLanguage\":\"es\"},{\"@type\":\"Person\",\"@id\":\"https:\/\/aeronoticias.com.pe\/noticiero\/#\/schema\/person\/fc1e5d578f4b62ba1cf7ac2bba1170a0\",\"name\":\"Redacci\u00f3n Aeronoticias\",\"url\":\"https:\/\/aeronoticias.com.pe\/noticiero\/author\/piloto\/\"}]}<\/script>\n<!-- \/ Yoast SEO plugin. -->","yoast_head_json":{"title":"Alemania espiar\u00e1 a EE.UU. y Reino Unido por primera vez desde 1945","description":"Portal de noticias del Per\u00fa sobre el transporte a\u00e9reo, aviaci\u00f3n, turismo, hoteleria, actualidad.","robots":{"index":"index","follow":"follow","max-snippet":"max-snippet:-1","max-image-preview":"max-image-preview:large","max-video-preview":"max-video-preview:-1"},"canonical":"https:\/\/aeronoticias.com.pe\/noticiero\/internacionales\/alemania-espiara-a-eeuu-y-reino-unido-por-primera-vez-desde-1945\/","og_locale":"es_ES","og_type":"article","og_title":"Alemania espiar\u00e1 a EE.UU. y Reino Unido por primera vez desde 1945","og_description":"Portal de noticias del Per\u00fa sobre el transporte a\u00e9reo, aviaci\u00f3n, turismo, hoteleria, actualidad.","og_url":"https:\/\/aeronoticias.com.pe\/noticiero\/internacionales\/alemania-espiara-a-eeuu-y-reino-unido-por-primera-vez-desde-1945\/","og_site_name":"Aeronoticias.com.pe","article_publisher":"https:\/\/www.facebook.com\/Aeronoticias.com.pe\/","article_published_time":"2014-07-26T11:30:00+00:00","author":"Redacci\u00f3n Aeronoticias","twitter_card":"summary_large_image","twitter_creator":"@aeronoticias","twitter_site":"@aeronoticias","twitter_misc":{"Escrito por":"Redacci\u00f3n Aeronoticias","Tiempo de lectura":"2 minutos"},"schema":{"@context":"https:\/\/schema.org","@graph":[{"@type":"WebPage","@id":"https:\/\/aeronoticias.com.pe\/noticiero\/internacionales\/alemania-espiara-a-eeuu-y-reino-unido-por-primera-vez-desde-1945\/","url":"https:\/\/aeronoticias.com.pe\/noticiero\/internacionales\/alemania-espiara-a-eeuu-y-reino-unido-por-primera-vez-desde-1945\/","name":"Alemania espiar\u00e1 a EE.UU. y Reino Unido por primera vez desde 1945","isPartOf":{"@id":"https:\/\/aeronoticias.com.pe\/noticiero\/#website"},"datePublished":"2014-07-26T11:30:00+00:00","author":{"@id":"https:\/\/aeronoticias.com.pe\/noticiero\/#\/schema\/person\/fc1e5d578f4b62ba1cf7ac2bba1170a0"},"description":"Portal de noticias del Per\u00fa sobre el transporte a\u00e9reo, aviaci\u00f3n, turismo, hoteleria, actualidad.","breadcrumb":{"@id":"https:\/\/aeronoticias.com.pe\/noticiero\/internacionales\/alemania-espiara-a-eeuu-y-reino-unido-por-primera-vez-desde-1945\/#breadcrumb"},"inLanguage":"es","potentialAction":[{"@type":"ReadAction","target":["https:\/\/aeronoticias.com.pe\/noticiero\/internacionales\/alemania-espiara-a-eeuu-y-reino-unido-por-primera-vez-desde-1945\/"]}]},{"@type":"BreadcrumbList","@id":"https:\/\/aeronoticias.com.pe\/noticiero\/internacionales\/alemania-espiara-a-eeuu-y-reino-unido-por-primera-vez-desde-1945\/#breadcrumb","itemListElement":[{"@type":"ListItem","position":1,"name":"Portada","item":"https:\/\/aeronoticias.com.pe\/noticiero\/"},{"@type":"ListItem","position":2,"name":"Alemania espiar\u00e1 a EE.UU. y Reino Unido por primera vez desde 1945"}]},{"@type":"WebSite","@id":"https:\/\/aeronoticias.com.pe\/noticiero\/#website","url":"https:\/\/aeronoticias.com.pe\/noticiero\/","name":"Aeronoticias.com.pe","description":"Noticias de tranporte aereo, turismo, hoteles, gastronomia, actualidad, internacional","potentialAction":[{"@type":"SearchAction","target":{"@type":"EntryPoint","urlTemplate":"https:\/\/aeronoticias.com.pe\/noticiero\/?s={search_term_string}"},"query-input":{"@type":"PropertyValueSpecification","valueRequired":true,"valueName":"search_term_string"}}],"inLanguage":"es"},{"@type":"Person","@id":"https:\/\/aeronoticias.com.pe\/noticiero\/#\/schema\/person\/fc1e5d578f4b62ba1cf7ac2bba1170a0","name":"Redacci\u00f3n Aeronoticias","url":"https:\/\/aeronoticias.com.pe\/noticiero\/author\/piloto\/"}]}},"_links":{"self":[{"href":"https:\/\/aeronoticias.com.pe\/noticiero\/wp-json\/wp\/v2\/posts\/47566","targetHints":{"allow":["GET"]}}],"collection":[{"href":"https:\/\/aeronoticias.com.pe\/noticiero\/wp-json\/wp\/v2\/posts"}],"about":[{"href":"https:\/\/aeronoticias.com.pe\/noticiero\/wp-json\/wp\/v2\/types\/post"}],"author":[{"embeddable":true,"href":"https:\/\/aeronoticias.com.pe\/noticiero\/wp-json\/wp\/v2\/users\/1"}],"replies":[{"embeddable":true,"href":"https:\/\/aeronoticias.com.pe\/noticiero\/wp-json\/wp\/v2\/comments?post=47566"}],"version-history":[{"count":0,"href":"https:\/\/aeronoticias.com.pe\/noticiero\/wp-json\/wp\/v2\/posts\/47566\/revisions"}],"wp:attachment":[{"href":"https:\/\/aeronoticias.com.pe\/noticiero\/wp-json\/wp\/v2\/media?parent=47566"}],"wp:term":[{"taxonomy":"category","embeddable":true,"href":"https:\/\/aeronoticias.com.pe\/noticiero\/wp-json\/wp\/v2\/categories?post=47566"},{"taxonomy":"post_tag","embeddable":true,"href":"https:\/\/aeronoticias.com.pe\/noticiero\/wp-json\/wp\/v2\/tags?post=47566"}],"curies":[{"name":"wp","href":"https:\/\/api.w.org\/{rel}","templated":true}]}}