{"id":47751,"date":"2014-08-02T12:00:00","date_gmt":"2014-08-02T12:00:00","guid":{"rendered":"http:\/\/desarrollo.mcvicious.com\/aero2020\/2014\/08\/02\/peru-insta-a-israel-y-palestina-asumir-posicion-constructiva-por-la-paz\/"},"modified":"2014-08-02T12:00:00","modified_gmt":"2014-08-02T12:00:00","slug":"peru-insta-a-israel-y-palestina-asumir-posicion-constructiva-por-la-paz","status":"publish","type":"post","link":"https:\/\/aeronoticias.com.pe\/noticiero\/politica\/peru-insta-a-israel-y-palestina-asumir-posicion-constructiva-por-la-paz\/","title":{"rendered":"Per\u00fa insta a Israel y Palestina asumir \u201cposici\u00f3n constructiva\u201d por la paz"},"content":{"rendered":"<p style=\"text-align: justify;\"><img decoding=\"async\" src=\"images\/stories\/14\/08\/020814\/a5.jpg\" border=\"0\" \/><\/p>\n<p style=\"text-align: justify;\"><strong>(Aeronoticias).- El ministro de Relaciones Exteriores de Per\u00fa, Gonzalo Guti\u00e9rrez, inst\u00f3 hoy a Israel y Palestina a asumir \u00abuna posici\u00f3n constructiva\u00bb que los conduzca a una mesa de negociaci\u00f3n, a fin de alcanzar la paz en la Franja de Gaza.<\/strong><\/p>\n<p style=\"text-align: justify;\">  <!--more-->  Asimismo, dej\u00f3 en claro que Per\u00fa est\u00e1 en contra del uso de todo tipo de violencia para la soluci\u00f3n de conflictos, y que \u201crechaza profundamente\u201d que las acciones militares tengan como resultado un n\u00famero elevado de v\u00edctimas civiles y ni\u00f1os.<\/p>\n<p style=\"text-align: justify;\">\u201cNo creemos que esa sea la actitud que hay que seguir para solucionar el problema en Oriente Medio, y con igual energ\u00eda y fuerza rechazamos absolutamente todo acto terrorista y lanzamiento de cohetes contra poblaciones inocentes\u201d, refiri\u00f3.<\/p>\n<p style=\"text-align: justify;\">Indic\u00f3 que la posici\u00f3n de Per\u00fa es de principios y que se seguir\u00e1 \u201cevaluando, d\u00eda a d\u00eda, hora a hora\u201d, c\u00f3mo se desarrollan los hechos en Oriente Medio. En funci\u00f3n de ese desarrollo se tomar\u00e1 una decisi\u00f3n m\u00e1s adelante, precis\u00f3.<\/p>\n<p style=\"text-align: justify;\">Deplor\u00f3 tambi\u00e9n el quiebre de la tregua de tres d\u00edas promovida por el secretario de Estado de Estados Unidos, John Kerry, y el secretario general de la Organizaci\u00f3n de Naciones Unidas, Ban Ki-moon.<\/p>\n<p style=\"text-align: justify;\">\u201cAcabo de ver hace breves instantes que la tregua, lamentablemente, no se ha sostenido y lo siento profundamente, creo que ambas partes, tanto palestinos como israel\u00edes, deben reflexionar para asumir una posici\u00f3n constructiva que los lleve a una mesa de negociaci\u00f3n\u201d, afirm\u00f3.<\/p>\n<p style=\"text-align: justify;\">Record\u00f3 que Per\u00fa, antes de llamar en consulta a su embajador en Tel Aviv, emiti\u00f3 dos comunicados muy enf\u00e1ticos llamando a la paz y rechazando el uso de la violencia.<\/p>\n<p style=\"text-align: justify;\"><span style=\"text-decoration: underline;\">Embajador de Israel<\/span><\/p>\n<p style=\"text-align: justify;\">El canciller, por otro lado, inform\u00f3 que \u201cse eval\u00faan las declaraciones del embajador israel\u00ed en Lima, tras el llamado a consulta del embajador peruano, para ver \u00abqu\u00e9 actitudes tomar\u201d. El diplom\u00e1tico expres\u00f3 la decepci\u00f3n de su gobierno por la decisi\u00f3n peruana.<\/p>\n<p style=\"text-align: justify;\">Reiter\u00f3 que nuestro pa\u00eds \u00abrechaza el terrorismo de la manera m\u00e1s enf\u00e1tica, porque lo hemos vivido y lo hemos sufrido\u00bb.<\/p>\n<p style=\"text-align: justify;\">Asimismo, el canciller Guti\u00e9rrez dej\u00f3 en claro que Per\u00fa es amigo de ambas partes en conflicto, Palestina e Israel, con los que mantiene relaciones cercanas y afectuosas.<\/p>\n<p style=\"text-align: justify;\">Guti\u00e9rrez formul\u00f3 declaraciones a la prensa luego de participar en la ceremonia por el aniversario de creaci\u00f3n de la Canciller\u00eda y el D\u00eda del Diplom\u00e1tico, conmemorado en el Congreso de la Rep\u00fablica.<\/p>\n<p style=\"text-align: justify;\">\u00a0<\/p>\n<p style=\"text-align: justify;\">Fuente: <strong><em>Andina<\/em><\/strong><\/p>\n<p style=\"text-align: justify;\">Foto: <strong><em>Andina <\/em><\/strong><\/p>\n","protected":false},"excerpt":{"rendered":"<p>(Aeronoticias).- El ministro de Relaciones Exteriores de Per\u00fa, Gonzalo Guti\u00e9rrez, inst\u00f3 hoy a Israel y Palestina a asumir \u00abuna posici\u00f3n constructiva\u00bb que los conduzca a una mesa de negociaci\u00f3n, a fin de alcanzar la paz en la Franja de Gaza.<\/p>\n","protected":false},"author":1,"featured_media":0,"comment_status":"open","ping_status":"open","sticky":false,"template":"","format":"standard","meta":{"tdm_status":"","tdm_grid_status":"","footnotes":""},"categories":[36],"tags":[],"class_list":{"0":"post-47751","1":"post","2":"type-post","3":"status-publish","4":"format-standard","6":"category-politica"},"yoast_head":"<!-- This site is optimized with the Yoast SEO plugin v25.1 - https:\/\/yoast.com\/wordpress\/plugins\/seo\/ -->\n<title>Per\u00fa insta a Israel y Palestina asumir \u201cposici\u00f3n constructiva\u201d por la paz<\/title>\n<meta name=\"description\" content=\"Portal de noticias del Per\u00fa sobre el transporte a\u00e9reo, aviaci\u00f3n, turismo, hoteleria, actualidad.\" \/>\n<meta name=\"robots\" content=\"index, follow, max-snippet:-1, max-image-preview:large, max-video-preview:-1\" \/>\n<link rel=\"canonical\" href=\"https:\/\/aeronoticias.com.pe\/noticiero\/politica\/peru-insta-a-israel-y-palestina-asumir-posicion-constructiva-por-la-paz\/\" \/>\n<meta property=\"og:locale\" content=\"es_ES\" \/>\n<meta property=\"og:type\" content=\"article\" \/>\n<meta property=\"og:title\" content=\"Per\u00fa insta a Israel y Palestina asumir \u201cposici\u00f3n constructiva\u201d por la paz\" \/>\n<meta property=\"og:description\" content=\"Portal de noticias del Per\u00fa sobre el transporte a\u00e9reo, aviaci\u00f3n, turismo, hoteleria, actualidad.\" \/>\n<meta property=\"og:url\" content=\"https:\/\/aeronoticias.com.pe\/noticiero\/politica\/peru-insta-a-israel-y-palestina-asumir-posicion-constructiva-por-la-paz\/\" \/>\n<meta property=\"og:site_name\" content=\"Aeronoticias.com.pe\" \/>\n<meta property=\"article:publisher\" content=\"https:\/\/www.facebook.com\/Aeronoticias.com.pe\/\" \/>\n<meta property=\"article:published_time\" content=\"2014-08-02T12:00:00+00:00\" \/>\n<meta name=\"author\" content=\"Redacci\u00f3n Aeronoticias\" \/>\n<meta name=\"twitter:card\" content=\"summary_large_image\" \/>\n<meta name=\"twitter:creator\" content=\"@aeronoticias\" \/>\n<meta name=\"twitter:site\" content=\"@aeronoticias\" \/>\n<meta name=\"twitter:label1\" content=\"Escrito por\" \/>\n\t<meta name=\"twitter:data1\" content=\"Redacci\u00f3n Aeronoticias\" \/>\n\t<meta name=\"twitter:label2\" content=\"Tiempo de lectura\" \/>\n\t<meta name=\"twitter:data2\" content=\"2 minutos\" \/>\n<script type=\"application\/ld+json\" class=\"yoast-schema-graph\">{\"@context\":\"https:\/\/schema.org\",\"@graph\":[{\"@type\":\"WebPage\",\"@id\":\"https:\/\/aeronoticias.com.pe\/noticiero\/politica\/peru-insta-a-israel-y-palestina-asumir-posicion-constructiva-por-la-paz\/\",\"url\":\"https:\/\/aeronoticias.com.pe\/noticiero\/politica\/peru-insta-a-israel-y-palestina-asumir-posicion-constructiva-por-la-paz\/\",\"name\":\"Per\u00fa insta a Israel y Palestina asumir \u201cposici\u00f3n constructiva\u201d por la paz\",\"isPartOf\":{\"@id\":\"https:\/\/aeronoticias.com.pe\/noticiero\/#website\"},\"datePublished\":\"2014-08-02T12:00:00+00:00\",\"author\":{\"@id\":\"https:\/\/aeronoticias.com.pe\/noticiero\/#\/schema\/person\/fc1e5d578f4b62ba1cf7ac2bba1170a0\"},\"description\":\"Portal de noticias del Per\u00fa sobre el transporte a\u00e9reo, aviaci\u00f3n, turismo, hoteleria, actualidad.\",\"breadcrumb\":{\"@id\":\"https:\/\/aeronoticias.com.pe\/noticiero\/politica\/peru-insta-a-israel-y-palestina-asumir-posicion-constructiva-por-la-paz\/#breadcrumb\"},\"inLanguage\":\"es\",\"potentialAction\":[{\"@type\":\"ReadAction\",\"target\":[\"https:\/\/aeronoticias.com.pe\/noticiero\/politica\/peru-insta-a-israel-y-palestina-asumir-posicion-constructiva-por-la-paz\/\"]}]},{\"@type\":\"BreadcrumbList\",\"@id\":\"https:\/\/aeronoticias.com.pe\/noticiero\/politica\/peru-insta-a-israel-y-palestina-asumir-posicion-constructiva-por-la-paz\/#breadcrumb\",\"itemListElement\":[{\"@type\":\"ListItem\",\"position\":1,\"name\":\"Portada\",\"item\":\"https:\/\/aeronoticias.com.pe\/noticiero\/\"},{\"@type\":\"ListItem\",\"position\":2,\"name\":\"Per\u00fa insta a Israel y Palestina asumir \u201cposici\u00f3n constructiva\u201d por la paz\"}]},{\"@type\":\"WebSite\",\"@id\":\"https:\/\/aeronoticias.com.pe\/noticiero\/#website\",\"url\":\"https:\/\/aeronoticias.com.pe\/noticiero\/\",\"name\":\"Aeronoticias.com.pe\",\"description\":\"Noticias de tranporte aereo, turismo, hoteles, gastronomia, actualidad, internacional\",\"potentialAction\":[{\"@type\":\"SearchAction\",\"target\":{\"@type\":\"EntryPoint\",\"urlTemplate\":\"https:\/\/aeronoticias.com.pe\/noticiero\/?s={search_term_string}\"},\"query-input\":{\"@type\":\"PropertyValueSpecification\",\"valueRequired\":true,\"valueName\":\"search_term_string\"}}],\"inLanguage\":\"es\"},{\"@type\":\"Person\",\"@id\":\"https:\/\/aeronoticias.com.pe\/noticiero\/#\/schema\/person\/fc1e5d578f4b62ba1cf7ac2bba1170a0\",\"name\":\"Redacci\u00f3n Aeronoticias\",\"url\":\"https:\/\/aeronoticias.com.pe\/noticiero\/author\/piloto\/\"}]}<\/script>\n<!-- \/ Yoast SEO plugin. -->","yoast_head_json":{"title":"Per\u00fa insta a Israel y Palestina asumir \u201cposici\u00f3n constructiva\u201d por la paz","description":"Portal de noticias del Per\u00fa sobre el transporte a\u00e9reo, aviaci\u00f3n, turismo, hoteleria, actualidad.","robots":{"index":"index","follow":"follow","max-snippet":"max-snippet:-1","max-image-preview":"max-image-preview:large","max-video-preview":"max-video-preview:-1"},"canonical":"https:\/\/aeronoticias.com.pe\/noticiero\/politica\/peru-insta-a-israel-y-palestina-asumir-posicion-constructiva-por-la-paz\/","og_locale":"es_ES","og_type":"article","og_title":"Per\u00fa insta a Israel y Palestina asumir \u201cposici\u00f3n constructiva\u201d por la paz","og_description":"Portal de noticias del Per\u00fa sobre el transporte a\u00e9reo, aviaci\u00f3n, turismo, hoteleria, actualidad.","og_url":"https:\/\/aeronoticias.com.pe\/noticiero\/politica\/peru-insta-a-israel-y-palestina-asumir-posicion-constructiva-por-la-paz\/","og_site_name":"Aeronoticias.com.pe","article_publisher":"https:\/\/www.facebook.com\/Aeronoticias.com.pe\/","article_published_time":"2014-08-02T12:00:00+00:00","author":"Redacci\u00f3n Aeronoticias","twitter_card":"summary_large_image","twitter_creator":"@aeronoticias","twitter_site":"@aeronoticias","twitter_misc":{"Escrito por":"Redacci\u00f3n Aeronoticias","Tiempo de lectura":"2 minutos"},"schema":{"@context":"https:\/\/schema.org","@graph":[{"@type":"WebPage","@id":"https:\/\/aeronoticias.com.pe\/noticiero\/politica\/peru-insta-a-israel-y-palestina-asumir-posicion-constructiva-por-la-paz\/","url":"https:\/\/aeronoticias.com.pe\/noticiero\/politica\/peru-insta-a-israel-y-palestina-asumir-posicion-constructiva-por-la-paz\/","name":"Per\u00fa insta a Israel y Palestina asumir \u201cposici\u00f3n constructiva\u201d por la paz","isPartOf":{"@id":"https:\/\/aeronoticias.com.pe\/noticiero\/#website"},"datePublished":"2014-08-02T12:00:00+00:00","author":{"@id":"https:\/\/aeronoticias.com.pe\/noticiero\/#\/schema\/person\/fc1e5d578f4b62ba1cf7ac2bba1170a0"},"description":"Portal de noticias del Per\u00fa sobre el transporte a\u00e9reo, aviaci\u00f3n, turismo, hoteleria, actualidad.","breadcrumb":{"@id":"https:\/\/aeronoticias.com.pe\/noticiero\/politica\/peru-insta-a-israel-y-palestina-asumir-posicion-constructiva-por-la-paz\/#breadcrumb"},"inLanguage":"es","potentialAction":[{"@type":"ReadAction","target":["https:\/\/aeronoticias.com.pe\/noticiero\/politica\/peru-insta-a-israel-y-palestina-asumir-posicion-constructiva-por-la-paz\/"]}]},{"@type":"BreadcrumbList","@id":"https:\/\/aeronoticias.com.pe\/noticiero\/politica\/peru-insta-a-israel-y-palestina-asumir-posicion-constructiva-por-la-paz\/#breadcrumb","itemListElement":[{"@type":"ListItem","position":1,"name":"Portada","item":"https:\/\/aeronoticias.com.pe\/noticiero\/"},{"@type":"ListItem","position":2,"name":"Per\u00fa insta a Israel y Palestina asumir \u201cposici\u00f3n constructiva\u201d por la paz"}]},{"@type":"WebSite","@id":"https:\/\/aeronoticias.com.pe\/noticiero\/#website","url":"https:\/\/aeronoticias.com.pe\/noticiero\/","name":"Aeronoticias.com.pe","description":"Noticias de tranporte aereo, turismo, hoteles, gastronomia, actualidad, internacional","potentialAction":[{"@type":"SearchAction","target":{"@type":"EntryPoint","urlTemplate":"https:\/\/aeronoticias.com.pe\/noticiero\/?s={search_term_string}"},"query-input":{"@type":"PropertyValueSpecification","valueRequired":true,"valueName":"search_term_string"}}],"inLanguage":"es"},{"@type":"Person","@id":"https:\/\/aeronoticias.com.pe\/noticiero\/#\/schema\/person\/fc1e5d578f4b62ba1cf7ac2bba1170a0","name":"Redacci\u00f3n Aeronoticias","url":"https:\/\/aeronoticias.com.pe\/noticiero\/author\/piloto\/"}]}},"_links":{"self":[{"href":"https:\/\/aeronoticias.com.pe\/noticiero\/wp-json\/wp\/v2\/posts\/47751","targetHints":{"allow":["GET"]}}],"collection":[{"href":"https:\/\/aeronoticias.com.pe\/noticiero\/wp-json\/wp\/v2\/posts"}],"about":[{"href":"https:\/\/aeronoticias.com.pe\/noticiero\/wp-json\/wp\/v2\/types\/post"}],"author":[{"embeddable":true,"href":"https:\/\/aeronoticias.com.pe\/noticiero\/wp-json\/wp\/v2\/users\/1"}],"replies":[{"embeddable":true,"href":"https:\/\/aeronoticias.com.pe\/noticiero\/wp-json\/wp\/v2\/comments?post=47751"}],"version-history":[{"count":0,"href":"https:\/\/aeronoticias.com.pe\/noticiero\/wp-json\/wp\/v2\/posts\/47751\/revisions"}],"wp:attachment":[{"href":"https:\/\/aeronoticias.com.pe\/noticiero\/wp-json\/wp\/v2\/media?parent=47751"}],"wp:term":[{"taxonomy":"category","embeddable":true,"href":"https:\/\/aeronoticias.com.pe\/noticiero\/wp-json\/wp\/v2\/categories?post=47751"},{"taxonomy":"post_tag","embeddable":true,"href":"https:\/\/aeronoticias.com.pe\/noticiero\/wp-json\/wp\/v2\/tags?post=47751"}],"curies":[{"name":"wp","href":"https:\/\/api.w.org\/{rel}","templated":true}]}}