{"id":478,"date":"2008-09-11T15:18:53","date_gmt":"2008-09-11T15:18:53","guid":{"rendered":"http:\/\/desarrollo.mcvicious.com\/aero2020\/2008\/09\/11\/peru-anfitrion-del-dia-mundial-del-turismo\/"},"modified":"2008-09-11T15:18:53","modified_gmt":"2008-09-11T15:18:53","slug":"peru-anfitrion-del-dia-mundial-del-turismo","status":"publish","type":"post","link":"https:\/\/aeronoticias.com.pe\/noticiero\/turismo\/13\/peru-anfitrion-del-dia-mundial-del-turismo\/","title":{"rendered":"PERU ANFITRION DEL DIA MUNDIAL DEL TURISMO"},"content":{"rendered":"<p>&nbsp;<\/p>\n<div align=\"justify\">La titular del Mincetur, Mercedes Ar&aacute;oz Fern&aacute;ndez, inform&oacute; que Per&uacute; ser&aacute; el gran anfitri&oacute;n a nivel mundial de las celebraciones por el D&iacute;a Mundial del Turismo, que se celebrar&aacute; el pr&oacute;ximo 27 de septiembre, y cuyo lema ser&aacute; &ldquo;El turismo afronta el reto del cambio clim&aacute;tico&rdquo;.<\/p>\n<p>Mercedes Ar&aacute;oz indic&oacute; que el Mincetur desarrollar&aacute; m&aacute;s que el D&iacute;a del Turismo, porque ser&aacute; la &ldquo;Semana del Turismo&rdquo;, con una serie de eventos que se iniciar&aacute;n el 22 de septiembre y que concluir&aacute;n el 28 de septiembre con el evento central, donde se podr&aacute; mostrar al Per&uacute; como destino tur&iacute;stico a nivel mundial. <\/p><\/div>\n<div align=\"justify\">\n<div style=\"text-align: center\"><img loading=\"lazy\" decoding=\"async\" src=\"http:\/\/aeronoticias.com.pe\/fotonoticias\/luis\/mercetur11.jpg\" alt=\" \" title=\"La titular del Mincetur, Mercedes Ar&aacute;oz, informando a la prensa que Per&uacute; ser&aacute; anfitri&oacute;n a nivel mundial de las celebraciones por el D&iacute;a Mundial del Turismo. (Foto: Luis Noguera-Aeronoticias)\" hspace=\"5\" vspace=\"5\" width=\"400\" height=\"287\" \/><\/div>\n<p><\/div>\n<p><strong><br \/><\/strong><\/p>\n<p> <!--more--> <\/p>\n<p>&nbsp;<\/p>\n<div align=\"center\"><strong>Foro de Reflexi&oacute;n sobre el cambio clim&aacute;tico<br \/><\/strong><\/div>\n<p>&nbsp;<\/p>\n<div align=\"justify\">Ar&aacute;oz dijo que &ldquo;como parte de esta celebraci&oacute;n se realizar&aacute; un foro de reflexi&oacute;n (think tank) sobre las propuestas de soluci&oacute;n al reto del cambio clim&aacute;tico, donde participar&aacute;n representantes de los sectores p&uacute;blico y privado; y&nbsp; donde expondr&aacute;n las autoridades y funcionarios de la OMT, as&iacute; como ministros de Estado de otros pa&iacute;ses&rdquo;.<\/p>\n<p>Explic&oacute; que el foro de reflexi&oacute;n sobre soluciones clim&aacute;ticas busca reunir interlocutores representativos, quienes brindar&aacute;n planteamientos sobre turismo y el cambio clim&aacute;tico, y sus aplicaciones locales.<\/p>\n<p>Asimismo, busca poner en debate el tema del cambio clim&aacute;tico y puntualizar en torno a las medidas que se pueden aplicar a corto plazo y establecer una lista de diez soluciones pr&aacute;cticas que puedan iniciarse de inmediato.<\/p><\/div>\n<div align=\"justify\"><\/p>\n<div style=\"text-align: center\"><img loading=\"lazy\" decoding=\"async\" src=\"http:\/\/aeronoticias.com.pe\/fotonoticias\/luis\/promp11.jpg\" alt=\" \" title=\"PERU ANFITRION DEL DIA MUNDIAL DEL TURISMO. En la foto, Jos&eacute; Qui&ntilde;ones, director de Promoci&oacute;n de Exportaciones de PromPer&uacute;, la ministra Mercedes Ar&aacute;oz; y Madeleine Burns, directora de Artesan&iacute;as del Mincetur. (Foto: Luis Noguera-Aeronoticias)\" hspace=\"5\" vspace=\"5\" width=\"400\" height=\"268\" \/><\/div>\n<p><\/p>\n<div align=\"center\">Gran Corso del Turismo en Cusco &ldquo;Todos est&aacute;n Invitados&rdquo;<\/div>\n<\/div>\n<div align=\"justify\">Durante la presentaci&oacute;n de las actividades que realizar&aacute; el Per&uacute; en el marco del D&iacute;a Mundial del Turismo, la titular del Mincetur, Mercedes Ar&aacute;oz, revel&oacute; que se desarrollar&aacute;&nbsp; en Cusco, el Gran Corso del Turismo &ldquo;Todos est&aacute;n invitados&rdquo;, que partir&aacute; a las 6 de la tarde desde la Plaza de La Almudena.<\/p>\n<p>Detall&oacute; que el corso es organizado por la C&aacute;mara de Comercio del Cusco (CCC), la C&aacute;mara Regional de Turismo del Cusco (Cartuc), la Asociaci&oacute;n de Agencias de Turismo de Cusco (AATC), con el auspicio del Mincetur.<\/div>\n<div align=\"center\"><strong>En Lima se desarrollar&aacute; un Concierto y un Pasacalle en el distrito de Miraflores<\/strong><\/div>\n<p>&nbsp;<\/p>\n<div align=\"justify\">Mercedes Ar&aacute;oz manifest&oacute; que en Lima se realizar&aacute; un Concierto para 3 Regiones en las Fuentes del Parque de la Reserva, organizado por el Mincetur y PromPer&uacute;, y con apoyo de la Municipalidad de Lima.<\/p>\n<p>Asever&oacute; que ambas celebraciones ser&aacute;n transmitidas en vivo por TV Per&uacute; entre las 7:00 pm. y 8:00 pm. Asimismo inform&oacute; que la cadena de televisi&oacute;n CNN transmitir&aacute; algunos eventos que desarrollar&aacute; Per&uacute; durante la Semana del Turismo. <\/p><\/div>\n<div align=\"justify\">Agreg&oacute; que tambi&eacute;n se desarrollar&aacute; un Gran Pasacalle en el Parque Salazar de Miraflores, organizado por la Municipalidad de Miraflores, la Asociaci&oacute;n Civil Transparencia y con el auspicio del Mincetur.<\/p>\n<p>Asever&oacute; que hasta la fecha han confirmado su participaci&oacute;n en las celebraciones, los Gobiernos Regionales de Arequipa, Cajamarca, y Piura, y la Municipalidad Provincial de Puno.<\/p><\/div>\n<div align=\"justify\">\n<div style=\"text-align: center\"><img loading=\"lazy\" decoding=\"async\" src=\"http:\/\/aeronoticias.com.pe\/fotonoticias\/luis\/merceprom11.jpg\" alt=\" \" title=\"La ministra Mercedes Ar&aacute;oz durante la presentaci&oacute;n de los actos programados por el D&iacute;a Mundial del Turismo que tendr&aacute; como sede el Per&uacute;. (Foto: Luis Noguera-Aeronoticias)\" hspace=\"5\" vspace=\"5\" width=\"280\" height=\"400\" \/><\/div>\n<p><\/div>\n<p>&nbsp;<\/p>\n<div align=\"center\"><strong>Per&uacute; Gift Show y Per&uacute; Home el 23 y 24 de septiembre<\/strong><\/div>\n<p>&nbsp;<\/p>\n<div align=\"justify\">Mercedes Ar&aacute;oz dijo que el 23 y 24 de septiembre pr&oacute;ximo el Per&uacute; Gift Show recibir&aacute; a 140 importadores de Norteam&eacute;rica, Europa, Sudam&eacute;rica y Asia. Del Per&uacute; Gift Show dijo manifest&oacute; que se trata de la m&aacute;s importante feria internacional de art&iacute;culos de regalo y decoraci&oacute;n, que se realizar&aacute; en el Centro Comercial Jockey Center, en Surco.<\/p>\n<p>Sobre ese evento dijo que participar&aacute;n 120 expositores provenientes de las 12 regiones del pa&iacute;s, caso de Lima, Arequipa, Cusco, Puno, Cajamarca, Piura, Jun&iacute;n, Hu&aacute;nuco, Ayacucho, La Libertad, Ucayali y Lambayeque.<\/p>\n<p>Indic&oacute; que en esa misma fecha se presentar&aacute; Per&uacute; Home, que es un modelo de casa peruana desarrollada por un reconocido dise&ntilde;ador internacional y el prototipo ha sido elaborado teniendo en cuenta las tendencias del mercado internacional, con &eacute;nfasis en Europa y Estados Unidos.<\/p>\n<p>De Per&uacute; Gift Show dijo que se ha convertido en el principal evento de la artesan&iacute;a peruana, que ofrece una excelente oportunidad a los importadores extranjeros de adquirir novedades para ampliar sus l&iacute;neas de productos.<\/p>\n<p>Indic&oacute; que el a&ntilde;o pasado se lograron concretar negocios por US$ 3.2 millones y se prev&eacute; para esta edici&oacute;n alcanzar los US$ 5 millones.<\/p><\/div>\n<p><strong>&nbsp;<\/strong> <\/p>\n<div align=\"center\">\n<div align=\"center\"><strong>Alianza con CasaCor<\/strong><\/div>\n<p><\/p>\n<div align=\"justify\">La titular del Mincetur, Mercedes Ar&aacute;oz, asegur&oacute; que se ha realizado una alianza estrat&eacute;gica con CasaCor a fin de presentar la propuesta de Per&uacute; Home en este importante evento de decoraci&oacute;n y dise&ntilde;o latinoamericano.<\/div>\n<div align=\"justify\">\n<div style=\"text-align: center\"><img loading=\"lazy\" decoding=\"async\" src=\"http:\/\/aeronoticias.com.pe\/fotonoticias\/luis\/promper11.jpg\" alt=\" \" title=\"Per&uacute; ser&aacute; anfitri&oacute;n del D&iacute;a Mundial del Turismo con una serie de eventos durante una semana del 22 al 28 de septiembre pr&oacute;ximo. (Foto: Luis Noguera-Aeronoticias)\" hspace=\"5\" vspace=\"5\" width=\"400\" height=\"268\" \/><\/div>\n<p><\/div>\n<p>&nbsp;<strong> <\/strong><br \/><strong>III Conferencia Internacional sobre Turismo y Artesan&iacute;a<\/strong><\/div>\n<div align=\"justify\">Ar&aacute;oz dio detalles tambi&eacute;n sobre la III Conferencia Internacional sobre Turismo y Artesan&iacute;a, evento que se desarrollar&aacute; del 24 al 26 de septiembre, y que reunir&aacute; a representantes de 20 pa&iacute;ses en Lima, quienes reafirmar&aacute;n la vinculaci&oacute;n del turismo y la artesan&iacute;a como una opci&oacute;n v&aacute;lida para la reducci&oacute;n de la pobreza y la inclusi&oacute;n social.<\/p>\n<p>&ldquo;El turismo y la artesan&iacute;a pueden ampliar las oportunidades de empleo, generar mayores ingresos y reducir la pobreza en las comunidades locales, as&iacute; como difundir mejores pr&aacute;cticas en el proceso de desarrollo de una oferta artesanal para promover el turismo&rdquo;, expres&oacute; Ar&aacute;oz.<\/p>\n<p>Indic&oacute; que en la conferencia participar&aacute;n 40 expositores procedentes de Brasil, Chile, Argentina, Colombia, Per&uacute;, EE.UU., Canad&aacute;, M&eacute;xico, Guatemala, Bahamas, Corea, Filipinas, Italia, Espa&ntilde;a, Finlandia, Holanda, quienes abordar&aacute;n temas como: Pol&iacute;ticas y Estrategias de Desarrollo del Turismo Cultural y Artesan&iacute;a; la Artesan&iacute;a como un Recurso Tur&iacute;stico \/ Empresarial; el Efecto del Turismo y la Artesan&iacute;a en el Desarrollo Local; Innovaci&oacute;n, Dise&ntilde;o, Calidad y Comercializaci&oacute;n del Producto Artesanal en el Mercado Tur&iacute;stico; Financiamiento y Cooperaci&oacute;n para el Desarrollo de la Oferta Tur&iacute;stica Artesanal.<\/div>\n<p>&nbsp;<\/p>\n","protected":false},"excerpt":{"rendered":"<p>&nbsp; La titular del Mincetur, Mercedes Ar&aacute;oz Fern&aacute;ndez, inform&oacute; que Per&uacute; ser&aacute; el gran anfitri&oacute;n a nivel mundial de las celebraciones por el D&iacute;a Mundial del Turismo, que se celebrar&aacute; el pr&oacute;ximo 27 de septiembre, y cuyo lema ser&aacute; &ldquo;El turismo afronta el reto del cambio clim&aacute;tico&rdquo;. Mercedes Ar&aacute;oz indic&oacute; que el Mincetur desarrollar&aacute; m&aacute;s [&hellip;]<\/p>\n","protected":false},"author":1,"featured_media":0,"comment_status":"open","ping_status":"open","sticky":false,"template":"","format":"standard","meta":{"tdm_status":"","tdm_grid_status":"","footnotes":""},"categories":[31],"tags":[],"class_list":{"0":"post-478","1":"post","2":"type-post","3":"status-publish","4":"format-standard","6":"category-31"},"yoast_head":"<!-- This site is optimized with the Yoast SEO plugin v25.1 - https:\/\/yoast.com\/wordpress\/plugins\/seo\/ -->\n<title>PERU ANFITRION DEL DIA MUNDIAL DEL TURISMO<\/title>\n<meta name=\"description\" content=\"Portal de noticias del Per\u00fa sobre el transporte a\u00e9reo, aviaci\u00f3n, turismo, hoteleria, actualidad.\" \/>\n<meta name=\"robots\" content=\"index, follow, max-snippet:-1, max-image-preview:large, max-video-preview:-1\" \/>\n<link rel=\"canonical\" href=\"https:\/\/aeronoticias.com.pe\/noticiero\/turismo\/13\/peru-anfitrion-del-dia-mundial-del-turismo\/\" \/>\n<meta property=\"og:locale\" content=\"es_ES\" \/>\n<meta property=\"og:type\" content=\"article\" \/>\n<meta property=\"og:title\" content=\"PERU ANFITRION DEL DIA MUNDIAL DEL TURISMO\" \/>\n<meta property=\"og:description\" content=\"Portal de noticias del Per\u00fa sobre el transporte a\u00e9reo, aviaci\u00f3n, turismo, hoteleria, actualidad.\" \/>\n<meta property=\"og:url\" content=\"https:\/\/aeronoticias.com.pe\/noticiero\/turismo\/13\/peru-anfitrion-del-dia-mundial-del-turismo\/\" \/>\n<meta property=\"og:site_name\" content=\"Aeronoticias.com.pe\" \/>\n<meta property=\"article:publisher\" content=\"https:\/\/www.facebook.com\/Aeronoticias.com.pe\/\" \/>\n<meta property=\"article:published_time\" content=\"2008-09-11T15:18:53+00:00\" \/>\n<meta property=\"og:image\" content=\"http:\/\/aeronoticias.com.pe\/fotonoticias\/luis\/mercetur11.jpg\" \/>\n<meta name=\"author\" content=\"Redacci\u00f3n Aeronoticias\" \/>\n<meta name=\"twitter:card\" content=\"summary_large_image\" \/>\n<meta name=\"twitter:creator\" content=\"@aeronoticias\" \/>\n<meta name=\"twitter:site\" content=\"@aeronoticias\" \/>\n<meta name=\"twitter:label1\" content=\"Escrito por\" \/>\n\t<meta name=\"twitter:data1\" content=\"Redacci\u00f3n Aeronoticias\" \/>\n\t<meta name=\"twitter:label2\" content=\"Tiempo de lectura\" \/>\n\t<meta name=\"twitter:data2\" content=\"6 minutos\" \/>\n<script type=\"application\/ld+json\" class=\"yoast-schema-graph\">{\"@context\":\"https:\/\/schema.org\",\"@graph\":[{\"@type\":\"WebPage\",\"@id\":\"https:\/\/aeronoticias.com.pe\/noticiero\/turismo\/13\/peru-anfitrion-del-dia-mundial-del-turismo\/\",\"url\":\"https:\/\/aeronoticias.com.pe\/noticiero\/turismo\/13\/peru-anfitrion-del-dia-mundial-del-turismo\/\",\"name\":\"PERU ANFITRION DEL DIA MUNDIAL DEL TURISMO\",\"isPartOf\":{\"@id\":\"https:\/\/aeronoticias.com.pe\/noticiero\/#website\"},\"primaryImageOfPage\":{\"@id\":\"https:\/\/aeronoticias.com.pe\/noticiero\/turismo\/13\/peru-anfitrion-del-dia-mundial-del-turismo\/#primaryimage\"},\"image\":{\"@id\":\"https:\/\/aeronoticias.com.pe\/noticiero\/turismo\/13\/peru-anfitrion-del-dia-mundial-del-turismo\/#primaryimage\"},\"thumbnailUrl\":\"http:\/\/aeronoticias.com.pe\/fotonoticias\/luis\/mercetur11.jpg\",\"datePublished\":\"2008-09-11T15:18:53+00:00\",\"author\":{\"@id\":\"https:\/\/aeronoticias.com.pe\/noticiero\/#\/schema\/person\/fc1e5d578f4b62ba1cf7ac2bba1170a0\"},\"description\":\"Portal de noticias del Per\u00fa sobre el transporte a\u00e9reo, aviaci\u00f3n, turismo, hoteleria, actualidad.\",\"breadcrumb\":{\"@id\":\"https:\/\/aeronoticias.com.pe\/noticiero\/turismo\/13\/peru-anfitrion-del-dia-mundial-del-turismo\/#breadcrumb\"},\"inLanguage\":\"es\",\"potentialAction\":[{\"@type\":\"ReadAction\",\"target\":[\"https:\/\/aeronoticias.com.pe\/noticiero\/turismo\/13\/peru-anfitrion-del-dia-mundial-del-turismo\/\"]}]},{\"@type\":\"ImageObject\",\"inLanguage\":\"es\",\"@id\":\"https:\/\/aeronoticias.com.pe\/noticiero\/turismo\/13\/peru-anfitrion-del-dia-mundial-del-turismo\/#primaryimage\",\"url\":\"http:\/\/aeronoticias.com.pe\/fotonoticias\/luis\/mercetur11.jpg\",\"contentUrl\":\"http:\/\/aeronoticias.com.pe\/fotonoticias\/luis\/mercetur11.jpg\"},{\"@type\":\"BreadcrumbList\",\"@id\":\"https:\/\/aeronoticias.com.pe\/noticiero\/turismo\/13\/peru-anfitrion-del-dia-mundial-del-turismo\/#breadcrumb\",\"itemListElement\":[{\"@type\":\"ListItem\",\"position\":1,\"name\":\"Portada\",\"item\":\"https:\/\/aeronoticias.com.pe\/noticiero\/\"},{\"@type\":\"ListItem\",\"position\":2,\"name\":\"PERU ANFITRION DEL DIA MUNDIAL DEL TURISMO\"}]},{\"@type\":\"WebSite\",\"@id\":\"https:\/\/aeronoticias.com.pe\/noticiero\/#website\",\"url\":\"https:\/\/aeronoticias.com.pe\/noticiero\/\",\"name\":\"Aeronoticias.com.pe\",\"description\":\"Noticias de tranporte aereo, turismo, hoteles, gastronomia, actualidad, internacional\",\"potentialAction\":[{\"@type\":\"SearchAction\",\"target\":{\"@type\":\"EntryPoint\",\"urlTemplate\":\"https:\/\/aeronoticias.com.pe\/noticiero\/?s={search_term_string}\"},\"query-input\":{\"@type\":\"PropertyValueSpecification\",\"valueRequired\":true,\"valueName\":\"search_term_string\"}}],\"inLanguage\":\"es\"},{\"@type\":\"Person\",\"@id\":\"https:\/\/aeronoticias.com.pe\/noticiero\/#\/schema\/person\/fc1e5d578f4b62ba1cf7ac2bba1170a0\",\"name\":\"Redacci\u00f3n Aeronoticias\",\"url\":\"https:\/\/aeronoticias.com.pe\/noticiero\/author\/piloto\/\"}]}<\/script>\n<!-- \/ Yoast SEO plugin. -->","yoast_head_json":{"title":"PERU ANFITRION DEL DIA MUNDIAL DEL TURISMO","description":"Portal de noticias del Per\u00fa sobre el transporte a\u00e9reo, aviaci\u00f3n, turismo, hoteleria, actualidad.","robots":{"index":"index","follow":"follow","max-snippet":"max-snippet:-1","max-image-preview":"max-image-preview:large","max-video-preview":"max-video-preview:-1"},"canonical":"https:\/\/aeronoticias.com.pe\/noticiero\/turismo\/13\/peru-anfitrion-del-dia-mundial-del-turismo\/","og_locale":"es_ES","og_type":"article","og_title":"PERU ANFITRION DEL DIA MUNDIAL DEL TURISMO","og_description":"Portal de noticias del Per\u00fa sobre el transporte a\u00e9reo, aviaci\u00f3n, turismo, hoteleria, actualidad.","og_url":"https:\/\/aeronoticias.com.pe\/noticiero\/turismo\/13\/peru-anfitrion-del-dia-mundial-del-turismo\/","og_site_name":"Aeronoticias.com.pe","article_publisher":"https:\/\/www.facebook.com\/Aeronoticias.com.pe\/","article_published_time":"2008-09-11T15:18:53+00:00","og_image":[{"url":"http:\/\/aeronoticias.com.pe\/fotonoticias\/luis\/mercetur11.jpg","type":"","width":"","height":""}],"author":"Redacci\u00f3n Aeronoticias","twitter_card":"summary_large_image","twitter_creator":"@aeronoticias","twitter_site":"@aeronoticias","twitter_misc":{"Escrito por":"Redacci\u00f3n Aeronoticias","Tiempo de lectura":"6 minutos"},"schema":{"@context":"https:\/\/schema.org","@graph":[{"@type":"WebPage","@id":"https:\/\/aeronoticias.com.pe\/noticiero\/turismo\/13\/peru-anfitrion-del-dia-mundial-del-turismo\/","url":"https:\/\/aeronoticias.com.pe\/noticiero\/turismo\/13\/peru-anfitrion-del-dia-mundial-del-turismo\/","name":"PERU ANFITRION DEL DIA MUNDIAL DEL TURISMO","isPartOf":{"@id":"https:\/\/aeronoticias.com.pe\/noticiero\/#website"},"primaryImageOfPage":{"@id":"https:\/\/aeronoticias.com.pe\/noticiero\/turismo\/13\/peru-anfitrion-del-dia-mundial-del-turismo\/#primaryimage"},"image":{"@id":"https:\/\/aeronoticias.com.pe\/noticiero\/turismo\/13\/peru-anfitrion-del-dia-mundial-del-turismo\/#primaryimage"},"thumbnailUrl":"http:\/\/aeronoticias.com.pe\/fotonoticias\/luis\/mercetur11.jpg","datePublished":"2008-09-11T15:18:53+00:00","author":{"@id":"https:\/\/aeronoticias.com.pe\/noticiero\/#\/schema\/person\/fc1e5d578f4b62ba1cf7ac2bba1170a0"},"description":"Portal de noticias del Per\u00fa sobre el transporte a\u00e9reo, aviaci\u00f3n, turismo, hoteleria, actualidad.","breadcrumb":{"@id":"https:\/\/aeronoticias.com.pe\/noticiero\/turismo\/13\/peru-anfitrion-del-dia-mundial-del-turismo\/#breadcrumb"},"inLanguage":"es","potentialAction":[{"@type":"ReadAction","target":["https:\/\/aeronoticias.com.pe\/noticiero\/turismo\/13\/peru-anfitrion-del-dia-mundial-del-turismo\/"]}]},{"@type":"ImageObject","inLanguage":"es","@id":"https:\/\/aeronoticias.com.pe\/noticiero\/turismo\/13\/peru-anfitrion-del-dia-mundial-del-turismo\/#primaryimage","url":"http:\/\/aeronoticias.com.pe\/fotonoticias\/luis\/mercetur11.jpg","contentUrl":"http:\/\/aeronoticias.com.pe\/fotonoticias\/luis\/mercetur11.jpg"},{"@type":"BreadcrumbList","@id":"https:\/\/aeronoticias.com.pe\/noticiero\/turismo\/13\/peru-anfitrion-del-dia-mundial-del-turismo\/#breadcrumb","itemListElement":[{"@type":"ListItem","position":1,"name":"Portada","item":"https:\/\/aeronoticias.com.pe\/noticiero\/"},{"@type":"ListItem","position":2,"name":"PERU ANFITRION DEL DIA MUNDIAL DEL TURISMO"}]},{"@type":"WebSite","@id":"https:\/\/aeronoticias.com.pe\/noticiero\/#website","url":"https:\/\/aeronoticias.com.pe\/noticiero\/","name":"Aeronoticias.com.pe","description":"Noticias de tranporte aereo, turismo, hoteles, gastronomia, actualidad, internacional","potentialAction":[{"@type":"SearchAction","target":{"@type":"EntryPoint","urlTemplate":"https:\/\/aeronoticias.com.pe\/noticiero\/?s={search_term_string}"},"query-input":{"@type":"PropertyValueSpecification","valueRequired":true,"valueName":"search_term_string"}}],"inLanguage":"es"},{"@type":"Person","@id":"https:\/\/aeronoticias.com.pe\/noticiero\/#\/schema\/person\/fc1e5d578f4b62ba1cf7ac2bba1170a0","name":"Redacci\u00f3n Aeronoticias","url":"https:\/\/aeronoticias.com.pe\/noticiero\/author\/piloto\/"}]}},"_links":{"self":[{"href":"https:\/\/aeronoticias.com.pe\/noticiero\/wp-json\/wp\/v2\/posts\/478","targetHints":{"allow":["GET"]}}],"collection":[{"href":"https:\/\/aeronoticias.com.pe\/noticiero\/wp-json\/wp\/v2\/posts"}],"about":[{"href":"https:\/\/aeronoticias.com.pe\/noticiero\/wp-json\/wp\/v2\/types\/post"}],"author":[{"embeddable":true,"href":"https:\/\/aeronoticias.com.pe\/noticiero\/wp-json\/wp\/v2\/users\/1"}],"replies":[{"embeddable":true,"href":"https:\/\/aeronoticias.com.pe\/noticiero\/wp-json\/wp\/v2\/comments?post=478"}],"version-history":[{"count":0,"href":"https:\/\/aeronoticias.com.pe\/noticiero\/wp-json\/wp\/v2\/posts\/478\/revisions"}],"wp:attachment":[{"href":"https:\/\/aeronoticias.com.pe\/noticiero\/wp-json\/wp\/v2\/media?parent=478"}],"wp:term":[{"taxonomy":"category","embeddable":true,"href":"https:\/\/aeronoticias.com.pe\/noticiero\/wp-json\/wp\/v2\/categories?post=478"},{"taxonomy":"post_tag","embeddable":true,"href":"https:\/\/aeronoticias.com.pe\/noticiero\/wp-json\/wp\/v2\/tags?post=478"}],"curies":[{"name":"wp","href":"https:\/\/api.w.org\/{rel}","templated":true}]}}