{"id":47856,"date":"2014-08-07T22:14:51","date_gmt":"2014-08-07T22:14:51","guid":{"rendered":"http:\/\/desarrollo.mcvicious.com\/aero2020\/2014\/08\/07\/ministro-de-transportes-jose-gallardo-debe-informar-sobre-las-20-denuncias-penales-de-su-virtual-viceministro-carlos-puga-pomareda\/"},"modified":"2014-08-07T22:14:51","modified_gmt":"2014-08-07T22:14:51","slug":"ministro-de-transportes-jose-gallardo-debe-informar-sobre-las-20-denuncias-penales-de-su-virtual-viceministro-carlos-puga-pomareda","status":"publish","type":"post","link":"https:\/\/aeronoticias.com.pe\/noticiero\/49\/ministro-de-transportes-jose-gallardo-debe-informar-sobre-las-20-denuncias-penales-de-su-virtual-viceministro-carlos-puga-pomareda\/","title":{"rendered":"Ministro de Transportes Jos\u00e9 Gallardo debe informar antecedentes en el Ministerio P\u00fablico de Carlos Puga"},"content":{"rendered":"<p><img decoding=\"async\" src=\"images\/stories\/14\/08\/050814\/aero2.jpg\" border=\"0\" \/><\/p>\n<p style=\"text-align: justify;\"><strong>(Aeronoticias).-<\/strong> Circulo fuerte el rumor de que Carlos Puga Pomareda, ex Vice Ministro del APRA en transporte cuando fuera Ministra Ver\u00f3nica Zavala, ser\u00eda el virtual Vice Ministro de Transportes.<\/p>\n<p style=\"text-align: justify;\">\u00a0<\/p>\n<p>  <!--more-->  <\/p>\n<p>A continuaci\u00f3n publicamos documentaci\u00f3n oficial del Ministerio P\u00fablico sobre las 20 denuncias penales que tendr\u00eda CArlos Puga Pomareda de la siguiente forma:<\/p>\n<p>\u00a0<\/p>\n<p style=\"text-align: justify;\">1. \u00a0 \u00a0Carlos Puga Pomareda denunciado por Abuso de autoridad por la 29\u00ba Fiscal\u00eda Provincial en lo Penal de Lima. Exp. N\u00ba 2003-229-3. Abuso de Autoridad. Agraviado: Esteves Estolaza Jesus Belisario, Sanchez Paredes Santos Orlando, V\u00e1squez Pelaez Elmer Manuel. A\u00f1o 2003.<\/p>\n<p style=\"text-align: justify;\">2. \u00a0 \u00a0Carlos Puga Pomareda denunciado por peculado por la 18\u00ba Fiscal\u00eda Provincial en lo Penal de Lima. Exp. N\u00ba 2007-303. Peculado (Aprop. o utilizaci\u00f3n de caudales). Agraviado. El Estado. A\u00f1o 2007<\/p>\n<p style=\"text-align: justify;\">3. \u00a0 \u00a0Carlos Puga Pomareda denunciado por CFJ (Falsa denuncia) por la 12\u00ba Fiscal\u00eda Provincial en lo Penal de Lima. Exp. N\u00ba 2003-628. C.F.J. \u2013 Falsa denuncia \u2013 Agraviado: Esteves Estolaza Jesus Belisario, Sanchez Paredes Santos Orlando, V\u00e1squez Pelaez Elmer Manuel. A\u00f1o 2003<\/p>\n<p style=\"text-align: justify;\">4. \u00a0 \u00a0Carlos Puga Pomareda denunciado por Estafa por la 10\u00ba Fiscal\u00eda Provincial en lo Penal de Lima. Exp. N\u00ba 2007-13. Estafa \u2013 Agraviado: Banco de Comercio. A\u00f1o 2007<\/p>\n<p style=\"text-align: justify;\">5. \u00a0 \u00a0Carlos Puga Pomareda denunciado por A.A. Omisi\u00f3n y Rehus. Retard Acto Ofic. por la 10\u00ba Fiscal\u00eda Superior en lo Penal de Lima. Exp. N\u00ba 1999-1263. A.A. Omisi\u00f3n y Rehus. Retard. Acto Ofic. \u2013 Agraviado: IPSS. A\u00f1o 1999.<\/p>\n<p style=\"text-align: justify;\">6. \u00a0 \u00a0Carlos Puga Pomareda denunciado por Concusi\u00f3n. por la 10\u00ba Fiscal\u00eda Superior en lo Penal de Lima. Exp. N\u00ba 1999-1263. Concusi\u00f3n. \u2013 Agraviado: IPSS hoy ESSALUD. A\u00f1o 1999<\/p>\n<p style=\"text-align: justify;\">7. \u00a0 \u00a0Carlos Puga Pomareda denunciado por Concusi\u00f3n. por la 10\u00ba Fiscal\u00eda Superior en lo Penal de Lima. Exp. N\u00ba 1999-1263. Concusi\u00f3n. \u2013 Agraviado: Seguro Social de Salud. A\u00f1o 1999<\/p>\n<p style=\"text-align: justify;\">8. \u00a0 \u00a0Carlos Puga Pomareda denunciado por Concusi\u00f3n. por la 10\u00ba Fiscal\u00eda Superior en lo Penal de Lima. Exp. N\u00ba 1999-1263. Concusi\u00f3n. \u2013 Agraviado: Seguro Social de Salud. A\u00f1o 1999.<\/p>\n<p style=\"text-align: justify;\">9. \u00a0 \u00a0Carlos Puga Pomareda denunciado por Delito contra la Administraci\u00f3n P\u00fablica por la 10\u00ba Fiscal\u00eda Superior en lo Penal de Lima. Exp. N\u00ba 1999-1263. Delito contra la administraci\u00f3n p\u00fablica. \u2013 Agraviado: IPSS. A\u00f1o 1999.<\/p>\n<p style=\"text-align: justify;\">10. \u00a0 \u00a0Carlos Puga Pomareda denunciado por V.R.A. (DESOB. Y RESIST.A.ORDEN OFICIAL) por la 07\u00ba Fiscal\u00eda Superior en lo Penal de Lima. Exp. N\u00ba 2002-5161. V.R.A. \u2013 Agraviado: EL ESTADO. A\u00f1o 2002.<\/p>\n<p style=\"text-align: justify;\">11. \u00a0 \u00a0Carlos Puga Pomareda denunciado por ABUSO DE AUTORIDAD por la 07\u00ba Fiscal\u00eda Superior en lo Penal de Lima. Exp. N\u00ba 2002-5190. Abuso de autoridad. \u2013 Agraviado: EL ESTADO. A\u00f1o 2002<\/p>\n<p style=\"text-align: justify;\">12. \u00a0 \u00a0Carlos Puga Pomareda denunciado por Falsa Denuncia por la 06\u00ba Fiscal\u00eda Superior en lo Penal de Lima. Exp. N\u00ba 2002-1119-3. Falsa denuncia. \u2013 Agraviado: EL ESTADO. A\u00f1o 2002<\/p>\n<p style=\"text-align: justify;\">13. \u00a0 \u00a0Carlos Puga Pomareda denunciado por CFJ Falsa denuncia por la 06\u00ba Fiscal\u00eda Superior en lo Penal de Lima. Exp. N\u00ba 2002-1119-0. Falsa denuncia. \u2013 Agraviado: EL ESTADO. A\u00f1\u00f3 2002<\/p>\n<p style=\"text-align: justify;\">14. \u00a0 \u00a0Carlos Puga Pomareda denunciado por CFJ Falsa denuncia por la 06\u00ba Fiscal\u00eda Superior en lo Penal de Lima. Exp. N\u00ba 2004-1119-1. Falsa denuncia. \u2013 Agraviado: EL ESTADO. A\u00f1o 2004<\/p>\n<p style=\"text-align: justify;\">15. \u00a0 \u00a0Carlos Puga Pomareda denunciado por CFJ Falsa denuncia por la 06\u00ba Fiscal\u00eda Superior en lo Penal de Lima. Exp. N\u00ba 2004-1119-0. Falsa denuncia. \u2013 Agraviado: EL ESTADO. A\u00f1o 2004<\/p>\n<p style=\"text-align: justify;\">16. \u00a0 \u00a0Carlos Puga Pomareda denunciado por abuso de autoridad por la 06\u00ba Fiscal\u00eda Superior en lo Penal de Lima. Exp. N\u00ba 2003-1720-5. Abuso de Autoridad \u2013 Agraviado: EL ESTADO. A\u00f1o 2003<\/p>\n<p style=\"text-align: justify;\">17. \u00a0 \u00a0Carlos Puga Pomareda denunciado por delito contra la administraci\u00f3n p\u00fablica &#8211; abuso de autoridad por la 06\u00ba Fiscal\u00eda Superior en lo Penal de Lima. Exp. N\u00ba 2003-1720-4. Delito contra la administraci\u00f3n p\u00fablica y Abuso de Autoridad \u2013 Agraviado: EL ESTADO. A\u00f1o 2003<\/p>\n<p style=\"text-align: justify;\">18. \u00a0 \u00a0Carlos Puga Pomareda denunciado por apropiaci\u00f3n il\u00edcita, estafa, Usurpaci\u00f3n de funciones, violencia y resistencia a la autoridad, abuso de autoridad, concusi\u00f3n delitos contra la fe p\u00fablica por la 39\u00ba Fiscal\u00eda Provincial en lo Penal de Lima. Caso. N\u00ba 506010139-1998-181-0. \u00a0 Agraviado: Asegurado del IPSS, Central de trabajadores de la revoluci\u00f3n peruana, Sistema de identificaci\u00f3n S.A., IDEMATIC Inc., Bernaola Cueto Juan. A\u00f1o 1998<\/p>\n<p style=\"text-align: justify;\">19. \u00a0 \u00a0Carlos Puga Pomareda denunciado por apropiaci\u00f3n il\u00edcita, estafa, Usurpaci\u00f3n de funciones, violencia y resistencia a la autoridad, abuso de autoridad, concusi\u00f3n delitos contra la fe p\u00fablica por la 37\u00ba Fiscal\u00eda Provincial en lo Penal de Lima.<\/p>\n<p style=\"text-align: justify;\">Caso. N\u00ba 507011337-1998-626-0. \u00a0 Agraviado: Asegurado del IPSS, Central de trabajadores de la revoluci\u00f3n peruana, Sistema de identificaci\u00f3n S.A., IDEMATIC Inc., Bernaola Cueto Juan. A\u00f1o 1998<\/p>\n<p style=\"text-align: justify;\">20. \u00a0 \u00a0Carlos Puga Pomareda denunciado por omisi\u00f3n y rehus. Retard. Acto Ofic. por la 37\u00ba Fiscal\u00eda Provincial en lo Penal de Lima. Caso. N\u00ba 506010137-2006-131-0. \u00a0 Agraviado: Yucra Poma Jos\u00e9 Luis. A\u00f1o 2006.<\/p>\n<p style=\"text-align: justify;\">El ministerio de Transportes deber\u00eda emitir un comunicado para que se nos informe que procesos han sido archivados, cuales est\u00e1n en tr\u00e1mite y en que casos se ha aperturado proceso penal contra quien ser\u00eda el segundo funcionario del MTC ya que por transparencia el pa\u00eds necesita estar informado.<\/p>\n<p style=\"text-align: justify;\">El gobierno de Ollanta Humala tienen la obligaci\u00f3n de informar a la opini\u00f3n p\u00fablica que esta nombando a un Funcionario de confianza de Alan Garc\u00eda que fu\u00e9 nombrado Director de Aeron\u00e1utica Civil en el 2006 a este funcionario que no ten\u00eda perfil para el cargo y como luego lo design\u00f3 viceministro de transportes, y fue quien entreg\u00f3 la soberan\u00eda aerocomercial a Chile, en un convenio a\u00e9reo en donde le entreg\u00f3 quintas libertades sin reciprocidad y sin exijir compensaciones, no obstante las cuentas pendientes que ten\u00eda Carlos Puga Pomareda en el Ministerio P\u00fablico \u2026 se tendr\u00e1 que investigar.<\/p>\n<p style=\"text-align: justify;\"><a href=\"boletines\/puga.html\" target=\"_blank\" rel=\"noopener noreferrer\">Hacer click para ver las constancias del Ministerio P\u00fablico SIATF Consultas al 27 de noviembre del 2008 , en donde figuran las denuncias penales contra el virtual viceministro de transportes Carlos Puga Pomareda desde 1998 hasta el 2007, en la mayor\u00eda de los casos el agraviado es el Estado. <\/a><\/p>\n<p style=\"text-align: justify;\">\u00a0<\/p>\n","protected":false},"excerpt":{"rendered":"<p>(Aeronoticias).- Circulo fuerte el rumor de que Carlos Puga Pomareda, ex Vice Ministro del APRA en transporte cuando fuera Ministra Ver\u00f3nica Zavala, ser\u00eda el virtual Vice Ministro de Transportes. \u00a0<\/p>\n","protected":false},"author":1,"featured_media":0,"comment_status":"open","ping_status":"open","sticky":false,"template":"","format":"standard","meta":{"tdm_status":"","tdm_grid_status":"","footnotes":""},"categories":[39],"tags":[],"class_list":{"0":"post-47856","1":"post","2":"type-post","3":"status-publish","4":"format-standard","6":"category-39"},"yoast_head":"<!-- This site is optimized with the Yoast SEO plugin v25.1 - https:\/\/yoast.com\/wordpress\/plugins\/seo\/ -->\n<title>Ministro de Transportes Jos\u00e9 Gallardo debe informar antecedentes en el Ministerio P\u00fablico de Carlos Puga<\/title>\n<meta name=\"description\" content=\"Portal de noticias del Per\u00fa sobre el transporte a\u00e9reo, aviaci\u00f3n, turismo, hoteleria, actualidad.\" \/>\n<meta name=\"robots\" content=\"index, follow, max-snippet:-1, max-image-preview:large, max-video-preview:-1\" \/>\n<link rel=\"canonical\" href=\"https:\/\/aeronoticias.com.pe\/noticiero\/49\/ministro-de-transportes-jose-gallardo-debe-informar-sobre-las-20-denuncias-penales-de-su-virtual-viceministro-carlos-puga-pomareda\/\" \/>\n<meta property=\"og:locale\" content=\"es_ES\" \/>\n<meta property=\"og:type\" content=\"article\" \/>\n<meta property=\"og:title\" content=\"Ministro de Transportes Jos\u00e9 Gallardo debe informar antecedentes en el Ministerio P\u00fablico de Carlos Puga\" \/>\n<meta property=\"og:description\" content=\"Portal de noticias del Per\u00fa sobre el transporte a\u00e9reo, aviaci\u00f3n, turismo, hoteleria, actualidad.\" \/>\n<meta property=\"og:url\" content=\"https:\/\/aeronoticias.com.pe\/noticiero\/49\/ministro-de-transportes-jose-gallardo-debe-informar-sobre-las-20-denuncias-penales-de-su-virtual-viceministro-carlos-puga-pomareda\/\" \/>\n<meta property=\"og:site_name\" content=\"Aeronoticias.com.pe\" \/>\n<meta property=\"article:publisher\" content=\"https:\/\/www.facebook.com\/Aeronoticias.com.pe\/\" \/>\n<meta property=\"article:published_time\" content=\"2014-08-07T22:14:51+00:00\" \/>\n<meta name=\"author\" content=\"Redacci\u00f3n Aeronoticias\" \/>\n<meta name=\"twitter:card\" content=\"summary_large_image\" \/>\n<meta name=\"twitter:creator\" content=\"@aeronoticias\" \/>\n<meta name=\"twitter:site\" content=\"@aeronoticias\" \/>\n<meta name=\"twitter:label1\" content=\"Escrito por\" \/>\n\t<meta name=\"twitter:data1\" content=\"Redacci\u00f3n Aeronoticias\" \/>\n\t<meta name=\"twitter:label2\" content=\"Tiempo de lectura\" \/>\n\t<meta name=\"twitter:data2\" content=\"5 minutos\" \/>\n<script type=\"application\/ld+json\" class=\"yoast-schema-graph\">{\"@context\":\"https:\/\/schema.org\",\"@graph\":[{\"@type\":\"WebPage\",\"@id\":\"https:\/\/aeronoticias.com.pe\/noticiero\/49\/ministro-de-transportes-jose-gallardo-debe-informar-sobre-las-20-denuncias-penales-de-su-virtual-viceministro-carlos-puga-pomareda\/\",\"url\":\"https:\/\/aeronoticias.com.pe\/noticiero\/49\/ministro-de-transportes-jose-gallardo-debe-informar-sobre-las-20-denuncias-penales-de-su-virtual-viceministro-carlos-puga-pomareda\/\",\"name\":\"Ministro de Transportes Jos\u00e9 Gallardo debe informar antecedentes en el Ministerio P\u00fablico de Carlos Puga\",\"isPartOf\":{\"@id\":\"https:\/\/aeronoticias.com.pe\/noticiero\/#website\"},\"datePublished\":\"2014-08-07T22:14:51+00:00\",\"author\":{\"@id\":\"https:\/\/aeronoticias.com.pe\/noticiero\/#\/schema\/person\/fc1e5d578f4b62ba1cf7ac2bba1170a0\"},\"description\":\"Portal de noticias del Per\u00fa sobre el transporte a\u00e9reo, aviaci\u00f3n, turismo, hoteleria, actualidad.\",\"breadcrumb\":{\"@id\":\"https:\/\/aeronoticias.com.pe\/noticiero\/49\/ministro-de-transportes-jose-gallardo-debe-informar-sobre-las-20-denuncias-penales-de-su-virtual-viceministro-carlos-puga-pomareda\/#breadcrumb\"},\"inLanguage\":\"es\",\"potentialAction\":[{\"@type\":\"ReadAction\",\"target\":[\"https:\/\/aeronoticias.com.pe\/noticiero\/49\/ministro-de-transportes-jose-gallardo-debe-informar-sobre-las-20-denuncias-penales-de-su-virtual-viceministro-carlos-puga-pomareda\/\"]}]},{\"@type\":\"BreadcrumbList\",\"@id\":\"https:\/\/aeronoticias.com.pe\/noticiero\/49\/ministro-de-transportes-jose-gallardo-debe-informar-sobre-las-20-denuncias-penales-de-su-virtual-viceministro-carlos-puga-pomareda\/#breadcrumb\",\"itemListElement\":[{\"@type\":\"ListItem\",\"position\":1,\"name\":\"Portada\",\"item\":\"https:\/\/aeronoticias.com.pe\/noticiero\/\"},{\"@type\":\"ListItem\",\"position\":2,\"name\":\"Ministro de Transportes Jos\u00e9 Gallardo debe informar antecedentes en el Ministerio P\u00fablico de Carlos Puga\"}]},{\"@type\":\"WebSite\",\"@id\":\"https:\/\/aeronoticias.com.pe\/noticiero\/#website\",\"url\":\"https:\/\/aeronoticias.com.pe\/noticiero\/\",\"name\":\"Aeronoticias.com.pe\",\"description\":\"Noticias de tranporte aereo, turismo, hoteles, gastronomia, actualidad, internacional\",\"potentialAction\":[{\"@type\":\"SearchAction\",\"target\":{\"@type\":\"EntryPoint\",\"urlTemplate\":\"https:\/\/aeronoticias.com.pe\/noticiero\/?s={search_term_string}\"},\"query-input\":{\"@type\":\"PropertyValueSpecification\",\"valueRequired\":true,\"valueName\":\"search_term_string\"}}],\"inLanguage\":\"es\"},{\"@type\":\"Person\",\"@id\":\"https:\/\/aeronoticias.com.pe\/noticiero\/#\/schema\/person\/fc1e5d578f4b62ba1cf7ac2bba1170a0\",\"name\":\"Redacci\u00f3n Aeronoticias\",\"url\":\"https:\/\/aeronoticias.com.pe\/noticiero\/author\/piloto\/\"}]}<\/script>\n<!-- \/ Yoast SEO plugin. -->","yoast_head_json":{"title":"Ministro de Transportes Jos\u00e9 Gallardo debe informar antecedentes en el Ministerio P\u00fablico de Carlos Puga","description":"Portal de noticias del Per\u00fa sobre el transporte a\u00e9reo, aviaci\u00f3n, turismo, hoteleria, actualidad.","robots":{"index":"index","follow":"follow","max-snippet":"max-snippet:-1","max-image-preview":"max-image-preview:large","max-video-preview":"max-video-preview:-1"},"canonical":"https:\/\/aeronoticias.com.pe\/noticiero\/49\/ministro-de-transportes-jose-gallardo-debe-informar-sobre-las-20-denuncias-penales-de-su-virtual-viceministro-carlos-puga-pomareda\/","og_locale":"es_ES","og_type":"article","og_title":"Ministro de Transportes Jos\u00e9 Gallardo debe informar antecedentes en el Ministerio P\u00fablico de Carlos Puga","og_description":"Portal de noticias del Per\u00fa sobre el transporte a\u00e9reo, aviaci\u00f3n, turismo, hoteleria, actualidad.","og_url":"https:\/\/aeronoticias.com.pe\/noticiero\/49\/ministro-de-transportes-jose-gallardo-debe-informar-sobre-las-20-denuncias-penales-de-su-virtual-viceministro-carlos-puga-pomareda\/","og_site_name":"Aeronoticias.com.pe","article_publisher":"https:\/\/www.facebook.com\/Aeronoticias.com.pe\/","article_published_time":"2014-08-07T22:14:51+00:00","author":"Redacci\u00f3n Aeronoticias","twitter_card":"summary_large_image","twitter_creator":"@aeronoticias","twitter_site":"@aeronoticias","twitter_misc":{"Escrito por":"Redacci\u00f3n Aeronoticias","Tiempo de lectura":"5 minutos"},"schema":{"@context":"https:\/\/schema.org","@graph":[{"@type":"WebPage","@id":"https:\/\/aeronoticias.com.pe\/noticiero\/49\/ministro-de-transportes-jose-gallardo-debe-informar-sobre-las-20-denuncias-penales-de-su-virtual-viceministro-carlos-puga-pomareda\/","url":"https:\/\/aeronoticias.com.pe\/noticiero\/49\/ministro-de-transportes-jose-gallardo-debe-informar-sobre-las-20-denuncias-penales-de-su-virtual-viceministro-carlos-puga-pomareda\/","name":"Ministro de Transportes Jos\u00e9 Gallardo debe informar antecedentes en el Ministerio P\u00fablico de Carlos Puga","isPartOf":{"@id":"https:\/\/aeronoticias.com.pe\/noticiero\/#website"},"datePublished":"2014-08-07T22:14:51+00:00","author":{"@id":"https:\/\/aeronoticias.com.pe\/noticiero\/#\/schema\/person\/fc1e5d578f4b62ba1cf7ac2bba1170a0"},"description":"Portal de noticias del Per\u00fa sobre el transporte a\u00e9reo, aviaci\u00f3n, turismo, hoteleria, actualidad.","breadcrumb":{"@id":"https:\/\/aeronoticias.com.pe\/noticiero\/49\/ministro-de-transportes-jose-gallardo-debe-informar-sobre-las-20-denuncias-penales-de-su-virtual-viceministro-carlos-puga-pomareda\/#breadcrumb"},"inLanguage":"es","potentialAction":[{"@type":"ReadAction","target":["https:\/\/aeronoticias.com.pe\/noticiero\/49\/ministro-de-transportes-jose-gallardo-debe-informar-sobre-las-20-denuncias-penales-de-su-virtual-viceministro-carlos-puga-pomareda\/"]}]},{"@type":"BreadcrumbList","@id":"https:\/\/aeronoticias.com.pe\/noticiero\/49\/ministro-de-transportes-jose-gallardo-debe-informar-sobre-las-20-denuncias-penales-de-su-virtual-viceministro-carlos-puga-pomareda\/#breadcrumb","itemListElement":[{"@type":"ListItem","position":1,"name":"Portada","item":"https:\/\/aeronoticias.com.pe\/noticiero\/"},{"@type":"ListItem","position":2,"name":"Ministro de Transportes Jos\u00e9 Gallardo debe informar antecedentes en el Ministerio P\u00fablico de Carlos Puga"}]},{"@type":"WebSite","@id":"https:\/\/aeronoticias.com.pe\/noticiero\/#website","url":"https:\/\/aeronoticias.com.pe\/noticiero\/","name":"Aeronoticias.com.pe","description":"Noticias de tranporte aereo, turismo, hoteles, gastronomia, actualidad, internacional","potentialAction":[{"@type":"SearchAction","target":{"@type":"EntryPoint","urlTemplate":"https:\/\/aeronoticias.com.pe\/noticiero\/?s={search_term_string}"},"query-input":{"@type":"PropertyValueSpecification","valueRequired":true,"valueName":"search_term_string"}}],"inLanguage":"es"},{"@type":"Person","@id":"https:\/\/aeronoticias.com.pe\/noticiero\/#\/schema\/person\/fc1e5d578f4b62ba1cf7ac2bba1170a0","name":"Redacci\u00f3n Aeronoticias","url":"https:\/\/aeronoticias.com.pe\/noticiero\/author\/piloto\/"}]}},"_links":{"self":[{"href":"https:\/\/aeronoticias.com.pe\/noticiero\/wp-json\/wp\/v2\/posts\/47856","targetHints":{"allow":["GET"]}}],"collection":[{"href":"https:\/\/aeronoticias.com.pe\/noticiero\/wp-json\/wp\/v2\/posts"}],"about":[{"href":"https:\/\/aeronoticias.com.pe\/noticiero\/wp-json\/wp\/v2\/types\/post"}],"author":[{"embeddable":true,"href":"https:\/\/aeronoticias.com.pe\/noticiero\/wp-json\/wp\/v2\/users\/1"}],"replies":[{"embeddable":true,"href":"https:\/\/aeronoticias.com.pe\/noticiero\/wp-json\/wp\/v2\/comments?post=47856"}],"version-history":[{"count":0,"href":"https:\/\/aeronoticias.com.pe\/noticiero\/wp-json\/wp\/v2\/posts\/47856\/revisions"}],"wp:attachment":[{"href":"https:\/\/aeronoticias.com.pe\/noticiero\/wp-json\/wp\/v2\/media?parent=47856"}],"wp:term":[{"taxonomy":"category","embeddable":true,"href":"https:\/\/aeronoticias.com.pe\/noticiero\/wp-json\/wp\/v2\/categories?post=47856"},{"taxonomy":"post_tag","embeddable":true,"href":"https:\/\/aeronoticias.com.pe\/noticiero\/wp-json\/wp\/v2\/tags?post=47856"}],"curies":[{"name":"wp","href":"https:\/\/api.w.org\/{rel}","templated":true}]}}