{"id":47896,"date":"2014-08-06T16:40:32","date_gmt":"2014-08-06T16:40:32","guid":{"rendered":"http:\/\/desarrollo.mcvicious.com\/aero2020\/2014\/08\/06\/urresti-excarcelacion-de-miembros-del-movadef-perjudica-la-pacificacion-del-pais\/"},"modified":"2014-08-06T16:40:32","modified_gmt":"2014-08-06T16:40:32","slug":"urresti-excarcelacion-de-miembros-del-movadef-perjudica-la-pacificacion-del-pais","status":"publish","type":"post","link":"https:\/\/aeronoticias.com.pe\/noticiero\/politica\/urresti-excarcelacion-de-miembros-del-movadef-perjudica-la-pacificacion-del-pais\/","title":{"rendered":"Urresti: Excarcelaci\u00f3n de miembros del Movadef perjudica la pacificaci\u00f3n del pa\u00eds"},"content":{"rendered":"<p style=\"text-align: justify;\"><strong>(Aeronoticias)<\/strong>.- La excarcelaci\u00f3n de los miembros del Movadef, ordenada por la Sala Penal Nacional, perjudica la pacificaci\u00f3n del pa\u00eds porque significar\u00eda el retorno del terrorismo, se\u00f1al\u00f3 e<span style=\"line-height: 1.3em;\">l ministro del Interior, Daniel Urresti.<\/span><\/p>\n<p style=\"text-align: justify;\">\u201cEstamos permitiendo que se sigan recomponiendo, que sigan con el plan de entrar en la pol\u00edtica, de seguir captando gente, y eso es un peligro, porque si permitimos que esto siga, pueden demorar cinco, diez, quince, veinte a\u00f1os, y vamos a regresar a lo mismo\u201d, sostuvo el funcionario.<\/p>\n<p style=\"text-align: justify;\">Tanto \u00e9l como el Poder Ejecutivo en su conjunto respetan esta decisi\u00f3n del Poder Judicial, pero que no la comparte, puesto que se trata de personas procesadas por terrorismo que no han mostrado arrepentimiento, indic\u00f3 e<span style=\"line-height: 1.3em;\">l titular del Interior.<\/span><\/p>\n<p style=\"text-align: justify;\">\u201cTienen la misma doctrina (de Sendero Luminoso) y la \u00fanica situaci\u00f3n que cambia ahora con este mandato es que van a tener la libertad de hacerla conocer para sorprender a los m\u00e1s j\u00f3venes, que no tienen idea de lo cruel que se vivi\u00f3 en la \u00e9poca del terrorismo\u201d, afirm\u00f3 Urresti.<\/p>\n<p style=\"text-align: justify;\">Fuente: <span style=\"text-decoration: underline;\"><em><strong>La Rep\u00fablica<\/strong><\/em><\/span>.<\/p>\n<p style=\"text-align: justify;\"><img decoding=\"async\" src=\"http:\/\/cdn.larepublica.pe\/sites\/default\/files\/imagecache\/img_noticia_640x384\/imagen\/2014\/08\/06\/imagen-urresti.jpg\" border=\"0\" alt=\"Ministro Urresti: Excarcelaci\u00f3n de miembros del Movadef perjudica la pacificaci\u00f3n del pa\u00eds. (Foto: La Rep\u00fablica)\" \/><\/p>\n","protected":false},"excerpt":{"rendered":"<p>(Aeronoticias).- La excarcelaci\u00f3n de los miembros del Movadef, ordenada por la Sala Penal Nacional, perjudica la pacificaci\u00f3n del pa\u00eds porque significar\u00eda el retorno del terrorismo, se\u00f1al\u00f3 el ministro del Interior, Daniel Urresti. \u201cEstamos permitiendo que se sigan recomponiendo, que sigan con el plan de entrar en la pol\u00edtica, de seguir captando gente, y eso es [&hellip;]<\/p>\n","protected":false},"author":1,"featured_media":0,"comment_status":"open","ping_status":"open","sticky":false,"template":"","format":"standard","meta":{"tdm_status":"","tdm_grid_status":"","footnotes":""},"categories":[36],"tags":[],"class_list":{"0":"post-47896","1":"post","2":"type-post","3":"status-publish","4":"format-standard","6":"category-politica"},"yoast_head":"<!-- This site is optimized with the Yoast SEO plugin v25.1 - https:\/\/yoast.com\/wordpress\/plugins\/seo\/ -->\n<title>Urresti: Excarcelaci\u00f3n de miembros del Movadef perjudica la pacificaci\u00f3n del pa\u00eds<\/title>\n<meta name=\"description\" content=\"Portal de noticias del Per\u00fa sobre el transporte a\u00e9reo, aviaci\u00f3n, turismo, hoteleria, actualidad.\" \/>\n<meta name=\"robots\" content=\"index, follow, max-snippet:-1, max-image-preview:large, max-video-preview:-1\" \/>\n<link rel=\"canonical\" href=\"https:\/\/aeronoticias.com.pe\/noticiero\/politica\/urresti-excarcelacion-de-miembros-del-movadef-perjudica-la-pacificacion-del-pais\/\" \/>\n<meta property=\"og:locale\" content=\"es_ES\" \/>\n<meta property=\"og:type\" content=\"article\" \/>\n<meta property=\"og:title\" content=\"Urresti: Excarcelaci\u00f3n de miembros del Movadef perjudica la pacificaci\u00f3n del pa\u00eds\" \/>\n<meta property=\"og:description\" content=\"Portal de noticias del Per\u00fa sobre el transporte a\u00e9reo, aviaci\u00f3n, turismo, hoteleria, actualidad.\" \/>\n<meta property=\"og:url\" content=\"https:\/\/aeronoticias.com.pe\/noticiero\/politica\/urresti-excarcelacion-de-miembros-del-movadef-perjudica-la-pacificacion-del-pais\/\" \/>\n<meta property=\"og:site_name\" content=\"Aeronoticias.com.pe\" \/>\n<meta property=\"article:publisher\" content=\"https:\/\/www.facebook.com\/Aeronoticias.com.pe\/\" \/>\n<meta property=\"article:published_time\" content=\"2014-08-06T16:40:32+00:00\" \/>\n<meta property=\"og:image\" content=\"http:\/\/cdn.larepublica.pe\/sites\/default\/files\/imagecache\/img_noticia_640x384\/imagen\/2014\/08\/06\/imagen-urresti.jpg\" \/>\n<meta name=\"author\" content=\"Redacci\u00f3n Aeronoticias\" \/>\n<meta name=\"twitter:card\" content=\"summary_large_image\" \/>\n<meta name=\"twitter:creator\" content=\"@aeronoticias\" \/>\n<meta name=\"twitter:site\" content=\"@aeronoticias\" \/>\n<meta name=\"twitter:label1\" content=\"Escrito por\" \/>\n\t<meta name=\"twitter:data1\" content=\"Redacci\u00f3n Aeronoticias\" \/>\n\t<meta name=\"twitter:label2\" content=\"Tiempo de lectura\" \/>\n\t<meta name=\"twitter:data2\" content=\"1 minuto\" \/>\n<script type=\"application\/ld+json\" class=\"yoast-schema-graph\">{\"@context\":\"https:\/\/schema.org\",\"@graph\":[{\"@type\":\"WebPage\",\"@id\":\"https:\/\/aeronoticias.com.pe\/noticiero\/politica\/urresti-excarcelacion-de-miembros-del-movadef-perjudica-la-pacificacion-del-pais\/\",\"url\":\"https:\/\/aeronoticias.com.pe\/noticiero\/politica\/urresti-excarcelacion-de-miembros-del-movadef-perjudica-la-pacificacion-del-pais\/\",\"name\":\"Urresti: Excarcelaci\u00f3n de miembros del Movadef perjudica la pacificaci\u00f3n del pa\u00eds\",\"isPartOf\":{\"@id\":\"https:\/\/aeronoticias.com.pe\/noticiero\/#website\"},\"primaryImageOfPage\":{\"@id\":\"https:\/\/aeronoticias.com.pe\/noticiero\/politica\/urresti-excarcelacion-de-miembros-del-movadef-perjudica-la-pacificacion-del-pais\/#primaryimage\"},\"image\":{\"@id\":\"https:\/\/aeronoticias.com.pe\/noticiero\/politica\/urresti-excarcelacion-de-miembros-del-movadef-perjudica-la-pacificacion-del-pais\/#primaryimage\"},\"thumbnailUrl\":\"http:\/\/cdn.larepublica.pe\/sites\/default\/files\/imagecache\/img_noticia_640x384\/imagen\/2014\/08\/06\/imagen-urresti.jpg\",\"datePublished\":\"2014-08-06T16:40:32+00:00\",\"author\":{\"@id\":\"https:\/\/aeronoticias.com.pe\/noticiero\/#\/schema\/person\/fc1e5d578f4b62ba1cf7ac2bba1170a0\"},\"description\":\"Portal de noticias del Per\u00fa sobre el transporte a\u00e9reo, aviaci\u00f3n, turismo, hoteleria, actualidad.\",\"breadcrumb\":{\"@id\":\"https:\/\/aeronoticias.com.pe\/noticiero\/politica\/urresti-excarcelacion-de-miembros-del-movadef-perjudica-la-pacificacion-del-pais\/#breadcrumb\"},\"inLanguage\":\"es\",\"potentialAction\":[{\"@type\":\"ReadAction\",\"target\":[\"https:\/\/aeronoticias.com.pe\/noticiero\/politica\/urresti-excarcelacion-de-miembros-del-movadef-perjudica-la-pacificacion-del-pais\/\"]}]},{\"@type\":\"ImageObject\",\"inLanguage\":\"es\",\"@id\":\"https:\/\/aeronoticias.com.pe\/noticiero\/politica\/urresti-excarcelacion-de-miembros-del-movadef-perjudica-la-pacificacion-del-pais\/#primaryimage\",\"url\":\"http:\/\/cdn.larepublica.pe\/sites\/default\/files\/imagecache\/img_noticia_640x384\/imagen\/2014\/08\/06\/imagen-urresti.jpg\",\"contentUrl\":\"http:\/\/cdn.larepublica.pe\/sites\/default\/files\/imagecache\/img_noticia_640x384\/imagen\/2014\/08\/06\/imagen-urresti.jpg\"},{\"@type\":\"BreadcrumbList\",\"@id\":\"https:\/\/aeronoticias.com.pe\/noticiero\/politica\/urresti-excarcelacion-de-miembros-del-movadef-perjudica-la-pacificacion-del-pais\/#breadcrumb\",\"itemListElement\":[{\"@type\":\"ListItem\",\"position\":1,\"name\":\"Portada\",\"item\":\"https:\/\/aeronoticias.com.pe\/noticiero\/\"},{\"@type\":\"ListItem\",\"position\":2,\"name\":\"Urresti: Excarcelaci\u00f3n de miembros del Movadef perjudica la pacificaci\u00f3n del pa\u00eds\"}]},{\"@type\":\"WebSite\",\"@id\":\"https:\/\/aeronoticias.com.pe\/noticiero\/#website\",\"url\":\"https:\/\/aeronoticias.com.pe\/noticiero\/\",\"name\":\"Aeronoticias.com.pe\",\"description\":\"Noticias de tranporte aereo, turismo, hoteles, gastronomia, actualidad, internacional\",\"potentialAction\":[{\"@type\":\"SearchAction\",\"target\":{\"@type\":\"EntryPoint\",\"urlTemplate\":\"https:\/\/aeronoticias.com.pe\/noticiero\/?s={search_term_string}\"},\"query-input\":{\"@type\":\"PropertyValueSpecification\",\"valueRequired\":true,\"valueName\":\"search_term_string\"}}],\"inLanguage\":\"es\"},{\"@type\":\"Person\",\"@id\":\"https:\/\/aeronoticias.com.pe\/noticiero\/#\/schema\/person\/fc1e5d578f4b62ba1cf7ac2bba1170a0\",\"name\":\"Redacci\u00f3n Aeronoticias\",\"url\":\"https:\/\/aeronoticias.com.pe\/noticiero\/author\/piloto\/\"}]}<\/script>\n<!-- \/ Yoast SEO plugin. -->","yoast_head_json":{"title":"Urresti: Excarcelaci\u00f3n de miembros del Movadef perjudica la pacificaci\u00f3n del pa\u00eds","description":"Portal de noticias del Per\u00fa sobre el transporte a\u00e9reo, aviaci\u00f3n, turismo, hoteleria, actualidad.","robots":{"index":"index","follow":"follow","max-snippet":"max-snippet:-1","max-image-preview":"max-image-preview:large","max-video-preview":"max-video-preview:-1"},"canonical":"https:\/\/aeronoticias.com.pe\/noticiero\/politica\/urresti-excarcelacion-de-miembros-del-movadef-perjudica-la-pacificacion-del-pais\/","og_locale":"es_ES","og_type":"article","og_title":"Urresti: Excarcelaci\u00f3n de miembros del Movadef perjudica la pacificaci\u00f3n del pa\u00eds","og_description":"Portal de noticias del Per\u00fa sobre el transporte a\u00e9reo, aviaci\u00f3n, turismo, hoteleria, actualidad.","og_url":"https:\/\/aeronoticias.com.pe\/noticiero\/politica\/urresti-excarcelacion-de-miembros-del-movadef-perjudica-la-pacificacion-del-pais\/","og_site_name":"Aeronoticias.com.pe","article_publisher":"https:\/\/www.facebook.com\/Aeronoticias.com.pe\/","article_published_time":"2014-08-06T16:40:32+00:00","og_image":[{"url":"http:\/\/cdn.larepublica.pe\/sites\/default\/files\/imagecache\/img_noticia_640x384\/imagen\/2014\/08\/06\/imagen-urresti.jpg","type":"","width":"","height":""}],"author":"Redacci\u00f3n Aeronoticias","twitter_card":"summary_large_image","twitter_creator":"@aeronoticias","twitter_site":"@aeronoticias","twitter_misc":{"Escrito por":"Redacci\u00f3n Aeronoticias","Tiempo de lectura":"1 minuto"},"schema":{"@context":"https:\/\/schema.org","@graph":[{"@type":"WebPage","@id":"https:\/\/aeronoticias.com.pe\/noticiero\/politica\/urresti-excarcelacion-de-miembros-del-movadef-perjudica-la-pacificacion-del-pais\/","url":"https:\/\/aeronoticias.com.pe\/noticiero\/politica\/urresti-excarcelacion-de-miembros-del-movadef-perjudica-la-pacificacion-del-pais\/","name":"Urresti: Excarcelaci\u00f3n de miembros del Movadef perjudica la pacificaci\u00f3n del pa\u00eds","isPartOf":{"@id":"https:\/\/aeronoticias.com.pe\/noticiero\/#website"},"primaryImageOfPage":{"@id":"https:\/\/aeronoticias.com.pe\/noticiero\/politica\/urresti-excarcelacion-de-miembros-del-movadef-perjudica-la-pacificacion-del-pais\/#primaryimage"},"image":{"@id":"https:\/\/aeronoticias.com.pe\/noticiero\/politica\/urresti-excarcelacion-de-miembros-del-movadef-perjudica-la-pacificacion-del-pais\/#primaryimage"},"thumbnailUrl":"http:\/\/cdn.larepublica.pe\/sites\/default\/files\/imagecache\/img_noticia_640x384\/imagen\/2014\/08\/06\/imagen-urresti.jpg","datePublished":"2014-08-06T16:40:32+00:00","author":{"@id":"https:\/\/aeronoticias.com.pe\/noticiero\/#\/schema\/person\/fc1e5d578f4b62ba1cf7ac2bba1170a0"},"description":"Portal de noticias del Per\u00fa sobre el transporte a\u00e9reo, aviaci\u00f3n, turismo, hoteleria, actualidad.","breadcrumb":{"@id":"https:\/\/aeronoticias.com.pe\/noticiero\/politica\/urresti-excarcelacion-de-miembros-del-movadef-perjudica-la-pacificacion-del-pais\/#breadcrumb"},"inLanguage":"es","potentialAction":[{"@type":"ReadAction","target":["https:\/\/aeronoticias.com.pe\/noticiero\/politica\/urresti-excarcelacion-de-miembros-del-movadef-perjudica-la-pacificacion-del-pais\/"]}]},{"@type":"ImageObject","inLanguage":"es","@id":"https:\/\/aeronoticias.com.pe\/noticiero\/politica\/urresti-excarcelacion-de-miembros-del-movadef-perjudica-la-pacificacion-del-pais\/#primaryimage","url":"http:\/\/cdn.larepublica.pe\/sites\/default\/files\/imagecache\/img_noticia_640x384\/imagen\/2014\/08\/06\/imagen-urresti.jpg","contentUrl":"http:\/\/cdn.larepublica.pe\/sites\/default\/files\/imagecache\/img_noticia_640x384\/imagen\/2014\/08\/06\/imagen-urresti.jpg"},{"@type":"BreadcrumbList","@id":"https:\/\/aeronoticias.com.pe\/noticiero\/politica\/urresti-excarcelacion-de-miembros-del-movadef-perjudica-la-pacificacion-del-pais\/#breadcrumb","itemListElement":[{"@type":"ListItem","position":1,"name":"Portada","item":"https:\/\/aeronoticias.com.pe\/noticiero\/"},{"@type":"ListItem","position":2,"name":"Urresti: Excarcelaci\u00f3n de miembros del Movadef perjudica la pacificaci\u00f3n del pa\u00eds"}]},{"@type":"WebSite","@id":"https:\/\/aeronoticias.com.pe\/noticiero\/#website","url":"https:\/\/aeronoticias.com.pe\/noticiero\/","name":"Aeronoticias.com.pe","description":"Noticias de tranporte aereo, turismo, hoteles, gastronomia, actualidad, internacional","potentialAction":[{"@type":"SearchAction","target":{"@type":"EntryPoint","urlTemplate":"https:\/\/aeronoticias.com.pe\/noticiero\/?s={search_term_string}"},"query-input":{"@type":"PropertyValueSpecification","valueRequired":true,"valueName":"search_term_string"}}],"inLanguage":"es"},{"@type":"Person","@id":"https:\/\/aeronoticias.com.pe\/noticiero\/#\/schema\/person\/fc1e5d578f4b62ba1cf7ac2bba1170a0","name":"Redacci\u00f3n Aeronoticias","url":"https:\/\/aeronoticias.com.pe\/noticiero\/author\/piloto\/"}]}},"_links":{"self":[{"href":"https:\/\/aeronoticias.com.pe\/noticiero\/wp-json\/wp\/v2\/posts\/47896","targetHints":{"allow":["GET"]}}],"collection":[{"href":"https:\/\/aeronoticias.com.pe\/noticiero\/wp-json\/wp\/v2\/posts"}],"about":[{"href":"https:\/\/aeronoticias.com.pe\/noticiero\/wp-json\/wp\/v2\/types\/post"}],"author":[{"embeddable":true,"href":"https:\/\/aeronoticias.com.pe\/noticiero\/wp-json\/wp\/v2\/users\/1"}],"replies":[{"embeddable":true,"href":"https:\/\/aeronoticias.com.pe\/noticiero\/wp-json\/wp\/v2\/comments?post=47896"}],"version-history":[{"count":0,"href":"https:\/\/aeronoticias.com.pe\/noticiero\/wp-json\/wp\/v2\/posts\/47896\/revisions"}],"wp:attachment":[{"href":"https:\/\/aeronoticias.com.pe\/noticiero\/wp-json\/wp\/v2\/media?parent=47896"}],"wp:term":[{"taxonomy":"category","embeddable":true,"href":"https:\/\/aeronoticias.com.pe\/noticiero\/wp-json\/wp\/v2\/categories?post=47896"},{"taxonomy":"post_tag","embeddable":true,"href":"https:\/\/aeronoticias.com.pe\/noticiero\/wp-json\/wp\/v2\/tags?post=47896"}],"curies":[{"name":"wp","href":"https:\/\/api.w.org\/{rel}","templated":true}]}}