{"id":47898,"date":"2014-08-06T16:58:42","date_gmt":"2014-08-06T16:58:42","guid":{"rendered":"http:\/\/desarrollo.mcvicious.com\/aero2020\/2014\/08\/06\/gerardo-martino-seria-el-proximo-tecnico-de-la-seleccion-argentina\/"},"modified":"2014-08-06T16:58:42","modified_gmt":"2014-08-06T16:58:42","slug":"gerardo-martino-seria-el-proximo-tecnico-de-la-seleccion-argentina","status":"publish","type":"post","link":"https:\/\/aeronoticias.com.pe\/noticiero\/deportes\/gerardo-martino-seria-el-proximo-tecnico-de-la-seleccion-argentina\/","title":{"rendered":"Gerardo Martino ser\u00eda el pr\u00f3ximo t\u00e9cnico de la selecci\u00f3n argentina"},"content":{"rendered":"<p style=\"text-align: justify;\"><strong>(Aeronoticias)<\/strong>.-\u00a0Tras el fallecimiento de Julio Grondona, quien presidi\u00f3 la Asociaci\u00f3n de F\u00fatbol Argentino por 25 a\u00f1os, y la posterior designaci\u00f3n de Luis Segura al frente de la AFA, la<span style=\"line-height: 1.3em;\"> selecci\u00f3n albiceleste se encuentra sin t\u00e9cnico luego de que Alejandro Sabella decidiera no continuar.<\/span><\/p>\n<p style=\"text-align: justify;\">En sus \u00faltimas declaraciones Grondona ya ten\u00eda decidido quien iba ser el sucesor de Sabella aunque no lo quiso confirmar pero todo parec\u00eda indicar que Gerardo Martino estar\u00eda al frente de los albicelestes.<\/p>\n<p style=\"text-align: justify;\">\u00abLo de Martino es una decisi\u00f3n que hab\u00eda tomado Julio. El martes, antes de fallecer, me comunic\u00f3 que lo ten\u00eda encaminado\u00bb, declar\u00f3 Segura.<\/p>\n<p style=\"text-align: justify;\">Fuente: <strong><em><span style=\"text-decoration: underline;\">La Rep\u00fablica<\/span><\/em><\/strong>.<\/p>\n<p style=\"text-align: justify;\"><img decoding=\"async\" src=\"https:\/\/pbs.twimg.com\/media\/BuUMKxuIcAAJfJZ.jpg\" border=\"0\" alt=\"Ver imagen en Twitter\" \/><\/p>\n","protected":false},"excerpt":{"rendered":"<p>(Aeronoticias).-\u00a0Tras el fallecimiento de Julio Grondona, quien presidi\u00f3 la Asociaci\u00f3n de F\u00fatbol Argentino por 25 a\u00f1os, y la posterior designaci\u00f3n de Luis Segura al frente de la AFA, la selecci\u00f3n albiceleste se encuentra sin t\u00e9cnico luego de que Alejandro Sabella decidiera no continuar. En sus \u00faltimas declaraciones Grondona ya ten\u00eda decidido quien iba ser el [&hellip;]<\/p>\n","protected":false},"author":1,"featured_media":0,"comment_status":"open","ping_status":"open","sticky":false,"template":"","format":"standard","meta":{"tdm_status":"","tdm_grid_status":"","footnotes":""},"categories":[40],"tags":[],"class_list":{"0":"post-47898","1":"post","2":"type-post","3":"status-publish","4":"format-standard","6":"category-deportes"},"yoast_head":"<!-- This site is optimized with the Yoast SEO plugin v25.1 - https:\/\/yoast.com\/wordpress\/plugins\/seo\/ -->\n<title>Gerardo Martino ser\u00eda el pr\u00f3ximo t\u00e9cnico de la selecci\u00f3n argentina<\/title>\n<meta name=\"description\" content=\"Portal de noticias del Per\u00fa sobre el transporte a\u00e9reo, aviaci\u00f3n, turismo, hoteleria, actualidad.\" \/>\n<meta name=\"robots\" content=\"index, follow, max-snippet:-1, max-image-preview:large, max-video-preview:-1\" \/>\n<link rel=\"canonical\" href=\"https:\/\/aeronoticias.com.pe\/noticiero\/deportes\/gerardo-martino-seria-el-proximo-tecnico-de-la-seleccion-argentina\/\" \/>\n<meta property=\"og:locale\" content=\"es_ES\" \/>\n<meta property=\"og:type\" content=\"article\" \/>\n<meta property=\"og:title\" content=\"Gerardo Martino ser\u00eda el pr\u00f3ximo t\u00e9cnico de la selecci\u00f3n argentina\" \/>\n<meta property=\"og:description\" content=\"Portal de noticias del Per\u00fa sobre el transporte a\u00e9reo, aviaci\u00f3n, turismo, hoteleria, actualidad.\" \/>\n<meta property=\"og:url\" content=\"https:\/\/aeronoticias.com.pe\/noticiero\/deportes\/gerardo-martino-seria-el-proximo-tecnico-de-la-seleccion-argentina\/\" \/>\n<meta property=\"og:site_name\" content=\"Aeronoticias.com.pe\" \/>\n<meta property=\"article:publisher\" content=\"https:\/\/www.facebook.com\/Aeronoticias.com.pe\/\" \/>\n<meta property=\"article:published_time\" content=\"2014-08-06T16:58:42+00:00\" \/>\n<meta property=\"og:image\" content=\"https:\/\/pbs.twimg.com\/media\/BuUMKxuIcAAJfJZ.jpg\" \/>\n<meta name=\"author\" content=\"Redacci\u00f3n Aeronoticias\" \/>\n<meta name=\"twitter:card\" content=\"summary_large_image\" \/>\n<meta name=\"twitter:creator\" content=\"@aeronoticias\" \/>\n<meta name=\"twitter:site\" content=\"@aeronoticias\" \/>\n<meta name=\"twitter:label1\" content=\"Escrito por\" \/>\n\t<meta name=\"twitter:data1\" content=\"Redacci\u00f3n Aeronoticias\" \/>\n\t<meta name=\"twitter:label2\" content=\"Tiempo de lectura\" \/>\n\t<meta name=\"twitter:data2\" content=\"1 minuto\" \/>\n<script type=\"application\/ld+json\" class=\"yoast-schema-graph\">{\"@context\":\"https:\/\/schema.org\",\"@graph\":[{\"@type\":\"WebPage\",\"@id\":\"https:\/\/aeronoticias.com.pe\/noticiero\/deportes\/gerardo-martino-seria-el-proximo-tecnico-de-la-seleccion-argentina\/\",\"url\":\"https:\/\/aeronoticias.com.pe\/noticiero\/deportes\/gerardo-martino-seria-el-proximo-tecnico-de-la-seleccion-argentina\/\",\"name\":\"Gerardo Martino ser\u00eda el pr\u00f3ximo t\u00e9cnico de la selecci\u00f3n argentina\",\"isPartOf\":{\"@id\":\"https:\/\/aeronoticias.com.pe\/noticiero\/#website\"},\"primaryImageOfPage\":{\"@id\":\"https:\/\/aeronoticias.com.pe\/noticiero\/deportes\/gerardo-martino-seria-el-proximo-tecnico-de-la-seleccion-argentina\/#primaryimage\"},\"image\":{\"@id\":\"https:\/\/aeronoticias.com.pe\/noticiero\/deportes\/gerardo-martino-seria-el-proximo-tecnico-de-la-seleccion-argentina\/#primaryimage\"},\"thumbnailUrl\":\"https:\/\/pbs.twimg.com\/media\/BuUMKxuIcAAJfJZ.jpg\",\"datePublished\":\"2014-08-06T16:58:42+00:00\",\"author\":{\"@id\":\"https:\/\/aeronoticias.com.pe\/noticiero\/#\/schema\/person\/fc1e5d578f4b62ba1cf7ac2bba1170a0\"},\"description\":\"Portal de noticias del Per\u00fa sobre el transporte a\u00e9reo, aviaci\u00f3n, turismo, hoteleria, actualidad.\",\"breadcrumb\":{\"@id\":\"https:\/\/aeronoticias.com.pe\/noticiero\/deportes\/gerardo-martino-seria-el-proximo-tecnico-de-la-seleccion-argentina\/#breadcrumb\"},\"inLanguage\":\"es\",\"potentialAction\":[{\"@type\":\"ReadAction\",\"target\":[\"https:\/\/aeronoticias.com.pe\/noticiero\/deportes\/gerardo-martino-seria-el-proximo-tecnico-de-la-seleccion-argentina\/\"]}]},{\"@type\":\"ImageObject\",\"inLanguage\":\"es\",\"@id\":\"https:\/\/aeronoticias.com.pe\/noticiero\/deportes\/gerardo-martino-seria-el-proximo-tecnico-de-la-seleccion-argentina\/#primaryimage\",\"url\":\"https:\/\/pbs.twimg.com\/media\/BuUMKxuIcAAJfJZ.jpg\",\"contentUrl\":\"https:\/\/pbs.twimg.com\/media\/BuUMKxuIcAAJfJZ.jpg\"},{\"@type\":\"BreadcrumbList\",\"@id\":\"https:\/\/aeronoticias.com.pe\/noticiero\/deportes\/gerardo-martino-seria-el-proximo-tecnico-de-la-seleccion-argentina\/#breadcrumb\",\"itemListElement\":[{\"@type\":\"ListItem\",\"position\":1,\"name\":\"Portada\",\"item\":\"https:\/\/aeronoticias.com.pe\/noticiero\/\"},{\"@type\":\"ListItem\",\"position\":2,\"name\":\"Gerardo Martino ser\u00eda el pr\u00f3ximo t\u00e9cnico de la selecci\u00f3n argentina\"}]},{\"@type\":\"WebSite\",\"@id\":\"https:\/\/aeronoticias.com.pe\/noticiero\/#website\",\"url\":\"https:\/\/aeronoticias.com.pe\/noticiero\/\",\"name\":\"Aeronoticias.com.pe\",\"description\":\"Noticias de tranporte aereo, turismo, hoteles, gastronomia, actualidad, internacional\",\"potentialAction\":[{\"@type\":\"SearchAction\",\"target\":{\"@type\":\"EntryPoint\",\"urlTemplate\":\"https:\/\/aeronoticias.com.pe\/noticiero\/?s={search_term_string}\"},\"query-input\":{\"@type\":\"PropertyValueSpecification\",\"valueRequired\":true,\"valueName\":\"search_term_string\"}}],\"inLanguage\":\"es\"},{\"@type\":\"Person\",\"@id\":\"https:\/\/aeronoticias.com.pe\/noticiero\/#\/schema\/person\/fc1e5d578f4b62ba1cf7ac2bba1170a0\",\"name\":\"Redacci\u00f3n Aeronoticias\",\"url\":\"https:\/\/aeronoticias.com.pe\/noticiero\/author\/piloto\/\"}]}<\/script>\n<!-- \/ Yoast SEO plugin. -->","yoast_head_json":{"title":"Gerardo Martino ser\u00eda el pr\u00f3ximo t\u00e9cnico de la selecci\u00f3n argentina","description":"Portal de noticias del Per\u00fa sobre el transporte a\u00e9reo, aviaci\u00f3n, turismo, hoteleria, actualidad.","robots":{"index":"index","follow":"follow","max-snippet":"max-snippet:-1","max-image-preview":"max-image-preview:large","max-video-preview":"max-video-preview:-1"},"canonical":"https:\/\/aeronoticias.com.pe\/noticiero\/deportes\/gerardo-martino-seria-el-proximo-tecnico-de-la-seleccion-argentina\/","og_locale":"es_ES","og_type":"article","og_title":"Gerardo Martino ser\u00eda el pr\u00f3ximo t\u00e9cnico de la selecci\u00f3n argentina","og_description":"Portal de noticias del Per\u00fa sobre el transporte a\u00e9reo, aviaci\u00f3n, turismo, hoteleria, actualidad.","og_url":"https:\/\/aeronoticias.com.pe\/noticiero\/deportes\/gerardo-martino-seria-el-proximo-tecnico-de-la-seleccion-argentina\/","og_site_name":"Aeronoticias.com.pe","article_publisher":"https:\/\/www.facebook.com\/Aeronoticias.com.pe\/","article_published_time":"2014-08-06T16:58:42+00:00","og_image":[{"url":"https:\/\/pbs.twimg.com\/media\/BuUMKxuIcAAJfJZ.jpg","type":"","width":"","height":""}],"author":"Redacci\u00f3n Aeronoticias","twitter_card":"summary_large_image","twitter_creator":"@aeronoticias","twitter_site":"@aeronoticias","twitter_misc":{"Escrito por":"Redacci\u00f3n Aeronoticias","Tiempo de lectura":"1 minuto"},"schema":{"@context":"https:\/\/schema.org","@graph":[{"@type":"WebPage","@id":"https:\/\/aeronoticias.com.pe\/noticiero\/deportes\/gerardo-martino-seria-el-proximo-tecnico-de-la-seleccion-argentina\/","url":"https:\/\/aeronoticias.com.pe\/noticiero\/deportes\/gerardo-martino-seria-el-proximo-tecnico-de-la-seleccion-argentina\/","name":"Gerardo Martino ser\u00eda el pr\u00f3ximo t\u00e9cnico de la selecci\u00f3n argentina","isPartOf":{"@id":"https:\/\/aeronoticias.com.pe\/noticiero\/#website"},"primaryImageOfPage":{"@id":"https:\/\/aeronoticias.com.pe\/noticiero\/deportes\/gerardo-martino-seria-el-proximo-tecnico-de-la-seleccion-argentina\/#primaryimage"},"image":{"@id":"https:\/\/aeronoticias.com.pe\/noticiero\/deportes\/gerardo-martino-seria-el-proximo-tecnico-de-la-seleccion-argentina\/#primaryimage"},"thumbnailUrl":"https:\/\/pbs.twimg.com\/media\/BuUMKxuIcAAJfJZ.jpg","datePublished":"2014-08-06T16:58:42+00:00","author":{"@id":"https:\/\/aeronoticias.com.pe\/noticiero\/#\/schema\/person\/fc1e5d578f4b62ba1cf7ac2bba1170a0"},"description":"Portal de noticias del Per\u00fa sobre el transporte a\u00e9reo, aviaci\u00f3n, turismo, hoteleria, actualidad.","breadcrumb":{"@id":"https:\/\/aeronoticias.com.pe\/noticiero\/deportes\/gerardo-martino-seria-el-proximo-tecnico-de-la-seleccion-argentina\/#breadcrumb"},"inLanguage":"es","potentialAction":[{"@type":"ReadAction","target":["https:\/\/aeronoticias.com.pe\/noticiero\/deportes\/gerardo-martino-seria-el-proximo-tecnico-de-la-seleccion-argentina\/"]}]},{"@type":"ImageObject","inLanguage":"es","@id":"https:\/\/aeronoticias.com.pe\/noticiero\/deportes\/gerardo-martino-seria-el-proximo-tecnico-de-la-seleccion-argentina\/#primaryimage","url":"https:\/\/pbs.twimg.com\/media\/BuUMKxuIcAAJfJZ.jpg","contentUrl":"https:\/\/pbs.twimg.com\/media\/BuUMKxuIcAAJfJZ.jpg"},{"@type":"BreadcrumbList","@id":"https:\/\/aeronoticias.com.pe\/noticiero\/deportes\/gerardo-martino-seria-el-proximo-tecnico-de-la-seleccion-argentina\/#breadcrumb","itemListElement":[{"@type":"ListItem","position":1,"name":"Portada","item":"https:\/\/aeronoticias.com.pe\/noticiero\/"},{"@type":"ListItem","position":2,"name":"Gerardo Martino ser\u00eda el pr\u00f3ximo t\u00e9cnico de la selecci\u00f3n argentina"}]},{"@type":"WebSite","@id":"https:\/\/aeronoticias.com.pe\/noticiero\/#website","url":"https:\/\/aeronoticias.com.pe\/noticiero\/","name":"Aeronoticias.com.pe","description":"Noticias de tranporte aereo, turismo, hoteles, gastronomia, actualidad, internacional","potentialAction":[{"@type":"SearchAction","target":{"@type":"EntryPoint","urlTemplate":"https:\/\/aeronoticias.com.pe\/noticiero\/?s={search_term_string}"},"query-input":{"@type":"PropertyValueSpecification","valueRequired":true,"valueName":"search_term_string"}}],"inLanguage":"es"},{"@type":"Person","@id":"https:\/\/aeronoticias.com.pe\/noticiero\/#\/schema\/person\/fc1e5d578f4b62ba1cf7ac2bba1170a0","name":"Redacci\u00f3n Aeronoticias","url":"https:\/\/aeronoticias.com.pe\/noticiero\/author\/piloto\/"}]}},"_links":{"self":[{"href":"https:\/\/aeronoticias.com.pe\/noticiero\/wp-json\/wp\/v2\/posts\/47898","targetHints":{"allow":["GET"]}}],"collection":[{"href":"https:\/\/aeronoticias.com.pe\/noticiero\/wp-json\/wp\/v2\/posts"}],"about":[{"href":"https:\/\/aeronoticias.com.pe\/noticiero\/wp-json\/wp\/v2\/types\/post"}],"author":[{"embeddable":true,"href":"https:\/\/aeronoticias.com.pe\/noticiero\/wp-json\/wp\/v2\/users\/1"}],"replies":[{"embeddable":true,"href":"https:\/\/aeronoticias.com.pe\/noticiero\/wp-json\/wp\/v2\/comments?post=47898"}],"version-history":[{"count":0,"href":"https:\/\/aeronoticias.com.pe\/noticiero\/wp-json\/wp\/v2\/posts\/47898\/revisions"}],"wp:attachment":[{"href":"https:\/\/aeronoticias.com.pe\/noticiero\/wp-json\/wp\/v2\/media?parent=47898"}],"wp:term":[{"taxonomy":"category","embeddable":true,"href":"https:\/\/aeronoticias.com.pe\/noticiero\/wp-json\/wp\/v2\/categories?post=47898"},{"taxonomy":"post_tag","embeddable":true,"href":"https:\/\/aeronoticias.com.pe\/noticiero\/wp-json\/wp\/v2\/tags?post=47898"}],"curies":[{"name":"wp","href":"https:\/\/api.w.org\/{rel}","templated":true}]}}