{"id":47899,"date":"2014-08-06T17:04:15","date_gmt":"2014-08-06T17:04:15","guid":{"rendered":"http:\/\/desarrollo.mcvicious.com\/aero2020\/2014\/08\/06\/colombia-diez-anos-de-carcel-a-pasajero-que-intento-llevar-12-kilos-de-cocaina\/"},"modified":"2014-08-06T17:04:15","modified_gmt":"2014-08-06T17:04:15","slug":"colombia-diez-anos-de-carcel-a-pasajero-que-intento-llevar-12-kilos-de-cocaina","status":"publish","type":"post","link":"https:\/\/aeronoticias.com.pe\/noticiero\/49\/colombia-diez-anos-de-carcel-a-pasajero-que-intento-llevar-12-kilos-de-cocaina\/","title":{"rendered":"Colombia: Diez a\u00f1os de c\u00e1rcel a pasajero que intent\u00f3 llevar 12 kilos de coca\u00edna"},"content":{"rendered":"<p><strong>(Aeronoticias)<\/strong>.- De nada le sirvi\u00f3 al ciudadano colombiano Jos\u00e9 Bernal haber abandonado su maleta con 12 kilos de coca\u00edna en el Aeropuerto Internacional El Dorado, pues las autoridades policiales le detuvieron una vez detectaron la droga en su equipaje.<\/p>\n<p>Por ello, recientemente fue sentenciado a 10 a\u00f1os y 8 meses de c\u00e1rcel.<\/p>\n<p>Bernal Rozo, de 50 a\u00f1os, pretendi\u00f3 trasladar a Espa\u00f1a los 12 kilos de droga el 10 de octubre de 2012. No obstante, al percatarse de que la Polic\u00eda descubrieron su intenci\u00f3n,\u00a0<span style=\"line-height: 1.3em;\">fallidamente<\/span><span style=\"line-height: 1.3em;\"> <\/span><span style=\"line-height: 1.3em;\">trat\u00f3 de huir.<\/span><\/p>\n<p>Las autoridades judiciales adem\u00e1s multaron a Bernal con un monto no revelado a\u00fan, seg\u00fan el Juzgado Octavo Penal del Circuito Especializado de Bogot\u00e1.<\/p>\n<p>Con informaci\u00f3n de <a href=\"http:\/\/www.ntn24.com\/noticia\/sentenciado-a-diez-anos-de-prision-colombiano-que-dejo-maleta-con-12-kilos-de-cocaina-en-aeropuerto-21319\" target=\"_blank\" rel=\"noopener noreferrer\"><span style=\"text-decoration: underline;\"><em><strong>NTN 24<\/strong><\/em><\/span><\/a>.<\/p>\n<p><img decoding=\"async\" src=\"images\/stories\/14\/08\/060814\/drug.jpg\" border=\"0\" \/><\/p>\n","protected":false},"excerpt":{"rendered":"<p>(Aeronoticias).- De nada le sirvi\u00f3 al ciudadano colombiano Jos\u00e9 Bernal haber abandonado su maleta con 12 kilos de coca\u00edna en el Aeropuerto Internacional El Dorado, pues las autoridades policiales le detuvieron una vez detectaron la droga en su equipaje. Por ello, recientemente fue sentenciado a 10 a\u00f1os y 8 meses de c\u00e1rcel. Bernal Rozo, de [&hellip;]<\/p>\n","protected":false},"author":1,"featured_media":0,"comment_status":"open","ping_status":"open","sticky":false,"template":"","format":"standard","meta":{"tdm_status":"","tdm_grid_status":"","footnotes":""},"categories":[39],"tags":[],"class_list":{"0":"post-47899","1":"post","2":"type-post","3":"status-publish","4":"format-standard","6":"category-39"},"yoast_head":"<!-- This site is optimized with the Yoast SEO plugin v25.1 - https:\/\/yoast.com\/wordpress\/plugins\/seo\/ -->\n<title>Colombia: Diez a\u00f1os de c\u00e1rcel a pasajero que intent\u00f3 llevar 12 kilos de coca\u00edna<\/title>\n<meta name=\"description\" content=\"Portal de noticias del Per\u00fa sobre el transporte a\u00e9reo, aviaci\u00f3n, turismo, hoteleria, actualidad.\" \/>\n<meta name=\"robots\" content=\"index, follow, max-snippet:-1, max-image-preview:large, max-video-preview:-1\" \/>\n<link rel=\"canonical\" href=\"https:\/\/aeronoticias.com.pe\/noticiero\/49\/colombia-diez-anos-de-carcel-a-pasajero-que-intento-llevar-12-kilos-de-cocaina\/\" \/>\n<meta property=\"og:locale\" content=\"es_ES\" \/>\n<meta property=\"og:type\" content=\"article\" \/>\n<meta property=\"og:title\" content=\"Colombia: Diez a\u00f1os de c\u00e1rcel a pasajero que intent\u00f3 llevar 12 kilos de coca\u00edna\" \/>\n<meta property=\"og:description\" content=\"Portal de noticias del Per\u00fa sobre el transporte a\u00e9reo, aviaci\u00f3n, turismo, hoteleria, actualidad.\" \/>\n<meta property=\"og:url\" content=\"https:\/\/aeronoticias.com.pe\/noticiero\/49\/colombia-diez-anos-de-carcel-a-pasajero-que-intento-llevar-12-kilos-de-cocaina\/\" \/>\n<meta property=\"og:site_name\" content=\"Aeronoticias.com.pe\" \/>\n<meta property=\"article:publisher\" content=\"https:\/\/www.facebook.com\/Aeronoticias.com.pe\/\" \/>\n<meta property=\"article:published_time\" content=\"2014-08-06T17:04:15+00:00\" \/>\n<meta name=\"author\" content=\"Redacci\u00f3n Aeronoticias\" \/>\n<meta name=\"twitter:card\" content=\"summary_large_image\" \/>\n<meta name=\"twitter:creator\" content=\"@aeronoticias\" \/>\n<meta name=\"twitter:site\" content=\"@aeronoticias\" \/>\n<meta name=\"twitter:label1\" content=\"Escrito por\" \/>\n\t<meta name=\"twitter:data1\" content=\"Redacci\u00f3n Aeronoticias\" \/>\n\t<meta name=\"twitter:label2\" content=\"Tiempo de lectura\" \/>\n\t<meta name=\"twitter:data2\" content=\"1 minuto\" \/>\n<script type=\"application\/ld+json\" class=\"yoast-schema-graph\">{\"@context\":\"https:\/\/schema.org\",\"@graph\":[{\"@type\":\"WebPage\",\"@id\":\"https:\/\/aeronoticias.com.pe\/noticiero\/49\/colombia-diez-anos-de-carcel-a-pasajero-que-intento-llevar-12-kilos-de-cocaina\/\",\"url\":\"https:\/\/aeronoticias.com.pe\/noticiero\/49\/colombia-diez-anos-de-carcel-a-pasajero-que-intento-llevar-12-kilos-de-cocaina\/\",\"name\":\"Colombia: Diez a\u00f1os de c\u00e1rcel a pasajero que intent\u00f3 llevar 12 kilos de coca\u00edna\",\"isPartOf\":{\"@id\":\"https:\/\/aeronoticias.com.pe\/noticiero\/#website\"},\"datePublished\":\"2014-08-06T17:04:15+00:00\",\"author\":{\"@id\":\"https:\/\/aeronoticias.com.pe\/noticiero\/#\/schema\/person\/fc1e5d578f4b62ba1cf7ac2bba1170a0\"},\"description\":\"Portal de noticias del Per\u00fa sobre el transporte a\u00e9reo, aviaci\u00f3n, turismo, hoteleria, actualidad.\",\"breadcrumb\":{\"@id\":\"https:\/\/aeronoticias.com.pe\/noticiero\/49\/colombia-diez-anos-de-carcel-a-pasajero-que-intento-llevar-12-kilos-de-cocaina\/#breadcrumb\"},\"inLanguage\":\"es\",\"potentialAction\":[{\"@type\":\"ReadAction\",\"target\":[\"https:\/\/aeronoticias.com.pe\/noticiero\/49\/colombia-diez-anos-de-carcel-a-pasajero-que-intento-llevar-12-kilos-de-cocaina\/\"]}]},{\"@type\":\"BreadcrumbList\",\"@id\":\"https:\/\/aeronoticias.com.pe\/noticiero\/49\/colombia-diez-anos-de-carcel-a-pasajero-que-intento-llevar-12-kilos-de-cocaina\/#breadcrumb\",\"itemListElement\":[{\"@type\":\"ListItem\",\"position\":1,\"name\":\"Portada\",\"item\":\"https:\/\/aeronoticias.com.pe\/noticiero\/\"},{\"@type\":\"ListItem\",\"position\":2,\"name\":\"Colombia: Diez a\u00f1os de c\u00e1rcel a pasajero que intent\u00f3 llevar 12 kilos de coca\u00edna\"}]},{\"@type\":\"WebSite\",\"@id\":\"https:\/\/aeronoticias.com.pe\/noticiero\/#website\",\"url\":\"https:\/\/aeronoticias.com.pe\/noticiero\/\",\"name\":\"Aeronoticias.com.pe\",\"description\":\"Noticias de tranporte aereo, turismo, hoteles, gastronomia, actualidad, internacional\",\"potentialAction\":[{\"@type\":\"SearchAction\",\"target\":{\"@type\":\"EntryPoint\",\"urlTemplate\":\"https:\/\/aeronoticias.com.pe\/noticiero\/?s={search_term_string}\"},\"query-input\":{\"@type\":\"PropertyValueSpecification\",\"valueRequired\":true,\"valueName\":\"search_term_string\"}}],\"inLanguage\":\"es\"},{\"@type\":\"Person\",\"@id\":\"https:\/\/aeronoticias.com.pe\/noticiero\/#\/schema\/person\/fc1e5d578f4b62ba1cf7ac2bba1170a0\",\"name\":\"Redacci\u00f3n Aeronoticias\",\"url\":\"https:\/\/aeronoticias.com.pe\/noticiero\/author\/piloto\/\"}]}<\/script>\n<!-- \/ Yoast SEO plugin. -->","yoast_head_json":{"title":"Colombia: Diez a\u00f1os de c\u00e1rcel a pasajero que intent\u00f3 llevar 12 kilos de coca\u00edna","description":"Portal de noticias del Per\u00fa sobre el transporte a\u00e9reo, aviaci\u00f3n, turismo, hoteleria, actualidad.","robots":{"index":"index","follow":"follow","max-snippet":"max-snippet:-1","max-image-preview":"max-image-preview:large","max-video-preview":"max-video-preview:-1"},"canonical":"https:\/\/aeronoticias.com.pe\/noticiero\/49\/colombia-diez-anos-de-carcel-a-pasajero-que-intento-llevar-12-kilos-de-cocaina\/","og_locale":"es_ES","og_type":"article","og_title":"Colombia: Diez a\u00f1os de c\u00e1rcel a pasajero que intent\u00f3 llevar 12 kilos de coca\u00edna","og_description":"Portal de noticias del Per\u00fa sobre el transporte a\u00e9reo, aviaci\u00f3n, turismo, hoteleria, actualidad.","og_url":"https:\/\/aeronoticias.com.pe\/noticiero\/49\/colombia-diez-anos-de-carcel-a-pasajero-que-intento-llevar-12-kilos-de-cocaina\/","og_site_name":"Aeronoticias.com.pe","article_publisher":"https:\/\/www.facebook.com\/Aeronoticias.com.pe\/","article_published_time":"2014-08-06T17:04:15+00:00","author":"Redacci\u00f3n Aeronoticias","twitter_card":"summary_large_image","twitter_creator":"@aeronoticias","twitter_site":"@aeronoticias","twitter_misc":{"Escrito por":"Redacci\u00f3n Aeronoticias","Tiempo de lectura":"1 minuto"},"schema":{"@context":"https:\/\/schema.org","@graph":[{"@type":"WebPage","@id":"https:\/\/aeronoticias.com.pe\/noticiero\/49\/colombia-diez-anos-de-carcel-a-pasajero-que-intento-llevar-12-kilos-de-cocaina\/","url":"https:\/\/aeronoticias.com.pe\/noticiero\/49\/colombia-diez-anos-de-carcel-a-pasajero-que-intento-llevar-12-kilos-de-cocaina\/","name":"Colombia: Diez a\u00f1os de c\u00e1rcel a pasajero que intent\u00f3 llevar 12 kilos de coca\u00edna","isPartOf":{"@id":"https:\/\/aeronoticias.com.pe\/noticiero\/#website"},"datePublished":"2014-08-06T17:04:15+00:00","author":{"@id":"https:\/\/aeronoticias.com.pe\/noticiero\/#\/schema\/person\/fc1e5d578f4b62ba1cf7ac2bba1170a0"},"description":"Portal de noticias del Per\u00fa sobre el transporte a\u00e9reo, aviaci\u00f3n, turismo, hoteleria, actualidad.","breadcrumb":{"@id":"https:\/\/aeronoticias.com.pe\/noticiero\/49\/colombia-diez-anos-de-carcel-a-pasajero-que-intento-llevar-12-kilos-de-cocaina\/#breadcrumb"},"inLanguage":"es","potentialAction":[{"@type":"ReadAction","target":["https:\/\/aeronoticias.com.pe\/noticiero\/49\/colombia-diez-anos-de-carcel-a-pasajero-que-intento-llevar-12-kilos-de-cocaina\/"]}]},{"@type":"BreadcrumbList","@id":"https:\/\/aeronoticias.com.pe\/noticiero\/49\/colombia-diez-anos-de-carcel-a-pasajero-que-intento-llevar-12-kilos-de-cocaina\/#breadcrumb","itemListElement":[{"@type":"ListItem","position":1,"name":"Portada","item":"https:\/\/aeronoticias.com.pe\/noticiero\/"},{"@type":"ListItem","position":2,"name":"Colombia: Diez a\u00f1os de c\u00e1rcel a pasajero que intent\u00f3 llevar 12 kilos de coca\u00edna"}]},{"@type":"WebSite","@id":"https:\/\/aeronoticias.com.pe\/noticiero\/#website","url":"https:\/\/aeronoticias.com.pe\/noticiero\/","name":"Aeronoticias.com.pe","description":"Noticias de tranporte aereo, turismo, hoteles, gastronomia, actualidad, internacional","potentialAction":[{"@type":"SearchAction","target":{"@type":"EntryPoint","urlTemplate":"https:\/\/aeronoticias.com.pe\/noticiero\/?s={search_term_string}"},"query-input":{"@type":"PropertyValueSpecification","valueRequired":true,"valueName":"search_term_string"}}],"inLanguage":"es"},{"@type":"Person","@id":"https:\/\/aeronoticias.com.pe\/noticiero\/#\/schema\/person\/fc1e5d578f4b62ba1cf7ac2bba1170a0","name":"Redacci\u00f3n Aeronoticias","url":"https:\/\/aeronoticias.com.pe\/noticiero\/author\/piloto\/"}]}},"_links":{"self":[{"href":"https:\/\/aeronoticias.com.pe\/noticiero\/wp-json\/wp\/v2\/posts\/47899","targetHints":{"allow":["GET"]}}],"collection":[{"href":"https:\/\/aeronoticias.com.pe\/noticiero\/wp-json\/wp\/v2\/posts"}],"about":[{"href":"https:\/\/aeronoticias.com.pe\/noticiero\/wp-json\/wp\/v2\/types\/post"}],"author":[{"embeddable":true,"href":"https:\/\/aeronoticias.com.pe\/noticiero\/wp-json\/wp\/v2\/users\/1"}],"replies":[{"embeddable":true,"href":"https:\/\/aeronoticias.com.pe\/noticiero\/wp-json\/wp\/v2\/comments?post=47899"}],"version-history":[{"count":0,"href":"https:\/\/aeronoticias.com.pe\/noticiero\/wp-json\/wp\/v2\/posts\/47899\/revisions"}],"wp:attachment":[{"href":"https:\/\/aeronoticias.com.pe\/noticiero\/wp-json\/wp\/v2\/media?parent=47899"}],"wp:term":[{"taxonomy":"category","embeddable":true,"href":"https:\/\/aeronoticias.com.pe\/noticiero\/wp-json\/wp\/v2\/categories?post=47899"},{"taxonomy":"post_tag","embeddable":true,"href":"https:\/\/aeronoticias.com.pe\/noticiero\/wp-json\/wp\/v2\/tags?post=47899"}],"curies":[{"name":"wp","href":"https:\/\/api.w.org\/{rel}","templated":true}]}}