{"id":47900,"date":"2014-08-06T17:24:29","date_gmt":"2014-08-06T17:24:29","guid":{"rendered":"http:\/\/desarrollo.mcvicious.com\/aero2020\/2014\/08\/06\/vuelos-europeos-destino-a-asia-tendrian-que-sobrevolar-el-polo-norte-por-las-sanciones\/"},"modified":"2014-08-06T17:24:29","modified_gmt":"2014-08-06T17:24:29","slug":"vuelos-europeos-destino-a-asia-tendrian-que-sobrevolar-el-polo-norte-por-las-sanciones","status":"publish","type":"post","link":"https:\/\/aeronoticias.com.pe\/noticiero\/transporte-aereo\/internacional\/vuelos-europeos-destino-a-asia-tendrian-que-sobrevolar-el-polo-norte-por-las-sanciones\/","title":{"rendered":"Aerol\u00edneas europeas con destino a Asia cambiar\u00e1n ruta al Polo Norte por sanciones"},"content":{"rendered":"<p style=\"text-align: justify;\"><img decoding=\"async\" src=\"images\/stories\/14\/08\/060814\/a11.jpg\" border=\"0\" \/><\/p>\n<p style=\"text-align: justify;\"><strong>(Aeronoticias).- Rusia podr\u00eda responder a las sanciones contra sus compa\u00f1\u00edas a\u00e9reas obligando a las europeas a modificar sus rutas a\u00e9reas hacia Asia, lo que las desviar\u00eda al Polo Norte.<\/strong><\/p>\n<p style=\"text-align: justify;\">\u00a0<\/p>\n<p>  <!--more-->  <\/p>\n<p>Las sanciones que Rusia impondr\u00eda a las compa\u00f1\u00edas a\u00e9reas extranjeras podr\u00edan resultar en el encarecimiento del precio de las tasas por utilizar el &#8216;corredor a\u00e9reo transiberiano&#8217; o incluso en la prohibici\u00f3n del acceso al mismo. Ello las obligar\u00eda a hacer uso de otras rutas a\u00e9reas, como la que sobrevuela el Polo Norte. Lo advierte el portavoz de la Asociaci\u00f3n de Pilotos Belga, Francis Uyttenhove, en declaraciones recogidas por la agencia Itar-Tass.<\/p>\n<p>\u00a0<\/p>\n<p style=\"text-align: justify;\">La ruta transiberiana es la m\u00e1s corta de las existentes entre Europa y Asia, ya que permite reducir el viaje en 4.000 kil\u00f3metros (unas dos horas de diferencia) y ahorrar a las compa\u00f1\u00edas 30.000 d\u00f3lares. El cierre de esta ruta aumentar\u00eda la duraci\u00f3n del viaje y el gasto de combustible en general a las aerol\u00edneas europeas.<\/p>\n<p style=\"text-align: justify;\">Por ejemplo, para volar desde Madrid hasta Tokio con una aerol\u00ednea europea, el avi\u00f3n se ver\u00eda obligado a volar a trav\u00e9s del mar Mediterr\u00e1neo, cruzando Oriente Medio (Irak, Ir\u00e1n, Afganist\u00e1n o Siria) y la India hasta llegar a Jap\u00f3n. Si el avi\u00f3n quisiera llegara al mismo destino pero esta vez desde \u00c1msterdam, tendr\u00eda que cruzar todo el Polo Norte y sobrevolar Alaska y parte del oc\u00e9ano Pac\u00edfico hasta llegar a Jap\u00f3n.<\/p>\n<p style=\"text-align: justify;\">Las p\u00e9rdidas para las aerol\u00edneas europeas ser\u00edan cuantiosas, pues su ahorro econ\u00f3mico es bastante considerable utilizando la ruta transiberiana. Las compa\u00f1\u00edas se ver\u00edan igualmente obligadas a subir el precio de sus vuelos que, en opini\u00f3n de Uyttenhove, ser\u00edan hasta un 70% m\u00e1s caros. Ello afectar\u00eda a sus potenciales clientes, quienes dudar\u00edan a la hora de comprar vuelos a precios tan elevados.<\/p>\n<p style=\"text-align: justify;\">Los pa\u00edses occidentales han de pensar c\u00f3mo les afectar\u00eda a sus consumidores y empresas la posible imposici\u00f3n de sanciones, sugiri\u00f3 el ministro de Exteriores ruso, Sergu\u00e9i Lavrov. \u00abNo abogo por las prohibiciones ni por crear verdaderos problemas para los pasajeros, ciudadanos de a pie que no tienen nada que ver con lo que hacen en Ucrania los que desencadenaron esta guerra\u00bb, afirm\u00f3 Lavrov.<\/p>\n<p style=\"text-align: justify;\">Los ministerios de Exteriores y de Transporte rusos, junto a la asociaci\u00f3n de aerol\u00edneas rusas, estudian c\u00f3mo responder a las sanciones impuestas por la Uni\u00f3n Europea a la aerol\u00ednea rusa Dobrolet, que es filial de Aeroflot.<\/p>\n<p style=\"text-align: justify;\">\u00a0<\/p>\n<p style=\"text-align: justify;\">Fuente: <em><strong>RT<\/strong><\/em><\/p>\n<p style=\"text-align: justify;\">Foto: <strong><em>RT<\/em><\/strong><\/p>\n","protected":false},"excerpt":{"rendered":"<p>(Aeronoticias).- Rusia podr\u00eda responder a las sanciones contra sus compa\u00f1\u00edas a\u00e9reas obligando a las europeas a modificar sus rutas a\u00e9reas hacia Asia, lo que las desviar\u00eda al Polo Norte. \u00a0<\/p>\n","protected":false},"author":1,"featured_media":0,"comment_status":"open","ping_status":"open","sticky":false,"template":"","format":"standard","meta":{"tdm_status":"","tdm_grid_status":"","footnotes":""},"categories":[32],"tags":[],"class_list":{"0":"post-47900","1":"post","2":"type-post","3":"status-publish","4":"format-standard","6":"category-internacional"},"yoast_head":"<!-- This site is optimized with the Yoast SEO plugin v25.1 - https:\/\/yoast.com\/wordpress\/plugins\/seo\/ -->\n<title>Aerol\u00edneas europeas con destino a Asia cambiar\u00e1n ruta al Polo Norte por sanciones<\/title>\n<meta name=\"description\" content=\"Portal de noticias del Per\u00fa sobre el transporte a\u00e9reo, aviaci\u00f3n, turismo, hoteleria, actualidad.\" \/>\n<meta name=\"robots\" content=\"index, follow, max-snippet:-1, max-image-preview:large, max-video-preview:-1\" \/>\n<link rel=\"canonical\" href=\"https:\/\/aeronoticias.com.pe\/noticiero\/transporte-aereo\/internacional\/vuelos-europeos-destino-a-asia-tendrian-que-sobrevolar-el-polo-norte-por-las-sanciones\/\" \/>\n<meta property=\"og:locale\" content=\"es_ES\" \/>\n<meta property=\"og:type\" content=\"article\" \/>\n<meta property=\"og:title\" content=\"Aerol\u00edneas europeas con destino a Asia cambiar\u00e1n ruta al Polo Norte por sanciones\" \/>\n<meta property=\"og:description\" content=\"Portal de noticias del Per\u00fa sobre el transporte a\u00e9reo, aviaci\u00f3n, turismo, hoteleria, actualidad.\" \/>\n<meta property=\"og:url\" content=\"https:\/\/aeronoticias.com.pe\/noticiero\/transporte-aereo\/internacional\/vuelos-europeos-destino-a-asia-tendrian-que-sobrevolar-el-polo-norte-por-las-sanciones\/\" \/>\n<meta property=\"og:site_name\" content=\"Aeronoticias.com.pe\" \/>\n<meta property=\"article:publisher\" content=\"https:\/\/www.facebook.com\/Aeronoticias.com.pe\/\" \/>\n<meta property=\"article:published_time\" content=\"2014-08-06T17:24:29+00:00\" \/>\n<meta name=\"author\" content=\"Redacci\u00f3n Aeronoticias\" \/>\n<meta name=\"twitter:card\" content=\"summary_large_image\" \/>\n<meta name=\"twitter:creator\" content=\"@aeronoticias\" \/>\n<meta name=\"twitter:site\" content=\"@aeronoticias\" \/>\n<meta name=\"twitter:label1\" content=\"Escrito por\" \/>\n\t<meta name=\"twitter:data1\" content=\"Redacci\u00f3n Aeronoticias\" \/>\n\t<meta name=\"twitter:label2\" content=\"Tiempo de lectura\" \/>\n\t<meta name=\"twitter:data2\" content=\"2 minutos\" \/>\n<script type=\"application\/ld+json\" class=\"yoast-schema-graph\">{\"@context\":\"https:\/\/schema.org\",\"@graph\":[{\"@type\":\"WebPage\",\"@id\":\"https:\/\/aeronoticias.com.pe\/noticiero\/transporte-aereo\/internacional\/vuelos-europeos-destino-a-asia-tendrian-que-sobrevolar-el-polo-norte-por-las-sanciones\/\",\"url\":\"https:\/\/aeronoticias.com.pe\/noticiero\/transporte-aereo\/internacional\/vuelos-europeos-destino-a-asia-tendrian-que-sobrevolar-el-polo-norte-por-las-sanciones\/\",\"name\":\"Aerol\u00edneas europeas con destino a Asia cambiar\u00e1n ruta al Polo Norte por sanciones\",\"isPartOf\":{\"@id\":\"https:\/\/aeronoticias.com.pe\/noticiero\/#website\"},\"datePublished\":\"2014-08-06T17:24:29+00:00\",\"author\":{\"@id\":\"https:\/\/aeronoticias.com.pe\/noticiero\/#\/schema\/person\/fc1e5d578f4b62ba1cf7ac2bba1170a0\"},\"description\":\"Portal de noticias del Per\u00fa sobre el transporte a\u00e9reo, aviaci\u00f3n, turismo, hoteleria, actualidad.\",\"breadcrumb\":{\"@id\":\"https:\/\/aeronoticias.com.pe\/noticiero\/transporte-aereo\/internacional\/vuelos-europeos-destino-a-asia-tendrian-que-sobrevolar-el-polo-norte-por-las-sanciones\/#breadcrumb\"},\"inLanguage\":\"es\",\"potentialAction\":[{\"@type\":\"ReadAction\",\"target\":[\"https:\/\/aeronoticias.com.pe\/noticiero\/transporte-aereo\/internacional\/vuelos-europeos-destino-a-asia-tendrian-que-sobrevolar-el-polo-norte-por-las-sanciones\/\"]}]},{\"@type\":\"BreadcrumbList\",\"@id\":\"https:\/\/aeronoticias.com.pe\/noticiero\/transporte-aereo\/internacional\/vuelos-europeos-destino-a-asia-tendrian-que-sobrevolar-el-polo-norte-por-las-sanciones\/#breadcrumb\",\"itemListElement\":[{\"@type\":\"ListItem\",\"position\":1,\"name\":\"Portada\",\"item\":\"https:\/\/aeronoticias.com.pe\/noticiero\/\"},{\"@type\":\"ListItem\",\"position\":2,\"name\":\"Aerol\u00edneas europeas con destino a Asia cambiar\u00e1n ruta al Polo Norte por sanciones\"}]},{\"@type\":\"WebSite\",\"@id\":\"https:\/\/aeronoticias.com.pe\/noticiero\/#website\",\"url\":\"https:\/\/aeronoticias.com.pe\/noticiero\/\",\"name\":\"Aeronoticias.com.pe\",\"description\":\"Noticias de tranporte aereo, turismo, hoteles, gastronomia, actualidad, internacional\",\"potentialAction\":[{\"@type\":\"SearchAction\",\"target\":{\"@type\":\"EntryPoint\",\"urlTemplate\":\"https:\/\/aeronoticias.com.pe\/noticiero\/?s={search_term_string}\"},\"query-input\":{\"@type\":\"PropertyValueSpecification\",\"valueRequired\":true,\"valueName\":\"search_term_string\"}}],\"inLanguage\":\"es\"},{\"@type\":\"Person\",\"@id\":\"https:\/\/aeronoticias.com.pe\/noticiero\/#\/schema\/person\/fc1e5d578f4b62ba1cf7ac2bba1170a0\",\"name\":\"Redacci\u00f3n Aeronoticias\",\"url\":\"https:\/\/aeronoticias.com.pe\/noticiero\/author\/piloto\/\"}]}<\/script>\n<!-- \/ Yoast SEO plugin. -->","yoast_head_json":{"title":"Aerol\u00edneas europeas con destino a Asia cambiar\u00e1n ruta al Polo Norte por sanciones","description":"Portal de noticias del Per\u00fa sobre el transporte a\u00e9reo, aviaci\u00f3n, turismo, hoteleria, actualidad.","robots":{"index":"index","follow":"follow","max-snippet":"max-snippet:-1","max-image-preview":"max-image-preview:large","max-video-preview":"max-video-preview:-1"},"canonical":"https:\/\/aeronoticias.com.pe\/noticiero\/transporte-aereo\/internacional\/vuelos-europeos-destino-a-asia-tendrian-que-sobrevolar-el-polo-norte-por-las-sanciones\/","og_locale":"es_ES","og_type":"article","og_title":"Aerol\u00edneas europeas con destino a Asia cambiar\u00e1n ruta al Polo Norte por sanciones","og_description":"Portal de noticias del Per\u00fa sobre el transporte a\u00e9reo, aviaci\u00f3n, turismo, hoteleria, actualidad.","og_url":"https:\/\/aeronoticias.com.pe\/noticiero\/transporte-aereo\/internacional\/vuelos-europeos-destino-a-asia-tendrian-que-sobrevolar-el-polo-norte-por-las-sanciones\/","og_site_name":"Aeronoticias.com.pe","article_publisher":"https:\/\/www.facebook.com\/Aeronoticias.com.pe\/","article_published_time":"2014-08-06T17:24:29+00:00","author":"Redacci\u00f3n Aeronoticias","twitter_card":"summary_large_image","twitter_creator":"@aeronoticias","twitter_site":"@aeronoticias","twitter_misc":{"Escrito por":"Redacci\u00f3n Aeronoticias","Tiempo de lectura":"2 minutos"},"schema":{"@context":"https:\/\/schema.org","@graph":[{"@type":"WebPage","@id":"https:\/\/aeronoticias.com.pe\/noticiero\/transporte-aereo\/internacional\/vuelos-europeos-destino-a-asia-tendrian-que-sobrevolar-el-polo-norte-por-las-sanciones\/","url":"https:\/\/aeronoticias.com.pe\/noticiero\/transporte-aereo\/internacional\/vuelos-europeos-destino-a-asia-tendrian-que-sobrevolar-el-polo-norte-por-las-sanciones\/","name":"Aerol\u00edneas europeas con destino a Asia cambiar\u00e1n ruta al Polo Norte por sanciones","isPartOf":{"@id":"https:\/\/aeronoticias.com.pe\/noticiero\/#website"},"datePublished":"2014-08-06T17:24:29+00:00","author":{"@id":"https:\/\/aeronoticias.com.pe\/noticiero\/#\/schema\/person\/fc1e5d578f4b62ba1cf7ac2bba1170a0"},"description":"Portal de noticias del Per\u00fa sobre el transporte a\u00e9reo, aviaci\u00f3n, turismo, hoteleria, actualidad.","breadcrumb":{"@id":"https:\/\/aeronoticias.com.pe\/noticiero\/transporte-aereo\/internacional\/vuelos-europeos-destino-a-asia-tendrian-que-sobrevolar-el-polo-norte-por-las-sanciones\/#breadcrumb"},"inLanguage":"es","potentialAction":[{"@type":"ReadAction","target":["https:\/\/aeronoticias.com.pe\/noticiero\/transporte-aereo\/internacional\/vuelos-europeos-destino-a-asia-tendrian-que-sobrevolar-el-polo-norte-por-las-sanciones\/"]}]},{"@type":"BreadcrumbList","@id":"https:\/\/aeronoticias.com.pe\/noticiero\/transporte-aereo\/internacional\/vuelos-europeos-destino-a-asia-tendrian-que-sobrevolar-el-polo-norte-por-las-sanciones\/#breadcrumb","itemListElement":[{"@type":"ListItem","position":1,"name":"Portada","item":"https:\/\/aeronoticias.com.pe\/noticiero\/"},{"@type":"ListItem","position":2,"name":"Aerol\u00edneas europeas con destino a Asia cambiar\u00e1n ruta al Polo Norte por sanciones"}]},{"@type":"WebSite","@id":"https:\/\/aeronoticias.com.pe\/noticiero\/#website","url":"https:\/\/aeronoticias.com.pe\/noticiero\/","name":"Aeronoticias.com.pe","description":"Noticias de tranporte aereo, turismo, hoteles, gastronomia, actualidad, internacional","potentialAction":[{"@type":"SearchAction","target":{"@type":"EntryPoint","urlTemplate":"https:\/\/aeronoticias.com.pe\/noticiero\/?s={search_term_string}"},"query-input":{"@type":"PropertyValueSpecification","valueRequired":true,"valueName":"search_term_string"}}],"inLanguage":"es"},{"@type":"Person","@id":"https:\/\/aeronoticias.com.pe\/noticiero\/#\/schema\/person\/fc1e5d578f4b62ba1cf7ac2bba1170a0","name":"Redacci\u00f3n Aeronoticias","url":"https:\/\/aeronoticias.com.pe\/noticiero\/author\/piloto\/"}]}},"_links":{"self":[{"href":"https:\/\/aeronoticias.com.pe\/noticiero\/wp-json\/wp\/v2\/posts\/47900","targetHints":{"allow":["GET"]}}],"collection":[{"href":"https:\/\/aeronoticias.com.pe\/noticiero\/wp-json\/wp\/v2\/posts"}],"about":[{"href":"https:\/\/aeronoticias.com.pe\/noticiero\/wp-json\/wp\/v2\/types\/post"}],"author":[{"embeddable":true,"href":"https:\/\/aeronoticias.com.pe\/noticiero\/wp-json\/wp\/v2\/users\/1"}],"replies":[{"embeddable":true,"href":"https:\/\/aeronoticias.com.pe\/noticiero\/wp-json\/wp\/v2\/comments?post=47900"}],"version-history":[{"count":0,"href":"https:\/\/aeronoticias.com.pe\/noticiero\/wp-json\/wp\/v2\/posts\/47900\/revisions"}],"wp:attachment":[{"href":"https:\/\/aeronoticias.com.pe\/noticiero\/wp-json\/wp\/v2\/media?parent=47900"}],"wp:term":[{"taxonomy":"category","embeddable":true,"href":"https:\/\/aeronoticias.com.pe\/noticiero\/wp-json\/wp\/v2\/categories?post=47900"},{"taxonomy":"post_tag","embeddable":true,"href":"https:\/\/aeronoticias.com.pe\/noticiero\/wp-json\/wp\/v2\/tags?post=47900"}],"curies":[{"name":"wp","href":"https:\/\/api.w.org\/{rel}","templated":true}]}}