{"id":47907,"date":"2014-08-06T20:20:13","date_gmt":"2014-08-06T20:20:13","guid":{"rendered":"http:\/\/desarrollo.mcvicious.com\/aero2020\/2014\/08\/06\/alemania-busca-un-millon-de-inmigrantes-para-trabajar\/"},"modified":"2014-08-06T20:20:13","modified_gmt":"2014-08-06T20:20:13","slug":"alemania-busca-un-millon-de-inmigrantes-para-trabajar","status":"publish","type":"post","link":"https:\/\/aeronoticias.com.pe\/noticiero\/internacionales\/alemania-busca-un-millon-de-inmigrantes-para-trabajar\/","title":{"rendered":"Alemania busca un mill\u00f3n de inmigrantes para trabajar"},"content":{"rendered":"<p style=\"text-align: justify;\"><img decoding=\"async\" src=\"images\/stories\/14\/08\/060814\/a13.jpg\" border=\"0\" \/><\/p>\n<p style=\"text-align: justify;\"><strong>(Aeronoticias).- La pujanza del l\u00edder econ\u00f3mico de Europa demanda mano de obra muy calificada. Las convocatorias est\u00e1n abiertas.<\/strong><\/p>\n<p style=\"text-align: justify;\">  <!--more-->  Despu\u00e9s de tan solo unos cuantos meses en Alemania, Cristina Torres sabe que le gustar\u00eda quedarse aqu\u00ed en Berl\u00edn, donde su marido estudia ingenier\u00eda en producci\u00f3n y su hija de 21 meses de edad puede crecer con seguridad.<\/p>\n<p style=\"text-align: justify;\">Torres, de 24 a\u00f1os, dijo que le encantaba vivir sin miedo a la violencia que era una amenaza diaria en su ciudad natal, Veracruz, en M\u00e9xico. Adem\u00e1s Alemania, destac\u00f3, ha hecho mucho por lograr que su familia se sienta bienvenida. Su marido, quien hablaba alem\u00e1n antes de la llegada de la pareja al pa\u00eds, est\u00e1 aqu\u00ed a trav\u00e9s de un programa de becas que Alemania conduce para fomentar que estudiantes brillantes estudien en el pa\u00eds. Este programa le da derecho a Torres de aprender alem\u00e1n sin costo alguno y pudiera concederle permiso para que su familia permanezca de manera definitiva.<\/p>\n<p style=\"text-align: justify;\">Al igual que la mayor\u00eda de los pa\u00edses ricos, Alemania tiene profundas inquietudes con respecto a la inmigraci\u00f3n, alimentados por tensiones raciales y culturales, costos y definiciones en evoluci\u00f3n de identidad nacional. Sin embargo, m\u00e1s que el resto de Europa, su saludable econom\u00eda necesita trabajadores adicionales, particularmente para empleos que requieren de altos niveles de capacitaci\u00f3n y educaci\u00f3n, problema que probablemente se exacerbe a largo plazo por su baja tasa de natalidad. Alemania est\u00e1 intentando ocupar 117,000 empleos en ciencia, tecnolog\u00eda e ingenier\u00eda, brecha que pudiera ensancharse hasta casi un mill\u00f3n para 2020, con base en el Instituto de Colonia para Investigaci\u00f3n Econ\u00f3mica.<\/p>\n<p style=\"text-align: justify;\">As\u00ed que Alemania, en otra \u00e9poca una sociedad relativamente homog\u00e9nea que luch\u00f3 por largo tiempo para asimilar inmigrantes y refugiados provenientes de Turqu\u00eda y otros pa\u00edses relativamente pobres, est\u00e1 compitiendo m\u00e1s decisivamente con Estados Unidos, Reino Unido y otras naciones para atraer y mantener gente educada del extranjero que pueda ayudar a industrias cruciales. Desde 2005, pero en particular a lo largo de los \u00faltimos tres a cinco a\u00f1os, Alemania ha relajado reglas para reconocer calificaciones extranjeras, otorgando permisos de residencia para extranjeros con habilidades y en la descripci\u00f3n de Alemania como una tierra de migraci\u00f3n.<\/p>\n<p style=\"text-align: justify;\">\u201cLos inmigrantes\u201d, not\u00f3 Axel Pl\u00fcnnecke, catedr\u00e1tico en el Instituto Colonia que se especializa en los efectos de la brecha poblacional, \u201cson en verdad importantes para cubrir la escasez de trabajadores\u201d. Actualmente hay \u201cun consenso pol\u00edtico en el sentido que la inmigraci\u00f3n ayuda a Alemania y es realmente buena y \u00fatil\u201d, dijo.<\/p>\n<p style=\"text-align: justify;\">Dado su estatus como la mayor econom\u00eda de Europa, Alemania tambi\u00e9n est\u00e1 atrayendo la mayor\u00eda de los inmigrantes: una hist\u00f3rica ganancia neta de 400,000 el a\u00f1o pasado. T\u00edpicamente, con base en el Instituto Berl\u00edn de Poblaci\u00f3n y Desarrollo, actualmente 35 por ciento de los inmigrantes tiene mayores probabilidades de tener una licenciatura o un diploma m\u00e1s elevado, comparado con 20 por ciento de los alemanes.<\/p>\n<p style=\"text-align: justify;\">Alemania sigue enviando algunas se\u00f1ales mixtas con respecto a la inmigraci\u00f3n. Este mes, la Corte de Justicia Europea fall\u00f3 en contra de una cl\u00e1usula de la ley de inmigraci\u00f3n del pa\u00eds que requer\u00eda que los c\u00f3nyuges de inmigrantes turcos demostraran su dominio del idioma alem\u00e1n antes de que pudieran calificar para una visa.<\/p>\n<p style=\"text-align: justify;\">Reiner Klingholz, director de Instituto Berl\u00edn, dijo que Alemania a\u00fan ten\u00eda trabajo por hacer a fin de atraer extranjeros. \u00abAlemania tiene que posicionarse de manera m\u00e1s firme como una tierra de inmigraci\u00f3n y volver un hecho su &#8216;cultura de bienvenida\u2019, dijo.<\/p>\n<p style=\"text-align: justify;\">Entre el grupo de seis extranjeros que estudia alem\u00e1n con Torres en un colegio administrado por la ciudad en el centro de Berl\u00edn, la \u00fanica que expres\u00f3 cierta duda con respecto a la bienvenida que hab\u00eda recibido fue Pilar Okenve Ramos, de 34 a\u00f1os de edad, quien naci\u00f3 en Espa\u00f1a y cuyo padre es originario de Guinea Ecuatorial. Ella est\u00e1 terminando su doctorado en bioqu\u00edmica y se mud\u00f3 a Berl\u00edn para estar con su novio, quien trabaja para Transparencia Internacional, organizaci\u00f3n de combate a la corrupci\u00f3n.<\/p>\n<p style=\"text-align: justify;\">\u201cSoy negra, soy espa\u00f1ola y mujer\u201d, dijo Ramos. \u201cNunca he tenido problema alguno. Me gustar\u00eda quedarme aqu\u00ed. Realmente me gusta este lugar, pero creo que ellos necesitan cambiar un poco\u201d. Se mostr\u00f3 reacia a ofrecer detalles, pero m\u00e1s adelante dej\u00f3 en claro que algunos amigos y conocidos de origen africano hab\u00edan experimentado el prejuicio. Ella lo expres\u00f3 de la siguiente manera: \u201cEllos nos necesitan, pero vemos que una parte de la gente aqu\u00ed no ve eso\u201d.<\/p>\n<p style=\"text-align: justify;\">Todos los dem\u00e1s en el grupo &#8211; una artista israel\u00ed, un dise\u00f1ador gr\u00e1fico de Espa\u00f1a, una abogada t\u00e1tara de Rusia que est\u00e1 para recibir tratamiento contra el c\u00e1ncer, Torres, as\u00ed como una mujer parisina que hab\u00eda abandonado la vida de una corporaci\u00f3n multinacional en Bangkok para hacer m\u00fasica experimental &#8211; expresaron perspectivas positivas de Alemania, notando que Berl\u00edn, como la capital, es cosmopolita pero a\u00fan relativamente barata. Todas dijeron que pod\u00edan manejar la vida cotidiana hablando ingl\u00e9s, pero sent\u00edan que har\u00eda falta el alem\u00e1n si realmente quer\u00edan hacer una vida aqu\u00ed. La mayor\u00eda paga hasta 150 euros, o aproximadamente 200 d\u00f3lares, por un curso de 10 semanas, reuni\u00e9ndose cinco veces por semana, durante cuatro horas al d\u00eda.<\/p>\n<p style=\"text-align: justify;\">En el esfuerzo de Alemania por atraer extranjeros, han ocurrido algunos contratiempos. En la primavera, informes de prensa relataron a penosa situaci\u00f3n de 128 espa\u00f1oles atra\u00eddos a costa propia a la ciudad oriental de Erfurt por una agencia privada, la cual hizo poco m\u00e1s all\u00e1 de ponerlos en condiciones similares a las de un dormitorio en lo que hab\u00eda sido un centro de capacitaci\u00f3n laboral de la Alemania Oriental. En su mayor\u00eda, fueron absorbidos con el tiempo por programas manejados por el gobierno.<\/p>\n<p style=\"text-align: justify;\">Un programa gubernamental lanzado el a\u00f1o pasado para tratar de atraer gente &#8211; en particular, j\u00f3venes europeos del sur &#8211; a empleos en hoteles, servicios o cuidando de adultos mayores, enfrent\u00f3 problemas en abril.<\/p>\n<p style=\"text-align: justify;\">Aproximadamente 9,000 personas hab\u00edan solicitado ayuda financiera bajo dicho programa, de la cuales la mitad era de Espa\u00f1a. Alarmado debido a que el gobierno no ten\u00eda dinero alguno, el ministerio del trabajo r\u00e1pidamente envi\u00f3 cartas a los aspirantes exhort\u00e1ndolos a tener paciencia.<\/p>\n<p style=\"text-align: justify;\">Con el tiempo, el ministerio inform\u00f3 que hab\u00eda asegurado ayuda financiera para todos aquellos que hubieran presentado su solicitud antes del 8 de abril. Las reglas de 2015 a 2018 siguen siendo negociadas, pero Alemania, el \u00fanico miembro de la Uni\u00f3n Europea que ofrece un programa de ese tipo, tiene programado invertir aproximadamente 760 millones de d\u00f3lares, m\u00e1s de cuatro veces el monto presupuestado originalmente, inform\u00f3 el ministerio del trabajo.<\/p>\n<p style=\"text-align: justify;\">Un estudio preparado para la oficina federal de inmigraci\u00f3n sugiri\u00f3 que aproximadamente 20,000 espa\u00f1oles se mudaron a Alemania de 2011 a 2013. Se cree que las cifras correspondientes a Grecia y Portugal, ambos tambi\u00e9n fuertemente golpeados durante la crisis del euro, son similares<\/p>\n<p style=\"text-align: justify;\">Alemania, famosa por un sistema en el cual combina experiencia laboral y estudio acad\u00e9mico, est\u00e1 buscando extender ese enfoque a inmigrantes. Sin embargo, algunos funcionarios dicen que les preocupa que 20 por ciento de los pupilos de Alemania abandonen la escuela sin calificaciones necesarias para un aprendizaje, con evidencia anecd\u00f3tica que deja entrever que muchos de ellos son de origen turco u otro inmigrante.<\/p>\n<p style=\"text-align: justify;\">La Asociaci\u00f3n de Empleadores Alemanes inform\u00f3 que desde 2004 hab\u00eda intentado garantizar 60,000 nuevas plazas laborales con capacitaci\u00f3n en 30,000 empresas de todos tama\u00f1os. Con la econom\u00eda a\u00fan en crecimiento, esos objetivos han sido superados, pero han existido m\u00e1s puestos disponibles de aprendiz que candidatos calificados para ocuparlos. En todo el pa\u00eds, el desempleo es de 5.2 por ciento, comparado con 11.8 por ciento en general en la eurozona de 18 naciones.<\/p>\n<p style=\"text-align: justify;\">Entre los mayores capacitadores est\u00e1n los famosos fabricantes de autom\u00f3viles de Alemania, el gigante de ingenier\u00eda Siemens, la red estatal del tren Deutsche Bahn y la especialista en telecomunicaciones Deutsche Telekom. Para saber lo que est\u00e1n obteniendo en una contrataci\u00f3n, estas empresas necesitan en su mayor\u00eda ofrecer capacitaci\u00f3n en Alemania, not\u00f3 Pl\u00fcnnecke. Aproximadamente 85 por ciento de los casi 300 millones de d\u00f3lares que Siemens invierte anualmente en la capacitaci\u00f3n de trabajadores se gastan en Alemania, donde alrededor de 10,000 personas ingresan anualmente a v\u00edas duales para experiencia en el puesto laboral combinada con un diploma universitario, explic\u00f3 Michael Friedrich, portavoz de Siemens.<\/p>\n<p style=\"text-align: justify;\">Sin embargo, Siemens ha lanzado programas similares en Estados Unidos y Reino Unido, not\u00f3. Cada a\u00f1o, aproximadamente 1,000 j\u00f3venes provenientes de plantas de Siemens en Reino Unido, Hungr\u00eda y Espa\u00f1a vienen para capacitarse en Alemania, y la empresa selecciona a 30 prometedores europeos al a\u00f1o para un programa de tres y medio a\u00f1os, el cual incluye un examen final en alem\u00e1n antes de que los aprendices regresen a empleos en Siemens en sus pa\u00edses natales. En total, Siemens da empleo a 360,000 personas en todo el mundo, de las cuales menos de la mitad (117,000) est\u00e1n en Alemania.<\/p>\n<p style=\"text-align: justify;\">En general, el intercambio de habilidades y trabajo &#8211; particularmente en empleos de mayor nivel -, as\u00ed como el hecho que aproximadamente 30 por ciento de los 650,000 a 700,000 nacimientos anuales en Alemania son de inmigrantes, significa que uno de cada dos nuevos ciudadanos alemanes tiene ra\u00edces extranjeras, destac\u00f3 Pl\u00fcnnecke.<\/p>\n<p style=\"text-align: justify;\">No est\u00e1 en claro que toda esa oportunidad laboral y mayor apertura hacia extranjeros termine dando como resultado una vida totalmente nueva para Cristina Torres. Sin embargo, su hija est\u00e1 preparada \u201cDe hecho, ella solo dice &#8216;tsch\u00fcss\u2019\u201d, que en alem\u00e1n es \u201cchau chau\u201d, dijo Torres. \u201cElla ya olvid\u00f3 &#8216;hola\u2019 y &#8216;adi\u00f3s\u2019<\/p>\n<p style=\"text-align: justify;\">\u00a0<\/p>\n<p style=\"text-align: justify;\">Fuente: <strong><em>El Espectador<\/em><\/strong><\/p>\n<p style=\"text-align: justify;\">Foto: <strong><em>El Espectador<\/em><\/strong><\/p>\n","protected":false},"excerpt":{"rendered":"<p>(Aeronoticias).- La pujanza del l\u00edder econ\u00f3mico de Europa demanda mano de obra muy calificada. Las convocatorias est\u00e1n abiertas.<\/p>\n","protected":false},"author":1,"featured_media":0,"comment_status":"open","ping_status":"open","sticky":false,"template":"","format":"standard","meta":{"tdm_status":"","tdm_grid_status":"","footnotes":""},"categories":[34],"tags":[],"class_list":{"0":"post-47907","1":"post","2":"type-post","3":"status-publish","4":"format-standard","6":"category-internacionales"},"yoast_head":"<!-- This site is optimized with the Yoast SEO plugin v25.1 - https:\/\/yoast.com\/wordpress\/plugins\/seo\/ -->\n<title>Alemania busca un mill\u00f3n de inmigrantes para trabajar<\/title>\n<meta name=\"description\" content=\"Portal de noticias del Per\u00fa sobre el transporte a\u00e9reo, aviaci\u00f3n, turismo, hoteleria, actualidad.\" \/>\n<meta name=\"robots\" content=\"index, follow, max-snippet:-1, max-image-preview:large, max-video-preview:-1\" \/>\n<link rel=\"canonical\" href=\"https:\/\/aeronoticias.com.pe\/noticiero\/internacionales\/alemania-busca-un-millon-de-inmigrantes-para-trabajar\/\" \/>\n<meta property=\"og:locale\" content=\"es_ES\" \/>\n<meta property=\"og:type\" content=\"article\" \/>\n<meta property=\"og:title\" content=\"Alemania busca un mill\u00f3n de inmigrantes para trabajar\" \/>\n<meta property=\"og:description\" content=\"Portal de noticias del Per\u00fa sobre el transporte a\u00e9reo, aviaci\u00f3n, turismo, hoteleria, actualidad.\" \/>\n<meta property=\"og:url\" content=\"https:\/\/aeronoticias.com.pe\/noticiero\/internacionales\/alemania-busca-un-millon-de-inmigrantes-para-trabajar\/\" \/>\n<meta property=\"og:site_name\" content=\"Aeronoticias.com.pe\" \/>\n<meta property=\"article:publisher\" content=\"https:\/\/www.facebook.com\/Aeronoticias.com.pe\/\" \/>\n<meta property=\"article:published_time\" content=\"2014-08-06T20:20:13+00:00\" \/>\n<meta name=\"author\" content=\"Redacci\u00f3n Aeronoticias\" \/>\n<meta name=\"twitter:card\" content=\"summary_large_image\" \/>\n<meta name=\"twitter:creator\" content=\"@aeronoticias\" \/>\n<meta name=\"twitter:site\" content=\"@aeronoticias\" \/>\n<meta name=\"twitter:label1\" content=\"Escrito por\" \/>\n\t<meta name=\"twitter:data1\" content=\"Redacci\u00f3n Aeronoticias\" \/>\n\t<meta name=\"twitter:label2\" content=\"Tiempo de lectura\" \/>\n\t<meta name=\"twitter:data2\" content=\"8 minutos\" \/>\n<script type=\"application\/ld+json\" class=\"yoast-schema-graph\">{\"@context\":\"https:\/\/schema.org\",\"@graph\":[{\"@type\":\"WebPage\",\"@id\":\"https:\/\/aeronoticias.com.pe\/noticiero\/internacionales\/alemania-busca-un-millon-de-inmigrantes-para-trabajar\/\",\"url\":\"https:\/\/aeronoticias.com.pe\/noticiero\/internacionales\/alemania-busca-un-millon-de-inmigrantes-para-trabajar\/\",\"name\":\"Alemania busca un mill\u00f3n de inmigrantes para trabajar\",\"isPartOf\":{\"@id\":\"https:\/\/aeronoticias.com.pe\/noticiero\/#website\"},\"datePublished\":\"2014-08-06T20:20:13+00:00\",\"author\":{\"@id\":\"https:\/\/aeronoticias.com.pe\/noticiero\/#\/schema\/person\/fc1e5d578f4b62ba1cf7ac2bba1170a0\"},\"description\":\"Portal de noticias del Per\u00fa sobre el transporte a\u00e9reo, aviaci\u00f3n, turismo, hoteleria, actualidad.\",\"breadcrumb\":{\"@id\":\"https:\/\/aeronoticias.com.pe\/noticiero\/internacionales\/alemania-busca-un-millon-de-inmigrantes-para-trabajar\/#breadcrumb\"},\"inLanguage\":\"es\",\"potentialAction\":[{\"@type\":\"ReadAction\",\"target\":[\"https:\/\/aeronoticias.com.pe\/noticiero\/internacionales\/alemania-busca-un-millon-de-inmigrantes-para-trabajar\/\"]}]},{\"@type\":\"BreadcrumbList\",\"@id\":\"https:\/\/aeronoticias.com.pe\/noticiero\/internacionales\/alemania-busca-un-millon-de-inmigrantes-para-trabajar\/#breadcrumb\",\"itemListElement\":[{\"@type\":\"ListItem\",\"position\":1,\"name\":\"Portada\",\"item\":\"https:\/\/aeronoticias.com.pe\/noticiero\/\"},{\"@type\":\"ListItem\",\"position\":2,\"name\":\"Alemania busca un mill\u00f3n de inmigrantes para trabajar\"}]},{\"@type\":\"WebSite\",\"@id\":\"https:\/\/aeronoticias.com.pe\/noticiero\/#website\",\"url\":\"https:\/\/aeronoticias.com.pe\/noticiero\/\",\"name\":\"Aeronoticias.com.pe\",\"description\":\"Noticias de tranporte aereo, turismo, hoteles, gastronomia, actualidad, internacional\",\"potentialAction\":[{\"@type\":\"SearchAction\",\"target\":{\"@type\":\"EntryPoint\",\"urlTemplate\":\"https:\/\/aeronoticias.com.pe\/noticiero\/?s={search_term_string}\"},\"query-input\":{\"@type\":\"PropertyValueSpecification\",\"valueRequired\":true,\"valueName\":\"search_term_string\"}}],\"inLanguage\":\"es\"},{\"@type\":\"Person\",\"@id\":\"https:\/\/aeronoticias.com.pe\/noticiero\/#\/schema\/person\/fc1e5d578f4b62ba1cf7ac2bba1170a0\",\"name\":\"Redacci\u00f3n Aeronoticias\",\"url\":\"https:\/\/aeronoticias.com.pe\/noticiero\/author\/piloto\/\"}]}<\/script>\n<!-- \/ Yoast SEO plugin. -->","yoast_head_json":{"title":"Alemania busca un mill\u00f3n de inmigrantes para trabajar","description":"Portal de noticias del Per\u00fa sobre el transporte a\u00e9reo, aviaci\u00f3n, turismo, hoteleria, actualidad.","robots":{"index":"index","follow":"follow","max-snippet":"max-snippet:-1","max-image-preview":"max-image-preview:large","max-video-preview":"max-video-preview:-1"},"canonical":"https:\/\/aeronoticias.com.pe\/noticiero\/internacionales\/alemania-busca-un-millon-de-inmigrantes-para-trabajar\/","og_locale":"es_ES","og_type":"article","og_title":"Alemania busca un mill\u00f3n de inmigrantes para trabajar","og_description":"Portal de noticias del Per\u00fa sobre el transporte a\u00e9reo, aviaci\u00f3n, turismo, hoteleria, actualidad.","og_url":"https:\/\/aeronoticias.com.pe\/noticiero\/internacionales\/alemania-busca-un-millon-de-inmigrantes-para-trabajar\/","og_site_name":"Aeronoticias.com.pe","article_publisher":"https:\/\/www.facebook.com\/Aeronoticias.com.pe\/","article_published_time":"2014-08-06T20:20:13+00:00","author":"Redacci\u00f3n Aeronoticias","twitter_card":"summary_large_image","twitter_creator":"@aeronoticias","twitter_site":"@aeronoticias","twitter_misc":{"Escrito por":"Redacci\u00f3n Aeronoticias","Tiempo de lectura":"8 minutos"},"schema":{"@context":"https:\/\/schema.org","@graph":[{"@type":"WebPage","@id":"https:\/\/aeronoticias.com.pe\/noticiero\/internacionales\/alemania-busca-un-millon-de-inmigrantes-para-trabajar\/","url":"https:\/\/aeronoticias.com.pe\/noticiero\/internacionales\/alemania-busca-un-millon-de-inmigrantes-para-trabajar\/","name":"Alemania busca un mill\u00f3n de inmigrantes para trabajar","isPartOf":{"@id":"https:\/\/aeronoticias.com.pe\/noticiero\/#website"},"datePublished":"2014-08-06T20:20:13+00:00","author":{"@id":"https:\/\/aeronoticias.com.pe\/noticiero\/#\/schema\/person\/fc1e5d578f4b62ba1cf7ac2bba1170a0"},"description":"Portal de noticias del Per\u00fa sobre el transporte a\u00e9reo, aviaci\u00f3n, turismo, hoteleria, actualidad.","breadcrumb":{"@id":"https:\/\/aeronoticias.com.pe\/noticiero\/internacionales\/alemania-busca-un-millon-de-inmigrantes-para-trabajar\/#breadcrumb"},"inLanguage":"es","potentialAction":[{"@type":"ReadAction","target":["https:\/\/aeronoticias.com.pe\/noticiero\/internacionales\/alemania-busca-un-millon-de-inmigrantes-para-trabajar\/"]}]},{"@type":"BreadcrumbList","@id":"https:\/\/aeronoticias.com.pe\/noticiero\/internacionales\/alemania-busca-un-millon-de-inmigrantes-para-trabajar\/#breadcrumb","itemListElement":[{"@type":"ListItem","position":1,"name":"Portada","item":"https:\/\/aeronoticias.com.pe\/noticiero\/"},{"@type":"ListItem","position":2,"name":"Alemania busca un mill\u00f3n de inmigrantes para trabajar"}]},{"@type":"WebSite","@id":"https:\/\/aeronoticias.com.pe\/noticiero\/#website","url":"https:\/\/aeronoticias.com.pe\/noticiero\/","name":"Aeronoticias.com.pe","description":"Noticias de tranporte aereo, turismo, hoteles, gastronomia, actualidad, internacional","potentialAction":[{"@type":"SearchAction","target":{"@type":"EntryPoint","urlTemplate":"https:\/\/aeronoticias.com.pe\/noticiero\/?s={search_term_string}"},"query-input":{"@type":"PropertyValueSpecification","valueRequired":true,"valueName":"search_term_string"}}],"inLanguage":"es"},{"@type":"Person","@id":"https:\/\/aeronoticias.com.pe\/noticiero\/#\/schema\/person\/fc1e5d578f4b62ba1cf7ac2bba1170a0","name":"Redacci\u00f3n Aeronoticias","url":"https:\/\/aeronoticias.com.pe\/noticiero\/author\/piloto\/"}]}},"_links":{"self":[{"href":"https:\/\/aeronoticias.com.pe\/noticiero\/wp-json\/wp\/v2\/posts\/47907","targetHints":{"allow":["GET"]}}],"collection":[{"href":"https:\/\/aeronoticias.com.pe\/noticiero\/wp-json\/wp\/v2\/posts"}],"about":[{"href":"https:\/\/aeronoticias.com.pe\/noticiero\/wp-json\/wp\/v2\/types\/post"}],"author":[{"embeddable":true,"href":"https:\/\/aeronoticias.com.pe\/noticiero\/wp-json\/wp\/v2\/users\/1"}],"replies":[{"embeddable":true,"href":"https:\/\/aeronoticias.com.pe\/noticiero\/wp-json\/wp\/v2\/comments?post=47907"}],"version-history":[{"count":0,"href":"https:\/\/aeronoticias.com.pe\/noticiero\/wp-json\/wp\/v2\/posts\/47907\/revisions"}],"wp:attachment":[{"href":"https:\/\/aeronoticias.com.pe\/noticiero\/wp-json\/wp\/v2\/media?parent=47907"}],"wp:term":[{"taxonomy":"category","embeddable":true,"href":"https:\/\/aeronoticias.com.pe\/noticiero\/wp-json\/wp\/v2\/categories?post=47907"},{"taxonomy":"post_tag","embeddable":true,"href":"https:\/\/aeronoticias.com.pe\/noticiero\/wp-json\/wp\/v2\/tags?post=47907"}],"curies":[{"name":"wp","href":"https:\/\/api.w.org\/{rel}","templated":true}]}}