{"id":47961,"date":"2014-08-08T16:04:54","date_gmt":"2014-08-08T16:04:54","guid":{"rendered":"http:\/\/desarrollo.mcvicious.com\/aero2020\/2014\/08\/08\/eeuu-prohibe-a-sus-aerolineas-volar-sobre-irak\/"},"modified":"2014-08-08T16:04:54","modified_gmt":"2014-08-08T16:04:54","slug":"eeuu-prohibe-a-sus-aerolineas-volar-sobre-irak","status":"publish","type":"post","link":"https:\/\/aeronoticias.com.pe\/noticiero\/transporte-aereo\/internacional\/eeuu-prohibe-a-sus-aerolineas-volar-sobre-irak\/","title":{"rendered":"EE.UU. toma medidas m\u00e1s dr\u00e1sticas con sus aerol\u00edneas por situaci\u00f3n en Irak"},"content":{"rendered":"<p style=\"text-align: justify;\"><strong><img decoding=\"async\" src=\"images\/stories\/14\/08\/080814\/a4.jpg\" border=\"0\" \/><br \/><\/strong><\/p>\n<p style=\"text-align: justify;\"><strong>(Aeronoticias).- La Administraci\u00f3n Federal de Aviaci\u00f3n (FAA) de EE.UU. ha prohibido a todas las aerol\u00edneas estadounidenses volar sobre cielo iraqu\u00ed por el \u00abpeligro potencial\u00bb que se vive en ese pa\u00eds, informa la NBC News.<\/strong><\/p>\n<p style=\"text-align: justify;\">\u00a0<\/p>\n<p>  <!--more-->  <\/p>\n<p>La FAA indic\u00f3 que la medida se debe al conflicto armado que tiene lugar entre en el norte de Irak entre el movimiento extremista Estado Isl\u00e1mico y las fuerzas de seguridad iraqu\u00edes y bandos aliados.<\/p>\n<p>\u00a0<\/p>\n<p style=\"text-align: justify;\">La medida se aplica a\u00a0<strong>\u00abtodas las compa\u00f1\u00edas a\u00e9reas y operadores comerciales de EE.UU.\u00bb.<\/strong><\/p>\n<p style=\"text-align: justify;\">La Administraci\u00f3n Federal de Aviaci\u00f3n (FAA) de Estados Unidos prohibi\u00f3 hoy a las aerol\u00edneas del pa\u00eds sobrevolar Irak debido al peligro que representa la situaci\u00f3n que se vive en el pa\u00eds \u00e1rabe sumido en combates con los yihadistas del Estado Isl\u00e1mico.\u00bbLa Administraci\u00f3n Federal de Aviaci\u00f3n emiti\u00f3 hoy una notificaci\u00f3n en la que proh\u00edbe a los operadores estadounidenses volar sobre el espacio a\u00e9reo de Irak debido a la situaci\u00f3n peligrosa creada por el conflicto armado\u00bb, indic\u00f3 la agencia en un comunicado.La FAA asegur\u00f3 que la prohibici\u00f3n afecta \u00aba todas las aerol\u00edneas estadounidenses y operadores comerciales\u00bb, as\u00ed como a todos los agentes de aviaci\u00f3n certificados por la agencia federal.La decisi\u00f3n llega despu\u00e9s de que Estados Unidos decidiese atacar hoy unidades de artiller\u00eda de las fuerzas del Estado Isl\u00e1mico (EI) cerca de Erbil, capital del Kurdist\u00e1n iraqu\u00ed, en el norte de Irak.El Pent\u00e1gono especific\u00f3 que dos aviones de guerra lanzaron sendas bombas de 230 kilogramos contra las posiciones de artiller\u00eda yihadistas que hab\u00edan disparado previamente contra las fuerzas kurdas que defienden Erbil, \u00abdonde hay personal estadounidense\u00bb.El jefe del Pent\u00e1gono, Chuck Hagel, quien se encuentra de visita en India, hab\u00eda indicado que las fuerzas militares de Estados Unidos ten\u00edan informaci\u00f3n suficiente como para identificar a los yihadistas y atacarlos si amenazaban los intereses estadounidenses.El pasado d\u00eda 2, la FAA ya hab\u00eda ordenado a las aerol\u00edneas estadounidenses superar los 10.000 metros de altitud cuando sobrevolasen territorio iraqu\u00ed, debido a los \u00abpotenciales peligros\u00bb derivados del conflicto en ese pa\u00eds.Y antes a\u00fan, las compa\u00f1\u00edas a\u00e9reas norteamericanas ten\u00edan instrucciones de no volar por debajo de los 6.100 metros en esa zona, debido al temor de Estados Unidos de que las fuerzas yihadistas de EI, que controlan amplias zonas de Irak, dispongan de misiles antia\u00e9reos.Asimismo, se prohib\u00edan los vuelos hacia y desde los aeropuertos de Erbil y Sulaymaniyah, en el norte de Irak.<\/p>\n<p style=\"text-align: justify;\">\u00a0<\/p>\n<p style=\"text-align: justify;\">Fuente: <strong><em>RT \/ EFE <\/em><\/strong><\/p>\n<p style=\"text-align: justify;\">Foto: <strong><em>EFE<\/em><\/strong><\/p>\n","protected":false},"excerpt":{"rendered":"<p>(Aeronoticias).- La Administraci\u00f3n Federal de Aviaci\u00f3n (FAA) de EE.UU. ha prohibido a todas las aerol\u00edneas estadounidenses volar sobre cielo iraqu\u00ed por el \u00abpeligro potencial\u00bb que se vive en ese pa\u00eds, informa la NBC News. \u00a0<\/p>\n","protected":false},"author":1,"featured_media":0,"comment_status":"open","ping_status":"open","sticky":false,"template":"","format":"standard","meta":{"tdm_status":"","tdm_grid_status":"","footnotes":""},"categories":[32],"tags":[],"class_list":{"0":"post-47961","1":"post","2":"type-post","3":"status-publish","4":"format-standard","6":"category-internacional"},"yoast_head":"<!-- This site is optimized with the Yoast SEO plugin v25.1 - https:\/\/yoast.com\/wordpress\/plugins\/seo\/ -->\n<title>EE.UU. toma medidas m\u00e1s dr\u00e1sticas con sus aerol\u00edneas por situaci\u00f3n en Irak<\/title>\n<meta name=\"description\" content=\"Portal de noticias del Per\u00fa sobre el transporte a\u00e9reo, aviaci\u00f3n, turismo, hoteleria, actualidad.\" \/>\n<meta name=\"robots\" content=\"index, follow, max-snippet:-1, max-image-preview:large, max-video-preview:-1\" \/>\n<link rel=\"canonical\" href=\"https:\/\/aeronoticias.com.pe\/noticiero\/transporte-aereo\/internacional\/eeuu-prohibe-a-sus-aerolineas-volar-sobre-irak\/\" \/>\n<meta property=\"og:locale\" content=\"es_ES\" \/>\n<meta property=\"og:type\" content=\"article\" \/>\n<meta property=\"og:title\" content=\"EE.UU. toma medidas m\u00e1s dr\u00e1sticas con sus aerol\u00edneas por situaci\u00f3n en Irak\" \/>\n<meta property=\"og:description\" content=\"Portal de noticias del Per\u00fa sobre el transporte a\u00e9reo, aviaci\u00f3n, turismo, hoteleria, actualidad.\" \/>\n<meta property=\"og:url\" content=\"https:\/\/aeronoticias.com.pe\/noticiero\/transporte-aereo\/internacional\/eeuu-prohibe-a-sus-aerolineas-volar-sobre-irak\/\" \/>\n<meta property=\"og:site_name\" content=\"Aeronoticias.com.pe\" \/>\n<meta property=\"article:publisher\" content=\"https:\/\/www.facebook.com\/Aeronoticias.com.pe\/\" \/>\n<meta property=\"article:published_time\" content=\"2014-08-08T16:04:54+00:00\" \/>\n<meta name=\"author\" content=\"Redacci\u00f3n Aeronoticias\" \/>\n<meta name=\"twitter:card\" content=\"summary_large_image\" \/>\n<meta name=\"twitter:creator\" content=\"@aeronoticias\" \/>\n<meta name=\"twitter:site\" content=\"@aeronoticias\" \/>\n<meta name=\"twitter:label1\" content=\"Escrito por\" \/>\n\t<meta name=\"twitter:data1\" content=\"Redacci\u00f3n Aeronoticias\" \/>\n\t<meta name=\"twitter:label2\" content=\"Tiempo de lectura\" \/>\n\t<meta name=\"twitter:data2\" content=\"2 minutos\" \/>\n<script type=\"application\/ld+json\" class=\"yoast-schema-graph\">{\"@context\":\"https:\/\/schema.org\",\"@graph\":[{\"@type\":\"WebPage\",\"@id\":\"https:\/\/aeronoticias.com.pe\/noticiero\/transporte-aereo\/internacional\/eeuu-prohibe-a-sus-aerolineas-volar-sobre-irak\/\",\"url\":\"https:\/\/aeronoticias.com.pe\/noticiero\/transporte-aereo\/internacional\/eeuu-prohibe-a-sus-aerolineas-volar-sobre-irak\/\",\"name\":\"EE.UU. toma medidas m\u00e1s dr\u00e1sticas con sus aerol\u00edneas por situaci\u00f3n en Irak\",\"isPartOf\":{\"@id\":\"https:\/\/aeronoticias.com.pe\/noticiero\/#website\"},\"datePublished\":\"2014-08-08T16:04:54+00:00\",\"author\":{\"@id\":\"https:\/\/aeronoticias.com.pe\/noticiero\/#\/schema\/person\/fc1e5d578f4b62ba1cf7ac2bba1170a0\"},\"description\":\"Portal de noticias del Per\u00fa sobre el transporte a\u00e9reo, aviaci\u00f3n, turismo, hoteleria, actualidad.\",\"breadcrumb\":{\"@id\":\"https:\/\/aeronoticias.com.pe\/noticiero\/transporte-aereo\/internacional\/eeuu-prohibe-a-sus-aerolineas-volar-sobre-irak\/#breadcrumb\"},\"inLanguage\":\"es\",\"potentialAction\":[{\"@type\":\"ReadAction\",\"target\":[\"https:\/\/aeronoticias.com.pe\/noticiero\/transporte-aereo\/internacional\/eeuu-prohibe-a-sus-aerolineas-volar-sobre-irak\/\"]}]},{\"@type\":\"BreadcrumbList\",\"@id\":\"https:\/\/aeronoticias.com.pe\/noticiero\/transporte-aereo\/internacional\/eeuu-prohibe-a-sus-aerolineas-volar-sobre-irak\/#breadcrumb\",\"itemListElement\":[{\"@type\":\"ListItem\",\"position\":1,\"name\":\"Portada\",\"item\":\"https:\/\/aeronoticias.com.pe\/noticiero\/\"},{\"@type\":\"ListItem\",\"position\":2,\"name\":\"EE.UU. toma medidas m\u00e1s dr\u00e1sticas con sus aerol\u00edneas por situaci\u00f3n en Irak\"}]},{\"@type\":\"WebSite\",\"@id\":\"https:\/\/aeronoticias.com.pe\/noticiero\/#website\",\"url\":\"https:\/\/aeronoticias.com.pe\/noticiero\/\",\"name\":\"Aeronoticias.com.pe\",\"description\":\"Noticias de tranporte aereo, turismo, hoteles, gastronomia, actualidad, internacional\",\"potentialAction\":[{\"@type\":\"SearchAction\",\"target\":{\"@type\":\"EntryPoint\",\"urlTemplate\":\"https:\/\/aeronoticias.com.pe\/noticiero\/?s={search_term_string}\"},\"query-input\":{\"@type\":\"PropertyValueSpecification\",\"valueRequired\":true,\"valueName\":\"search_term_string\"}}],\"inLanguage\":\"es\"},{\"@type\":\"Person\",\"@id\":\"https:\/\/aeronoticias.com.pe\/noticiero\/#\/schema\/person\/fc1e5d578f4b62ba1cf7ac2bba1170a0\",\"name\":\"Redacci\u00f3n Aeronoticias\",\"url\":\"https:\/\/aeronoticias.com.pe\/noticiero\/author\/piloto\/\"}]}<\/script>\n<!-- \/ Yoast SEO plugin. -->","yoast_head_json":{"title":"EE.UU. toma medidas m\u00e1s dr\u00e1sticas con sus aerol\u00edneas por situaci\u00f3n en Irak","description":"Portal de noticias del Per\u00fa sobre el transporte a\u00e9reo, aviaci\u00f3n, turismo, hoteleria, actualidad.","robots":{"index":"index","follow":"follow","max-snippet":"max-snippet:-1","max-image-preview":"max-image-preview:large","max-video-preview":"max-video-preview:-1"},"canonical":"https:\/\/aeronoticias.com.pe\/noticiero\/transporte-aereo\/internacional\/eeuu-prohibe-a-sus-aerolineas-volar-sobre-irak\/","og_locale":"es_ES","og_type":"article","og_title":"EE.UU. toma medidas m\u00e1s dr\u00e1sticas con sus aerol\u00edneas por situaci\u00f3n en Irak","og_description":"Portal de noticias del Per\u00fa sobre el transporte a\u00e9reo, aviaci\u00f3n, turismo, hoteleria, actualidad.","og_url":"https:\/\/aeronoticias.com.pe\/noticiero\/transporte-aereo\/internacional\/eeuu-prohibe-a-sus-aerolineas-volar-sobre-irak\/","og_site_name":"Aeronoticias.com.pe","article_publisher":"https:\/\/www.facebook.com\/Aeronoticias.com.pe\/","article_published_time":"2014-08-08T16:04:54+00:00","author":"Redacci\u00f3n Aeronoticias","twitter_card":"summary_large_image","twitter_creator":"@aeronoticias","twitter_site":"@aeronoticias","twitter_misc":{"Escrito por":"Redacci\u00f3n Aeronoticias","Tiempo de lectura":"2 minutos"},"schema":{"@context":"https:\/\/schema.org","@graph":[{"@type":"WebPage","@id":"https:\/\/aeronoticias.com.pe\/noticiero\/transporte-aereo\/internacional\/eeuu-prohibe-a-sus-aerolineas-volar-sobre-irak\/","url":"https:\/\/aeronoticias.com.pe\/noticiero\/transporte-aereo\/internacional\/eeuu-prohibe-a-sus-aerolineas-volar-sobre-irak\/","name":"EE.UU. toma medidas m\u00e1s dr\u00e1sticas con sus aerol\u00edneas por situaci\u00f3n en Irak","isPartOf":{"@id":"https:\/\/aeronoticias.com.pe\/noticiero\/#website"},"datePublished":"2014-08-08T16:04:54+00:00","author":{"@id":"https:\/\/aeronoticias.com.pe\/noticiero\/#\/schema\/person\/fc1e5d578f4b62ba1cf7ac2bba1170a0"},"description":"Portal de noticias del Per\u00fa sobre el transporte a\u00e9reo, aviaci\u00f3n, turismo, hoteleria, actualidad.","breadcrumb":{"@id":"https:\/\/aeronoticias.com.pe\/noticiero\/transporte-aereo\/internacional\/eeuu-prohibe-a-sus-aerolineas-volar-sobre-irak\/#breadcrumb"},"inLanguage":"es","potentialAction":[{"@type":"ReadAction","target":["https:\/\/aeronoticias.com.pe\/noticiero\/transporte-aereo\/internacional\/eeuu-prohibe-a-sus-aerolineas-volar-sobre-irak\/"]}]},{"@type":"BreadcrumbList","@id":"https:\/\/aeronoticias.com.pe\/noticiero\/transporte-aereo\/internacional\/eeuu-prohibe-a-sus-aerolineas-volar-sobre-irak\/#breadcrumb","itemListElement":[{"@type":"ListItem","position":1,"name":"Portada","item":"https:\/\/aeronoticias.com.pe\/noticiero\/"},{"@type":"ListItem","position":2,"name":"EE.UU. toma medidas m\u00e1s dr\u00e1sticas con sus aerol\u00edneas por situaci\u00f3n en Irak"}]},{"@type":"WebSite","@id":"https:\/\/aeronoticias.com.pe\/noticiero\/#website","url":"https:\/\/aeronoticias.com.pe\/noticiero\/","name":"Aeronoticias.com.pe","description":"Noticias de tranporte aereo, turismo, hoteles, gastronomia, actualidad, internacional","potentialAction":[{"@type":"SearchAction","target":{"@type":"EntryPoint","urlTemplate":"https:\/\/aeronoticias.com.pe\/noticiero\/?s={search_term_string}"},"query-input":{"@type":"PropertyValueSpecification","valueRequired":true,"valueName":"search_term_string"}}],"inLanguage":"es"},{"@type":"Person","@id":"https:\/\/aeronoticias.com.pe\/noticiero\/#\/schema\/person\/fc1e5d578f4b62ba1cf7ac2bba1170a0","name":"Redacci\u00f3n Aeronoticias","url":"https:\/\/aeronoticias.com.pe\/noticiero\/author\/piloto\/"}]}},"_links":{"self":[{"href":"https:\/\/aeronoticias.com.pe\/noticiero\/wp-json\/wp\/v2\/posts\/47961","targetHints":{"allow":["GET"]}}],"collection":[{"href":"https:\/\/aeronoticias.com.pe\/noticiero\/wp-json\/wp\/v2\/posts"}],"about":[{"href":"https:\/\/aeronoticias.com.pe\/noticiero\/wp-json\/wp\/v2\/types\/post"}],"author":[{"embeddable":true,"href":"https:\/\/aeronoticias.com.pe\/noticiero\/wp-json\/wp\/v2\/users\/1"}],"replies":[{"embeddable":true,"href":"https:\/\/aeronoticias.com.pe\/noticiero\/wp-json\/wp\/v2\/comments?post=47961"}],"version-history":[{"count":0,"href":"https:\/\/aeronoticias.com.pe\/noticiero\/wp-json\/wp\/v2\/posts\/47961\/revisions"}],"wp:attachment":[{"href":"https:\/\/aeronoticias.com.pe\/noticiero\/wp-json\/wp\/v2\/media?parent=47961"}],"wp:term":[{"taxonomy":"category","embeddable":true,"href":"https:\/\/aeronoticias.com.pe\/noticiero\/wp-json\/wp\/v2\/categories?post=47961"},{"taxonomy":"post_tag","embeddable":true,"href":"https:\/\/aeronoticias.com.pe\/noticiero\/wp-json\/wp\/v2\/tags?post=47961"}],"curies":[{"name":"wp","href":"https:\/\/api.w.org\/{rel}","templated":true}]}}