{"id":47963,"date":"2014-08-08T16:41:16","date_gmt":"2014-08-08T16:41:16","guid":{"rendered":"http:\/\/desarrollo.mcvicious.com\/aero2020\/2014\/08\/08\/el-centro-atlas-acogera-el-qprimer-vuelo-fuera-de-vista-en-espanaq-con-una-aeronave-no-tripulada\/"},"modified":"2014-08-08T16:41:16","modified_gmt":"2014-08-08T16:41:16","slug":"el-centro-atlas-acogera-el-qprimer-vuelo-fuera-de-vista-en-espanaq-con-una-aeronave-no-tripulada","status":"publish","type":"post","link":"https:\/\/aeronoticias.com.pe\/noticiero\/transporte-aereo\/internacional\/el-centro-atlas-acogera-el-qprimer-vuelo-fuera-de-vista-en-espanaq-con-una-aeronave-no-tripulada\/","title":{"rendered":"El Centro Atlas ser\u00e1 escenario del \u00abprimer vuelo fuera de vista en Espa\u00f1a\u00bb con un drone"},"content":{"rendered":"<p style=\"text-align: justify;\"><img decoding=\"async\" src=\"images\/stories\/14\/08\/080814\/a5.jpg\" border=\"0\" \/><\/p>\n<p style=\"text-align: justify;\"><strong>(Aeronoticias).- Ser\u00e1 el pr\u00f3ximo 20 de agosto y este vuelo estar\u00e1 operado por pilotos especializados del Centro Avanzado de Tecnolog\u00edas Aeroespaciales.<\/strong><\/p>\n<p style=\"text-align: justify;\">\u00a0<\/p>\n<p>  <!--more-->  <\/p>\n<p>El Centro de Vuelos Experimentales Atlas, ubicado en Villacarrillo (Ja\u00e9n), \u00abacoger\u00e1 el primer vuelo fuera de la l\u00ednea de vista que se realiza en Espa\u00f1a\u00bb con este tipo de aeronaves desde que entrara en vigor la nueva regulaci\u00f3n sobre el uso de sistemas a\u00e9reos y aviones no tripulados (UAS\/RPAS), aprobada por el Ministerio de Fomento a principios del pasado mes de julio.<\/p>\n<p>\u00a0<\/p>\n<p style=\"text-align: justify;\">Ser\u00e1 el pr\u00f3ximo 20 de agosto y este vuelo &#8211;denominado Bvlos, por sus siglas en ingl\u00e9s, Beyond Visual Line of Sight&#8211; estar\u00e1 ser\u00e1 operado por pilotos especializados del Centro Avanzado de Tecnolog\u00edas Aeroespaciales (Catec), seg\u00fan ha trasladado este viernes la Fundaci\u00f3n Andaluza por el Desarrollo Aeroespacial (FADA).<\/p>\n<p style=\"text-align: justify;\">La referido entidad ha destacado que supone \u00abel primer vuelo de tipo civil que realiza en territorio espa\u00f1ol una aeronave no tripulada fuera de la l\u00ednea de vista de un piloto o centro de control\u00bb y que ha sido autorizado y aprobado por la Agencia Espa\u00f1ola de Seguridad A\u00e9rea (AESA), organismo que se encarga de la supervisi\u00f3n, inspecci\u00f3n y ordenaci\u00f3n del transporte y la navegaci\u00f3n a\u00e9rea en Espa\u00f1a.<\/p>\n<p style=\"text-align: justify;\">El Centro de Vuelos Experimentales Atlas fue inaugurado el pasado 21 de marzo por la presidenta de la presidenta de la Junta de Andaluc\u00eda, para la que estas instalaciones vendr\u00edan a situar a Andaluc\u00eda \u00aba la vanguardia\u00bb de la industria aeron\u00e1utica.<\/p>\n<p style=\"text-align: justify;\">Ubicada el paraje de Herrera, en Villacarrillo, la infraestructura ha sido impulsada por FADA con el objetivo de ofrecer al mercado aeron\u00e1utico internacional una instalaci\u00f3n de excelencia para ensayos y validaciones tecnol\u00f3gicas con aviones no tripulados de tama\u00f1o peque\u00f1o y medio. Su construcci\u00f3n ha supuesto una inversi\u00f3n de 4,5 millones de euros.<\/p>\n<p style=\"text-align: justify;\">Posee un peque\u00f1o aer\u00f3dromo que tendr\u00e1 una pista principal de aterrizaje y despegue, un campo de vuelo y un edificio de tres plantas con 640 metros cuadrados para el seguimiento de las misiones (torre de control con radar, comunicaciones e instalaciones asociadas) y servicios (oficinas, despachos, salas de reuni\u00f3n), as\u00ed como varios hangares independientes con espacio para talleres de mantenimiento y reparaci\u00f3n, y otras infraestructuras destinadas para el soporte log\u00edstico-t\u00e9cnico.<\/p>\n<p style=\"text-align: justify;\">El centro, que tiene una reserva de espacio a\u00e9reo segregado en una zona del centro-este de la provincia, contar\u00e1 con espacio para albergar hasta cuatro aeronaves o sistemas no tripulados de una envergadura m\u00e1xima de 15 metros, as\u00ed como pista de rodaje y plataforma de preparaci\u00f3n para las aeronaves que realicen actividades de ensayos de vuelo en el centro.<\/p>\n<p style=\"text-align: justify;\">\u00a0<\/p>\n<p style=\"text-align: justify;\">Fuente: <strong><em>Ideal<\/em><\/strong><\/p>\n<p style=\"text-align: justify;\">Foto: <strong><em>Ecestaticos (Imagen referencial)<\/em><\/strong><\/p>\n","protected":false},"excerpt":{"rendered":"<p>(Aeronoticias).- Ser\u00e1 el pr\u00f3ximo 20 de agosto y este vuelo estar\u00e1 operado por pilotos especializados del Centro Avanzado de Tecnolog\u00edas Aeroespaciales. \u00a0<\/p>\n","protected":false},"author":1,"featured_media":0,"comment_status":"open","ping_status":"open","sticky":false,"template":"","format":"standard","meta":{"tdm_status":"","tdm_grid_status":"","footnotes":""},"categories":[32],"tags":[],"class_list":{"0":"post-47963","1":"post","2":"type-post","3":"status-publish","4":"format-standard","6":"category-internacional"},"yoast_head":"<!-- This site is optimized with the Yoast SEO plugin v25.1 - https:\/\/yoast.com\/wordpress\/plugins\/seo\/ -->\n<title>El Centro Atlas ser\u00e1 escenario del &quot;primer vuelo fuera de vista en Espa\u00f1a&quot; con un drone<\/title>\n<meta name=\"description\" content=\"Portal de noticias del Per\u00fa sobre el transporte a\u00e9reo, aviaci\u00f3n, turismo, hoteleria, actualidad.\" \/>\n<meta name=\"robots\" content=\"index, follow, max-snippet:-1, max-image-preview:large, max-video-preview:-1\" \/>\n<link rel=\"canonical\" href=\"https:\/\/aeronoticias.com.pe\/noticiero\/transporte-aereo\/internacional\/el-centro-atlas-acogera-el-qprimer-vuelo-fuera-de-vista-en-espanaq-con-una-aeronave-no-tripulada\/\" \/>\n<meta property=\"og:locale\" content=\"es_ES\" \/>\n<meta property=\"og:type\" content=\"article\" \/>\n<meta property=\"og:title\" content=\"El Centro Atlas ser\u00e1 escenario del &quot;primer vuelo fuera de vista en Espa\u00f1a&quot; con un drone\" \/>\n<meta property=\"og:description\" content=\"Portal de noticias del Per\u00fa sobre el transporte a\u00e9reo, aviaci\u00f3n, turismo, hoteleria, actualidad.\" \/>\n<meta property=\"og:url\" content=\"https:\/\/aeronoticias.com.pe\/noticiero\/transporte-aereo\/internacional\/el-centro-atlas-acogera-el-qprimer-vuelo-fuera-de-vista-en-espanaq-con-una-aeronave-no-tripulada\/\" \/>\n<meta property=\"og:site_name\" content=\"Aeronoticias.com.pe\" \/>\n<meta property=\"article:publisher\" content=\"https:\/\/www.facebook.com\/Aeronoticias.com.pe\/\" \/>\n<meta property=\"article:published_time\" content=\"2014-08-08T16:41:16+00:00\" \/>\n<meta name=\"author\" content=\"Redacci\u00f3n Aeronoticias\" \/>\n<meta name=\"twitter:card\" content=\"summary_large_image\" \/>\n<meta name=\"twitter:creator\" content=\"@aeronoticias\" \/>\n<meta name=\"twitter:site\" content=\"@aeronoticias\" \/>\n<meta name=\"twitter:label1\" content=\"Escrito por\" \/>\n\t<meta name=\"twitter:data1\" content=\"Redacci\u00f3n Aeronoticias\" \/>\n\t<meta name=\"twitter:label2\" content=\"Tiempo de lectura\" \/>\n\t<meta name=\"twitter:data2\" content=\"2 minutos\" \/>\n<script type=\"application\/ld+json\" class=\"yoast-schema-graph\">{\"@context\":\"https:\/\/schema.org\",\"@graph\":[{\"@type\":\"WebPage\",\"@id\":\"https:\/\/aeronoticias.com.pe\/noticiero\/transporte-aereo\/internacional\/el-centro-atlas-acogera-el-qprimer-vuelo-fuera-de-vista-en-espanaq-con-una-aeronave-no-tripulada\/\",\"url\":\"https:\/\/aeronoticias.com.pe\/noticiero\/transporte-aereo\/internacional\/el-centro-atlas-acogera-el-qprimer-vuelo-fuera-de-vista-en-espanaq-con-una-aeronave-no-tripulada\/\",\"name\":\"El Centro Atlas ser\u00e1 escenario del \\\"primer vuelo fuera de vista en Espa\u00f1a\\\" con un drone\",\"isPartOf\":{\"@id\":\"https:\/\/aeronoticias.com.pe\/noticiero\/#website\"},\"datePublished\":\"2014-08-08T16:41:16+00:00\",\"author\":{\"@id\":\"https:\/\/aeronoticias.com.pe\/noticiero\/#\/schema\/person\/fc1e5d578f4b62ba1cf7ac2bba1170a0\"},\"description\":\"Portal de noticias del Per\u00fa sobre el transporte a\u00e9reo, aviaci\u00f3n, turismo, hoteleria, actualidad.\",\"breadcrumb\":{\"@id\":\"https:\/\/aeronoticias.com.pe\/noticiero\/transporte-aereo\/internacional\/el-centro-atlas-acogera-el-qprimer-vuelo-fuera-de-vista-en-espanaq-con-una-aeronave-no-tripulada\/#breadcrumb\"},\"inLanguage\":\"es\",\"potentialAction\":[{\"@type\":\"ReadAction\",\"target\":[\"https:\/\/aeronoticias.com.pe\/noticiero\/transporte-aereo\/internacional\/el-centro-atlas-acogera-el-qprimer-vuelo-fuera-de-vista-en-espanaq-con-una-aeronave-no-tripulada\/\"]}]},{\"@type\":\"BreadcrumbList\",\"@id\":\"https:\/\/aeronoticias.com.pe\/noticiero\/transporte-aereo\/internacional\/el-centro-atlas-acogera-el-qprimer-vuelo-fuera-de-vista-en-espanaq-con-una-aeronave-no-tripulada\/#breadcrumb\",\"itemListElement\":[{\"@type\":\"ListItem\",\"position\":1,\"name\":\"Portada\",\"item\":\"https:\/\/aeronoticias.com.pe\/noticiero\/\"},{\"@type\":\"ListItem\",\"position\":2,\"name\":\"El Centro Atlas ser\u00e1 escenario del \u00abprimer vuelo fuera de vista en Espa\u00f1a\u00bb con un drone\"}]},{\"@type\":\"WebSite\",\"@id\":\"https:\/\/aeronoticias.com.pe\/noticiero\/#website\",\"url\":\"https:\/\/aeronoticias.com.pe\/noticiero\/\",\"name\":\"Aeronoticias.com.pe\",\"description\":\"Noticias de tranporte aereo, turismo, hoteles, gastronomia, actualidad, internacional\",\"potentialAction\":[{\"@type\":\"SearchAction\",\"target\":{\"@type\":\"EntryPoint\",\"urlTemplate\":\"https:\/\/aeronoticias.com.pe\/noticiero\/?s={search_term_string}\"},\"query-input\":{\"@type\":\"PropertyValueSpecification\",\"valueRequired\":true,\"valueName\":\"search_term_string\"}}],\"inLanguage\":\"es\"},{\"@type\":\"Person\",\"@id\":\"https:\/\/aeronoticias.com.pe\/noticiero\/#\/schema\/person\/fc1e5d578f4b62ba1cf7ac2bba1170a0\",\"name\":\"Redacci\u00f3n Aeronoticias\",\"url\":\"https:\/\/aeronoticias.com.pe\/noticiero\/author\/piloto\/\"}]}<\/script>\n<!-- \/ Yoast SEO plugin. -->","yoast_head_json":{"title":"El Centro Atlas ser\u00e1 escenario del \"primer vuelo fuera de vista en Espa\u00f1a\" con un drone","description":"Portal de noticias del Per\u00fa sobre el transporte a\u00e9reo, aviaci\u00f3n, turismo, hoteleria, actualidad.","robots":{"index":"index","follow":"follow","max-snippet":"max-snippet:-1","max-image-preview":"max-image-preview:large","max-video-preview":"max-video-preview:-1"},"canonical":"https:\/\/aeronoticias.com.pe\/noticiero\/transporte-aereo\/internacional\/el-centro-atlas-acogera-el-qprimer-vuelo-fuera-de-vista-en-espanaq-con-una-aeronave-no-tripulada\/","og_locale":"es_ES","og_type":"article","og_title":"El Centro Atlas ser\u00e1 escenario del \"primer vuelo fuera de vista en Espa\u00f1a\" con un drone","og_description":"Portal de noticias del Per\u00fa sobre el transporte a\u00e9reo, aviaci\u00f3n, turismo, hoteleria, actualidad.","og_url":"https:\/\/aeronoticias.com.pe\/noticiero\/transporte-aereo\/internacional\/el-centro-atlas-acogera-el-qprimer-vuelo-fuera-de-vista-en-espanaq-con-una-aeronave-no-tripulada\/","og_site_name":"Aeronoticias.com.pe","article_publisher":"https:\/\/www.facebook.com\/Aeronoticias.com.pe\/","article_published_time":"2014-08-08T16:41:16+00:00","author":"Redacci\u00f3n Aeronoticias","twitter_card":"summary_large_image","twitter_creator":"@aeronoticias","twitter_site":"@aeronoticias","twitter_misc":{"Escrito por":"Redacci\u00f3n Aeronoticias","Tiempo de lectura":"2 minutos"},"schema":{"@context":"https:\/\/schema.org","@graph":[{"@type":"WebPage","@id":"https:\/\/aeronoticias.com.pe\/noticiero\/transporte-aereo\/internacional\/el-centro-atlas-acogera-el-qprimer-vuelo-fuera-de-vista-en-espanaq-con-una-aeronave-no-tripulada\/","url":"https:\/\/aeronoticias.com.pe\/noticiero\/transporte-aereo\/internacional\/el-centro-atlas-acogera-el-qprimer-vuelo-fuera-de-vista-en-espanaq-con-una-aeronave-no-tripulada\/","name":"El Centro Atlas ser\u00e1 escenario del \"primer vuelo fuera de vista en Espa\u00f1a\" con un drone","isPartOf":{"@id":"https:\/\/aeronoticias.com.pe\/noticiero\/#website"},"datePublished":"2014-08-08T16:41:16+00:00","author":{"@id":"https:\/\/aeronoticias.com.pe\/noticiero\/#\/schema\/person\/fc1e5d578f4b62ba1cf7ac2bba1170a0"},"description":"Portal de noticias del Per\u00fa sobre el transporte a\u00e9reo, aviaci\u00f3n, turismo, hoteleria, actualidad.","breadcrumb":{"@id":"https:\/\/aeronoticias.com.pe\/noticiero\/transporte-aereo\/internacional\/el-centro-atlas-acogera-el-qprimer-vuelo-fuera-de-vista-en-espanaq-con-una-aeronave-no-tripulada\/#breadcrumb"},"inLanguage":"es","potentialAction":[{"@type":"ReadAction","target":["https:\/\/aeronoticias.com.pe\/noticiero\/transporte-aereo\/internacional\/el-centro-atlas-acogera-el-qprimer-vuelo-fuera-de-vista-en-espanaq-con-una-aeronave-no-tripulada\/"]}]},{"@type":"BreadcrumbList","@id":"https:\/\/aeronoticias.com.pe\/noticiero\/transporte-aereo\/internacional\/el-centro-atlas-acogera-el-qprimer-vuelo-fuera-de-vista-en-espanaq-con-una-aeronave-no-tripulada\/#breadcrumb","itemListElement":[{"@type":"ListItem","position":1,"name":"Portada","item":"https:\/\/aeronoticias.com.pe\/noticiero\/"},{"@type":"ListItem","position":2,"name":"El Centro Atlas ser\u00e1 escenario del \u00abprimer vuelo fuera de vista en Espa\u00f1a\u00bb con un drone"}]},{"@type":"WebSite","@id":"https:\/\/aeronoticias.com.pe\/noticiero\/#website","url":"https:\/\/aeronoticias.com.pe\/noticiero\/","name":"Aeronoticias.com.pe","description":"Noticias de tranporte aereo, turismo, hoteles, gastronomia, actualidad, internacional","potentialAction":[{"@type":"SearchAction","target":{"@type":"EntryPoint","urlTemplate":"https:\/\/aeronoticias.com.pe\/noticiero\/?s={search_term_string}"},"query-input":{"@type":"PropertyValueSpecification","valueRequired":true,"valueName":"search_term_string"}}],"inLanguage":"es"},{"@type":"Person","@id":"https:\/\/aeronoticias.com.pe\/noticiero\/#\/schema\/person\/fc1e5d578f4b62ba1cf7ac2bba1170a0","name":"Redacci\u00f3n Aeronoticias","url":"https:\/\/aeronoticias.com.pe\/noticiero\/author\/piloto\/"}]}},"_links":{"self":[{"href":"https:\/\/aeronoticias.com.pe\/noticiero\/wp-json\/wp\/v2\/posts\/47963","targetHints":{"allow":["GET"]}}],"collection":[{"href":"https:\/\/aeronoticias.com.pe\/noticiero\/wp-json\/wp\/v2\/posts"}],"about":[{"href":"https:\/\/aeronoticias.com.pe\/noticiero\/wp-json\/wp\/v2\/types\/post"}],"author":[{"embeddable":true,"href":"https:\/\/aeronoticias.com.pe\/noticiero\/wp-json\/wp\/v2\/users\/1"}],"replies":[{"embeddable":true,"href":"https:\/\/aeronoticias.com.pe\/noticiero\/wp-json\/wp\/v2\/comments?post=47963"}],"version-history":[{"count":0,"href":"https:\/\/aeronoticias.com.pe\/noticiero\/wp-json\/wp\/v2\/posts\/47963\/revisions"}],"wp:attachment":[{"href":"https:\/\/aeronoticias.com.pe\/noticiero\/wp-json\/wp\/v2\/media?parent=47963"}],"wp:term":[{"taxonomy":"category","embeddable":true,"href":"https:\/\/aeronoticias.com.pe\/noticiero\/wp-json\/wp\/v2\/categories?post=47963"},{"taxonomy":"post_tag","embeddable":true,"href":"https:\/\/aeronoticias.com.pe\/noticiero\/wp-json\/wp\/v2\/tags?post=47963"}],"curies":[{"name":"wp","href":"https:\/\/api.w.org\/{rel}","templated":true}]}}