{"id":47966,"date":"2014-08-08T17:05:38","date_gmt":"2014-08-08T17:05:38","guid":{"rendered":"http:\/\/desarrollo.mcvicious.com\/aero2020\/2014\/08\/08\/asociacion-europea-de-pilotos-con-temor-a-mala-formacion-de-aviadores-a-futuro\/"},"modified":"2014-08-08T17:05:38","modified_gmt":"2014-08-08T17:05:38","slug":"asociacion-europea-de-pilotos-con-temor-a-mala-formacion-de-aviadores-a-futuro","status":"publish","type":"post","link":"https:\/\/aeronoticias.com.pe\/noticiero\/transporte-aereo\/internacional\/asociacion-europea-de-pilotos-con-temor-a-mala-formacion-de-aviadores-a-futuro\/","title":{"rendered":"Asociaci\u00f3n Europea de Pilotos, con temor a mala formaci\u00f3n de aviadores a futuro"},"content":{"rendered":"<p style=\"text-align: justify;\"><strong>(Aeronoticias)<\/strong>.- La posibilidad de preparar pilotos como si fuesen productos de cadena de comidas r\u00e1pidas para las siguientes d\u00e9cadas es la nueva preocupaci\u00f3n de la Asociaci\u00f3n Europea de Pilotos (ECA).<\/p>\n<p style=\"text-align: justify;\">De acuerdo con Philip von Sch\u00f6ppenthau, Secretario General del ECA, la demanda creciente de pilotos para los siguientes a\u00f1os implicar\u00eda que estos aviadores tengan un mal entrenamiento y sean susceptibles de tomar decisiones erradas en caso de incidentes.<\/p>\n<p style=\"text-align: justify;\">Bast\u00f3 con la licencia denominada \u00abmulti-crew pilot\u00bb para que una persona sea considerada piloto en 45 semanas, cuando la media en formar a un copiloto es de 2 a\u00f1os. Ser un comandante de vuelo exige entre 8 y 10 a\u00f1os como m\u00ednimo tanto en Air France como en Singapore Airlines y British Airways.<\/p>\n<p style=\"text-align: justify;\">A ello se suma el concepto de \u00abCrew relief co-pilot\u00bb, aquellos que relevan a los pilotos durante el vuelo, pero ignoran como ascender o irse a tierra. En palabras de Sch\u00f6ppenthau, esto equivaldr\u00eda a \u00abotorgar un permiso de conducir a un conductor de veh\u00edculos que solo puede manejar por autopista sin haber aprendido a entrar y ni salir de ella\u00bb.<\/p>\n<p style=\"text-align: justify;\">Como se recordar\u00e1, Boeing report\u00f3 la demanda de 533 mil pilotos entre 2014 y 2033, de los cuales la mitad se dirigir\u00e1 para la regi\u00f3n Asia-Pac\u00edfico.<\/p>\n<p style=\"text-align: justify;\">Con informaci\u00f3n de <a href=\"http:\/\/www.lanacion.com.py\/articulo\/173333-transporte-aereo-formacion-de-pilotos-de-linea-desafio-planetario.html\" target=\"_blank\" rel=\"noopener noreferrer\"><strong><em><span style=\"text-decoration: underline;\">La Naci\u00f3n<\/span><\/em><\/strong><\/a>.<\/p>\n<p style=\"text-align: justify;\"><img decoding=\"async\" src=\"images\/stories\/14\/08\/080814\/elplane.jpg\" border=\"0\" \/><\/p>\n","protected":false},"excerpt":{"rendered":"<p>(Aeronoticias).- La posibilidad de preparar pilotos como si fuesen productos de cadena de comidas r\u00e1pidas para las siguientes d\u00e9cadas es la nueva preocupaci\u00f3n de la Asociaci\u00f3n Europea de Pilotos (ECA). De acuerdo con Philip von Sch\u00f6ppenthau, Secretario General del ECA, la demanda creciente de pilotos para los siguientes a\u00f1os implicar\u00eda que estos aviadores tengan un [&hellip;]<\/p>\n","protected":false},"author":1,"featured_media":0,"comment_status":"open","ping_status":"open","sticky":false,"template":"","format":"standard","meta":{"tdm_status":"","tdm_grid_status":"","footnotes":""},"categories":[32],"tags":[],"class_list":{"0":"post-47966","1":"post","2":"type-post","3":"status-publish","4":"format-standard","6":"category-internacional"},"yoast_head":"<!-- This site is optimized with the Yoast SEO plugin v25.1 - https:\/\/yoast.com\/wordpress\/plugins\/seo\/ -->\n<title>Asociaci\u00f3n Europea de Pilotos, con temor a mala formaci\u00f3n de aviadores a futuro<\/title>\n<meta name=\"description\" content=\"Portal de noticias del Per\u00fa sobre el transporte a\u00e9reo, aviaci\u00f3n, turismo, hoteleria, actualidad.\" \/>\n<meta name=\"robots\" content=\"index, follow, max-snippet:-1, max-image-preview:large, max-video-preview:-1\" \/>\n<link rel=\"canonical\" href=\"https:\/\/aeronoticias.com.pe\/noticiero\/transporte-aereo\/internacional\/asociacion-europea-de-pilotos-con-temor-a-mala-formacion-de-aviadores-a-futuro\/\" \/>\n<meta property=\"og:locale\" content=\"es_ES\" \/>\n<meta property=\"og:type\" content=\"article\" \/>\n<meta property=\"og:title\" content=\"Asociaci\u00f3n Europea de Pilotos, con temor a mala formaci\u00f3n de aviadores a futuro\" \/>\n<meta property=\"og:description\" content=\"Portal de noticias del Per\u00fa sobre el transporte a\u00e9reo, aviaci\u00f3n, turismo, hoteleria, actualidad.\" \/>\n<meta property=\"og:url\" content=\"https:\/\/aeronoticias.com.pe\/noticiero\/transporte-aereo\/internacional\/asociacion-europea-de-pilotos-con-temor-a-mala-formacion-de-aviadores-a-futuro\/\" \/>\n<meta property=\"og:site_name\" content=\"Aeronoticias.com.pe\" \/>\n<meta property=\"article:publisher\" content=\"https:\/\/www.facebook.com\/Aeronoticias.com.pe\/\" \/>\n<meta property=\"article:published_time\" content=\"2014-08-08T17:05:38+00:00\" \/>\n<meta name=\"author\" content=\"Redacci\u00f3n Aeronoticias\" \/>\n<meta name=\"twitter:card\" content=\"summary_large_image\" \/>\n<meta name=\"twitter:creator\" content=\"@aeronoticias\" \/>\n<meta name=\"twitter:site\" content=\"@aeronoticias\" \/>\n<meta name=\"twitter:label1\" content=\"Escrito por\" \/>\n\t<meta name=\"twitter:data1\" content=\"Redacci\u00f3n Aeronoticias\" \/>\n\t<meta name=\"twitter:label2\" content=\"Tiempo de lectura\" \/>\n\t<meta name=\"twitter:data2\" content=\"1 minuto\" \/>\n<script type=\"application\/ld+json\" class=\"yoast-schema-graph\">{\"@context\":\"https:\/\/schema.org\",\"@graph\":[{\"@type\":\"WebPage\",\"@id\":\"https:\/\/aeronoticias.com.pe\/noticiero\/transporte-aereo\/internacional\/asociacion-europea-de-pilotos-con-temor-a-mala-formacion-de-aviadores-a-futuro\/\",\"url\":\"https:\/\/aeronoticias.com.pe\/noticiero\/transporte-aereo\/internacional\/asociacion-europea-de-pilotos-con-temor-a-mala-formacion-de-aviadores-a-futuro\/\",\"name\":\"Asociaci\u00f3n Europea de Pilotos, con temor a mala formaci\u00f3n de aviadores a futuro\",\"isPartOf\":{\"@id\":\"https:\/\/aeronoticias.com.pe\/noticiero\/#website\"},\"datePublished\":\"2014-08-08T17:05:38+00:00\",\"author\":{\"@id\":\"https:\/\/aeronoticias.com.pe\/noticiero\/#\/schema\/person\/fc1e5d578f4b62ba1cf7ac2bba1170a0\"},\"description\":\"Portal de noticias del Per\u00fa sobre el transporte a\u00e9reo, aviaci\u00f3n, turismo, hoteleria, actualidad.\",\"breadcrumb\":{\"@id\":\"https:\/\/aeronoticias.com.pe\/noticiero\/transporte-aereo\/internacional\/asociacion-europea-de-pilotos-con-temor-a-mala-formacion-de-aviadores-a-futuro\/#breadcrumb\"},\"inLanguage\":\"es\",\"potentialAction\":[{\"@type\":\"ReadAction\",\"target\":[\"https:\/\/aeronoticias.com.pe\/noticiero\/transporte-aereo\/internacional\/asociacion-europea-de-pilotos-con-temor-a-mala-formacion-de-aviadores-a-futuro\/\"]}]},{\"@type\":\"BreadcrumbList\",\"@id\":\"https:\/\/aeronoticias.com.pe\/noticiero\/transporte-aereo\/internacional\/asociacion-europea-de-pilotos-con-temor-a-mala-formacion-de-aviadores-a-futuro\/#breadcrumb\",\"itemListElement\":[{\"@type\":\"ListItem\",\"position\":1,\"name\":\"Portada\",\"item\":\"https:\/\/aeronoticias.com.pe\/noticiero\/\"},{\"@type\":\"ListItem\",\"position\":2,\"name\":\"Asociaci\u00f3n Europea de Pilotos, con temor a mala formaci\u00f3n de aviadores a futuro\"}]},{\"@type\":\"WebSite\",\"@id\":\"https:\/\/aeronoticias.com.pe\/noticiero\/#website\",\"url\":\"https:\/\/aeronoticias.com.pe\/noticiero\/\",\"name\":\"Aeronoticias.com.pe\",\"description\":\"Noticias de tranporte aereo, turismo, hoteles, gastronomia, actualidad, internacional\",\"potentialAction\":[{\"@type\":\"SearchAction\",\"target\":{\"@type\":\"EntryPoint\",\"urlTemplate\":\"https:\/\/aeronoticias.com.pe\/noticiero\/?s={search_term_string}\"},\"query-input\":{\"@type\":\"PropertyValueSpecification\",\"valueRequired\":true,\"valueName\":\"search_term_string\"}}],\"inLanguage\":\"es\"},{\"@type\":\"Person\",\"@id\":\"https:\/\/aeronoticias.com.pe\/noticiero\/#\/schema\/person\/fc1e5d578f4b62ba1cf7ac2bba1170a0\",\"name\":\"Redacci\u00f3n Aeronoticias\",\"url\":\"https:\/\/aeronoticias.com.pe\/noticiero\/author\/piloto\/\"}]}<\/script>\n<!-- \/ Yoast SEO plugin. -->","yoast_head_json":{"title":"Asociaci\u00f3n Europea de Pilotos, con temor a mala formaci\u00f3n de aviadores a futuro","description":"Portal de noticias del Per\u00fa sobre el transporte a\u00e9reo, aviaci\u00f3n, turismo, hoteleria, actualidad.","robots":{"index":"index","follow":"follow","max-snippet":"max-snippet:-1","max-image-preview":"max-image-preview:large","max-video-preview":"max-video-preview:-1"},"canonical":"https:\/\/aeronoticias.com.pe\/noticiero\/transporte-aereo\/internacional\/asociacion-europea-de-pilotos-con-temor-a-mala-formacion-de-aviadores-a-futuro\/","og_locale":"es_ES","og_type":"article","og_title":"Asociaci\u00f3n Europea de Pilotos, con temor a mala formaci\u00f3n de aviadores a futuro","og_description":"Portal de noticias del Per\u00fa sobre el transporte a\u00e9reo, aviaci\u00f3n, turismo, hoteleria, actualidad.","og_url":"https:\/\/aeronoticias.com.pe\/noticiero\/transporte-aereo\/internacional\/asociacion-europea-de-pilotos-con-temor-a-mala-formacion-de-aviadores-a-futuro\/","og_site_name":"Aeronoticias.com.pe","article_publisher":"https:\/\/www.facebook.com\/Aeronoticias.com.pe\/","article_published_time":"2014-08-08T17:05:38+00:00","author":"Redacci\u00f3n Aeronoticias","twitter_card":"summary_large_image","twitter_creator":"@aeronoticias","twitter_site":"@aeronoticias","twitter_misc":{"Escrito por":"Redacci\u00f3n Aeronoticias","Tiempo de lectura":"1 minuto"},"schema":{"@context":"https:\/\/schema.org","@graph":[{"@type":"WebPage","@id":"https:\/\/aeronoticias.com.pe\/noticiero\/transporte-aereo\/internacional\/asociacion-europea-de-pilotos-con-temor-a-mala-formacion-de-aviadores-a-futuro\/","url":"https:\/\/aeronoticias.com.pe\/noticiero\/transporte-aereo\/internacional\/asociacion-europea-de-pilotos-con-temor-a-mala-formacion-de-aviadores-a-futuro\/","name":"Asociaci\u00f3n Europea de Pilotos, con temor a mala formaci\u00f3n de aviadores a futuro","isPartOf":{"@id":"https:\/\/aeronoticias.com.pe\/noticiero\/#website"},"datePublished":"2014-08-08T17:05:38+00:00","author":{"@id":"https:\/\/aeronoticias.com.pe\/noticiero\/#\/schema\/person\/fc1e5d578f4b62ba1cf7ac2bba1170a0"},"description":"Portal de noticias del Per\u00fa sobre el transporte a\u00e9reo, aviaci\u00f3n, turismo, hoteleria, actualidad.","breadcrumb":{"@id":"https:\/\/aeronoticias.com.pe\/noticiero\/transporte-aereo\/internacional\/asociacion-europea-de-pilotos-con-temor-a-mala-formacion-de-aviadores-a-futuro\/#breadcrumb"},"inLanguage":"es","potentialAction":[{"@type":"ReadAction","target":["https:\/\/aeronoticias.com.pe\/noticiero\/transporte-aereo\/internacional\/asociacion-europea-de-pilotos-con-temor-a-mala-formacion-de-aviadores-a-futuro\/"]}]},{"@type":"BreadcrumbList","@id":"https:\/\/aeronoticias.com.pe\/noticiero\/transporte-aereo\/internacional\/asociacion-europea-de-pilotos-con-temor-a-mala-formacion-de-aviadores-a-futuro\/#breadcrumb","itemListElement":[{"@type":"ListItem","position":1,"name":"Portada","item":"https:\/\/aeronoticias.com.pe\/noticiero\/"},{"@type":"ListItem","position":2,"name":"Asociaci\u00f3n Europea de Pilotos, con temor a mala formaci\u00f3n de aviadores a futuro"}]},{"@type":"WebSite","@id":"https:\/\/aeronoticias.com.pe\/noticiero\/#website","url":"https:\/\/aeronoticias.com.pe\/noticiero\/","name":"Aeronoticias.com.pe","description":"Noticias de tranporte aereo, turismo, hoteles, gastronomia, actualidad, internacional","potentialAction":[{"@type":"SearchAction","target":{"@type":"EntryPoint","urlTemplate":"https:\/\/aeronoticias.com.pe\/noticiero\/?s={search_term_string}"},"query-input":{"@type":"PropertyValueSpecification","valueRequired":true,"valueName":"search_term_string"}}],"inLanguage":"es"},{"@type":"Person","@id":"https:\/\/aeronoticias.com.pe\/noticiero\/#\/schema\/person\/fc1e5d578f4b62ba1cf7ac2bba1170a0","name":"Redacci\u00f3n Aeronoticias","url":"https:\/\/aeronoticias.com.pe\/noticiero\/author\/piloto\/"}]}},"_links":{"self":[{"href":"https:\/\/aeronoticias.com.pe\/noticiero\/wp-json\/wp\/v2\/posts\/47966","targetHints":{"allow":["GET"]}}],"collection":[{"href":"https:\/\/aeronoticias.com.pe\/noticiero\/wp-json\/wp\/v2\/posts"}],"about":[{"href":"https:\/\/aeronoticias.com.pe\/noticiero\/wp-json\/wp\/v2\/types\/post"}],"author":[{"embeddable":true,"href":"https:\/\/aeronoticias.com.pe\/noticiero\/wp-json\/wp\/v2\/users\/1"}],"replies":[{"embeddable":true,"href":"https:\/\/aeronoticias.com.pe\/noticiero\/wp-json\/wp\/v2\/comments?post=47966"}],"version-history":[{"count":0,"href":"https:\/\/aeronoticias.com.pe\/noticiero\/wp-json\/wp\/v2\/posts\/47966\/revisions"}],"wp:attachment":[{"href":"https:\/\/aeronoticias.com.pe\/noticiero\/wp-json\/wp\/v2\/media?parent=47966"}],"wp:term":[{"taxonomy":"category","embeddable":true,"href":"https:\/\/aeronoticias.com.pe\/noticiero\/wp-json\/wp\/v2\/categories?post=47966"},{"taxonomy":"post_tag","embeddable":true,"href":"https:\/\/aeronoticias.com.pe\/noticiero\/wp-json\/wp\/v2\/tags?post=47966"}],"curies":[{"name":"wp","href":"https:\/\/api.w.org\/{rel}","templated":true}]}}