{"id":47973,"date":"2014-08-08T20:35:19","date_gmt":"2014-08-08T20:35:19","guid":{"rendered":"http:\/\/desarrollo.mcvicious.com\/aero2020\/2014\/08\/08\/el-ejercito-de-eeuu-lanza-nuevos-ataques-aereos-sobre-irak\/"},"modified":"2014-08-08T20:35:19","modified_gmt":"2014-08-08T20:35:19","slug":"el-ejercito-de-eeuu-lanza-nuevos-ataques-aereos-sobre-irak","status":"publish","type":"post","link":"https:\/\/aeronoticias.com.pe\/noticiero\/transporte-aereo\/internacional\/el-ejercito-de-eeuu-lanza-nuevos-ataques-aereos-sobre-irak\/","title":{"rendered":"El Ej\u00e9rcito de EE.UU. lanza nuevos ataques a\u00e9reos sobre Irak"},"content":{"rendered":"<p style=\"text-align: justify;\"><img decoding=\"async\" src=\"images\/stories\/14\/08\/080814\/a10.jpg\" border=\"0\" \/><\/p>\n<p style=\"text-align: justify;\"><strong>(Aeronoticias).- El Ej\u00e9rcito de EE.UU. ha llevado a cabo una serie de ataques a\u00e9reos sobre Irak apenas unas horas despu\u00e9s de que bombardeara la artiller\u00eda del Estado Isl\u00e1mico.<\/strong><\/p>\n<p style=\"text-align: justify;\">  <!--more-->  Los recientes ataques se produjeron en el noroeste de la ciudad iraqu\u00ed de Erbil, explicaron fuentes militares a NBC News.<\/p>\n<p style=\"text-align: justify;\">Seg\u00fan explic\u00f3 el portavoz del Pent\u00e1gono, John Kirby, a CBS se desconoce todav\u00eda el n\u00famero de insurgentes del Estado Isl\u00e1mico que han muerto en esta nueva serie de bombardeos.<\/p>\n<p style=\"text-align: justify;\">En la \u00faltima ofensiva, agreg\u00f3, un avi\u00f3n no tripulado atac\u00f3 una de las posiciones del grupo extremista y cuatro aviones de combate FA-18 bombardearon un convoy de siete veh\u00edculos a las afueras de Erbil, en el norte de Irak.<\/p>\n<p style=\"text-align: justify;\">Los aviones empleados en los ataques se encontraban en el portaaviones USS George H.W. Bush, actualmente en aguas del golfo P\u00e9rsico.<\/p>\n<p style=\"text-align: justify;\">Horas antes, dos aviones F\/A-18 lanzaron bombas guiadas por l\u00e1ser de 226 kilos sobre una pieza de artiller\u00eda m\u00f3vil del Estado Isl\u00e1mico cerca de Erbil. El ataque a\u00e9reo mat\u00f3 a 45 combatientes del grupo yihadista e hiri\u00f3 a 60.<\/p>\n<p style=\"text-align: justify;\">Este jueves el presidente estadounidense, Barack Obama, autoriz\u00f3 ataques a\u00e9reos contra Irak para evitar el \u00abgenocidio\u00bb de decenas de miles de miembros de una antigua secta religiosa, los yazid\u00edes, que intentaban esconderse en una monta\u00f1a del desierto. Los combatientes del Estado Isl\u00e1mico amenazan con exterminarlos.<\/p>\n<p style=\"text-align: justify;\">Al menos 40.000 civiles, muchos de ellos yazad\u00edes, permanecen actualmente aislados en la cima del monte Sinjar por temor a caer en manos de los yihadistas. La situaci\u00f3n es tan alarmante que algunas personas, ni\u00f1os incluidos, est\u00e1n muriendo de sed.<\/p>\n<p style=\"text-align: justify;\">\u00a0<\/p>\n<p style=\"text-align: justify;\">Fuente: <strong><em>RT<\/em><\/strong><\/p>\n<p style=\"text-align: justify;\">Foto: <strong><em>RT<\/em><\/strong><\/p>\n","protected":false},"excerpt":{"rendered":"<p>(Aeronoticias).- El Ej\u00e9rcito de EE.UU. ha llevado a cabo una serie de ataques a\u00e9reos sobre Irak apenas unas horas despu\u00e9s de que bombardeara la artiller\u00eda del Estado Isl\u00e1mico.<\/p>\n","protected":false},"author":1,"featured_media":0,"comment_status":"open","ping_status":"open","sticky":false,"template":"","format":"standard","meta":{"tdm_status":"","tdm_grid_status":"","footnotes":""},"categories":[32],"tags":[],"class_list":{"0":"post-47973","1":"post","2":"type-post","3":"status-publish","4":"format-standard","6":"category-internacional"},"yoast_head":"<!-- This site is optimized with the Yoast SEO plugin v25.1 - https:\/\/yoast.com\/wordpress\/plugins\/seo\/ -->\n<title>El Ej\u00e9rcito de EE.UU. lanza nuevos ataques a\u00e9reos sobre Irak<\/title>\n<meta name=\"description\" content=\"Portal de noticias del Per\u00fa sobre el transporte a\u00e9reo, aviaci\u00f3n, turismo, hoteleria, actualidad.\" \/>\n<meta name=\"robots\" content=\"index, follow, max-snippet:-1, max-image-preview:large, max-video-preview:-1\" \/>\n<link rel=\"canonical\" href=\"https:\/\/aeronoticias.com.pe\/noticiero\/transporte-aereo\/internacional\/el-ejercito-de-eeuu-lanza-nuevos-ataques-aereos-sobre-irak\/\" \/>\n<meta property=\"og:locale\" content=\"es_ES\" \/>\n<meta property=\"og:type\" content=\"article\" \/>\n<meta property=\"og:title\" content=\"El Ej\u00e9rcito de EE.UU. lanza nuevos ataques a\u00e9reos sobre Irak\" \/>\n<meta property=\"og:description\" content=\"Portal de noticias del Per\u00fa sobre el transporte a\u00e9reo, aviaci\u00f3n, turismo, hoteleria, actualidad.\" \/>\n<meta property=\"og:url\" content=\"https:\/\/aeronoticias.com.pe\/noticiero\/transporte-aereo\/internacional\/el-ejercito-de-eeuu-lanza-nuevos-ataques-aereos-sobre-irak\/\" \/>\n<meta property=\"og:site_name\" content=\"Aeronoticias.com.pe\" \/>\n<meta property=\"article:publisher\" content=\"https:\/\/www.facebook.com\/Aeronoticias.com.pe\/\" \/>\n<meta property=\"article:published_time\" content=\"2014-08-08T20:35:19+00:00\" \/>\n<meta name=\"author\" content=\"Redacci\u00f3n Aeronoticias\" \/>\n<meta name=\"twitter:card\" content=\"summary_large_image\" \/>\n<meta name=\"twitter:creator\" content=\"@aeronoticias\" \/>\n<meta name=\"twitter:site\" content=\"@aeronoticias\" \/>\n<meta name=\"twitter:label1\" content=\"Escrito por\" \/>\n\t<meta name=\"twitter:data1\" content=\"Redacci\u00f3n Aeronoticias\" \/>\n\t<meta name=\"twitter:label2\" content=\"Tiempo de lectura\" \/>\n\t<meta name=\"twitter:data2\" content=\"1 minuto\" \/>\n<script type=\"application\/ld+json\" class=\"yoast-schema-graph\">{\"@context\":\"https:\/\/schema.org\",\"@graph\":[{\"@type\":\"WebPage\",\"@id\":\"https:\/\/aeronoticias.com.pe\/noticiero\/transporte-aereo\/internacional\/el-ejercito-de-eeuu-lanza-nuevos-ataques-aereos-sobre-irak\/\",\"url\":\"https:\/\/aeronoticias.com.pe\/noticiero\/transporte-aereo\/internacional\/el-ejercito-de-eeuu-lanza-nuevos-ataques-aereos-sobre-irak\/\",\"name\":\"El Ej\u00e9rcito de EE.UU. lanza nuevos ataques a\u00e9reos sobre Irak\",\"isPartOf\":{\"@id\":\"https:\/\/aeronoticias.com.pe\/noticiero\/#website\"},\"datePublished\":\"2014-08-08T20:35:19+00:00\",\"author\":{\"@id\":\"https:\/\/aeronoticias.com.pe\/noticiero\/#\/schema\/person\/fc1e5d578f4b62ba1cf7ac2bba1170a0\"},\"description\":\"Portal de noticias del Per\u00fa sobre el transporte a\u00e9reo, aviaci\u00f3n, turismo, hoteleria, actualidad.\",\"breadcrumb\":{\"@id\":\"https:\/\/aeronoticias.com.pe\/noticiero\/transporte-aereo\/internacional\/el-ejercito-de-eeuu-lanza-nuevos-ataques-aereos-sobre-irak\/#breadcrumb\"},\"inLanguage\":\"es\",\"potentialAction\":[{\"@type\":\"ReadAction\",\"target\":[\"https:\/\/aeronoticias.com.pe\/noticiero\/transporte-aereo\/internacional\/el-ejercito-de-eeuu-lanza-nuevos-ataques-aereos-sobre-irak\/\"]}]},{\"@type\":\"BreadcrumbList\",\"@id\":\"https:\/\/aeronoticias.com.pe\/noticiero\/transporte-aereo\/internacional\/el-ejercito-de-eeuu-lanza-nuevos-ataques-aereos-sobre-irak\/#breadcrumb\",\"itemListElement\":[{\"@type\":\"ListItem\",\"position\":1,\"name\":\"Portada\",\"item\":\"https:\/\/aeronoticias.com.pe\/noticiero\/\"},{\"@type\":\"ListItem\",\"position\":2,\"name\":\"El Ej\u00e9rcito de EE.UU. lanza nuevos ataques a\u00e9reos sobre Irak\"}]},{\"@type\":\"WebSite\",\"@id\":\"https:\/\/aeronoticias.com.pe\/noticiero\/#website\",\"url\":\"https:\/\/aeronoticias.com.pe\/noticiero\/\",\"name\":\"Aeronoticias.com.pe\",\"description\":\"Noticias de tranporte aereo, turismo, hoteles, gastronomia, actualidad, internacional\",\"potentialAction\":[{\"@type\":\"SearchAction\",\"target\":{\"@type\":\"EntryPoint\",\"urlTemplate\":\"https:\/\/aeronoticias.com.pe\/noticiero\/?s={search_term_string}\"},\"query-input\":{\"@type\":\"PropertyValueSpecification\",\"valueRequired\":true,\"valueName\":\"search_term_string\"}}],\"inLanguage\":\"es\"},{\"@type\":\"Person\",\"@id\":\"https:\/\/aeronoticias.com.pe\/noticiero\/#\/schema\/person\/fc1e5d578f4b62ba1cf7ac2bba1170a0\",\"name\":\"Redacci\u00f3n Aeronoticias\",\"url\":\"https:\/\/aeronoticias.com.pe\/noticiero\/author\/piloto\/\"}]}<\/script>\n<!-- \/ Yoast SEO plugin. -->","yoast_head_json":{"title":"El Ej\u00e9rcito de EE.UU. lanza nuevos ataques a\u00e9reos sobre Irak","description":"Portal de noticias del Per\u00fa sobre el transporte a\u00e9reo, aviaci\u00f3n, turismo, hoteleria, actualidad.","robots":{"index":"index","follow":"follow","max-snippet":"max-snippet:-1","max-image-preview":"max-image-preview:large","max-video-preview":"max-video-preview:-1"},"canonical":"https:\/\/aeronoticias.com.pe\/noticiero\/transporte-aereo\/internacional\/el-ejercito-de-eeuu-lanza-nuevos-ataques-aereos-sobre-irak\/","og_locale":"es_ES","og_type":"article","og_title":"El Ej\u00e9rcito de EE.UU. lanza nuevos ataques a\u00e9reos sobre Irak","og_description":"Portal de noticias del Per\u00fa sobre el transporte a\u00e9reo, aviaci\u00f3n, turismo, hoteleria, actualidad.","og_url":"https:\/\/aeronoticias.com.pe\/noticiero\/transporte-aereo\/internacional\/el-ejercito-de-eeuu-lanza-nuevos-ataques-aereos-sobre-irak\/","og_site_name":"Aeronoticias.com.pe","article_publisher":"https:\/\/www.facebook.com\/Aeronoticias.com.pe\/","article_published_time":"2014-08-08T20:35:19+00:00","author":"Redacci\u00f3n Aeronoticias","twitter_card":"summary_large_image","twitter_creator":"@aeronoticias","twitter_site":"@aeronoticias","twitter_misc":{"Escrito por":"Redacci\u00f3n Aeronoticias","Tiempo de lectura":"1 minuto"},"schema":{"@context":"https:\/\/schema.org","@graph":[{"@type":"WebPage","@id":"https:\/\/aeronoticias.com.pe\/noticiero\/transporte-aereo\/internacional\/el-ejercito-de-eeuu-lanza-nuevos-ataques-aereos-sobre-irak\/","url":"https:\/\/aeronoticias.com.pe\/noticiero\/transporte-aereo\/internacional\/el-ejercito-de-eeuu-lanza-nuevos-ataques-aereos-sobre-irak\/","name":"El Ej\u00e9rcito de EE.UU. lanza nuevos ataques a\u00e9reos sobre Irak","isPartOf":{"@id":"https:\/\/aeronoticias.com.pe\/noticiero\/#website"},"datePublished":"2014-08-08T20:35:19+00:00","author":{"@id":"https:\/\/aeronoticias.com.pe\/noticiero\/#\/schema\/person\/fc1e5d578f4b62ba1cf7ac2bba1170a0"},"description":"Portal de noticias del Per\u00fa sobre el transporte a\u00e9reo, aviaci\u00f3n, turismo, hoteleria, actualidad.","breadcrumb":{"@id":"https:\/\/aeronoticias.com.pe\/noticiero\/transporte-aereo\/internacional\/el-ejercito-de-eeuu-lanza-nuevos-ataques-aereos-sobre-irak\/#breadcrumb"},"inLanguage":"es","potentialAction":[{"@type":"ReadAction","target":["https:\/\/aeronoticias.com.pe\/noticiero\/transporte-aereo\/internacional\/el-ejercito-de-eeuu-lanza-nuevos-ataques-aereos-sobre-irak\/"]}]},{"@type":"BreadcrumbList","@id":"https:\/\/aeronoticias.com.pe\/noticiero\/transporte-aereo\/internacional\/el-ejercito-de-eeuu-lanza-nuevos-ataques-aereos-sobre-irak\/#breadcrumb","itemListElement":[{"@type":"ListItem","position":1,"name":"Portada","item":"https:\/\/aeronoticias.com.pe\/noticiero\/"},{"@type":"ListItem","position":2,"name":"El Ej\u00e9rcito de EE.UU. lanza nuevos ataques a\u00e9reos sobre Irak"}]},{"@type":"WebSite","@id":"https:\/\/aeronoticias.com.pe\/noticiero\/#website","url":"https:\/\/aeronoticias.com.pe\/noticiero\/","name":"Aeronoticias.com.pe","description":"Noticias de tranporte aereo, turismo, hoteles, gastronomia, actualidad, internacional","potentialAction":[{"@type":"SearchAction","target":{"@type":"EntryPoint","urlTemplate":"https:\/\/aeronoticias.com.pe\/noticiero\/?s={search_term_string}"},"query-input":{"@type":"PropertyValueSpecification","valueRequired":true,"valueName":"search_term_string"}}],"inLanguage":"es"},{"@type":"Person","@id":"https:\/\/aeronoticias.com.pe\/noticiero\/#\/schema\/person\/fc1e5d578f4b62ba1cf7ac2bba1170a0","name":"Redacci\u00f3n Aeronoticias","url":"https:\/\/aeronoticias.com.pe\/noticiero\/author\/piloto\/"}]}},"_links":{"self":[{"href":"https:\/\/aeronoticias.com.pe\/noticiero\/wp-json\/wp\/v2\/posts\/47973","targetHints":{"allow":["GET"]}}],"collection":[{"href":"https:\/\/aeronoticias.com.pe\/noticiero\/wp-json\/wp\/v2\/posts"}],"about":[{"href":"https:\/\/aeronoticias.com.pe\/noticiero\/wp-json\/wp\/v2\/types\/post"}],"author":[{"embeddable":true,"href":"https:\/\/aeronoticias.com.pe\/noticiero\/wp-json\/wp\/v2\/users\/1"}],"replies":[{"embeddable":true,"href":"https:\/\/aeronoticias.com.pe\/noticiero\/wp-json\/wp\/v2\/comments?post=47973"}],"version-history":[{"count":0,"href":"https:\/\/aeronoticias.com.pe\/noticiero\/wp-json\/wp\/v2\/posts\/47973\/revisions"}],"wp:attachment":[{"href":"https:\/\/aeronoticias.com.pe\/noticiero\/wp-json\/wp\/v2\/media?parent=47973"}],"wp:term":[{"taxonomy":"category","embeddable":true,"href":"https:\/\/aeronoticias.com.pe\/noticiero\/wp-json\/wp\/v2\/categories?post=47973"},{"taxonomy":"post_tag","embeddable":true,"href":"https:\/\/aeronoticias.com.pe\/noticiero\/wp-json\/wp\/v2\/tags?post=47973"}],"curies":[{"name":"wp","href":"https:\/\/api.w.org\/{rel}","templated":true}]}}