{"id":47974,"date":"2014-08-08T20:44:33","date_gmt":"2014-08-08T20:44:33","guid":{"rendered":"http:\/\/desarrollo.mcvicious.com\/aero2020\/2014\/08\/08\/promoveran-investigaciones-en-materia-ambiental-en-las-regiones\/"},"modified":"2014-08-08T20:44:33","modified_gmt":"2014-08-08T20:44:33","slug":"promoveran-investigaciones-en-materia-ambiental-en-las-regiones","status":"publish","type":"post","link":"https:\/\/aeronoticias.com.pe\/noticiero\/nacionales\/promoveran-investigaciones-en-materia-ambiental-en-las-regiones\/","title":{"rendered":"Promover\u00e1n investigaciones en materia ambiental en las regiones"},"content":{"rendered":"<p style=\"text-align: justify;\"><img decoding=\"async\" src=\"images\/stories\/14\/08\/080814\/a11.jpg\" border=\"0\" \/><\/p>\n<p style=\"text-align: justify;\"><strong>(Aeronoticias).- Uno de los objetivos del pr\u00f3ximo encuentro de investigadores ambientales, que se realizar\u00e1 en Piura, es generar y promover una agenda de investigaciones en las propias regiones que servir\u00e1n para la toma de decisiones y mejorar la competitividad en el pa\u00eds.<\/strong><\/p>\n<p style=\"text-align: justify;\">  <!--more-->  As\u00ed lo indic\u00f3 la titular de la Direcci\u00f3n General de Investigaci\u00f3n de Informaci\u00f3n Ambiental del Minam, Sonia Gonz\u00e1les, quien destac\u00f3 que en es necesario este tipo de actividades previas, pues el pa\u00eds ser\u00e1 sede de la vig\u00e9sima Conferencia de las Partes (COP) a fin de a\u00f1o.<\/p>\n<p style=\"text-align: justify;\">\u00abSe busca impulsar las investigaciones pues ir\u00e1n cient\u00edficos de diversas universidades a nivel nacional, se van a seleccionar trabajos en cuatro ejes como la innovaci\u00f3n en el contexto del cambio clim\u00e1tico. Como dijimos los investigadores presentar\u00e1n sus trabajos en diversos temas\u00bb, dijo.<\/p>\n<p style=\"text-align: justify;\">Gonz\u00e1les sostuvo que de esta manera tambi\u00e9n se estar\u00e1 fortaleciendo las agendas de investigaci\u00f3n regional, que ser\u00e1n documentos para investigar la demanda de informaci\u00f3n para las actividades productivas, la competitividad y priorizar las decisiones pol\u00edticas.<\/p>\n<p style=\"text-align: justify;\">Indic\u00f3 que los ejes de trabajo ser\u00e1n Cuencas y agua; Ecosistemas Vulnerables; Innovaci\u00f3n tecnol\u00f3gica y productiva para la conservaci\u00f3n del ambiente y Cambio clim\u00e1tico.<\/p>\n<p style=\"text-align: justify;\">Precisamente, Piura ser\u00e1 la sede del III Encuentro de Investigadores Ambientales, cuyo \u00a0tema central ser\u00e1 la Investigaci\u00f3n Ambiental e Innovaci\u00f3n en el contexto del Cambio Clim\u00e1tico.<\/p>\n<p style=\"text-align: justify;\">El evento, que se realizar\u00e1 entre el 13 y 15 de agosto pr\u00f3ximo, ser\u00e1 un espacio de discusi\u00f3n para vincular esta investigaci\u00f3n ambiental con las pol\u00edticas p\u00fablicas, de manera que se involucren diversos actores en el cumplimiento de la Agenda de Investigaci\u00f3n Ambiental.<\/p>\n<p style=\"text-align: justify;\">El evento es organizado por el Ministerio del Ambiente (MINAM) a trav\u00e9s de la Direcci\u00f3n General de Investigaci\u00f3n e Informaci\u00f3n Ambiental, la Red Peruana de Investigaci\u00f3n Ambiental a su cargo, el Gobierno Regional de Piura, entre otras instituciones.<\/p>\n<p style=\"text-align: justify;\">\u00a0<\/p>\n<p style=\"text-align: justify;\">Fuente: <strong><em>Andina<\/em><\/strong><\/p>\n<p style=\"text-align: justify;\">Foto: <strong><em>Andina<\/em><\/strong><\/p>\n","protected":false},"excerpt":{"rendered":"<p>(Aeronoticias).- Uno de los objetivos del pr\u00f3ximo encuentro de investigadores ambientales, que se realizar\u00e1 en Piura, es generar y promover una agenda de investigaciones en las propias regiones que servir\u00e1n para la toma de decisiones y mejorar la competitividad en el pa\u00eds.<\/p>\n","protected":false},"author":1,"featured_media":0,"comment_status":"open","ping_status":"open","sticky":false,"template":"","format":"standard","meta":{"tdm_status":"","tdm_grid_status":"","footnotes":""},"categories":[38],"tags":[],"class_list":{"0":"post-47974","1":"post","2":"type-post","3":"status-publish","4":"format-standard","6":"category-nacionales"},"yoast_head":"<!-- This site is optimized with the Yoast SEO plugin v25.1 - https:\/\/yoast.com\/wordpress\/plugins\/seo\/ -->\n<title>Promover\u00e1n investigaciones en materia ambiental en las regiones<\/title>\n<meta name=\"description\" content=\"Portal de noticias del Per\u00fa sobre el transporte a\u00e9reo, aviaci\u00f3n, turismo, hoteleria, actualidad.\" \/>\n<meta name=\"robots\" content=\"index, follow, max-snippet:-1, max-image-preview:large, max-video-preview:-1\" \/>\n<link rel=\"canonical\" href=\"https:\/\/aeronoticias.com.pe\/noticiero\/nacionales\/promoveran-investigaciones-en-materia-ambiental-en-las-regiones\/\" \/>\n<meta property=\"og:locale\" content=\"es_ES\" \/>\n<meta property=\"og:type\" content=\"article\" \/>\n<meta property=\"og:title\" content=\"Promover\u00e1n investigaciones en materia ambiental en las regiones\" \/>\n<meta property=\"og:description\" content=\"Portal de noticias del Per\u00fa sobre el transporte a\u00e9reo, aviaci\u00f3n, turismo, hoteleria, actualidad.\" \/>\n<meta property=\"og:url\" content=\"https:\/\/aeronoticias.com.pe\/noticiero\/nacionales\/promoveran-investigaciones-en-materia-ambiental-en-las-regiones\/\" \/>\n<meta property=\"og:site_name\" content=\"Aeronoticias.com.pe\" \/>\n<meta property=\"article:publisher\" content=\"https:\/\/www.facebook.com\/Aeronoticias.com.pe\/\" \/>\n<meta property=\"article:published_time\" content=\"2014-08-08T20:44:33+00:00\" \/>\n<meta name=\"author\" content=\"Redacci\u00f3n Aeronoticias\" \/>\n<meta name=\"twitter:card\" content=\"summary_large_image\" \/>\n<meta name=\"twitter:creator\" content=\"@aeronoticias\" \/>\n<meta name=\"twitter:site\" content=\"@aeronoticias\" \/>\n<meta name=\"twitter:label1\" content=\"Escrito por\" \/>\n\t<meta name=\"twitter:data1\" content=\"Redacci\u00f3n Aeronoticias\" \/>\n\t<meta name=\"twitter:label2\" content=\"Tiempo de lectura\" \/>\n\t<meta name=\"twitter:data2\" content=\"2 minutos\" \/>\n<script type=\"application\/ld+json\" class=\"yoast-schema-graph\">{\"@context\":\"https:\/\/schema.org\",\"@graph\":[{\"@type\":\"WebPage\",\"@id\":\"https:\/\/aeronoticias.com.pe\/noticiero\/nacionales\/promoveran-investigaciones-en-materia-ambiental-en-las-regiones\/\",\"url\":\"https:\/\/aeronoticias.com.pe\/noticiero\/nacionales\/promoveran-investigaciones-en-materia-ambiental-en-las-regiones\/\",\"name\":\"Promover\u00e1n investigaciones en materia ambiental en las regiones\",\"isPartOf\":{\"@id\":\"https:\/\/aeronoticias.com.pe\/noticiero\/#website\"},\"datePublished\":\"2014-08-08T20:44:33+00:00\",\"author\":{\"@id\":\"https:\/\/aeronoticias.com.pe\/noticiero\/#\/schema\/person\/fc1e5d578f4b62ba1cf7ac2bba1170a0\"},\"description\":\"Portal de noticias del Per\u00fa sobre el transporte a\u00e9reo, aviaci\u00f3n, turismo, hoteleria, actualidad.\",\"breadcrumb\":{\"@id\":\"https:\/\/aeronoticias.com.pe\/noticiero\/nacionales\/promoveran-investigaciones-en-materia-ambiental-en-las-regiones\/#breadcrumb\"},\"inLanguage\":\"es\",\"potentialAction\":[{\"@type\":\"ReadAction\",\"target\":[\"https:\/\/aeronoticias.com.pe\/noticiero\/nacionales\/promoveran-investigaciones-en-materia-ambiental-en-las-regiones\/\"]}]},{\"@type\":\"BreadcrumbList\",\"@id\":\"https:\/\/aeronoticias.com.pe\/noticiero\/nacionales\/promoveran-investigaciones-en-materia-ambiental-en-las-regiones\/#breadcrumb\",\"itemListElement\":[{\"@type\":\"ListItem\",\"position\":1,\"name\":\"Portada\",\"item\":\"https:\/\/aeronoticias.com.pe\/noticiero\/\"},{\"@type\":\"ListItem\",\"position\":2,\"name\":\"Promover\u00e1n investigaciones en materia ambiental en las regiones\"}]},{\"@type\":\"WebSite\",\"@id\":\"https:\/\/aeronoticias.com.pe\/noticiero\/#website\",\"url\":\"https:\/\/aeronoticias.com.pe\/noticiero\/\",\"name\":\"Aeronoticias.com.pe\",\"description\":\"Noticias de tranporte aereo, turismo, hoteles, gastronomia, actualidad, internacional\",\"potentialAction\":[{\"@type\":\"SearchAction\",\"target\":{\"@type\":\"EntryPoint\",\"urlTemplate\":\"https:\/\/aeronoticias.com.pe\/noticiero\/?s={search_term_string}\"},\"query-input\":{\"@type\":\"PropertyValueSpecification\",\"valueRequired\":true,\"valueName\":\"search_term_string\"}}],\"inLanguage\":\"es\"},{\"@type\":\"Person\",\"@id\":\"https:\/\/aeronoticias.com.pe\/noticiero\/#\/schema\/person\/fc1e5d578f4b62ba1cf7ac2bba1170a0\",\"name\":\"Redacci\u00f3n Aeronoticias\",\"url\":\"https:\/\/aeronoticias.com.pe\/noticiero\/author\/piloto\/\"}]}<\/script>\n<!-- \/ Yoast SEO plugin. -->","yoast_head_json":{"title":"Promover\u00e1n investigaciones en materia ambiental en las regiones","description":"Portal de noticias del Per\u00fa sobre el transporte a\u00e9reo, aviaci\u00f3n, turismo, hoteleria, actualidad.","robots":{"index":"index","follow":"follow","max-snippet":"max-snippet:-1","max-image-preview":"max-image-preview:large","max-video-preview":"max-video-preview:-1"},"canonical":"https:\/\/aeronoticias.com.pe\/noticiero\/nacionales\/promoveran-investigaciones-en-materia-ambiental-en-las-regiones\/","og_locale":"es_ES","og_type":"article","og_title":"Promover\u00e1n investigaciones en materia ambiental en las regiones","og_description":"Portal de noticias del Per\u00fa sobre el transporte a\u00e9reo, aviaci\u00f3n, turismo, hoteleria, actualidad.","og_url":"https:\/\/aeronoticias.com.pe\/noticiero\/nacionales\/promoveran-investigaciones-en-materia-ambiental-en-las-regiones\/","og_site_name":"Aeronoticias.com.pe","article_publisher":"https:\/\/www.facebook.com\/Aeronoticias.com.pe\/","article_published_time":"2014-08-08T20:44:33+00:00","author":"Redacci\u00f3n Aeronoticias","twitter_card":"summary_large_image","twitter_creator":"@aeronoticias","twitter_site":"@aeronoticias","twitter_misc":{"Escrito por":"Redacci\u00f3n Aeronoticias","Tiempo de lectura":"2 minutos"},"schema":{"@context":"https:\/\/schema.org","@graph":[{"@type":"WebPage","@id":"https:\/\/aeronoticias.com.pe\/noticiero\/nacionales\/promoveran-investigaciones-en-materia-ambiental-en-las-regiones\/","url":"https:\/\/aeronoticias.com.pe\/noticiero\/nacionales\/promoveran-investigaciones-en-materia-ambiental-en-las-regiones\/","name":"Promover\u00e1n investigaciones en materia ambiental en las regiones","isPartOf":{"@id":"https:\/\/aeronoticias.com.pe\/noticiero\/#website"},"datePublished":"2014-08-08T20:44:33+00:00","author":{"@id":"https:\/\/aeronoticias.com.pe\/noticiero\/#\/schema\/person\/fc1e5d578f4b62ba1cf7ac2bba1170a0"},"description":"Portal de noticias del Per\u00fa sobre el transporte a\u00e9reo, aviaci\u00f3n, turismo, hoteleria, actualidad.","breadcrumb":{"@id":"https:\/\/aeronoticias.com.pe\/noticiero\/nacionales\/promoveran-investigaciones-en-materia-ambiental-en-las-regiones\/#breadcrumb"},"inLanguage":"es","potentialAction":[{"@type":"ReadAction","target":["https:\/\/aeronoticias.com.pe\/noticiero\/nacionales\/promoveran-investigaciones-en-materia-ambiental-en-las-regiones\/"]}]},{"@type":"BreadcrumbList","@id":"https:\/\/aeronoticias.com.pe\/noticiero\/nacionales\/promoveran-investigaciones-en-materia-ambiental-en-las-regiones\/#breadcrumb","itemListElement":[{"@type":"ListItem","position":1,"name":"Portada","item":"https:\/\/aeronoticias.com.pe\/noticiero\/"},{"@type":"ListItem","position":2,"name":"Promover\u00e1n investigaciones en materia ambiental en las regiones"}]},{"@type":"WebSite","@id":"https:\/\/aeronoticias.com.pe\/noticiero\/#website","url":"https:\/\/aeronoticias.com.pe\/noticiero\/","name":"Aeronoticias.com.pe","description":"Noticias de tranporte aereo, turismo, hoteles, gastronomia, actualidad, internacional","potentialAction":[{"@type":"SearchAction","target":{"@type":"EntryPoint","urlTemplate":"https:\/\/aeronoticias.com.pe\/noticiero\/?s={search_term_string}"},"query-input":{"@type":"PropertyValueSpecification","valueRequired":true,"valueName":"search_term_string"}}],"inLanguage":"es"},{"@type":"Person","@id":"https:\/\/aeronoticias.com.pe\/noticiero\/#\/schema\/person\/fc1e5d578f4b62ba1cf7ac2bba1170a0","name":"Redacci\u00f3n Aeronoticias","url":"https:\/\/aeronoticias.com.pe\/noticiero\/author\/piloto\/"}]}},"_links":{"self":[{"href":"https:\/\/aeronoticias.com.pe\/noticiero\/wp-json\/wp\/v2\/posts\/47974","targetHints":{"allow":["GET"]}}],"collection":[{"href":"https:\/\/aeronoticias.com.pe\/noticiero\/wp-json\/wp\/v2\/posts"}],"about":[{"href":"https:\/\/aeronoticias.com.pe\/noticiero\/wp-json\/wp\/v2\/types\/post"}],"author":[{"embeddable":true,"href":"https:\/\/aeronoticias.com.pe\/noticiero\/wp-json\/wp\/v2\/users\/1"}],"replies":[{"embeddable":true,"href":"https:\/\/aeronoticias.com.pe\/noticiero\/wp-json\/wp\/v2\/comments?post=47974"}],"version-history":[{"count":0,"href":"https:\/\/aeronoticias.com.pe\/noticiero\/wp-json\/wp\/v2\/posts\/47974\/revisions"}],"wp:attachment":[{"href":"https:\/\/aeronoticias.com.pe\/noticiero\/wp-json\/wp\/v2\/media?parent=47974"}],"wp:term":[{"taxonomy":"category","embeddable":true,"href":"https:\/\/aeronoticias.com.pe\/noticiero\/wp-json\/wp\/v2\/categories?post=47974"},{"taxonomy":"post_tag","embeddable":true,"href":"https:\/\/aeronoticias.com.pe\/noticiero\/wp-json\/wp\/v2\/tags?post=47974"}],"curies":[{"name":"wp","href":"https:\/\/api.w.org\/{rel}","templated":true}]}}