{"id":47975,"date":"2014-08-08T20:48:24","date_gmt":"2014-08-08T20:48:24","guid":{"rendered":"http:\/\/desarrollo.mcvicious.com\/aero2020\/2014\/08\/08\/mandatario-saluda-cambio-de-jueces-que-liberaron-a-cupula-de-movadef\/"},"modified":"2014-08-08T20:48:24","modified_gmt":"2014-08-08T20:48:24","slug":"mandatario-saluda-cambio-de-jueces-que-liberaron-a-cupula-de-movadef","status":"publish","type":"post","link":"https:\/\/aeronoticias.com.pe\/noticiero\/politica\/mandatario-saluda-cambio-de-jueces-que-liberaron-a-cupula-de-movadef\/","title":{"rendered":"Mandatario saluda cambio de jueces que liberaron a c\u00fapula de Movadef"},"content":{"rendered":"<p style=\"text-align: justify;\"><img decoding=\"async\" src=\"images\/stories\/14\/08\/080814\/a12.jpg\" border=\"0\" \/><\/p>\n<p style=\"text-align: justify;\"><strong>(Aeronoticias).- El mandatario Ollanta Humala salud\u00f3 hoy la decisi\u00f3n del Poder Judicial de relevar a los jueces que ordenaron la liberaci\u00f3n de la c\u00fapula del Movimiento por la Amnist\u00eda y los Derechos Fundamentales (Movadef), organizaci\u00f3n de fachada de Sendero Luminoso.<\/strong><\/p>\n<p style=\"text-align: justify;\">  <!--more-->  \u00abMe parece bien. As\u00ed como hemos respetado la sentencia en primera instancia de una sala judicial (que orden\u00f3 la liberaci\u00f3n), tambi\u00e9n me parece que debemos respetar esta decisi\u00f3n del Poder Judicial\u00bb, declar\u00f3 el Jefe del Estado a la prensa.<\/p>\n<p style=\"text-align: justify;\">Record\u00f3 que cuando se dio la orden de liberaci\u00f3n mostr\u00f3 abiertamente su preocupaci\u00f3n, fundada en lo que vivieron los peruanos debido a la violencia.<\/p>\n<p style=\"text-align: justify;\">\u00abYa hemos visto qu\u00e9 es lo que pasa cuando hay sentencias laxas para gente que destruy\u00f3 el pa\u00eds, para gente que no ha entendido que los peruanos no queremos la destrucci\u00f3n de nuestra sociedad, sino avanzar\u00bb, puntualiz\u00f3.<\/p>\n<p style=\"text-align: justify;\">Consider\u00f3 que la c\u00fapula del Movadef est\u00e1 formada por \u00abgente que se qued\u00f3 en el pasado y que cree que los peruanos somos muy ingenuos\u00bb para no darnos cuenta de que est\u00e1n variando su t\u00e1ctica, pero que la estrategia de captura del poder es la misma.<\/p>\n<p style=\"text-align: justify;\">\u00abNo podemos permitir eso, hemos avanzado tanto; tenemos en nuestras familias a v\u00edctimas de la violencia y no podemos darles ventaja a esas personas\u00bb, se\u00f1al\u00f3 Humala Tasso.<\/p>\n<p style=\"text-align: justify;\">\u00abSaludamos la decisi\u00f3n del Poder Judicial y la respetamos, y nuestra opini\u00f3n es que ha hecho bien\u00bb, insisti\u00f3 el Mandatario, tras presentar el Plan Nacional de Diversificaci\u00f3n Productiva en el distrito de Los Olivos, en el Cono Norte de Lima.<\/p>\n<p style=\"text-align: justify;\">En la v\u00edspera, el Consejo Ejecutivo del Poder Judicial dispuso la renovaci\u00f3n de los tres integrantes del colegiado F de la Sala Penal Nacional que esta semana ordenaron la liberaci\u00f3n de la c\u00fapula del Movadef.<\/p>\n<p style=\"text-align: justify;\">Seg\u00fan el Poder Judicial, los jueces superiores que formaban el colegiado F, entre ellos V\u00edctor Valladolid y Olga Inga, firmantes de la resoluci\u00f3n, retornar\u00e1n a sus cargos jurisdiccionales de origen.<\/p>\n<p style=\"text-align: justify;\">Los nuevos magistrados ser\u00e1n Erazmo Coaguila Ch\u00e1vez, proveniente de la corte de Ica; Nelly Gladys Pinto Alcarraz, de San Mart\u00edn; e Iv\u00e1n Alberto Quispe Aucca, de Puno.<\/p>\n<p style=\"text-align: justify;\">\u00a0<\/p>\n<p style=\"text-align: justify;\">Fuente: <strong><em>Andina<\/em><\/strong><\/p>\n<p style=\"text-align: justify;\">Foto: <strong><em>Andina<\/em><\/strong><\/p>\n","protected":false},"excerpt":{"rendered":"<p>(Aeronoticias).- El mandatario Ollanta Humala salud\u00f3 hoy la decisi\u00f3n del Poder Judicial de relevar a los jueces que ordenaron la liberaci\u00f3n de la c\u00fapula del Movimiento por la Amnist\u00eda y los Derechos Fundamentales (Movadef), organizaci\u00f3n de fachada de Sendero Luminoso.<\/p>\n","protected":false},"author":1,"featured_media":0,"comment_status":"open","ping_status":"open","sticky":false,"template":"","format":"standard","meta":{"tdm_status":"","tdm_grid_status":"","footnotes":""},"categories":[36],"tags":[],"class_list":{"0":"post-47975","1":"post","2":"type-post","3":"status-publish","4":"format-standard","6":"category-politica"},"yoast_head":"<!-- This site is optimized with the Yoast SEO plugin v25.1 - https:\/\/yoast.com\/wordpress\/plugins\/seo\/ -->\n<title>Mandatario saluda cambio de jueces que liberaron a c\u00fapula de Movadef<\/title>\n<meta name=\"description\" content=\"Portal de noticias del Per\u00fa sobre el transporte a\u00e9reo, aviaci\u00f3n, turismo, hoteleria, actualidad.\" \/>\n<meta name=\"robots\" content=\"index, follow, max-snippet:-1, max-image-preview:large, max-video-preview:-1\" \/>\n<link rel=\"canonical\" href=\"https:\/\/aeronoticias.com.pe\/noticiero\/politica\/mandatario-saluda-cambio-de-jueces-que-liberaron-a-cupula-de-movadef\/\" \/>\n<meta property=\"og:locale\" content=\"es_ES\" \/>\n<meta property=\"og:type\" content=\"article\" \/>\n<meta property=\"og:title\" content=\"Mandatario saluda cambio de jueces que liberaron a c\u00fapula de Movadef\" \/>\n<meta property=\"og:description\" content=\"Portal de noticias del Per\u00fa sobre el transporte a\u00e9reo, aviaci\u00f3n, turismo, hoteleria, actualidad.\" \/>\n<meta property=\"og:url\" content=\"https:\/\/aeronoticias.com.pe\/noticiero\/politica\/mandatario-saluda-cambio-de-jueces-que-liberaron-a-cupula-de-movadef\/\" \/>\n<meta property=\"og:site_name\" content=\"Aeronoticias.com.pe\" \/>\n<meta property=\"article:publisher\" content=\"https:\/\/www.facebook.com\/Aeronoticias.com.pe\/\" \/>\n<meta property=\"article:published_time\" content=\"2014-08-08T20:48:24+00:00\" \/>\n<meta name=\"author\" content=\"Redacci\u00f3n Aeronoticias\" \/>\n<meta name=\"twitter:card\" content=\"summary_large_image\" \/>\n<meta name=\"twitter:creator\" content=\"@aeronoticias\" \/>\n<meta name=\"twitter:site\" content=\"@aeronoticias\" \/>\n<meta name=\"twitter:label1\" content=\"Escrito por\" \/>\n\t<meta name=\"twitter:data1\" content=\"Redacci\u00f3n Aeronoticias\" \/>\n\t<meta name=\"twitter:label2\" content=\"Tiempo de lectura\" \/>\n\t<meta name=\"twitter:data2\" content=\"2 minutos\" \/>\n<script type=\"application\/ld+json\" class=\"yoast-schema-graph\">{\"@context\":\"https:\/\/schema.org\",\"@graph\":[{\"@type\":\"WebPage\",\"@id\":\"https:\/\/aeronoticias.com.pe\/noticiero\/politica\/mandatario-saluda-cambio-de-jueces-que-liberaron-a-cupula-de-movadef\/\",\"url\":\"https:\/\/aeronoticias.com.pe\/noticiero\/politica\/mandatario-saluda-cambio-de-jueces-que-liberaron-a-cupula-de-movadef\/\",\"name\":\"Mandatario saluda cambio de jueces que liberaron a c\u00fapula de Movadef\",\"isPartOf\":{\"@id\":\"https:\/\/aeronoticias.com.pe\/noticiero\/#website\"},\"datePublished\":\"2014-08-08T20:48:24+00:00\",\"author\":{\"@id\":\"https:\/\/aeronoticias.com.pe\/noticiero\/#\/schema\/person\/fc1e5d578f4b62ba1cf7ac2bba1170a0\"},\"description\":\"Portal de noticias del Per\u00fa sobre el transporte a\u00e9reo, aviaci\u00f3n, turismo, hoteleria, actualidad.\",\"breadcrumb\":{\"@id\":\"https:\/\/aeronoticias.com.pe\/noticiero\/politica\/mandatario-saluda-cambio-de-jueces-que-liberaron-a-cupula-de-movadef\/#breadcrumb\"},\"inLanguage\":\"es\",\"potentialAction\":[{\"@type\":\"ReadAction\",\"target\":[\"https:\/\/aeronoticias.com.pe\/noticiero\/politica\/mandatario-saluda-cambio-de-jueces-que-liberaron-a-cupula-de-movadef\/\"]}]},{\"@type\":\"BreadcrumbList\",\"@id\":\"https:\/\/aeronoticias.com.pe\/noticiero\/politica\/mandatario-saluda-cambio-de-jueces-que-liberaron-a-cupula-de-movadef\/#breadcrumb\",\"itemListElement\":[{\"@type\":\"ListItem\",\"position\":1,\"name\":\"Portada\",\"item\":\"https:\/\/aeronoticias.com.pe\/noticiero\/\"},{\"@type\":\"ListItem\",\"position\":2,\"name\":\"Mandatario saluda cambio de jueces que liberaron a c\u00fapula de Movadef\"}]},{\"@type\":\"WebSite\",\"@id\":\"https:\/\/aeronoticias.com.pe\/noticiero\/#website\",\"url\":\"https:\/\/aeronoticias.com.pe\/noticiero\/\",\"name\":\"Aeronoticias.com.pe\",\"description\":\"Noticias de tranporte aereo, turismo, hoteles, gastronomia, actualidad, internacional\",\"potentialAction\":[{\"@type\":\"SearchAction\",\"target\":{\"@type\":\"EntryPoint\",\"urlTemplate\":\"https:\/\/aeronoticias.com.pe\/noticiero\/?s={search_term_string}\"},\"query-input\":{\"@type\":\"PropertyValueSpecification\",\"valueRequired\":true,\"valueName\":\"search_term_string\"}}],\"inLanguage\":\"es\"},{\"@type\":\"Person\",\"@id\":\"https:\/\/aeronoticias.com.pe\/noticiero\/#\/schema\/person\/fc1e5d578f4b62ba1cf7ac2bba1170a0\",\"name\":\"Redacci\u00f3n Aeronoticias\",\"url\":\"https:\/\/aeronoticias.com.pe\/noticiero\/author\/piloto\/\"}]}<\/script>\n<!-- \/ Yoast SEO plugin. -->","yoast_head_json":{"title":"Mandatario saluda cambio de jueces que liberaron a c\u00fapula de Movadef","description":"Portal de noticias del Per\u00fa sobre el transporte a\u00e9reo, aviaci\u00f3n, turismo, hoteleria, actualidad.","robots":{"index":"index","follow":"follow","max-snippet":"max-snippet:-1","max-image-preview":"max-image-preview:large","max-video-preview":"max-video-preview:-1"},"canonical":"https:\/\/aeronoticias.com.pe\/noticiero\/politica\/mandatario-saluda-cambio-de-jueces-que-liberaron-a-cupula-de-movadef\/","og_locale":"es_ES","og_type":"article","og_title":"Mandatario saluda cambio de jueces que liberaron a c\u00fapula de Movadef","og_description":"Portal de noticias del Per\u00fa sobre el transporte a\u00e9reo, aviaci\u00f3n, turismo, hoteleria, actualidad.","og_url":"https:\/\/aeronoticias.com.pe\/noticiero\/politica\/mandatario-saluda-cambio-de-jueces-que-liberaron-a-cupula-de-movadef\/","og_site_name":"Aeronoticias.com.pe","article_publisher":"https:\/\/www.facebook.com\/Aeronoticias.com.pe\/","article_published_time":"2014-08-08T20:48:24+00:00","author":"Redacci\u00f3n Aeronoticias","twitter_card":"summary_large_image","twitter_creator":"@aeronoticias","twitter_site":"@aeronoticias","twitter_misc":{"Escrito por":"Redacci\u00f3n Aeronoticias","Tiempo de lectura":"2 minutos"},"schema":{"@context":"https:\/\/schema.org","@graph":[{"@type":"WebPage","@id":"https:\/\/aeronoticias.com.pe\/noticiero\/politica\/mandatario-saluda-cambio-de-jueces-que-liberaron-a-cupula-de-movadef\/","url":"https:\/\/aeronoticias.com.pe\/noticiero\/politica\/mandatario-saluda-cambio-de-jueces-que-liberaron-a-cupula-de-movadef\/","name":"Mandatario saluda cambio de jueces que liberaron a c\u00fapula de Movadef","isPartOf":{"@id":"https:\/\/aeronoticias.com.pe\/noticiero\/#website"},"datePublished":"2014-08-08T20:48:24+00:00","author":{"@id":"https:\/\/aeronoticias.com.pe\/noticiero\/#\/schema\/person\/fc1e5d578f4b62ba1cf7ac2bba1170a0"},"description":"Portal de noticias del Per\u00fa sobre el transporte a\u00e9reo, aviaci\u00f3n, turismo, hoteleria, actualidad.","breadcrumb":{"@id":"https:\/\/aeronoticias.com.pe\/noticiero\/politica\/mandatario-saluda-cambio-de-jueces-que-liberaron-a-cupula-de-movadef\/#breadcrumb"},"inLanguage":"es","potentialAction":[{"@type":"ReadAction","target":["https:\/\/aeronoticias.com.pe\/noticiero\/politica\/mandatario-saluda-cambio-de-jueces-que-liberaron-a-cupula-de-movadef\/"]}]},{"@type":"BreadcrumbList","@id":"https:\/\/aeronoticias.com.pe\/noticiero\/politica\/mandatario-saluda-cambio-de-jueces-que-liberaron-a-cupula-de-movadef\/#breadcrumb","itemListElement":[{"@type":"ListItem","position":1,"name":"Portada","item":"https:\/\/aeronoticias.com.pe\/noticiero\/"},{"@type":"ListItem","position":2,"name":"Mandatario saluda cambio de jueces que liberaron a c\u00fapula de Movadef"}]},{"@type":"WebSite","@id":"https:\/\/aeronoticias.com.pe\/noticiero\/#website","url":"https:\/\/aeronoticias.com.pe\/noticiero\/","name":"Aeronoticias.com.pe","description":"Noticias de tranporte aereo, turismo, hoteles, gastronomia, actualidad, internacional","potentialAction":[{"@type":"SearchAction","target":{"@type":"EntryPoint","urlTemplate":"https:\/\/aeronoticias.com.pe\/noticiero\/?s={search_term_string}"},"query-input":{"@type":"PropertyValueSpecification","valueRequired":true,"valueName":"search_term_string"}}],"inLanguage":"es"},{"@type":"Person","@id":"https:\/\/aeronoticias.com.pe\/noticiero\/#\/schema\/person\/fc1e5d578f4b62ba1cf7ac2bba1170a0","name":"Redacci\u00f3n Aeronoticias","url":"https:\/\/aeronoticias.com.pe\/noticiero\/author\/piloto\/"}]}},"_links":{"self":[{"href":"https:\/\/aeronoticias.com.pe\/noticiero\/wp-json\/wp\/v2\/posts\/47975","targetHints":{"allow":["GET"]}}],"collection":[{"href":"https:\/\/aeronoticias.com.pe\/noticiero\/wp-json\/wp\/v2\/posts"}],"about":[{"href":"https:\/\/aeronoticias.com.pe\/noticiero\/wp-json\/wp\/v2\/types\/post"}],"author":[{"embeddable":true,"href":"https:\/\/aeronoticias.com.pe\/noticiero\/wp-json\/wp\/v2\/users\/1"}],"replies":[{"embeddable":true,"href":"https:\/\/aeronoticias.com.pe\/noticiero\/wp-json\/wp\/v2\/comments?post=47975"}],"version-history":[{"count":0,"href":"https:\/\/aeronoticias.com.pe\/noticiero\/wp-json\/wp\/v2\/posts\/47975\/revisions"}],"wp:attachment":[{"href":"https:\/\/aeronoticias.com.pe\/noticiero\/wp-json\/wp\/v2\/media?parent=47975"}],"wp:term":[{"taxonomy":"category","embeddable":true,"href":"https:\/\/aeronoticias.com.pe\/noticiero\/wp-json\/wp\/v2\/categories?post=47975"},{"taxonomy":"post_tag","embeddable":true,"href":"https:\/\/aeronoticias.com.pe\/noticiero\/wp-json\/wp\/v2\/tags?post=47975"}],"curies":[{"name":"wp","href":"https:\/\/api.w.org\/{rel}","templated":true}]}}