{"id":47976,"date":"2014-08-08T20:50:30","date_gmt":"2014-08-08T20:50:30","guid":{"rendered":"http:\/\/desarrollo.mcvicious.com\/aero2020\/2014\/08\/08\/ghezzi-anuncia-creacion-de-cite-para-fomentar-transferencia-tecnologica\/"},"modified":"2014-08-08T20:50:30","modified_gmt":"2014-08-08T20:50:30","slug":"ghezzi-anuncia-creacion-de-cite-para-fomentar-transferencia-tecnologica","status":"publish","type":"post","link":"https:\/\/aeronoticias.com.pe\/noticiero\/economia\/ghezzi-anuncia-creacion-de-cite-para-fomentar-transferencia-tecnologica\/","title":{"rendered":"Ghezzi anuncia creaci\u00f3n de Cite para fomentar transferencia tecnol\u00f3gica"},"content":{"rendered":"<p style=\"text-align: justify;\"><img decoding=\"async\" src=\"images\/stories\/14\/08\/080814\/a13.jpg\" border=\"0\" \/><\/p>\n<p style=\"text-align: justify;\"><strong>(Aeronoticias).- El ministro de la Producci\u00f3n, Piero Ghezzi, anunci\u00f3 hoy la creaci\u00f3n de centros de innovaci\u00f3n tecnol\u00f3gica (Cite) en todo el pa\u00eds, con la finalidad de fomentar la transferencia tecnol\u00f3gica, incluido en el tercer eje del Plan de Diversificaci\u00f3n Productiva.<\/strong><\/p>\n<p style=\"text-align: justify;\">  <!--more-->  Indic\u00f3 que comprende, adem\u00e1s, la gesti\u00f3n de programas como Mi Riego y Haku Wi\u00f1ay, los cuales est\u00e1n debidamente identificados y poseen mucho potencial, por lo que no es necesario inventar tecnolog\u00eda de punta.<\/p>\n<p style=\"text-align: justify;\">\u00abEn la parte de la transferencia tecnol\u00f3gica iremos de manera muy din\u00e1mica a crear los Cite en todo el pa\u00eds, potenciado con el sector privado y p\u00fablico, trabajamos tambi\u00e9n en los t\u00e9rminos del financiamiento para la micro, peque\u00f1a y mediana empresa (mipyme)\u00bb, explic\u00f3.<\/p>\n<p style=\"text-align: justify;\">En declaraciones a TV Per\u00fa, manifest\u00f3 que la mipyme tiene un alto costo de financiamiento en comparaci\u00f3n con otros pa\u00edses, por lo que se crear\u00e1n dos fondos en la Corporaci\u00f3n Financiera de Desarrollo (Cofide), que permitir\u00e1n reducir esta inversi\u00f3n.<\/p>\n<p style=\"text-align: justify;\">\u00abEllo mediante el mecanismo de mercado de \u00abfactoring\u00bb y las garant\u00edas rec\u00edprocas que van a reducir el costo, que ahora es de 30 por ciento, esperamos que a niveles mucho menores\u00bb, precis\u00f3.<\/p>\n<p style=\"text-align: justify;\">Ghezzi se\u00f1al\u00f3 que las Cite est\u00e1n dentro del Instituto Tecnol\u00f3gico de la Producci\u00f3n, pero que por el momento son organismos muy peque\u00f1os, pues existen Cite p\u00fablicos, de madera, cuero y calzado, los cuales efect\u00faan transferencia tecnol\u00f3gica pero con presupuestos anuales de 15 millones de nuevos soles.<\/p>\n<p style=\"text-align: justify;\">Asimismo, anunci\u00f3 que el Plan de Diversificaci\u00f3n Productiva se lanza hoy en la zona industrial de Los Olivos, con la presencia del presidente Ollanta Humala, integrantes del Ejecutivo y representantes del sector privado.<\/p>\n<p style=\"text-align: justify;\">Tambi\u00e9n, dijo que van a participar delegados de una serie de compa\u00f1\u00edas grandes, medianas y peque\u00f1as, adem\u00e1s del sector acad\u00e9mico, confiri\u00e9ndole gran importancia al evento.<\/p>\n<p style=\"text-align: justify;\">Durante esta cita se prev\u00e9 instalar la Comisi\u00f3n Multisectorial Permanente para la Diversificaci\u00f3n Productiva, grupo de trabajo que ser\u00e1 encabezado por el titular de la Producci\u00f3n; la presidenta del Consejo de Ministros, Ana Jara; as\u00ed como los titulares de Econom\u00eda, Comercio Exterior, Agricultura, Energ\u00eda, Transportes; y representantes del sector privado.<\/p>\n<p style=\"text-align: justify;\">\u00a0<\/p>\n<p style=\"text-align: justify;\">Fuente: <strong><em>Andina<\/em><\/strong><\/p>\n<p style=\"text-align: justify;\">Foto: <em><strong>Andina<\/strong><\/em><\/p>\n","protected":false},"excerpt":{"rendered":"<p>(Aeronoticias).- El ministro de la Producci\u00f3n, Piero Ghezzi, anunci\u00f3 hoy la creaci\u00f3n de centros de innovaci\u00f3n tecnol\u00f3gica (Cite) en todo el pa\u00eds, con la finalidad de fomentar la transferencia tecnol\u00f3gica, incluido en el tercer eje del Plan de Diversificaci\u00f3n Productiva.<\/p>\n","protected":false},"author":1,"featured_media":0,"comment_status":"open","ping_status":"open","sticky":false,"template":"","format":"standard","meta":{"tdm_status":"","tdm_grid_status":"","footnotes":""},"categories":[33],"tags":[],"class_list":{"0":"post-47976","1":"post","2":"type-post","3":"status-publish","4":"format-standard","6":"category-economia"},"yoast_head":"<!-- This site is optimized with the Yoast SEO plugin v25.1 - https:\/\/yoast.com\/wordpress\/plugins\/seo\/ -->\n<title>Ghezzi anuncia creaci\u00f3n de Cite para fomentar transferencia tecnol\u00f3gica<\/title>\n<meta name=\"description\" content=\"Portal de noticias del Per\u00fa sobre el transporte a\u00e9reo, aviaci\u00f3n, turismo, hoteleria, actualidad.\" \/>\n<meta name=\"robots\" content=\"index, follow, max-snippet:-1, max-image-preview:large, max-video-preview:-1\" \/>\n<link rel=\"canonical\" href=\"https:\/\/aeronoticias.com.pe\/noticiero\/economia\/ghezzi-anuncia-creacion-de-cite-para-fomentar-transferencia-tecnologica\/\" \/>\n<meta property=\"og:locale\" content=\"es_ES\" \/>\n<meta property=\"og:type\" content=\"article\" \/>\n<meta property=\"og:title\" content=\"Ghezzi anuncia creaci\u00f3n de Cite para fomentar transferencia tecnol\u00f3gica\" \/>\n<meta property=\"og:description\" content=\"Portal de noticias del Per\u00fa sobre el transporte a\u00e9reo, aviaci\u00f3n, turismo, hoteleria, actualidad.\" \/>\n<meta property=\"og:url\" content=\"https:\/\/aeronoticias.com.pe\/noticiero\/economia\/ghezzi-anuncia-creacion-de-cite-para-fomentar-transferencia-tecnologica\/\" \/>\n<meta property=\"og:site_name\" content=\"Aeronoticias.com.pe\" \/>\n<meta property=\"article:publisher\" content=\"https:\/\/www.facebook.com\/Aeronoticias.com.pe\/\" \/>\n<meta property=\"article:published_time\" content=\"2014-08-08T20:50:30+00:00\" \/>\n<meta name=\"author\" content=\"Redacci\u00f3n Aeronoticias\" \/>\n<meta name=\"twitter:card\" content=\"summary_large_image\" \/>\n<meta name=\"twitter:creator\" content=\"@aeronoticias\" \/>\n<meta name=\"twitter:site\" content=\"@aeronoticias\" \/>\n<meta name=\"twitter:label1\" content=\"Escrito por\" \/>\n\t<meta name=\"twitter:data1\" content=\"Redacci\u00f3n Aeronoticias\" \/>\n\t<meta name=\"twitter:label2\" content=\"Tiempo de lectura\" \/>\n\t<meta name=\"twitter:data2\" content=\"2 minutos\" \/>\n<script type=\"application\/ld+json\" class=\"yoast-schema-graph\">{\"@context\":\"https:\/\/schema.org\",\"@graph\":[{\"@type\":\"WebPage\",\"@id\":\"https:\/\/aeronoticias.com.pe\/noticiero\/economia\/ghezzi-anuncia-creacion-de-cite-para-fomentar-transferencia-tecnologica\/\",\"url\":\"https:\/\/aeronoticias.com.pe\/noticiero\/economia\/ghezzi-anuncia-creacion-de-cite-para-fomentar-transferencia-tecnologica\/\",\"name\":\"Ghezzi anuncia creaci\u00f3n de Cite para fomentar transferencia tecnol\u00f3gica\",\"isPartOf\":{\"@id\":\"https:\/\/aeronoticias.com.pe\/noticiero\/#website\"},\"datePublished\":\"2014-08-08T20:50:30+00:00\",\"author\":{\"@id\":\"https:\/\/aeronoticias.com.pe\/noticiero\/#\/schema\/person\/fc1e5d578f4b62ba1cf7ac2bba1170a0\"},\"description\":\"Portal de noticias del Per\u00fa sobre el transporte a\u00e9reo, aviaci\u00f3n, turismo, hoteleria, actualidad.\",\"breadcrumb\":{\"@id\":\"https:\/\/aeronoticias.com.pe\/noticiero\/economia\/ghezzi-anuncia-creacion-de-cite-para-fomentar-transferencia-tecnologica\/#breadcrumb\"},\"inLanguage\":\"es\",\"potentialAction\":[{\"@type\":\"ReadAction\",\"target\":[\"https:\/\/aeronoticias.com.pe\/noticiero\/economia\/ghezzi-anuncia-creacion-de-cite-para-fomentar-transferencia-tecnologica\/\"]}]},{\"@type\":\"BreadcrumbList\",\"@id\":\"https:\/\/aeronoticias.com.pe\/noticiero\/economia\/ghezzi-anuncia-creacion-de-cite-para-fomentar-transferencia-tecnologica\/#breadcrumb\",\"itemListElement\":[{\"@type\":\"ListItem\",\"position\":1,\"name\":\"Portada\",\"item\":\"https:\/\/aeronoticias.com.pe\/noticiero\/\"},{\"@type\":\"ListItem\",\"position\":2,\"name\":\"Ghezzi anuncia creaci\u00f3n de Cite para fomentar transferencia tecnol\u00f3gica\"}]},{\"@type\":\"WebSite\",\"@id\":\"https:\/\/aeronoticias.com.pe\/noticiero\/#website\",\"url\":\"https:\/\/aeronoticias.com.pe\/noticiero\/\",\"name\":\"Aeronoticias.com.pe\",\"description\":\"Noticias de tranporte aereo, turismo, hoteles, gastronomia, actualidad, internacional\",\"potentialAction\":[{\"@type\":\"SearchAction\",\"target\":{\"@type\":\"EntryPoint\",\"urlTemplate\":\"https:\/\/aeronoticias.com.pe\/noticiero\/?s={search_term_string}\"},\"query-input\":{\"@type\":\"PropertyValueSpecification\",\"valueRequired\":true,\"valueName\":\"search_term_string\"}}],\"inLanguage\":\"es\"},{\"@type\":\"Person\",\"@id\":\"https:\/\/aeronoticias.com.pe\/noticiero\/#\/schema\/person\/fc1e5d578f4b62ba1cf7ac2bba1170a0\",\"name\":\"Redacci\u00f3n Aeronoticias\",\"url\":\"https:\/\/aeronoticias.com.pe\/noticiero\/author\/piloto\/\"}]}<\/script>\n<!-- \/ Yoast SEO plugin. -->","yoast_head_json":{"title":"Ghezzi anuncia creaci\u00f3n de Cite para fomentar transferencia tecnol\u00f3gica","description":"Portal de noticias del Per\u00fa sobre el transporte a\u00e9reo, aviaci\u00f3n, turismo, hoteleria, actualidad.","robots":{"index":"index","follow":"follow","max-snippet":"max-snippet:-1","max-image-preview":"max-image-preview:large","max-video-preview":"max-video-preview:-1"},"canonical":"https:\/\/aeronoticias.com.pe\/noticiero\/economia\/ghezzi-anuncia-creacion-de-cite-para-fomentar-transferencia-tecnologica\/","og_locale":"es_ES","og_type":"article","og_title":"Ghezzi anuncia creaci\u00f3n de Cite para fomentar transferencia tecnol\u00f3gica","og_description":"Portal de noticias del Per\u00fa sobre el transporte a\u00e9reo, aviaci\u00f3n, turismo, hoteleria, actualidad.","og_url":"https:\/\/aeronoticias.com.pe\/noticiero\/economia\/ghezzi-anuncia-creacion-de-cite-para-fomentar-transferencia-tecnologica\/","og_site_name":"Aeronoticias.com.pe","article_publisher":"https:\/\/www.facebook.com\/Aeronoticias.com.pe\/","article_published_time":"2014-08-08T20:50:30+00:00","author":"Redacci\u00f3n Aeronoticias","twitter_card":"summary_large_image","twitter_creator":"@aeronoticias","twitter_site":"@aeronoticias","twitter_misc":{"Escrito por":"Redacci\u00f3n Aeronoticias","Tiempo de lectura":"2 minutos"},"schema":{"@context":"https:\/\/schema.org","@graph":[{"@type":"WebPage","@id":"https:\/\/aeronoticias.com.pe\/noticiero\/economia\/ghezzi-anuncia-creacion-de-cite-para-fomentar-transferencia-tecnologica\/","url":"https:\/\/aeronoticias.com.pe\/noticiero\/economia\/ghezzi-anuncia-creacion-de-cite-para-fomentar-transferencia-tecnologica\/","name":"Ghezzi anuncia creaci\u00f3n de Cite para fomentar transferencia tecnol\u00f3gica","isPartOf":{"@id":"https:\/\/aeronoticias.com.pe\/noticiero\/#website"},"datePublished":"2014-08-08T20:50:30+00:00","author":{"@id":"https:\/\/aeronoticias.com.pe\/noticiero\/#\/schema\/person\/fc1e5d578f4b62ba1cf7ac2bba1170a0"},"description":"Portal de noticias del Per\u00fa sobre el transporte a\u00e9reo, aviaci\u00f3n, turismo, hoteleria, actualidad.","breadcrumb":{"@id":"https:\/\/aeronoticias.com.pe\/noticiero\/economia\/ghezzi-anuncia-creacion-de-cite-para-fomentar-transferencia-tecnologica\/#breadcrumb"},"inLanguage":"es","potentialAction":[{"@type":"ReadAction","target":["https:\/\/aeronoticias.com.pe\/noticiero\/economia\/ghezzi-anuncia-creacion-de-cite-para-fomentar-transferencia-tecnologica\/"]}]},{"@type":"BreadcrumbList","@id":"https:\/\/aeronoticias.com.pe\/noticiero\/economia\/ghezzi-anuncia-creacion-de-cite-para-fomentar-transferencia-tecnologica\/#breadcrumb","itemListElement":[{"@type":"ListItem","position":1,"name":"Portada","item":"https:\/\/aeronoticias.com.pe\/noticiero\/"},{"@type":"ListItem","position":2,"name":"Ghezzi anuncia creaci\u00f3n de Cite para fomentar transferencia tecnol\u00f3gica"}]},{"@type":"WebSite","@id":"https:\/\/aeronoticias.com.pe\/noticiero\/#website","url":"https:\/\/aeronoticias.com.pe\/noticiero\/","name":"Aeronoticias.com.pe","description":"Noticias de tranporte aereo, turismo, hoteles, gastronomia, actualidad, internacional","potentialAction":[{"@type":"SearchAction","target":{"@type":"EntryPoint","urlTemplate":"https:\/\/aeronoticias.com.pe\/noticiero\/?s={search_term_string}"},"query-input":{"@type":"PropertyValueSpecification","valueRequired":true,"valueName":"search_term_string"}}],"inLanguage":"es"},{"@type":"Person","@id":"https:\/\/aeronoticias.com.pe\/noticiero\/#\/schema\/person\/fc1e5d578f4b62ba1cf7ac2bba1170a0","name":"Redacci\u00f3n Aeronoticias","url":"https:\/\/aeronoticias.com.pe\/noticiero\/author\/piloto\/"}]}},"_links":{"self":[{"href":"https:\/\/aeronoticias.com.pe\/noticiero\/wp-json\/wp\/v2\/posts\/47976","targetHints":{"allow":["GET"]}}],"collection":[{"href":"https:\/\/aeronoticias.com.pe\/noticiero\/wp-json\/wp\/v2\/posts"}],"about":[{"href":"https:\/\/aeronoticias.com.pe\/noticiero\/wp-json\/wp\/v2\/types\/post"}],"author":[{"embeddable":true,"href":"https:\/\/aeronoticias.com.pe\/noticiero\/wp-json\/wp\/v2\/users\/1"}],"replies":[{"embeddable":true,"href":"https:\/\/aeronoticias.com.pe\/noticiero\/wp-json\/wp\/v2\/comments?post=47976"}],"version-history":[{"count":0,"href":"https:\/\/aeronoticias.com.pe\/noticiero\/wp-json\/wp\/v2\/posts\/47976\/revisions"}],"wp:attachment":[{"href":"https:\/\/aeronoticias.com.pe\/noticiero\/wp-json\/wp\/v2\/media?parent=47976"}],"wp:term":[{"taxonomy":"category","embeddable":true,"href":"https:\/\/aeronoticias.com.pe\/noticiero\/wp-json\/wp\/v2\/categories?post=47976"},{"taxonomy":"post_tag","embeddable":true,"href":"https:\/\/aeronoticias.com.pe\/noticiero\/wp-json\/wp\/v2\/tags?post=47976"}],"curies":[{"name":"wp","href":"https:\/\/api.w.org\/{rel}","templated":true}]}}