{"id":481,"date":"2008-09-11T18:21:59","date_gmt":"2008-09-11T18:21:59","guid":{"rendered":"http:\/\/desarrollo.mcvicious.com\/aero2020\/2008\/09\/11\/en-72-crecieron-en-agosto-las-importaciones-de-bienes-de-capital\/"},"modified":"2008-09-11T18:21:59","modified_gmt":"2008-09-11T18:21:59","slug":"en-72-crecieron-en-agosto-las-importaciones-de-bienes-de-capital","status":"publish","type":"post","link":"https:\/\/aeronoticias.com.pe\/noticiero\/economia\/en-72-crecieron-en-agosto-las-importaciones-de-bienes-de-capital\/","title":{"rendered":"EN 72% CRECIERON EN AGOSTO LAS IMPORTACIONES DE BIENES DE CAPITAL"},"content":{"rendered":"<p>&nbsp;<\/p>\n<div align=\"justify\">En agosto pasado, las importaciones CIF ascendieron a US$ 2,611 millones, registrando una tasa de crecimiento de 38.8% respecto a similar mes del a&ntilde;o 2007, manteniendo as&iacute; una tendencia positiva durante 55 meses consecutivos.<\/p>\n<p>De acuerdo a la Sunat, las importaciones acumuladas entre enero y agosto sumaron US$ 20,136 millones, cifra superior en 57.8% a la alcanzada en similar per&iacute;odo del a&ntilde;o 2007.<\/div>\n<p>&nbsp;<\/p>\n<div style=\"text-align: center\"><img loading=\"lazy\" decoding=\"async\" src=\"http:\/\/aeronoticias.com.pe\/fotonoticias\/luis\/bienescap12.jpg\" alt=\" \" title=\"EN 72% CRECIERON EN AGOSTO LAS IMPORTACIONES DE BIENES DE CAPITAL. (Foto: Internet)\" hspace=\"5\" vspace=\"5\" width=\"400\" height=\"320\" \/><\/div>\n<p>&nbsp;<\/p>\n<p> <!--more--> <\/p>\n<div align=\"center\"><\/div>\n<div align=\"center\"><strong>Bienes de capital y construcci&oacute;n fueron los que m&aacute;s crecieron<\/strong><\/div>\n<p>&nbsp;<\/p>\n<div align=\"justify\">El diario Gesti&oacute;n inform&oacute; que las importaciones que m&aacute;s crecieron en agosto fueron de bienes de capital y materiales de construcci&oacute;n, en tanto que en el acumulado de los ocho meses del a&ntilde;o ha registrado un incremento de 72.1% y 64%, respectivamente.<\/p>\n<p>Las principales compras en agosto provinieron del sector agr&iacute;cola, donde se importaron US$ 11 millones en maquinarias, equipos y partes y accesorios.<\/p>\n<p>Asimismo hubo un mayor ritmo importador de tractores, cosechadoras-trilladoras, y las dem&aacute;s partes para m&aacute;quinas y aparatos para la agricultura, motocultores, entre otros.<\/p>\n<p>Estos bienes provinieron, principalmente, de Brasil, China y Estados Unidos.<\/div>\n<p>&nbsp;<\/p>\n<div align=\"center\"><strong>Importaciones del sector aumentaron 124%<\/strong><\/div>\n<p>&nbsp;<\/p>\n<div align=\"justify\">La Sunat inform&oacute; que en lo referido a compra de maquinar&iacute;a para agricultura, como tractores y cosechadoras trilladoras, las importaciones del sector aumentaron 125.4%.<\/div>\n<p><\/p>\n<div align=\"center\"><strong>Industria y transporte<\/strong><\/div>\n<p><\/p>\n<div align=\"justify\">En lo que se refiere a la industria, en agosto el valor importado de los bienes de capital ascendi&oacute; a US$ 549 millones en agosto, registrando un crecimiento de 44.3% respecto a lo importado en similar mes del 2007.<\/p>\n<p>Seg&uacute;n el informe dicho resultado es explicado, de acuerdo a la informaci&oacute;n, por las mayores compras al exterior de maquinaria industrial (51.5%), otro equipo fijo (46.7%), herramientas (46.1%), m&aacute;quinas y aparatos de oficina (38.7%), entre otros.<\/div>\n<p><\/p>\n<div align=\"center\"><strong>Dinamismo en la importaci&oacute;n de tel&eacute;fonos celulares<\/strong><\/div>\n<p><\/p>\n<div align=\"justify\">El informe detall&oacute; que en esta actividad industrial destaca el dinamismo que registraron en agosto las importaciones de tel&eacute;fonos celulares, calderas, m&aacute;quinas autom&aacute;ticas para el tratamiento y procesamiento de datos digitales, cargadoras de datos digitales, cargadoras y palas cargadoras de carga frontal, topadoras frontales, aparatos de telecomunicaci&oacute;n digital, entro otros.<\/div>\n<p><\/p>\n<div align=\"center\"><strong>Un tercer rubro son las importaciones de equipos de transporte<\/strong><\/div>\n<p><\/p>\n<div align=\"justify\">En agosto se importaron US$ 207 millones de equipos de transporte, creciendo 82.4% respecto a agosto del 2007. Las compras fueron de tractores de carretera para semirremolques, veh&iacute;culos con motor de &eacute;mbolo y veh&iacute;culos para el transporte de mercanc&iacute;as y personas.<\/div>\n<p><\/p>\n","protected":false},"excerpt":{"rendered":"<p>&nbsp; En agosto pasado, las importaciones CIF ascendieron a US$ 2,611 millones, registrando una tasa de crecimiento de 38.8% respecto a similar mes del a&ntilde;o 2007, manteniendo as&iacute; una tendencia positiva durante 55 meses consecutivos. De acuerdo a la Sunat, las importaciones acumuladas entre enero y agosto sumaron US$ 20,136 millones, cifra superior en 57.8% [&hellip;]<\/p>\n","protected":false},"author":1,"featured_media":0,"comment_status":"open","ping_status":"open","sticky":false,"template":"","format":"standard","meta":{"tdm_status":"","tdm_grid_status":"","footnotes":""},"categories":[33],"tags":[],"class_list":{"0":"post-481","1":"post","2":"type-post","3":"status-publish","4":"format-standard","6":"category-economia"},"yoast_head":"<!-- This site is optimized with the Yoast SEO plugin v25.1 - https:\/\/yoast.com\/wordpress\/plugins\/seo\/ -->\n<title>EN 72% CRECIERON EN AGOSTO LAS IMPORTACIONES DE BIENES DE CAPITAL<\/title>\n<meta name=\"description\" content=\"Portal de noticias del Per\u00fa sobre el transporte a\u00e9reo, aviaci\u00f3n, turismo, hoteleria, actualidad.\" \/>\n<meta name=\"robots\" content=\"index, follow, max-snippet:-1, max-image-preview:large, max-video-preview:-1\" \/>\n<link rel=\"canonical\" href=\"https:\/\/aeronoticias.com.pe\/noticiero\/economia\/en-72-crecieron-en-agosto-las-importaciones-de-bienes-de-capital\/\" \/>\n<meta property=\"og:locale\" content=\"es_ES\" \/>\n<meta property=\"og:type\" content=\"article\" \/>\n<meta property=\"og:title\" content=\"EN 72% CRECIERON EN AGOSTO LAS IMPORTACIONES DE BIENES DE CAPITAL\" \/>\n<meta property=\"og:description\" content=\"Portal de noticias del Per\u00fa sobre el transporte a\u00e9reo, aviaci\u00f3n, turismo, hoteleria, actualidad.\" \/>\n<meta property=\"og:url\" content=\"https:\/\/aeronoticias.com.pe\/noticiero\/economia\/en-72-crecieron-en-agosto-las-importaciones-de-bienes-de-capital\/\" \/>\n<meta property=\"og:site_name\" content=\"Aeronoticias.com.pe\" \/>\n<meta property=\"article:publisher\" content=\"https:\/\/www.facebook.com\/Aeronoticias.com.pe\/\" \/>\n<meta property=\"article:published_time\" content=\"2008-09-11T18:21:59+00:00\" \/>\n<meta property=\"og:image\" content=\"http:\/\/aeronoticias.com.pe\/fotonoticias\/luis\/bienescap12.jpg\" \/>\n<meta name=\"author\" content=\"Redacci\u00f3n Aeronoticias\" \/>\n<meta name=\"twitter:card\" content=\"summary_large_image\" \/>\n<meta name=\"twitter:creator\" content=\"@aeronoticias\" \/>\n<meta name=\"twitter:site\" content=\"@aeronoticias\" \/>\n<meta name=\"twitter:label1\" content=\"Escrito por\" \/>\n\t<meta name=\"twitter:data1\" content=\"Redacci\u00f3n Aeronoticias\" \/>\n\t<meta name=\"twitter:label2\" content=\"Tiempo de lectura\" \/>\n\t<meta name=\"twitter:data2\" content=\"2 minutos\" \/>\n<script type=\"application\/ld+json\" class=\"yoast-schema-graph\">{\"@context\":\"https:\/\/schema.org\",\"@graph\":[{\"@type\":\"WebPage\",\"@id\":\"https:\/\/aeronoticias.com.pe\/noticiero\/economia\/en-72-crecieron-en-agosto-las-importaciones-de-bienes-de-capital\/\",\"url\":\"https:\/\/aeronoticias.com.pe\/noticiero\/economia\/en-72-crecieron-en-agosto-las-importaciones-de-bienes-de-capital\/\",\"name\":\"EN 72% CRECIERON EN AGOSTO LAS IMPORTACIONES DE BIENES DE CAPITAL\",\"isPartOf\":{\"@id\":\"https:\/\/aeronoticias.com.pe\/noticiero\/#website\"},\"primaryImageOfPage\":{\"@id\":\"https:\/\/aeronoticias.com.pe\/noticiero\/economia\/en-72-crecieron-en-agosto-las-importaciones-de-bienes-de-capital\/#primaryimage\"},\"image\":{\"@id\":\"https:\/\/aeronoticias.com.pe\/noticiero\/economia\/en-72-crecieron-en-agosto-las-importaciones-de-bienes-de-capital\/#primaryimage\"},\"thumbnailUrl\":\"http:\/\/aeronoticias.com.pe\/fotonoticias\/luis\/bienescap12.jpg\",\"datePublished\":\"2008-09-11T18:21:59+00:00\",\"author\":{\"@id\":\"https:\/\/aeronoticias.com.pe\/noticiero\/#\/schema\/person\/fc1e5d578f4b62ba1cf7ac2bba1170a0\"},\"description\":\"Portal de noticias del Per\u00fa sobre el transporte a\u00e9reo, aviaci\u00f3n, turismo, hoteleria, actualidad.\",\"breadcrumb\":{\"@id\":\"https:\/\/aeronoticias.com.pe\/noticiero\/economia\/en-72-crecieron-en-agosto-las-importaciones-de-bienes-de-capital\/#breadcrumb\"},\"inLanguage\":\"es\",\"potentialAction\":[{\"@type\":\"ReadAction\",\"target\":[\"https:\/\/aeronoticias.com.pe\/noticiero\/economia\/en-72-crecieron-en-agosto-las-importaciones-de-bienes-de-capital\/\"]}]},{\"@type\":\"ImageObject\",\"inLanguage\":\"es\",\"@id\":\"https:\/\/aeronoticias.com.pe\/noticiero\/economia\/en-72-crecieron-en-agosto-las-importaciones-de-bienes-de-capital\/#primaryimage\",\"url\":\"http:\/\/aeronoticias.com.pe\/fotonoticias\/luis\/bienescap12.jpg\",\"contentUrl\":\"http:\/\/aeronoticias.com.pe\/fotonoticias\/luis\/bienescap12.jpg\"},{\"@type\":\"BreadcrumbList\",\"@id\":\"https:\/\/aeronoticias.com.pe\/noticiero\/economia\/en-72-crecieron-en-agosto-las-importaciones-de-bienes-de-capital\/#breadcrumb\",\"itemListElement\":[{\"@type\":\"ListItem\",\"position\":1,\"name\":\"Portada\",\"item\":\"https:\/\/aeronoticias.com.pe\/noticiero\/\"},{\"@type\":\"ListItem\",\"position\":2,\"name\":\"EN 72% CRECIERON EN AGOSTO LAS IMPORTACIONES DE BIENES DE CAPITAL\"}]},{\"@type\":\"WebSite\",\"@id\":\"https:\/\/aeronoticias.com.pe\/noticiero\/#website\",\"url\":\"https:\/\/aeronoticias.com.pe\/noticiero\/\",\"name\":\"Aeronoticias.com.pe\",\"description\":\"Noticias de tranporte aereo, turismo, hoteles, gastronomia, actualidad, internacional\",\"potentialAction\":[{\"@type\":\"SearchAction\",\"target\":{\"@type\":\"EntryPoint\",\"urlTemplate\":\"https:\/\/aeronoticias.com.pe\/noticiero\/?s={search_term_string}\"},\"query-input\":{\"@type\":\"PropertyValueSpecification\",\"valueRequired\":true,\"valueName\":\"search_term_string\"}}],\"inLanguage\":\"es\"},{\"@type\":\"Person\",\"@id\":\"https:\/\/aeronoticias.com.pe\/noticiero\/#\/schema\/person\/fc1e5d578f4b62ba1cf7ac2bba1170a0\",\"name\":\"Redacci\u00f3n Aeronoticias\",\"url\":\"https:\/\/aeronoticias.com.pe\/noticiero\/author\/piloto\/\"}]}<\/script>\n<!-- \/ Yoast SEO plugin. -->","yoast_head_json":{"title":"EN 72% CRECIERON EN AGOSTO LAS IMPORTACIONES DE BIENES DE CAPITAL","description":"Portal de noticias del Per\u00fa sobre el transporte a\u00e9reo, aviaci\u00f3n, turismo, hoteleria, actualidad.","robots":{"index":"index","follow":"follow","max-snippet":"max-snippet:-1","max-image-preview":"max-image-preview:large","max-video-preview":"max-video-preview:-1"},"canonical":"https:\/\/aeronoticias.com.pe\/noticiero\/economia\/en-72-crecieron-en-agosto-las-importaciones-de-bienes-de-capital\/","og_locale":"es_ES","og_type":"article","og_title":"EN 72% CRECIERON EN AGOSTO LAS IMPORTACIONES DE BIENES DE CAPITAL","og_description":"Portal de noticias del Per\u00fa sobre el transporte a\u00e9reo, aviaci\u00f3n, turismo, hoteleria, actualidad.","og_url":"https:\/\/aeronoticias.com.pe\/noticiero\/economia\/en-72-crecieron-en-agosto-las-importaciones-de-bienes-de-capital\/","og_site_name":"Aeronoticias.com.pe","article_publisher":"https:\/\/www.facebook.com\/Aeronoticias.com.pe\/","article_published_time":"2008-09-11T18:21:59+00:00","og_image":[{"url":"http:\/\/aeronoticias.com.pe\/fotonoticias\/luis\/bienescap12.jpg","type":"","width":"","height":""}],"author":"Redacci\u00f3n Aeronoticias","twitter_card":"summary_large_image","twitter_creator":"@aeronoticias","twitter_site":"@aeronoticias","twitter_misc":{"Escrito por":"Redacci\u00f3n Aeronoticias","Tiempo de lectura":"2 minutos"},"schema":{"@context":"https:\/\/schema.org","@graph":[{"@type":"WebPage","@id":"https:\/\/aeronoticias.com.pe\/noticiero\/economia\/en-72-crecieron-en-agosto-las-importaciones-de-bienes-de-capital\/","url":"https:\/\/aeronoticias.com.pe\/noticiero\/economia\/en-72-crecieron-en-agosto-las-importaciones-de-bienes-de-capital\/","name":"EN 72% CRECIERON EN AGOSTO LAS IMPORTACIONES DE BIENES DE CAPITAL","isPartOf":{"@id":"https:\/\/aeronoticias.com.pe\/noticiero\/#website"},"primaryImageOfPage":{"@id":"https:\/\/aeronoticias.com.pe\/noticiero\/economia\/en-72-crecieron-en-agosto-las-importaciones-de-bienes-de-capital\/#primaryimage"},"image":{"@id":"https:\/\/aeronoticias.com.pe\/noticiero\/economia\/en-72-crecieron-en-agosto-las-importaciones-de-bienes-de-capital\/#primaryimage"},"thumbnailUrl":"http:\/\/aeronoticias.com.pe\/fotonoticias\/luis\/bienescap12.jpg","datePublished":"2008-09-11T18:21:59+00:00","author":{"@id":"https:\/\/aeronoticias.com.pe\/noticiero\/#\/schema\/person\/fc1e5d578f4b62ba1cf7ac2bba1170a0"},"description":"Portal de noticias del Per\u00fa sobre el transporte a\u00e9reo, aviaci\u00f3n, turismo, hoteleria, actualidad.","breadcrumb":{"@id":"https:\/\/aeronoticias.com.pe\/noticiero\/economia\/en-72-crecieron-en-agosto-las-importaciones-de-bienes-de-capital\/#breadcrumb"},"inLanguage":"es","potentialAction":[{"@type":"ReadAction","target":["https:\/\/aeronoticias.com.pe\/noticiero\/economia\/en-72-crecieron-en-agosto-las-importaciones-de-bienes-de-capital\/"]}]},{"@type":"ImageObject","inLanguage":"es","@id":"https:\/\/aeronoticias.com.pe\/noticiero\/economia\/en-72-crecieron-en-agosto-las-importaciones-de-bienes-de-capital\/#primaryimage","url":"http:\/\/aeronoticias.com.pe\/fotonoticias\/luis\/bienescap12.jpg","contentUrl":"http:\/\/aeronoticias.com.pe\/fotonoticias\/luis\/bienescap12.jpg"},{"@type":"BreadcrumbList","@id":"https:\/\/aeronoticias.com.pe\/noticiero\/economia\/en-72-crecieron-en-agosto-las-importaciones-de-bienes-de-capital\/#breadcrumb","itemListElement":[{"@type":"ListItem","position":1,"name":"Portada","item":"https:\/\/aeronoticias.com.pe\/noticiero\/"},{"@type":"ListItem","position":2,"name":"EN 72% CRECIERON EN AGOSTO LAS IMPORTACIONES DE BIENES DE CAPITAL"}]},{"@type":"WebSite","@id":"https:\/\/aeronoticias.com.pe\/noticiero\/#website","url":"https:\/\/aeronoticias.com.pe\/noticiero\/","name":"Aeronoticias.com.pe","description":"Noticias de tranporte aereo, turismo, hoteles, gastronomia, actualidad, internacional","potentialAction":[{"@type":"SearchAction","target":{"@type":"EntryPoint","urlTemplate":"https:\/\/aeronoticias.com.pe\/noticiero\/?s={search_term_string}"},"query-input":{"@type":"PropertyValueSpecification","valueRequired":true,"valueName":"search_term_string"}}],"inLanguage":"es"},{"@type":"Person","@id":"https:\/\/aeronoticias.com.pe\/noticiero\/#\/schema\/person\/fc1e5d578f4b62ba1cf7ac2bba1170a0","name":"Redacci\u00f3n Aeronoticias","url":"https:\/\/aeronoticias.com.pe\/noticiero\/author\/piloto\/"}]}},"_links":{"self":[{"href":"https:\/\/aeronoticias.com.pe\/noticiero\/wp-json\/wp\/v2\/posts\/481","targetHints":{"allow":["GET"]}}],"collection":[{"href":"https:\/\/aeronoticias.com.pe\/noticiero\/wp-json\/wp\/v2\/posts"}],"about":[{"href":"https:\/\/aeronoticias.com.pe\/noticiero\/wp-json\/wp\/v2\/types\/post"}],"author":[{"embeddable":true,"href":"https:\/\/aeronoticias.com.pe\/noticiero\/wp-json\/wp\/v2\/users\/1"}],"replies":[{"embeddable":true,"href":"https:\/\/aeronoticias.com.pe\/noticiero\/wp-json\/wp\/v2\/comments?post=481"}],"version-history":[{"count":0,"href":"https:\/\/aeronoticias.com.pe\/noticiero\/wp-json\/wp\/v2\/posts\/481\/revisions"}],"wp:attachment":[{"href":"https:\/\/aeronoticias.com.pe\/noticiero\/wp-json\/wp\/v2\/media?parent=481"}],"wp:term":[{"taxonomy":"category","embeddable":true,"href":"https:\/\/aeronoticias.com.pe\/noticiero\/wp-json\/wp\/v2\/categories?post=481"},{"taxonomy":"post_tag","embeddable":true,"href":"https:\/\/aeronoticias.com.pe\/noticiero\/wp-json\/wp\/v2\/tags?post=481"}],"curies":[{"name":"wp","href":"https:\/\/api.w.org\/{rel}","templated":true}]}}