{"id":48103,"date":"2014-08-13T15:38:40","date_gmt":"2014-08-13T15:38:40","guid":{"rendered":"http:\/\/desarrollo.mcvicious.com\/aero2020\/2014\/08\/13\/murio-lauren-bacall-a-los-89-anos\/"},"modified":"2014-08-13T15:38:40","modified_gmt":"2014-08-13T15:38:40","slug":"murio-lauren-bacall-a-los-89-anos","status":"publish","type":"post","link":"https:\/\/aeronoticias.com.pe\/noticiero\/espectaculos\/murio-lauren-bacall-a-los-89-anos\/","title":{"rendered":"Muri\u00f3 Lauren Bacall a los 89 a\u00f1os"},"content":{"rendered":"<p style=\"text-align: justify;\"><strong>(Aeronoticias)<\/strong>.-\u00a0A la muerte de Robin Williams, se suma la de la sensual actriz de voz excitante que cre\u00f3 magia con Humphrey Bogart en las pel\u00edculas \u00abTo Have and Have Not\u00bb y \u00abThe Big Sleep\u00bb, y cre\u00f3 magia fuera de la pantalla en uno de los matrimonios m\u00e1s celebrados en Hollywood.<\/p>\n<p style=\"text-align: justify;\">Robbert J.F. de Klerk, socio administrador de la herencia de Bogart, indic\u00f3 que Bacall muri\u00f3 en su casa en Nueva York, pero declin\u00f3 ofrecer m\u00e1s detalles. Stephen Bogart, hijo de la actriz, confirm\u00f3 la muerte de su madre a de Klerk.<\/p>\n<p style=\"text-align: justify;\">Fuente: <span style=\"text-decoration: underline;\"><em><strong>La Rep\u00fablica<\/strong><\/em><\/span>.<\/p>\n<p style=\"text-align: justify;\"><img decoding=\"async\" src=\"http:\/\/cdn.larepublica.pe\/sites\/default\/files\/imagecache\/img_noticia_640x384\/imagen\/2014\/08\/13\/imagen-lauren-bacall.jpg\" border=\"0\" alt=\"Lauren Bacall (Foto: AP)\" \/><\/p>\n","protected":false},"excerpt":{"rendered":"<p>(Aeronoticias).-\u00a0A la muerte de Robin Williams, se suma la de la sensual actriz de voz excitante que cre\u00f3 magia con Humphrey Bogart en las pel\u00edculas \u00abTo Have and Have Not\u00bb y \u00abThe Big Sleep\u00bb, y cre\u00f3 magia fuera de la pantalla en uno de los matrimonios m\u00e1s celebrados en Hollywood. Robbert J.F. de Klerk, socio [&hellip;]<\/p>\n","protected":false},"author":1,"featured_media":0,"comment_status":"open","ping_status":"open","sticky":false,"template":"","format":"standard","meta":{"tdm_status":"","tdm_grid_status":"","footnotes":""},"categories":[41],"tags":[],"class_list":{"0":"post-48103","1":"post","2":"type-post","3":"status-publish","4":"format-standard","6":"category-espectaculos"},"yoast_head":"<!-- This site is optimized with the Yoast SEO plugin v25.1 - https:\/\/yoast.com\/wordpress\/plugins\/seo\/ -->\n<title>Muri\u00f3 Lauren Bacall a los 89 a\u00f1os<\/title>\n<meta name=\"description\" content=\"Portal de noticias del Per\u00fa sobre el transporte a\u00e9reo, aviaci\u00f3n, turismo, hoteleria, actualidad.\" \/>\n<meta name=\"robots\" content=\"index, follow, max-snippet:-1, max-image-preview:large, max-video-preview:-1\" \/>\n<link rel=\"canonical\" href=\"https:\/\/aeronoticias.com.pe\/noticiero\/espectaculos\/murio-lauren-bacall-a-los-89-anos\/\" \/>\n<meta property=\"og:locale\" content=\"es_ES\" \/>\n<meta property=\"og:type\" content=\"article\" \/>\n<meta property=\"og:title\" content=\"Muri\u00f3 Lauren Bacall a los 89 a\u00f1os\" \/>\n<meta property=\"og:description\" content=\"Portal de noticias del Per\u00fa sobre el transporte a\u00e9reo, aviaci\u00f3n, turismo, hoteleria, actualidad.\" \/>\n<meta property=\"og:url\" content=\"https:\/\/aeronoticias.com.pe\/noticiero\/espectaculos\/murio-lauren-bacall-a-los-89-anos\/\" \/>\n<meta property=\"og:site_name\" content=\"Aeronoticias.com.pe\" \/>\n<meta property=\"article:publisher\" content=\"https:\/\/www.facebook.com\/Aeronoticias.com.pe\/\" \/>\n<meta property=\"article:published_time\" content=\"2014-08-13T15:38:40+00:00\" \/>\n<meta property=\"og:image\" content=\"http:\/\/cdn.larepublica.pe\/sites\/default\/files\/imagecache\/img_noticia_640x384\/imagen\/2014\/08\/13\/imagen-lauren-bacall.jpg\" \/>\n<meta name=\"author\" content=\"Redacci\u00f3n Aeronoticias\" \/>\n<meta name=\"twitter:card\" content=\"summary_large_image\" \/>\n<meta name=\"twitter:creator\" content=\"@aeronoticias\" \/>\n<meta name=\"twitter:site\" content=\"@aeronoticias\" \/>\n<meta name=\"twitter:label1\" content=\"Escrito por\" \/>\n\t<meta name=\"twitter:data1\" content=\"Redacci\u00f3n Aeronoticias\" \/>\n\t<meta name=\"twitter:label2\" content=\"Tiempo de lectura\" \/>\n\t<meta name=\"twitter:data2\" content=\"1 minuto\" \/>\n<script type=\"application\/ld+json\" class=\"yoast-schema-graph\">{\"@context\":\"https:\/\/schema.org\",\"@graph\":[{\"@type\":\"WebPage\",\"@id\":\"https:\/\/aeronoticias.com.pe\/noticiero\/espectaculos\/murio-lauren-bacall-a-los-89-anos\/\",\"url\":\"https:\/\/aeronoticias.com.pe\/noticiero\/espectaculos\/murio-lauren-bacall-a-los-89-anos\/\",\"name\":\"Muri\u00f3 Lauren Bacall a los 89 a\u00f1os\",\"isPartOf\":{\"@id\":\"https:\/\/aeronoticias.com.pe\/noticiero\/#website\"},\"primaryImageOfPage\":{\"@id\":\"https:\/\/aeronoticias.com.pe\/noticiero\/espectaculos\/murio-lauren-bacall-a-los-89-anos\/#primaryimage\"},\"image\":{\"@id\":\"https:\/\/aeronoticias.com.pe\/noticiero\/espectaculos\/murio-lauren-bacall-a-los-89-anos\/#primaryimage\"},\"thumbnailUrl\":\"http:\/\/cdn.larepublica.pe\/sites\/default\/files\/imagecache\/img_noticia_640x384\/imagen\/2014\/08\/13\/imagen-lauren-bacall.jpg\",\"datePublished\":\"2014-08-13T15:38:40+00:00\",\"author\":{\"@id\":\"https:\/\/aeronoticias.com.pe\/noticiero\/#\/schema\/person\/fc1e5d578f4b62ba1cf7ac2bba1170a0\"},\"description\":\"Portal de noticias del Per\u00fa sobre el transporte a\u00e9reo, aviaci\u00f3n, turismo, hoteleria, actualidad.\",\"breadcrumb\":{\"@id\":\"https:\/\/aeronoticias.com.pe\/noticiero\/espectaculos\/murio-lauren-bacall-a-los-89-anos\/#breadcrumb\"},\"inLanguage\":\"es\",\"potentialAction\":[{\"@type\":\"ReadAction\",\"target\":[\"https:\/\/aeronoticias.com.pe\/noticiero\/espectaculos\/murio-lauren-bacall-a-los-89-anos\/\"]}]},{\"@type\":\"ImageObject\",\"inLanguage\":\"es\",\"@id\":\"https:\/\/aeronoticias.com.pe\/noticiero\/espectaculos\/murio-lauren-bacall-a-los-89-anos\/#primaryimage\",\"url\":\"http:\/\/cdn.larepublica.pe\/sites\/default\/files\/imagecache\/img_noticia_640x384\/imagen\/2014\/08\/13\/imagen-lauren-bacall.jpg\",\"contentUrl\":\"http:\/\/cdn.larepublica.pe\/sites\/default\/files\/imagecache\/img_noticia_640x384\/imagen\/2014\/08\/13\/imagen-lauren-bacall.jpg\"},{\"@type\":\"BreadcrumbList\",\"@id\":\"https:\/\/aeronoticias.com.pe\/noticiero\/espectaculos\/murio-lauren-bacall-a-los-89-anos\/#breadcrumb\",\"itemListElement\":[{\"@type\":\"ListItem\",\"position\":1,\"name\":\"Portada\",\"item\":\"https:\/\/aeronoticias.com.pe\/noticiero\/\"},{\"@type\":\"ListItem\",\"position\":2,\"name\":\"Muri\u00f3 Lauren Bacall a los 89 a\u00f1os\"}]},{\"@type\":\"WebSite\",\"@id\":\"https:\/\/aeronoticias.com.pe\/noticiero\/#website\",\"url\":\"https:\/\/aeronoticias.com.pe\/noticiero\/\",\"name\":\"Aeronoticias.com.pe\",\"description\":\"Noticias de tranporte aereo, turismo, hoteles, gastronomia, actualidad, internacional\",\"potentialAction\":[{\"@type\":\"SearchAction\",\"target\":{\"@type\":\"EntryPoint\",\"urlTemplate\":\"https:\/\/aeronoticias.com.pe\/noticiero\/?s={search_term_string}\"},\"query-input\":{\"@type\":\"PropertyValueSpecification\",\"valueRequired\":true,\"valueName\":\"search_term_string\"}}],\"inLanguage\":\"es\"},{\"@type\":\"Person\",\"@id\":\"https:\/\/aeronoticias.com.pe\/noticiero\/#\/schema\/person\/fc1e5d578f4b62ba1cf7ac2bba1170a0\",\"name\":\"Redacci\u00f3n Aeronoticias\",\"url\":\"https:\/\/aeronoticias.com.pe\/noticiero\/author\/piloto\/\"}]}<\/script>\n<!-- \/ Yoast SEO plugin. -->","yoast_head_json":{"title":"Muri\u00f3 Lauren Bacall a los 89 a\u00f1os","description":"Portal de noticias del Per\u00fa sobre el transporte a\u00e9reo, aviaci\u00f3n, turismo, hoteleria, actualidad.","robots":{"index":"index","follow":"follow","max-snippet":"max-snippet:-1","max-image-preview":"max-image-preview:large","max-video-preview":"max-video-preview:-1"},"canonical":"https:\/\/aeronoticias.com.pe\/noticiero\/espectaculos\/murio-lauren-bacall-a-los-89-anos\/","og_locale":"es_ES","og_type":"article","og_title":"Muri\u00f3 Lauren Bacall a los 89 a\u00f1os","og_description":"Portal de noticias del Per\u00fa sobre el transporte a\u00e9reo, aviaci\u00f3n, turismo, hoteleria, actualidad.","og_url":"https:\/\/aeronoticias.com.pe\/noticiero\/espectaculos\/murio-lauren-bacall-a-los-89-anos\/","og_site_name":"Aeronoticias.com.pe","article_publisher":"https:\/\/www.facebook.com\/Aeronoticias.com.pe\/","article_published_time":"2014-08-13T15:38:40+00:00","og_image":[{"url":"http:\/\/cdn.larepublica.pe\/sites\/default\/files\/imagecache\/img_noticia_640x384\/imagen\/2014\/08\/13\/imagen-lauren-bacall.jpg","type":"","width":"","height":""}],"author":"Redacci\u00f3n Aeronoticias","twitter_card":"summary_large_image","twitter_creator":"@aeronoticias","twitter_site":"@aeronoticias","twitter_misc":{"Escrito por":"Redacci\u00f3n Aeronoticias","Tiempo de lectura":"1 minuto"},"schema":{"@context":"https:\/\/schema.org","@graph":[{"@type":"WebPage","@id":"https:\/\/aeronoticias.com.pe\/noticiero\/espectaculos\/murio-lauren-bacall-a-los-89-anos\/","url":"https:\/\/aeronoticias.com.pe\/noticiero\/espectaculos\/murio-lauren-bacall-a-los-89-anos\/","name":"Muri\u00f3 Lauren Bacall a los 89 a\u00f1os","isPartOf":{"@id":"https:\/\/aeronoticias.com.pe\/noticiero\/#website"},"primaryImageOfPage":{"@id":"https:\/\/aeronoticias.com.pe\/noticiero\/espectaculos\/murio-lauren-bacall-a-los-89-anos\/#primaryimage"},"image":{"@id":"https:\/\/aeronoticias.com.pe\/noticiero\/espectaculos\/murio-lauren-bacall-a-los-89-anos\/#primaryimage"},"thumbnailUrl":"http:\/\/cdn.larepublica.pe\/sites\/default\/files\/imagecache\/img_noticia_640x384\/imagen\/2014\/08\/13\/imagen-lauren-bacall.jpg","datePublished":"2014-08-13T15:38:40+00:00","author":{"@id":"https:\/\/aeronoticias.com.pe\/noticiero\/#\/schema\/person\/fc1e5d578f4b62ba1cf7ac2bba1170a0"},"description":"Portal de noticias del Per\u00fa sobre el transporte a\u00e9reo, aviaci\u00f3n, turismo, hoteleria, actualidad.","breadcrumb":{"@id":"https:\/\/aeronoticias.com.pe\/noticiero\/espectaculos\/murio-lauren-bacall-a-los-89-anos\/#breadcrumb"},"inLanguage":"es","potentialAction":[{"@type":"ReadAction","target":["https:\/\/aeronoticias.com.pe\/noticiero\/espectaculos\/murio-lauren-bacall-a-los-89-anos\/"]}]},{"@type":"ImageObject","inLanguage":"es","@id":"https:\/\/aeronoticias.com.pe\/noticiero\/espectaculos\/murio-lauren-bacall-a-los-89-anos\/#primaryimage","url":"http:\/\/cdn.larepublica.pe\/sites\/default\/files\/imagecache\/img_noticia_640x384\/imagen\/2014\/08\/13\/imagen-lauren-bacall.jpg","contentUrl":"http:\/\/cdn.larepublica.pe\/sites\/default\/files\/imagecache\/img_noticia_640x384\/imagen\/2014\/08\/13\/imagen-lauren-bacall.jpg"},{"@type":"BreadcrumbList","@id":"https:\/\/aeronoticias.com.pe\/noticiero\/espectaculos\/murio-lauren-bacall-a-los-89-anos\/#breadcrumb","itemListElement":[{"@type":"ListItem","position":1,"name":"Portada","item":"https:\/\/aeronoticias.com.pe\/noticiero\/"},{"@type":"ListItem","position":2,"name":"Muri\u00f3 Lauren Bacall a los 89 a\u00f1os"}]},{"@type":"WebSite","@id":"https:\/\/aeronoticias.com.pe\/noticiero\/#website","url":"https:\/\/aeronoticias.com.pe\/noticiero\/","name":"Aeronoticias.com.pe","description":"Noticias de tranporte aereo, turismo, hoteles, gastronomia, actualidad, internacional","potentialAction":[{"@type":"SearchAction","target":{"@type":"EntryPoint","urlTemplate":"https:\/\/aeronoticias.com.pe\/noticiero\/?s={search_term_string}"},"query-input":{"@type":"PropertyValueSpecification","valueRequired":true,"valueName":"search_term_string"}}],"inLanguage":"es"},{"@type":"Person","@id":"https:\/\/aeronoticias.com.pe\/noticiero\/#\/schema\/person\/fc1e5d578f4b62ba1cf7ac2bba1170a0","name":"Redacci\u00f3n Aeronoticias","url":"https:\/\/aeronoticias.com.pe\/noticiero\/author\/piloto\/"}]}},"_links":{"self":[{"href":"https:\/\/aeronoticias.com.pe\/noticiero\/wp-json\/wp\/v2\/posts\/48103","targetHints":{"allow":["GET"]}}],"collection":[{"href":"https:\/\/aeronoticias.com.pe\/noticiero\/wp-json\/wp\/v2\/posts"}],"about":[{"href":"https:\/\/aeronoticias.com.pe\/noticiero\/wp-json\/wp\/v2\/types\/post"}],"author":[{"embeddable":true,"href":"https:\/\/aeronoticias.com.pe\/noticiero\/wp-json\/wp\/v2\/users\/1"}],"replies":[{"embeddable":true,"href":"https:\/\/aeronoticias.com.pe\/noticiero\/wp-json\/wp\/v2\/comments?post=48103"}],"version-history":[{"count":0,"href":"https:\/\/aeronoticias.com.pe\/noticiero\/wp-json\/wp\/v2\/posts\/48103\/revisions"}],"wp:attachment":[{"href":"https:\/\/aeronoticias.com.pe\/noticiero\/wp-json\/wp\/v2\/media?parent=48103"}],"wp:term":[{"taxonomy":"category","embeddable":true,"href":"https:\/\/aeronoticias.com.pe\/noticiero\/wp-json\/wp\/v2\/categories?post=48103"},{"taxonomy":"post_tag","embeddable":true,"href":"https:\/\/aeronoticias.com.pe\/noticiero\/wp-json\/wp\/v2\/tags?post=48103"}],"curies":[{"name":"wp","href":"https:\/\/api.w.org\/{rel}","templated":true}]}}