{"id":48106,"date":"2014-08-13T16:27:14","date_gmt":"2014-08-13T16:27:14","guid":{"rendered":"http:\/\/desarrollo.mcvicious.com\/aero2020\/2014\/08\/13\/piloto-croata-sobrevive-a-dos-emergencias-en-vuelo-de-mig-21\/"},"modified":"2014-08-13T16:27:14","modified_gmt":"2014-08-13T16:27:14","slug":"piloto-croata-sobrevive-a-dos-emergencias-en-vuelo-de-mig-21","status":"publish","type":"post","link":"https:\/\/aeronoticias.com.pe\/noticiero\/transporte-aereo\/internacional\/piloto-croata-sobrevive-a-dos-emergencias-en-vuelo-de-mig-21\/","title":{"rendered":"Piloto croata sobrevive a dos emergencias en vuelo de MiG-21"},"content":{"rendered":"<p style=\"text-align: justify;\"><strong>(Aeronoticias)<\/strong>.- Durante las celebraciones patrias de Croacia, un piloto sobrevivi\u00f3 a dos incidentes ocurridos con dos aeronaves MiG-21 el mismo d\u00eda,\u00a0<span style=\"line-height: 1.3em;\">el pasado 5 de agosto<\/span><span style=\"line-height: 1.3em;\">.<\/span><\/p>\n<p style=\"text-align: justify;\">El teniente coronel Stanko Hr\u017eenjak aterriz\u00f3 de emergencia en el Aeropuerto de Zadar luego de que parte del tren de aterrizaje fallara al replegarse al finalizar el vuelo. Poco despu\u00e9s solucion\u00f3 el problema retrayendo y extendiendo el dispositivo por segunda vez. En tierra, la aeronave fue inspeccionada.<\/p>\n<p style=\"text-align: justify;\">Horas despu\u00e9s, el teniente coronel\u00a0Hr\u017eenjak lleg\u00f3 a la Base A\u00e9rea de Pleso para volar un MiG-21 con motivo de exhibici\u00f3n. En pleno vuelo, Stanko vio una indicaci\u00f3n de problema con el sistema hidr\u00e1ulico primario del caza, el cual imped\u00eda el despliegue de parte del tren de aterrizaje.<\/p>\n<p style=\"text-align: justify;\">Una vez resuelto esto, otro problema ocurri\u00f3: A una altura de 480 metros, un motor explot\u00f3 tras el fallo en los sistemas hidr\u00e1ulicos primarios y secundarios. El fuego se dirigi\u00f3 hacia la secci\u00f3n de la cola y el piloto se eyect\u00f3 a casi 200 metros de altura.<\/p>\n<p style=\"text-align: justify;\">La aeronave choc\u00f3 a 3 kil\u00f3metros de la pista de aterrizaje mientras Stanko toc\u00f3 el suelo totalmente ileso.<\/p>\n<p style=\"text-align: justify;\">Con informaci\u00f3n de <a href=\"http:\/\/www.flightglobal.com\/news\/articles\/croatian-mig-21-pilot-survives-two-in-flight-emergencies-402651\/\" target=\"_blank\" rel=\"noopener noreferrer\"><em><strong><span style=\"text-decoration: underline;\">Flight<\/span> Global<\/strong><\/em><\/a> y <a href=\"http:\/\/vijesti.hrt.hr\/u-okolici-velike-gorice-srusio-se-mig-pilot-prezivio\" target=\"_blank\" rel=\"noopener noreferrer\"><span style=\"text-decoration: underline;\"><em><strong>Hrvatska Radiotelevizija<\/strong><\/em><\/span><\/a>.<\/p>\n<p style=\"text-align: justify;\"><img decoding=\"async\" src=\"images\/stories\/14\/08\/130814\/piloto2.jpg\" border=\"0\" \/><\/p>\n","protected":false},"excerpt":{"rendered":"<p>(Aeronoticias).- Durante las celebraciones patrias de Croacia, un piloto sobrevivi\u00f3 a dos incidentes ocurridos con dos aeronaves MiG-21 el mismo d\u00eda,\u00a0el pasado 5 de agosto. El teniente coronel Stanko Hr\u017eenjak aterriz\u00f3 de emergencia en el Aeropuerto de Zadar luego de que parte del tren de aterrizaje fallara al replegarse al finalizar el vuelo. Poco despu\u00e9s [&hellip;]<\/p>\n","protected":false},"author":1,"featured_media":0,"comment_status":"open","ping_status":"open","sticky":false,"template":"","format":"standard","meta":{"tdm_status":"","tdm_grid_status":"","footnotes":""},"categories":[32],"tags":[],"class_list":{"0":"post-48106","1":"post","2":"type-post","3":"status-publish","4":"format-standard","6":"category-internacional"},"yoast_head":"<!-- This site is optimized with the Yoast SEO plugin v25.1 - https:\/\/yoast.com\/wordpress\/plugins\/seo\/ -->\n<title>Piloto croata sobrevive a dos emergencias en vuelo de MiG-21<\/title>\n<meta name=\"description\" content=\"Portal de noticias del Per\u00fa sobre el transporte a\u00e9reo, aviaci\u00f3n, turismo, hoteleria, actualidad.\" \/>\n<meta name=\"robots\" content=\"index, follow, max-snippet:-1, max-image-preview:large, max-video-preview:-1\" \/>\n<link rel=\"canonical\" href=\"https:\/\/aeronoticias.com.pe\/noticiero\/transporte-aereo\/internacional\/piloto-croata-sobrevive-a-dos-emergencias-en-vuelo-de-mig-21\/\" \/>\n<meta property=\"og:locale\" content=\"es_ES\" \/>\n<meta property=\"og:type\" content=\"article\" \/>\n<meta property=\"og:title\" content=\"Piloto croata sobrevive a dos emergencias en vuelo de MiG-21\" \/>\n<meta property=\"og:description\" content=\"Portal de noticias del Per\u00fa sobre el transporte a\u00e9reo, aviaci\u00f3n, turismo, hoteleria, actualidad.\" \/>\n<meta property=\"og:url\" content=\"https:\/\/aeronoticias.com.pe\/noticiero\/transporte-aereo\/internacional\/piloto-croata-sobrevive-a-dos-emergencias-en-vuelo-de-mig-21\/\" \/>\n<meta property=\"og:site_name\" content=\"Aeronoticias.com.pe\" \/>\n<meta property=\"article:publisher\" content=\"https:\/\/www.facebook.com\/Aeronoticias.com.pe\/\" \/>\n<meta property=\"article:published_time\" content=\"2014-08-13T16:27:14+00:00\" \/>\n<meta name=\"author\" content=\"Redacci\u00f3n Aeronoticias\" \/>\n<meta name=\"twitter:card\" content=\"summary_large_image\" \/>\n<meta name=\"twitter:creator\" content=\"@aeronoticias\" \/>\n<meta name=\"twitter:site\" content=\"@aeronoticias\" \/>\n<meta name=\"twitter:label1\" content=\"Escrito por\" \/>\n\t<meta name=\"twitter:data1\" content=\"Redacci\u00f3n Aeronoticias\" \/>\n\t<meta name=\"twitter:label2\" content=\"Tiempo de lectura\" \/>\n\t<meta name=\"twitter:data2\" content=\"1 minuto\" \/>\n<script type=\"application\/ld+json\" class=\"yoast-schema-graph\">{\"@context\":\"https:\/\/schema.org\",\"@graph\":[{\"@type\":\"WebPage\",\"@id\":\"https:\/\/aeronoticias.com.pe\/noticiero\/transporte-aereo\/internacional\/piloto-croata-sobrevive-a-dos-emergencias-en-vuelo-de-mig-21\/\",\"url\":\"https:\/\/aeronoticias.com.pe\/noticiero\/transporte-aereo\/internacional\/piloto-croata-sobrevive-a-dos-emergencias-en-vuelo-de-mig-21\/\",\"name\":\"Piloto croata sobrevive a dos emergencias en vuelo de MiG-21\",\"isPartOf\":{\"@id\":\"https:\/\/aeronoticias.com.pe\/noticiero\/#website\"},\"datePublished\":\"2014-08-13T16:27:14+00:00\",\"author\":{\"@id\":\"https:\/\/aeronoticias.com.pe\/noticiero\/#\/schema\/person\/fc1e5d578f4b62ba1cf7ac2bba1170a0\"},\"description\":\"Portal de noticias del Per\u00fa sobre el transporte a\u00e9reo, aviaci\u00f3n, turismo, hoteleria, actualidad.\",\"breadcrumb\":{\"@id\":\"https:\/\/aeronoticias.com.pe\/noticiero\/transporte-aereo\/internacional\/piloto-croata-sobrevive-a-dos-emergencias-en-vuelo-de-mig-21\/#breadcrumb\"},\"inLanguage\":\"es\",\"potentialAction\":[{\"@type\":\"ReadAction\",\"target\":[\"https:\/\/aeronoticias.com.pe\/noticiero\/transporte-aereo\/internacional\/piloto-croata-sobrevive-a-dos-emergencias-en-vuelo-de-mig-21\/\"]}]},{\"@type\":\"BreadcrumbList\",\"@id\":\"https:\/\/aeronoticias.com.pe\/noticiero\/transporte-aereo\/internacional\/piloto-croata-sobrevive-a-dos-emergencias-en-vuelo-de-mig-21\/#breadcrumb\",\"itemListElement\":[{\"@type\":\"ListItem\",\"position\":1,\"name\":\"Portada\",\"item\":\"https:\/\/aeronoticias.com.pe\/noticiero\/\"},{\"@type\":\"ListItem\",\"position\":2,\"name\":\"Piloto croata sobrevive a dos emergencias en vuelo de MiG-21\"}]},{\"@type\":\"WebSite\",\"@id\":\"https:\/\/aeronoticias.com.pe\/noticiero\/#website\",\"url\":\"https:\/\/aeronoticias.com.pe\/noticiero\/\",\"name\":\"Aeronoticias.com.pe\",\"description\":\"Noticias de tranporte aereo, turismo, hoteles, gastronomia, actualidad, internacional\",\"potentialAction\":[{\"@type\":\"SearchAction\",\"target\":{\"@type\":\"EntryPoint\",\"urlTemplate\":\"https:\/\/aeronoticias.com.pe\/noticiero\/?s={search_term_string}\"},\"query-input\":{\"@type\":\"PropertyValueSpecification\",\"valueRequired\":true,\"valueName\":\"search_term_string\"}}],\"inLanguage\":\"es\"},{\"@type\":\"Person\",\"@id\":\"https:\/\/aeronoticias.com.pe\/noticiero\/#\/schema\/person\/fc1e5d578f4b62ba1cf7ac2bba1170a0\",\"name\":\"Redacci\u00f3n Aeronoticias\",\"url\":\"https:\/\/aeronoticias.com.pe\/noticiero\/author\/piloto\/\"}]}<\/script>\n<!-- \/ Yoast SEO plugin. -->","yoast_head_json":{"title":"Piloto croata sobrevive a dos emergencias en vuelo de MiG-21","description":"Portal de noticias del Per\u00fa sobre el transporte a\u00e9reo, aviaci\u00f3n, turismo, hoteleria, actualidad.","robots":{"index":"index","follow":"follow","max-snippet":"max-snippet:-1","max-image-preview":"max-image-preview:large","max-video-preview":"max-video-preview:-1"},"canonical":"https:\/\/aeronoticias.com.pe\/noticiero\/transporte-aereo\/internacional\/piloto-croata-sobrevive-a-dos-emergencias-en-vuelo-de-mig-21\/","og_locale":"es_ES","og_type":"article","og_title":"Piloto croata sobrevive a dos emergencias en vuelo de MiG-21","og_description":"Portal de noticias del Per\u00fa sobre el transporte a\u00e9reo, aviaci\u00f3n, turismo, hoteleria, actualidad.","og_url":"https:\/\/aeronoticias.com.pe\/noticiero\/transporte-aereo\/internacional\/piloto-croata-sobrevive-a-dos-emergencias-en-vuelo-de-mig-21\/","og_site_name":"Aeronoticias.com.pe","article_publisher":"https:\/\/www.facebook.com\/Aeronoticias.com.pe\/","article_published_time":"2014-08-13T16:27:14+00:00","author":"Redacci\u00f3n Aeronoticias","twitter_card":"summary_large_image","twitter_creator":"@aeronoticias","twitter_site":"@aeronoticias","twitter_misc":{"Escrito por":"Redacci\u00f3n Aeronoticias","Tiempo de lectura":"1 minuto"},"schema":{"@context":"https:\/\/schema.org","@graph":[{"@type":"WebPage","@id":"https:\/\/aeronoticias.com.pe\/noticiero\/transporte-aereo\/internacional\/piloto-croata-sobrevive-a-dos-emergencias-en-vuelo-de-mig-21\/","url":"https:\/\/aeronoticias.com.pe\/noticiero\/transporte-aereo\/internacional\/piloto-croata-sobrevive-a-dos-emergencias-en-vuelo-de-mig-21\/","name":"Piloto croata sobrevive a dos emergencias en vuelo de MiG-21","isPartOf":{"@id":"https:\/\/aeronoticias.com.pe\/noticiero\/#website"},"datePublished":"2014-08-13T16:27:14+00:00","author":{"@id":"https:\/\/aeronoticias.com.pe\/noticiero\/#\/schema\/person\/fc1e5d578f4b62ba1cf7ac2bba1170a0"},"description":"Portal de noticias del Per\u00fa sobre el transporte a\u00e9reo, aviaci\u00f3n, turismo, hoteleria, actualidad.","breadcrumb":{"@id":"https:\/\/aeronoticias.com.pe\/noticiero\/transporte-aereo\/internacional\/piloto-croata-sobrevive-a-dos-emergencias-en-vuelo-de-mig-21\/#breadcrumb"},"inLanguage":"es","potentialAction":[{"@type":"ReadAction","target":["https:\/\/aeronoticias.com.pe\/noticiero\/transporte-aereo\/internacional\/piloto-croata-sobrevive-a-dos-emergencias-en-vuelo-de-mig-21\/"]}]},{"@type":"BreadcrumbList","@id":"https:\/\/aeronoticias.com.pe\/noticiero\/transporte-aereo\/internacional\/piloto-croata-sobrevive-a-dos-emergencias-en-vuelo-de-mig-21\/#breadcrumb","itemListElement":[{"@type":"ListItem","position":1,"name":"Portada","item":"https:\/\/aeronoticias.com.pe\/noticiero\/"},{"@type":"ListItem","position":2,"name":"Piloto croata sobrevive a dos emergencias en vuelo de MiG-21"}]},{"@type":"WebSite","@id":"https:\/\/aeronoticias.com.pe\/noticiero\/#website","url":"https:\/\/aeronoticias.com.pe\/noticiero\/","name":"Aeronoticias.com.pe","description":"Noticias de tranporte aereo, turismo, hoteles, gastronomia, actualidad, internacional","potentialAction":[{"@type":"SearchAction","target":{"@type":"EntryPoint","urlTemplate":"https:\/\/aeronoticias.com.pe\/noticiero\/?s={search_term_string}"},"query-input":{"@type":"PropertyValueSpecification","valueRequired":true,"valueName":"search_term_string"}}],"inLanguage":"es"},{"@type":"Person","@id":"https:\/\/aeronoticias.com.pe\/noticiero\/#\/schema\/person\/fc1e5d578f4b62ba1cf7ac2bba1170a0","name":"Redacci\u00f3n Aeronoticias","url":"https:\/\/aeronoticias.com.pe\/noticiero\/author\/piloto\/"}]}},"_links":{"self":[{"href":"https:\/\/aeronoticias.com.pe\/noticiero\/wp-json\/wp\/v2\/posts\/48106","targetHints":{"allow":["GET"]}}],"collection":[{"href":"https:\/\/aeronoticias.com.pe\/noticiero\/wp-json\/wp\/v2\/posts"}],"about":[{"href":"https:\/\/aeronoticias.com.pe\/noticiero\/wp-json\/wp\/v2\/types\/post"}],"author":[{"embeddable":true,"href":"https:\/\/aeronoticias.com.pe\/noticiero\/wp-json\/wp\/v2\/users\/1"}],"replies":[{"embeddable":true,"href":"https:\/\/aeronoticias.com.pe\/noticiero\/wp-json\/wp\/v2\/comments?post=48106"}],"version-history":[{"count":0,"href":"https:\/\/aeronoticias.com.pe\/noticiero\/wp-json\/wp\/v2\/posts\/48106\/revisions"}],"wp:attachment":[{"href":"https:\/\/aeronoticias.com.pe\/noticiero\/wp-json\/wp\/v2\/media?parent=48106"}],"wp:term":[{"taxonomy":"category","embeddable":true,"href":"https:\/\/aeronoticias.com.pe\/noticiero\/wp-json\/wp\/v2\/categories?post=48106"},{"taxonomy":"post_tag","embeddable":true,"href":"https:\/\/aeronoticias.com.pe\/noticiero\/wp-json\/wp\/v2\/tags?post=48106"}],"curies":[{"name":"wp","href":"https:\/\/api.w.org\/{rel}","templated":true}]}}