{"id":48107,"date":"2014-08-13T17:01:41","date_gmt":"2014-08-13T17:01:41","guid":{"rendered":"http:\/\/desarrollo.mcvicious.com\/aero2020\/2014\/08\/13\/aerolinea-africana-logra-acuerdo-de-codigo-compartido-con-united\/"},"modified":"2014-08-13T17:01:41","modified_gmt":"2014-08-13T17:01:41","slug":"aerolinea-africana-logra-acuerdo-de-codigo-compartido-con-united","status":"publish","type":"post","link":"https:\/\/aeronoticias.com.pe\/noticiero\/transporte-aereo\/internacional\/aerolinea-africana-logra-acuerdo-de-codigo-compartido-con-united\/","title":{"rendered":"Aerol\u00ednea africana logra acuerdo de c\u00f3digo compartido con United"},"content":{"rendered":"<p style=\"text-align: justify;\"><strong>(Aeronoticias)<\/strong>.- Ethiopian Airlines y United, ambas aerol\u00edneas miembros de Star Alliance, alcanzaron un acuerdo de c\u00f3digo compartido bajo la ruta Etiop\u00eda-Estados Unidos, seg\u00fan anunci\u00f3 la compa\u00f1\u00eda del continente africano.<\/p>\n<p style=\"text-align: justify;\">El acuerdo, que iniciar\u00e1 desde el 30 de agosto, permitir\u00e1 que ambas aerol\u00edneas compartan c\u00f3digo para los vuelos hacia el Aeropuerto Internacional Dulles con destino al Aeropuerto Internacional Bole de Ad\u00eds Ababa y viceversa.\u00a0<span style=\"line-height: 1.3em;\">Los vuelos ET500 y ET501 se realizar\u00e1n con los Boeing 777 y Boeing 787.<\/span><\/p>\n<p style=\"text-align: justify;\">Ethiopian Airlines cuenta con 82 destinos internacionales, de los cuales 49 pertenecen a \u00c1frica.<\/p>\n<p style=\"text-align: justify;\">\u00abEstamos encantados de iniciar los vuelos de c\u00f3digo compartido con un miembro de Star Alliance, United Airlines. Este acuerdo permitir\u00e1 a nuestros dos compa\u00f1\u00edas aprovechar nuevas oportunidades de mercado\u00bb, expres\u00f3 el Consejero Delegado de Ethiopian Airlines Group, Tewolde Gebremariam. El Vicepresidente de United, Jim Compton, indic\u00f3 por su parte: \u00abUnited est\u00e1 complacido de unirse a Ethiopian en proveer nuevas opciones de c\u00f3digo compartido para nuestros mutuos clientes que viajan entre Estados Unidos y \u00c1frica\u00bb.<\/p>\n<p style=\"text-align: justify;\">Con informaci\u00f3n de <a href=\"http:\/\/www.ethiosports.com\/2014\/08\/13\/ethiopian-enters-into-codeshare-agreement-with-united-airlines\/?utm_source=feedburner&amp;utm_medium=twitter&amp;utm_campaign=Feed%3A+ethiosports%2FhBnd+%28EthioSports%29\" target=\"_blank\" rel=\"noopener noreferrer\"><span style=\"text-decoration: underline;\"><em><strong>Ethiosport<\/strong><\/em><\/span><\/a>.<\/p>\n<p style=\"text-align: justify;\"><img decoding=\"async\" src=\"images\/stories\/14\/08\/130814\/etiopian.jpg\" border=\"0\" \/><\/p>\n","protected":false},"excerpt":{"rendered":"<p>(Aeronoticias).- Ethiopian Airlines y United, ambas aerol\u00edneas miembros de Star Alliance, alcanzaron un acuerdo de c\u00f3digo compartido bajo la ruta Etiop\u00eda-Estados Unidos, seg\u00fan anunci\u00f3 la compa\u00f1\u00eda del continente africano. El acuerdo, que iniciar\u00e1 desde el 30 de agosto, permitir\u00e1 que ambas aerol\u00edneas compartan c\u00f3digo para los vuelos hacia el Aeropuerto Internacional Dulles con destino al [&hellip;]<\/p>\n","protected":false},"author":1,"featured_media":0,"comment_status":"open","ping_status":"open","sticky":false,"template":"","format":"standard","meta":{"tdm_status":"","tdm_grid_status":"","footnotes":""},"categories":[32],"tags":[],"class_list":{"0":"post-48107","1":"post","2":"type-post","3":"status-publish","4":"format-standard","6":"category-internacional"},"yoast_head":"<!-- This site is optimized with the Yoast SEO plugin v25.1 - https:\/\/yoast.com\/wordpress\/plugins\/seo\/ -->\n<title>Aerol\u00ednea africana logra acuerdo de c\u00f3digo compartido con United<\/title>\n<meta name=\"description\" content=\"Portal de noticias del Per\u00fa sobre el transporte a\u00e9reo, aviaci\u00f3n, turismo, hoteleria, actualidad.\" \/>\n<meta name=\"robots\" content=\"index, follow, max-snippet:-1, max-image-preview:large, max-video-preview:-1\" \/>\n<link rel=\"canonical\" href=\"https:\/\/aeronoticias.com.pe\/noticiero\/transporte-aereo\/internacional\/aerolinea-africana-logra-acuerdo-de-codigo-compartido-con-united\/\" \/>\n<meta property=\"og:locale\" content=\"es_ES\" \/>\n<meta property=\"og:type\" content=\"article\" \/>\n<meta property=\"og:title\" content=\"Aerol\u00ednea africana logra acuerdo de c\u00f3digo compartido con United\" \/>\n<meta property=\"og:description\" content=\"Portal de noticias del Per\u00fa sobre el transporte a\u00e9reo, aviaci\u00f3n, turismo, hoteleria, actualidad.\" \/>\n<meta property=\"og:url\" content=\"https:\/\/aeronoticias.com.pe\/noticiero\/transporte-aereo\/internacional\/aerolinea-africana-logra-acuerdo-de-codigo-compartido-con-united\/\" \/>\n<meta property=\"og:site_name\" content=\"Aeronoticias.com.pe\" \/>\n<meta property=\"article:publisher\" content=\"https:\/\/www.facebook.com\/Aeronoticias.com.pe\/\" \/>\n<meta property=\"article:published_time\" content=\"2014-08-13T17:01:41+00:00\" \/>\n<meta name=\"author\" content=\"Redacci\u00f3n Aeronoticias\" \/>\n<meta name=\"twitter:card\" content=\"summary_large_image\" \/>\n<meta name=\"twitter:creator\" content=\"@aeronoticias\" \/>\n<meta name=\"twitter:site\" content=\"@aeronoticias\" \/>\n<meta name=\"twitter:label1\" content=\"Escrito por\" \/>\n\t<meta name=\"twitter:data1\" content=\"Redacci\u00f3n Aeronoticias\" \/>\n\t<meta name=\"twitter:label2\" content=\"Tiempo de lectura\" \/>\n\t<meta name=\"twitter:data2\" content=\"1 minuto\" \/>\n<script type=\"application\/ld+json\" class=\"yoast-schema-graph\">{\"@context\":\"https:\/\/schema.org\",\"@graph\":[{\"@type\":\"WebPage\",\"@id\":\"https:\/\/aeronoticias.com.pe\/noticiero\/transporte-aereo\/internacional\/aerolinea-africana-logra-acuerdo-de-codigo-compartido-con-united\/\",\"url\":\"https:\/\/aeronoticias.com.pe\/noticiero\/transporte-aereo\/internacional\/aerolinea-africana-logra-acuerdo-de-codigo-compartido-con-united\/\",\"name\":\"Aerol\u00ednea africana logra acuerdo de c\u00f3digo compartido con United\",\"isPartOf\":{\"@id\":\"https:\/\/aeronoticias.com.pe\/noticiero\/#website\"},\"datePublished\":\"2014-08-13T17:01:41+00:00\",\"author\":{\"@id\":\"https:\/\/aeronoticias.com.pe\/noticiero\/#\/schema\/person\/fc1e5d578f4b62ba1cf7ac2bba1170a0\"},\"description\":\"Portal de noticias del Per\u00fa sobre el transporte a\u00e9reo, aviaci\u00f3n, turismo, hoteleria, actualidad.\",\"breadcrumb\":{\"@id\":\"https:\/\/aeronoticias.com.pe\/noticiero\/transporte-aereo\/internacional\/aerolinea-africana-logra-acuerdo-de-codigo-compartido-con-united\/#breadcrumb\"},\"inLanguage\":\"es\",\"potentialAction\":[{\"@type\":\"ReadAction\",\"target\":[\"https:\/\/aeronoticias.com.pe\/noticiero\/transporte-aereo\/internacional\/aerolinea-africana-logra-acuerdo-de-codigo-compartido-con-united\/\"]}]},{\"@type\":\"BreadcrumbList\",\"@id\":\"https:\/\/aeronoticias.com.pe\/noticiero\/transporte-aereo\/internacional\/aerolinea-africana-logra-acuerdo-de-codigo-compartido-con-united\/#breadcrumb\",\"itemListElement\":[{\"@type\":\"ListItem\",\"position\":1,\"name\":\"Portada\",\"item\":\"https:\/\/aeronoticias.com.pe\/noticiero\/\"},{\"@type\":\"ListItem\",\"position\":2,\"name\":\"Aerol\u00ednea africana logra acuerdo de c\u00f3digo compartido con United\"}]},{\"@type\":\"WebSite\",\"@id\":\"https:\/\/aeronoticias.com.pe\/noticiero\/#website\",\"url\":\"https:\/\/aeronoticias.com.pe\/noticiero\/\",\"name\":\"Aeronoticias.com.pe\",\"description\":\"Noticias de tranporte aereo, turismo, hoteles, gastronomia, actualidad, internacional\",\"potentialAction\":[{\"@type\":\"SearchAction\",\"target\":{\"@type\":\"EntryPoint\",\"urlTemplate\":\"https:\/\/aeronoticias.com.pe\/noticiero\/?s={search_term_string}\"},\"query-input\":{\"@type\":\"PropertyValueSpecification\",\"valueRequired\":true,\"valueName\":\"search_term_string\"}}],\"inLanguage\":\"es\"},{\"@type\":\"Person\",\"@id\":\"https:\/\/aeronoticias.com.pe\/noticiero\/#\/schema\/person\/fc1e5d578f4b62ba1cf7ac2bba1170a0\",\"name\":\"Redacci\u00f3n Aeronoticias\",\"url\":\"https:\/\/aeronoticias.com.pe\/noticiero\/author\/piloto\/\"}]}<\/script>\n<!-- \/ Yoast SEO plugin. -->","yoast_head_json":{"title":"Aerol\u00ednea africana logra acuerdo de c\u00f3digo compartido con United","description":"Portal de noticias del Per\u00fa sobre el transporte a\u00e9reo, aviaci\u00f3n, turismo, hoteleria, actualidad.","robots":{"index":"index","follow":"follow","max-snippet":"max-snippet:-1","max-image-preview":"max-image-preview:large","max-video-preview":"max-video-preview:-1"},"canonical":"https:\/\/aeronoticias.com.pe\/noticiero\/transporte-aereo\/internacional\/aerolinea-africana-logra-acuerdo-de-codigo-compartido-con-united\/","og_locale":"es_ES","og_type":"article","og_title":"Aerol\u00ednea africana logra acuerdo de c\u00f3digo compartido con United","og_description":"Portal de noticias del Per\u00fa sobre el transporte a\u00e9reo, aviaci\u00f3n, turismo, hoteleria, actualidad.","og_url":"https:\/\/aeronoticias.com.pe\/noticiero\/transporte-aereo\/internacional\/aerolinea-africana-logra-acuerdo-de-codigo-compartido-con-united\/","og_site_name":"Aeronoticias.com.pe","article_publisher":"https:\/\/www.facebook.com\/Aeronoticias.com.pe\/","article_published_time":"2014-08-13T17:01:41+00:00","author":"Redacci\u00f3n Aeronoticias","twitter_card":"summary_large_image","twitter_creator":"@aeronoticias","twitter_site":"@aeronoticias","twitter_misc":{"Escrito por":"Redacci\u00f3n Aeronoticias","Tiempo de lectura":"1 minuto"},"schema":{"@context":"https:\/\/schema.org","@graph":[{"@type":"WebPage","@id":"https:\/\/aeronoticias.com.pe\/noticiero\/transporte-aereo\/internacional\/aerolinea-africana-logra-acuerdo-de-codigo-compartido-con-united\/","url":"https:\/\/aeronoticias.com.pe\/noticiero\/transporte-aereo\/internacional\/aerolinea-africana-logra-acuerdo-de-codigo-compartido-con-united\/","name":"Aerol\u00ednea africana logra acuerdo de c\u00f3digo compartido con United","isPartOf":{"@id":"https:\/\/aeronoticias.com.pe\/noticiero\/#website"},"datePublished":"2014-08-13T17:01:41+00:00","author":{"@id":"https:\/\/aeronoticias.com.pe\/noticiero\/#\/schema\/person\/fc1e5d578f4b62ba1cf7ac2bba1170a0"},"description":"Portal de noticias del Per\u00fa sobre el transporte a\u00e9reo, aviaci\u00f3n, turismo, hoteleria, actualidad.","breadcrumb":{"@id":"https:\/\/aeronoticias.com.pe\/noticiero\/transporte-aereo\/internacional\/aerolinea-africana-logra-acuerdo-de-codigo-compartido-con-united\/#breadcrumb"},"inLanguage":"es","potentialAction":[{"@type":"ReadAction","target":["https:\/\/aeronoticias.com.pe\/noticiero\/transporte-aereo\/internacional\/aerolinea-africana-logra-acuerdo-de-codigo-compartido-con-united\/"]}]},{"@type":"BreadcrumbList","@id":"https:\/\/aeronoticias.com.pe\/noticiero\/transporte-aereo\/internacional\/aerolinea-africana-logra-acuerdo-de-codigo-compartido-con-united\/#breadcrumb","itemListElement":[{"@type":"ListItem","position":1,"name":"Portada","item":"https:\/\/aeronoticias.com.pe\/noticiero\/"},{"@type":"ListItem","position":2,"name":"Aerol\u00ednea africana logra acuerdo de c\u00f3digo compartido con United"}]},{"@type":"WebSite","@id":"https:\/\/aeronoticias.com.pe\/noticiero\/#website","url":"https:\/\/aeronoticias.com.pe\/noticiero\/","name":"Aeronoticias.com.pe","description":"Noticias de tranporte aereo, turismo, hoteles, gastronomia, actualidad, internacional","potentialAction":[{"@type":"SearchAction","target":{"@type":"EntryPoint","urlTemplate":"https:\/\/aeronoticias.com.pe\/noticiero\/?s={search_term_string}"},"query-input":{"@type":"PropertyValueSpecification","valueRequired":true,"valueName":"search_term_string"}}],"inLanguage":"es"},{"@type":"Person","@id":"https:\/\/aeronoticias.com.pe\/noticiero\/#\/schema\/person\/fc1e5d578f4b62ba1cf7ac2bba1170a0","name":"Redacci\u00f3n Aeronoticias","url":"https:\/\/aeronoticias.com.pe\/noticiero\/author\/piloto\/"}]}},"_links":{"self":[{"href":"https:\/\/aeronoticias.com.pe\/noticiero\/wp-json\/wp\/v2\/posts\/48107","targetHints":{"allow":["GET"]}}],"collection":[{"href":"https:\/\/aeronoticias.com.pe\/noticiero\/wp-json\/wp\/v2\/posts"}],"about":[{"href":"https:\/\/aeronoticias.com.pe\/noticiero\/wp-json\/wp\/v2\/types\/post"}],"author":[{"embeddable":true,"href":"https:\/\/aeronoticias.com.pe\/noticiero\/wp-json\/wp\/v2\/users\/1"}],"replies":[{"embeddable":true,"href":"https:\/\/aeronoticias.com.pe\/noticiero\/wp-json\/wp\/v2\/comments?post=48107"}],"version-history":[{"count":0,"href":"https:\/\/aeronoticias.com.pe\/noticiero\/wp-json\/wp\/v2\/posts\/48107\/revisions"}],"wp:attachment":[{"href":"https:\/\/aeronoticias.com.pe\/noticiero\/wp-json\/wp\/v2\/media?parent=48107"}],"wp:term":[{"taxonomy":"category","embeddable":true,"href":"https:\/\/aeronoticias.com.pe\/noticiero\/wp-json\/wp\/v2\/categories?post=48107"},{"taxonomy":"post_tag","embeddable":true,"href":"https:\/\/aeronoticias.com.pe\/noticiero\/wp-json\/wp\/v2\/tags?post=48107"}],"curies":[{"name":"wp","href":"https:\/\/api.w.org\/{rel}","templated":true}]}}