{"id":48210,"date":"2014-08-18T01:51:07","date_gmt":"2014-08-18T01:51:07","guid":{"rendered":"http:\/\/desarrollo.mcvicious.com\/aero2020\/2014\/08\/18\/sobre-el-virus-de-ebola-la-humanidad-no-esta-lista-para-enfrentar-un-virus-letal\/"},"modified":"2014-08-18T01:51:07","modified_gmt":"2014-08-18T01:51:07","slug":"sobre-el-virus-de-ebola-la-humanidad-no-esta-lista-para-enfrentar-un-virus-letal","status":"publish","type":"post","link":"https:\/\/aeronoticias.com.pe\/noticiero\/salud\/sobre-el-virus-de-ebola-la-humanidad-no-esta-lista-para-enfrentar-un-virus-letal\/","title":{"rendered":"Sobre el virus de \u00e9bola: &#8216;La humanidad no est\u00e1 lista para enfrentar un virus letal&#8217;"},"content":{"rendered":"<p style=\"text-align: justify;\"><strong>(Aeronoticias)<\/strong>.-\u00a0Debido a las alarmantes noticias que llegan diariamente sobre los alcances del reciente brote del \u00e9bola en \u00c1frica occidental, el mundo contin\u00faa esperando una soluci\u00f3n. Sin embargo, no es la \u00fanica amenaza.\u00a0El doctor Elmer Huerta explica la expansi\u00f3n del \u00e9bola y de otros males que ya estaban controlados.<\/p>\n<p style=\"text-align: justify;\"><em><strong>\u00bfCu\u00e1les son las \u00faltimas informaciones con respecto al avance del \u00e9bola?<\/strong><\/em><\/p>\n<p style=\"text-align: justify;\">Est\u00e1 sin control en \u00c1frica; all\u00e1 est\u00e1 muy mal la cosa. No hay ning\u00fan caso que se haya encontrado en alguna otra parte del mundo hasta este momento.<\/p>\n<p style=\"text-align: justify;\"><em><strong>La preocupaci\u00f3n principal siempre fue que el virus llegue a una ciudad grande y que de all\u00ed pueda dispararse a otros lados&#8230;<\/strong><\/em><\/p>\n<p style=\"text-align: justify;\">Dentro de todo, el virus se ha comportado como se pensaba. Para el contagio se necesita un contacto muy \u00edntimo, muy directo con las secreciones de los pacientes contaminados. Es decir, con la diarrea, v\u00f3mitos, sangre, saliva y sudor. Para ponerte un ejemplo, es parecido a lo que muchos hemos podido apreciar en el Per\u00fa. Yo lo he visto, cuando hice mi Secigra (Servicio Civil de Graduados) hace muchos a\u00f1os, los pacientes eran atendidos en sus casas por los familiares. Por ejemplo, un ni\u00f1o al que le ganaba la diarrea. Ven\u00eda la mam\u00e1, recog\u00eda la frazada sucia y la llevaba afuera para lavar. Y como no hab\u00eda agua corriente pon\u00eda en una batea un poco de agua y detergente y ah\u00ed la lavaba. Yo me imagino que pasa algo parecido en \u00c1frica, con gente en las partes m\u00e1s pobres de las ciudades haciendo lo mismo: atendiendo directamente a los enfermos y sin tener mucho cuidado con las secreciones. Ah\u00ed es cuando se produce el contagio. El \u00e9bola es una enfermedad en la que el virus necesita este tipo de contacto muy cercano con las secreciones, en un ambiente que no tenga lo m\u00ednimo indispensable de salubridad.<\/p>\n<p style=\"text-align: justify;\"><em><strong>Entonces, es un tema b\u00e1sicamente de negligencia&#8230;<\/strong><\/em><\/p>\n<p style=\"text-align: justify;\">Exactamente. En un art\u00edculo que escrib\u00ed para mi blog Cuida tu Salud, contaba que el doctor Peter Piot, uno de los codescubridores del \u00e9bola, regres\u00f3 despu\u00e9s de 38 a\u00f1os a Yambuku (Rep\u00fablica Democr\u00e1tica del Congo) y nada hab\u00eda cambiado. Segu\u00eda en el mismo abandono. Esta es una enfermedad que, lamentablemente para \u00c1frica, pero felizmente para el resto del mundo, va a mantenerse en lugares donde existan dos condiciones. La primera, un lugar donde el virus pueda perpetuarse, que en este caso es el murci\u00e9lago de la fruta. La segunda, que el sistema de salud p\u00fablica sea inexistente. Imag\u00ednese que llegue al Per\u00fa y se registran uno o dos casos. Ese virus no va a tener d\u00f3nde vivir porque no hay el animal que necesita. Para convertirse en un problema tendr\u00eda que haber 30 o 100 casos que no se puedan contener. Pero el contagio ser\u00eda de persona a persona y, pese a algunas condiciones de extrema pobreza que hay en el Per\u00fa, no habr\u00eda una epidemia.<\/p>\n<p style=\"text-align: justify;\"><em><strong>\u00bfEl que el \u00e9bola afecte solo a \u00c1frica hace que no haya mucho apuro de las grandes farmac\u00e9uticas en encontrar una cura? \u00bfO es porque son pobres y de raza negra?<\/strong><\/em><\/p>\n<p style=\"text-align: justify;\">Lamentablemente, existen enfermedades de los pobres como la fiebre amarilla y la tuberculosis que nos atacan tambi\u00e9n en el Per\u00fa. Cuando una de estas enfermedades emerge y no hay un mercado que pueda comprar medicamentos, las grandes corporaciones no invierten porque no existe el mercado. Esto es totalmente distinto con la obesidad, el colesterol alto, con el Viagra, con medicamentos contra el insomnio o contra el dolor. Las personas con poder adquisitivo s\u00ed las pueden pagar. Una enfermedad como el \u00e9bola, que ha estado 38 a\u00f1os en una aldea en \u00c1frica, ha sido vista m\u00e1s como una curiosidad cient\u00edfica que como una amenaza para el mundo. Se la ha explorado m\u00e1s como un posible agente de bioterrorismo que como una enfermedad que hay que enfrentar y curar.<\/p>\n<p style=\"text-align: justify;\"><strong><em>\u00bfY por qu\u00e9 es distinto en el caso del sida, que se cree que tuvo su origen tambi\u00e9n en \u00c1frica?<\/em><\/strong><\/p>\n<p style=\"text-align: justify;\">Porque empez\u00f3 a atacar al hombre blanco. Pero ese es solo un componente, pues luego se logr\u00f3 beneficiar tambi\u00e9n a los pacientes pobres. Cuando salieron los primeros antirretrovirales, eran car\u00edsimos y estaban fuera del alcance de los m\u00e1s pobres. Entonces, Brasil y Sud\u00e1frica retaron a la Organizaci\u00f3n Mundial del Comercio (OMC) para que conversara con las farmac\u00e9uticas y que estas bajasen sus precios para los pa\u00edses pobres o, en su defecto, ellos iban a hacer contacto directo con laboratorios de China e India para fabricar medicamentos baratos, salt\u00e1ndose la protecci\u00f3n de patentes. En el caso del sida, la enfermedad se estaba esparciendo entre la gente pobre y las medicinas estaban fuera de su alcance. En el caso del \u00e9bola, es distinto porque se trata de una enfermedad localizada por 38 a\u00f1os en los pueblos m\u00e1s pobres de \u00c1frica.<\/p>\n<p style=\"text-align: justify;\"><em><strong>Y al ser una enfermedad tan antigua, \u00bfpor qu\u00e9 este brote llama tanto la atenci\u00f3n?<\/strong><\/em><\/p>\n<p style=\"text-align: justify;\">Porque es el primero que atraviesa fronteras. Todos los anteriores, que han sido m\u00e1s de 20, han sido en Guinea o en la Rep\u00fablica Democr\u00e1tica del Congo. Este es el primer brote que ha pasado a varios pa\u00edses al mismo tiempo. Y ahora se ha encontrado el primer caso de este brote, que fue un ni\u00f1o de 2 a\u00f1os de la aldea de Gu\u00e9ck\u00e9dou, en Guinea. Pero no se sabe c\u00f3mo se enferm\u00f3. Esta aldea queda en el l\u00edmite con Liberia y Sierra Leona, y por eso se ha comprometido a varios pa\u00edses.<\/p>\n<p style=\"text-align: justify;\"><em><strong>\u00bfPor qu\u00e9 es tan importante encontrar al paciente cero?<\/strong><\/em><\/p>\n<p style=\"text-align: justify;\">Es muy importante porque permite localizar los reservorios donde estaba viviendo el virus antes de contagiar al humano. Con ello se puede hacer control en la zona y dar informaci\u00f3n a la gente para que evite los comportamientos de contagio. Adem\u00e1s, permite analizar la velocidad de propagaci\u00f3n del virus. Ya se ha hecho todo el mapa y se ha descubierto que los pap\u00e1s y los t\u00edos murieron, y c\u00f3mo alguno de los infectados sali\u00f3 hacia Liberia llevando la enfermedad y esparci\u00e9ndola.<\/p>\n<p style=\"text-align: justify;\"><em><strong>Desde fines del a\u00f1o pasado se escucha del chikungu\u00f1a y ahora se habla del \u00e9bola. \u00bfQu\u00e9 otras enfermedades similares est\u00e1n dando vueltas por el mundo?<\/strong><\/em><\/p>\n<p style=\"text-align: justify;\">A ese tipo de enfermedades se las conoce como infecciones emergentes. Adem\u00e1s de las ya mencionadas, est\u00e1n la fiebre amarilla, el dengue y varias otras. Son enfermedades que estuvieron controladas y han vuelto a aparecer. Son las que han estado localizadas por un tiempo en determinadas zonas, pero que se han empezado a expandir. \u00bfDe qu\u00e9 manera? Principalmente, a trav\u00e9s de los aviones que convierten al mundo en una aldea y llevan las enfermedades de lugar en lugar. La tuberculosis resistente y la multirresistente a los antibi\u00f3ticos y el virus del Nilo, que es mortal, son otros ejemplos.<\/p>\n<p style=\"text-align: justify;\"><strong><em>\u00bfCree usted que el Per\u00fa est\u00e1 preparado para enfrentar estas infecciones emergentes?<\/em><\/strong><\/p>\n<p style=\"text-align: justify;\">En ninguna parte del mundo hay garant\u00eda de que si aparece un virus como el de la gripe espa\u00f1ola de 1918 [N. de R.: se calcula que mat\u00f3 a entre 50 millones y 100 millones de personas en un a\u00f1o], la humanidad tenga defensa. El ser humano podr\u00eda ser sorprendido por un virus similar y no tenemos absolutamente nada que hacer. Se trasladar\u00eda con una velocidad incre\u00edble y en los pa\u00edses pobres la mortandad ser\u00eda alt\u00edsima. No tendr\u00edamos c\u00f3mo defendernos. Al ser un virus mutante, identificar los casos, tipificarlos, crear y fabricar la vacuna, para finalmente distribuirla tomar\u00eda entre un a\u00f1o y un a\u00f1o y medio. En ese tiempo el virus ya dio tres vueltas al mundo. Repito: si apareciera un virus letal, la humanidad no estar\u00eda preparada para afrontarlo.<\/p>\n<p style=\"text-align: justify;\"><strong><em>\u00bfPese a todos los avances tecnol\u00f3gicos en la actualidad&#8230;?<\/em><\/strong><\/p>\n<p style=\"text-align: justify;\">Es b\u00e1sicamente por un tema de tiempo en el proceso. La fabricaci\u00f3n de vacunas es criticada porque, por ejemplo, para la gripe \u2013que es lo que mata m\u00e1s gente cada a\u00f1o\u2013 se sigue usando la t\u00e9cnica de hacerlas en huevo de gallina.<\/p>\n<p style=\"text-align: justify;\"><strong><em>\u00abLA FALTA DE VACUNACI\u00d3N OCASIONA M\u00c1S BROTES\u00bb<\/em><\/strong><\/p>\n<p style=\"text-align: justify;\">Muchas enfermedades antiguas, como la polio o el sarampi\u00f3n, reaparecen en el mundo. \u00bfEs porque hay gente que se niega a vacunar a sus hijos?<\/p>\n<p style=\"text-align: justify;\">As\u00ed es. Hay toda una corriente de gente en Europa, EE.UU. y otros lugares con una filosof\u00eda particular: \u201cPara qu\u00e9 me defienden de algo que mi cuerpo puede encargarse de defenderme\u201d. A eso le agregan algo de teor\u00eda de conspiraci\u00f3n. Todo se mezcla y hay gente que se niega a vacunar a sus hijos y espera que se enfermen una vez para quedar protegidos. Eso, lamentablemente, ocasiona brotes. En EE.UU. hace cinco meses tuvimos el brote m\u00e1s grande de sarampi\u00f3n en los \u00faltimos veinte a\u00f1os. Y la mayor parte de esos ni\u00f1os eran de California, que no recibieron vacunas, con padres que tampoco fueron vacunados.<\/p>\n<p style=\"text-align: justify;\"><em><strong>Pero ese tipo de comportamiento no solo pone en riesgo a una poblaci\u00f3n, sino al resto del mundo&#8230;<\/strong><\/em><\/p>\n<p style=\"text-align: justify;\">Exacto. Lo que hemos logrado, por ejemplo con la polio, es que casi no exista en el mundo gracias a la vacuna. Existe el concepto de la manada, en el cual si tienes una poblaci\u00f3n y un cierto n\u00famero no est\u00e1 protegido contra la enfermedad, esta va a reventar. El virus necesita un reservorio y al tener miles de personas susceptibles de enfermarse se va a multiplicar como loco. Eso pas\u00f3 cuando llegaron los espa\u00f1oles a Am\u00e9rica, que bast\u00f3 con que uno se enfermara para matar a millones. Las campa\u00f1as de vacunaci\u00f3n y de educaci\u00f3n deben continuar para que la poblaci\u00f3n entienda que protegiendo a sus hijos tambi\u00e9n protegen al resto de la humanidad.<\/p>\n<p style=\"text-align: justify;\">Fuente: <em><strong><span style=\"text-decoration: underline;\">El Comercio<\/span><\/strong><\/em>.<\/p>\n<p style=\"text-align: justify;\"><img decoding=\"async\" src=\"http:\/\/persian.epochtimes.com\/wp-content\/uploads\/2014\/07\/451439582-2-640x427.jpg\" border=\"0\" \/><\/p>\n","protected":false},"excerpt":{"rendered":"<p>(Aeronoticias).-\u00a0Debido a las alarmantes noticias que llegan diariamente sobre los alcances del reciente brote del \u00e9bola en \u00c1frica occidental, el mundo contin\u00faa esperando una soluci\u00f3n. Sin embargo, no es la \u00fanica amenaza.\u00a0El doctor Elmer Huerta explica la expansi\u00f3n del \u00e9bola y de otros males que ya estaban controlados. \u00bfCu\u00e1les son las \u00faltimas informaciones con respecto [&hellip;]<\/p>\n","protected":false},"author":1,"featured_media":0,"comment_status":"open","ping_status":"open","sticky":false,"template":"","format":"standard","meta":{"tdm_status":"","tdm_grid_status":"","footnotes":""},"categories":[37],"tags":[],"class_list":{"0":"post-48210","1":"post","2":"type-post","3":"status-publish","4":"format-standard","6":"category-salud"},"yoast_head":"<!-- This site is optimized with the Yoast SEO plugin v25.1 - https:\/\/yoast.com\/wordpress\/plugins\/seo\/ -->\n<title>Sobre el virus de \u00e9bola: &#039;La humanidad no est\u00e1 lista para enfrentar un virus letal&#039;<\/title>\n<meta name=\"description\" content=\"Portal de noticias del Per\u00fa sobre el transporte a\u00e9reo, aviaci\u00f3n, turismo, hoteleria, actualidad.\" \/>\n<meta name=\"robots\" content=\"index, follow, max-snippet:-1, max-image-preview:large, max-video-preview:-1\" \/>\n<link rel=\"canonical\" href=\"https:\/\/aeronoticias.com.pe\/noticiero\/salud\/sobre-el-virus-de-ebola-la-humanidad-no-esta-lista-para-enfrentar-un-virus-letal\/\" \/>\n<meta property=\"og:locale\" content=\"es_ES\" \/>\n<meta property=\"og:type\" content=\"article\" \/>\n<meta property=\"og:title\" content=\"Sobre el virus de \u00e9bola: &#039;La humanidad no est\u00e1 lista para enfrentar un virus letal&#039;\" \/>\n<meta property=\"og:description\" content=\"Portal de noticias del Per\u00fa sobre el transporte a\u00e9reo, aviaci\u00f3n, turismo, hoteleria, actualidad.\" \/>\n<meta property=\"og:url\" content=\"https:\/\/aeronoticias.com.pe\/noticiero\/salud\/sobre-el-virus-de-ebola-la-humanidad-no-esta-lista-para-enfrentar-un-virus-letal\/\" \/>\n<meta property=\"og:site_name\" content=\"Aeronoticias.com.pe\" \/>\n<meta property=\"article:publisher\" content=\"https:\/\/www.facebook.com\/Aeronoticias.com.pe\/\" \/>\n<meta property=\"article:published_time\" content=\"2014-08-18T01:51:07+00:00\" \/>\n<meta property=\"og:image\" content=\"http:\/\/persian.epochtimes.com\/wp-content\/uploads\/2014\/07\/451439582-2-640x427.jpg\" \/>\n<meta name=\"author\" content=\"Redacci\u00f3n Aeronoticias\" \/>\n<meta name=\"twitter:card\" content=\"summary_large_image\" \/>\n<meta name=\"twitter:creator\" content=\"@aeronoticias\" \/>\n<meta name=\"twitter:site\" content=\"@aeronoticias\" \/>\n<meta name=\"twitter:label1\" content=\"Escrito por\" \/>\n\t<meta name=\"twitter:data1\" content=\"Redacci\u00f3n Aeronoticias\" \/>\n\t<meta name=\"twitter:label2\" content=\"Tiempo de lectura\" \/>\n\t<meta name=\"twitter:data2\" content=\"8 minutos\" \/>\n<script type=\"application\/ld+json\" class=\"yoast-schema-graph\">{\"@context\":\"https:\/\/schema.org\",\"@graph\":[{\"@type\":\"WebPage\",\"@id\":\"https:\/\/aeronoticias.com.pe\/noticiero\/salud\/sobre-el-virus-de-ebola-la-humanidad-no-esta-lista-para-enfrentar-un-virus-letal\/\",\"url\":\"https:\/\/aeronoticias.com.pe\/noticiero\/salud\/sobre-el-virus-de-ebola-la-humanidad-no-esta-lista-para-enfrentar-un-virus-letal\/\",\"name\":\"Sobre el virus de \u00e9bola: 'La humanidad no est\u00e1 lista para enfrentar un virus letal'\",\"isPartOf\":{\"@id\":\"https:\/\/aeronoticias.com.pe\/noticiero\/#website\"},\"primaryImageOfPage\":{\"@id\":\"https:\/\/aeronoticias.com.pe\/noticiero\/salud\/sobre-el-virus-de-ebola-la-humanidad-no-esta-lista-para-enfrentar-un-virus-letal\/#primaryimage\"},\"image\":{\"@id\":\"https:\/\/aeronoticias.com.pe\/noticiero\/salud\/sobre-el-virus-de-ebola-la-humanidad-no-esta-lista-para-enfrentar-un-virus-letal\/#primaryimage\"},\"thumbnailUrl\":\"http:\/\/persian.epochtimes.com\/wp-content\/uploads\/2014\/07\/451439582-2-640x427.jpg\",\"datePublished\":\"2014-08-18T01:51:07+00:00\",\"author\":{\"@id\":\"https:\/\/aeronoticias.com.pe\/noticiero\/#\/schema\/person\/fc1e5d578f4b62ba1cf7ac2bba1170a0\"},\"description\":\"Portal de noticias del Per\u00fa sobre el transporte a\u00e9reo, aviaci\u00f3n, turismo, hoteleria, actualidad.\",\"breadcrumb\":{\"@id\":\"https:\/\/aeronoticias.com.pe\/noticiero\/salud\/sobre-el-virus-de-ebola-la-humanidad-no-esta-lista-para-enfrentar-un-virus-letal\/#breadcrumb\"},\"inLanguage\":\"es\",\"potentialAction\":[{\"@type\":\"ReadAction\",\"target\":[\"https:\/\/aeronoticias.com.pe\/noticiero\/salud\/sobre-el-virus-de-ebola-la-humanidad-no-esta-lista-para-enfrentar-un-virus-letal\/\"]}]},{\"@type\":\"ImageObject\",\"inLanguage\":\"es\",\"@id\":\"https:\/\/aeronoticias.com.pe\/noticiero\/salud\/sobre-el-virus-de-ebola-la-humanidad-no-esta-lista-para-enfrentar-un-virus-letal\/#primaryimage\",\"url\":\"http:\/\/persian.epochtimes.com\/wp-content\/uploads\/2014\/07\/451439582-2-640x427.jpg\",\"contentUrl\":\"http:\/\/persian.epochtimes.com\/wp-content\/uploads\/2014\/07\/451439582-2-640x427.jpg\"},{\"@type\":\"BreadcrumbList\",\"@id\":\"https:\/\/aeronoticias.com.pe\/noticiero\/salud\/sobre-el-virus-de-ebola-la-humanidad-no-esta-lista-para-enfrentar-un-virus-letal\/#breadcrumb\",\"itemListElement\":[{\"@type\":\"ListItem\",\"position\":1,\"name\":\"Portada\",\"item\":\"https:\/\/aeronoticias.com.pe\/noticiero\/\"},{\"@type\":\"ListItem\",\"position\":2,\"name\":\"Sobre el virus de \u00e9bola: &#8216;La humanidad no est\u00e1 lista para enfrentar un virus letal&#8217;\"}]},{\"@type\":\"WebSite\",\"@id\":\"https:\/\/aeronoticias.com.pe\/noticiero\/#website\",\"url\":\"https:\/\/aeronoticias.com.pe\/noticiero\/\",\"name\":\"Aeronoticias.com.pe\",\"description\":\"Noticias de tranporte aereo, turismo, hoteles, gastronomia, actualidad, internacional\",\"potentialAction\":[{\"@type\":\"SearchAction\",\"target\":{\"@type\":\"EntryPoint\",\"urlTemplate\":\"https:\/\/aeronoticias.com.pe\/noticiero\/?s={search_term_string}\"},\"query-input\":{\"@type\":\"PropertyValueSpecification\",\"valueRequired\":true,\"valueName\":\"search_term_string\"}}],\"inLanguage\":\"es\"},{\"@type\":\"Person\",\"@id\":\"https:\/\/aeronoticias.com.pe\/noticiero\/#\/schema\/person\/fc1e5d578f4b62ba1cf7ac2bba1170a0\",\"name\":\"Redacci\u00f3n Aeronoticias\",\"url\":\"https:\/\/aeronoticias.com.pe\/noticiero\/author\/piloto\/\"}]}<\/script>\n<!-- \/ Yoast SEO plugin. -->","yoast_head_json":{"title":"Sobre el virus de \u00e9bola: 'La humanidad no est\u00e1 lista para enfrentar un virus letal'","description":"Portal de noticias del Per\u00fa sobre el transporte a\u00e9reo, aviaci\u00f3n, turismo, hoteleria, actualidad.","robots":{"index":"index","follow":"follow","max-snippet":"max-snippet:-1","max-image-preview":"max-image-preview:large","max-video-preview":"max-video-preview:-1"},"canonical":"https:\/\/aeronoticias.com.pe\/noticiero\/salud\/sobre-el-virus-de-ebola-la-humanidad-no-esta-lista-para-enfrentar-un-virus-letal\/","og_locale":"es_ES","og_type":"article","og_title":"Sobre el virus de \u00e9bola: 'La humanidad no est\u00e1 lista para enfrentar un virus letal'","og_description":"Portal de noticias del Per\u00fa sobre el transporte a\u00e9reo, aviaci\u00f3n, turismo, hoteleria, actualidad.","og_url":"https:\/\/aeronoticias.com.pe\/noticiero\/salud\/sobre-el-virus-de-ebola-la-humanidad-no-esta-lista-para-enfrentar-un-virus-letal\/","og_site_name":"Aeronoticias.com.pe","article_publisher":"https:\/\/www.facebook.com\/Aeronoticias.com.pe\/","article_published_time":"2014-08-18T01:51:07+00:00","og_image":[{"url":"http:\/\/persian.epochtimes.com\/wp-content\/uploads\/2014\/07\/451439582-2-640x427.jpg","type":"","width":"","height":""}],"author":"Redacci\u00f3n Aeronoticias","twitter_card":"summary_large_image","twitter_creator":"@aeronoticias","twitter_site":"@aeronoticias","twitter_misc":{"Escrito por":"Redacci\u00f3n Aeronoticias","Tiempo de lectura":"8 minutos"},"schema":{"@context":"https:\/\/schema.org","@graph":[{"@type":"WebPage","@id":"https:\/\/aeronoticias.com.pe\/noticiero\/salud\/sobre-el-virus-de-ebola-la-humanidad-no-esta-lista-para-enfrentar-un-virus-letal\/","url":"https:\/\/aeronoticias.com.pe\/noticiero\/salud\/sobre-el-virus-de-ebola-la-humanidad-no-esta-lista-para-enfrentar-un-virus-letal\/","name":"Sobre el virus de \u00e9bola: 'La humanidad no est\u00e1 lista para enfrentar un virus letal'","isPartOf":{"@id":"https:\/\/aeronoticias.com.pe\/noticiero\/#website"},"primaryImageOfPage":{"@id":"https:\/\/aeronoticias.com.pe\/noticiero\/salud\/sobre-el-virus-de-ebola-la-humanidad-no-esta-lista-para-enfrentar-un-virus-letal\/#primaryimage"},"image":{"@id":"https:\/\/aeronoticias.com.pe\/noticiero\/salud\/sobre-el-virus-de-ebola-la-humanidad-no-esta-lista-para-enfrentar-un-virus-letal\/#primaryimage"},"thumbnailUrl":"http:\/\/persian.epochtimes.com\/wp-content\/uploads\/2014\/07\/451439582-2-640x427.jpg","datePublished":"2014-08-18T01:51:07+00:00","author":{"@id":"https:\/\/aeronoticias.com.pe\/noticiero\/#\/schema\/person\/fc1e5d578f4b62ba1cf7ac2bba1170a0"},"description":"Portal de noticias del Per\u00fa sobre el transporte a\u00e9reo, aviaci\u00f3n, turismo, hoteleria, actualidad.","breadcrumb":{"@id":"https:\/\/aeronoticias.com.pe\/noticiero\/salud\/sobre-el-virus-de-ebola-la-humanidad-no-esta-lista-para-enfrentar-un-virus-letal\/#breadcrumb"},"inLanguage":"es","potentialAction":[{"@type":"ReadAction","target":["https:\/\/aeronoticias.com.pe\/noticiero\/salud\/sobre-el-virus-de-ebola-la-humanidad-no-esta-lista-para-enfrentar-un-virus-letal\/"]}]},{"@type":"ImageObject","inLanguage":"es","@id":"https:\/\/aeronoticias.com.pe\/noticiero\/salud\/sobre-el-virus-de-ebola-la-humanidad-no-esta-lista-para-enfrentar-un-virus-letal\/#primaryimage","url":"http:\/\/persian.epochtimes.com\/wp-content\/uploads\/2014\/07\/451439582-2-640x427.jpg","contentUrl":"http:\/\/persian.epochtimes.com\/wp-content\/uploads\/2014\/07\/451439582-2-640x427.jpg"},{"@type":"BreadcrumbList","@id":"https:\/\/aeronoticias.com.pe\/noticiero\/salud\/sobre-el-virus-de-ebola-la-humanidad-no-esta-lista-para-enfrentar-un-virus-letal\/#breadcrumb","itemListElement":[{"@type":"ListItem","position":1,"name":"Portada","item":"https:\/\/aeronoticias.com.pe\/noticiero\/"},{"@type":"ListItem","position":2,"name":"Sobre el virus de \u00e9bola: &#8216;La humanidad no est\u00e1 lista para enfrentar un virus letal&#8217;"}]},{"@type":"WebSite","@id":"https:\/\/aeronoticias.com.pe\/noticiero\/#website","url":"https:\/\/aeronoticias.com.pe\/noticiero\/","name":"Aeronoticias.com.pe","description":"Noticias de tranporte aereo, turismo, hoteles, gastronomia, actualidad, internacional","potentialAction":[{"@type":"SearchAction","target":{"@type":"EntryPoint","urlTemplate":"https:\/\/aeronoticias.com.pe\/noticiero\/?s={search_term_string}"},"query-input":{"@type":"PropertyValueSpecification","valueRequired":true,"valueName":"search_term_string"}}],"inLanguage":"es"},{"@type":"Person","@id":"https:\/\/aeronoticias.com.pe\/noticiero\/#\/schema\/person\/fc1e5d578f4b62ba1cf7ac2bba1170a0","name":"Redacci\u00f3n Aeronoticias","url":"https:\/\/aeronoticias.com.pe\/noticiero\/author\/piloto\/"}]}},"_links":{"self":[{"href":"https:\/\/aeronoticias.com.pe\/noticiero\/wp-json\/wp\/v2\/posts\/48210","targetHints":{"allow":["GET"]}}],"collection":[{"href":"https:\/\/aeronoticias.com.pe\/noticiero\/wp-json\/wp\/v2\/posts"}],"about":[{"href":"https:\/\/aeronoticias.com.pe\/noticiero\/wp-json\/wp\/v2\/types\/post"}],"author":[{"embeddable":true,"href":"https:\/\/aeronoticias.com.pe\/noticiero\/wp-json\/wp\/v2\/users\/1"}],"replies":[{"embeddable":true,"href":"https:\/\/aeronoticias.com.pe\/noticiero\/wp-json\/wp\/v2\/comments?post=48210"}],"version-history":[{"count":0,"href":"https:\/\/aeronoticias.com.pe\/noticiero\/wp-json\/wp\/v2\/posts\/48210\/revisions"}],"wp:attachment":[{"href":"https:\/\/aeronoticias.com.pe\/noticiero\/wp-json\/wp\/v2\/media?parent=48210"}],"wp:term":[{"taxonomy":"category","embeddable":true,"href":"https:\/\/aeronoticias.com.pe\/noticiero\/wp-json\/wp\/v2\/categories?post=48210"},{"taxonomy":"post_tag","embeddable":true,"href":"https:\/\/aeronoticias.com.pe\/noticiero\/wp-json\/wp\/v2\/tags?post=48210"}],"curies":[{"name":"wp","href":"https:\/\/api.w.org\/{rel}","templated":true}]}}